{"id":62901,"date":"2020-05-29T21:48:23","date_gmt":"2020-05-29T21:48:23","guid":{"rendered":"https:\/\/www.copealcoy.es\/?p=62901"},"modified":"2020-05-29T21:48:23","modified_gmt":"2020-05-29T21:48:23","slug":"la-pagina-web-del-ayuntamiento-se-reorganiza-con-un-nuevo-diseno","status":"publish","type":"post","link":"https:\/\/www.copealcoy.es\/es\/la-pagina-web-del-ayuntamiento-se-reorganiza-con-un-nuevo-diseno\/","title":{"rendered":"La p\u00e1gina web del Ayuntamiento se reorganiza con un nuevo dise\u00f1o"},"content":{"rendered":"<p style=\"text-align: justify;\">El <strong>Ayuntamiento de Muro<\/strong> ha redise\u00f1ado <strong>su p\u00e1gina web<\/strong> para <strong>hacerla m\u00e1s atractiva<\/strong> de cara al usuario as\u00ed como <strong>facilitar su adaptaci\u00f3n<\/strong> a los dispositivos m\u00f3viles.<\/p>\n<p style=\"text-align: justify;\">Por medio de <strong>la direcci\u00f3n <span style=\"color: #0000ff;\"><a style=\"color: #0000ff;\" href=\"http:\/\/www.vilademuro.net\/\">www.vilademuro.net<\/a><\/span><\/strong> accederemos al contenido clasificado en <strong>cuestiones referidas al Ayuntamiento<\/strong>, las diferentes <strong>\u00e1reas municipales<\/strong>, la<strong> informaci\u00f3n \u00fatil para la ciudadan\u00eda<\/strong>, una <strong>oficina virtual<\/strong> para la realizaci\u00f3n de tr\u00e1mites de manera online y <strong>turismo<\/strong> donde se muestran los recursos tur\u00edsticos de esta localidad del Comtat.\u00a0 Asimismo se resaltan en la parte central <strong>im\u00e1genes de la poblaci\u00f3n<\/strong> y <strong>varios apartados<\/strong> que nos permitir\u00e1n acceder a las ofertas de empleo, ayudas y subvenciones, tel\u00e9fonos de inter\u00e9s, descarga de documentos, el callejero y las demandas de empleo p\u00fablico. Adem\u00e1s encontramos botones que nos llevar\u00e1n, al clicar en ellos, al portal de transparencia del Consistorio, el perfil de contratante y el tabl\u00f3n de anuncios. La nueva p\u00e1gina web <strong>nos informa tambi\u00e9n de las farmacias de guardia de cada d\u00eda<\/strong> y <strong>nos permite solicitar cita previa<\/strong> para los tr\u00e1mites de la ITV, la Ag\u00e8ncia Valenciana de Salut o la Mancomunitat de Municipis de l\u2019Alcoi\u00e0-Comtat.<\/p>\n<p style=\"text-align: justify;\">Finalmente destacan <strong>un apartado de noticias<\/strong> en el que aparecen las informaciones relacionadas con Muro y <strong>un asistente virtual<\/strong> que nos ayuda a aclarar nuestras dudas respecto al Coronavirus. Se\u00f1alar que <strong>el portal est\u00e1 activo desde hace unas semanas<\/strong>\u00a0 y desde el mismo tambi\u00e9n <strong>podemos entrar a los perfiles<\/strong> que el Ayuntamiento tiene en las redes sociales de Facebook, Twitter y YouTube.<\/p>\n","protected":false},"excerpt":{"rendered":"<p>El Ayuntamiento de Muro ha redise\u00f1ado su p\u00e1gina web para hacerla m\u00e1s atractiva de cara al usuario as\u00ed como facilitar&#8230;<\/p>\n","protected":false},"author":1,"featured_media":62902,"comment_status":"open","ping_status":"open","sticky":false,"template":"","format":"standard","meta":{"footnotes":""},"categories":[98,75],"tags":[229,135,7700,7701],"class_list":["post-62901","post","type-post","status-publish","format-standard","has-post-thumbnail","hentry","category-comarcas","category-noticias","tag-ayuntamiento","tag-muro","tag-nuevo-diseno","tag-renovacion-pagina-web"],"yoast_head":"<!-- This site is optimized with the Yoast SEO plugin v27.3 - https:\/\/yoast.com\/product\/yoast-seo-wordpress\/ -->\n<title>La p\u00e1gina web del Ayuntamiento se reorganiza con un nuevo dise\u00f1o - COPE Alcoy<\/title>\n<meta name=\"robots\" content=\"index, follow, max-snippet:-1, max-image-preview:large, max-video-preview:-1\" \/>\n<link rel=\"canonical\" href=\"https:\/\/www.copealcoy.es\/es\/la-pagina-web-del-ayuntamiento-se-reorganiza-con-un-nuevo-diseno\/\" \/>\n<meta property=\"og:locale\" content=\"es_ES\" \/>\n<meta property=\"og:type\" content=\"article\" \/>\n<meta property=\"og:title\" content=\"La p\u00e1gina web del Ayuntamiento se reorganiza con un nuevo dise\u00f1o - COPE Alcoy\" \/>\n<meta property=\"og:description\" content=\"El Ayuntamiento de Muro ha redise\u00f1ado su p\u00e1gina web para hacerla m\u00e1s atractiva de cara al usuario as\u00ed como facilitar...\" \/>\n<meta property=\"og:url\" content=\"https:\/\/www.copealcoy.es\/es\/la-pagina-web-del-ayuntamiento-se-reorganiza-con-un-nuevo-diseno\/\" \/>\n<meta property=\"og:site_name\" content=\"COPE Alcoy\" \/>\n<meta property=\"article:published_time\" content=\"2020-05-29T21:48:23+00:00\" \/>\n<meta property=\"og:image\" content=\"https:\/\/www.copealcoy.es\/wp-content\/uploads\/2020\/05\/2-La-nueva-pagina-web-del-Ayuntamiento-de-Muro-funciona-desde-hace-unas-semanas-e1590788952354-1.jpg\" \/>\n\t<meta property=\"og:image:width\" content=\"1117\" \/>\n\t<meta property=\"og:image:height\" content=\"575\" \/>\n\t<meta property=\"og:image:type\" content=\"image\/jpeg\" \/>\n<meta name=\"author\" content=\"Cope Alcoy\" \/>\n<meta name=\"twitter:label1\" content=\"Escrito por\" \/>\n\t<meta name=\"twitter:data1\" content=\"Cope Alcoy\" \/>\n\t<meta name=\"twitter:label2\" content=\"Tiempo de lectura\" \/>\n\t<meta name=\"twitter:data2\" content=\"1 minuto\" \/>\n<script type=\"application\/ld+json\" class=\"yoast-schema-graph\">{\"@context\":\"https:\\\/\\\/schema.org\",\"@graph\":[{\"@type\":\"Article\",\"@id\":\"https:\\\/\\\/www.copealcoy.es\\\/es\\\/la-pagina-web-del-ayuntamiento-se-reorganiza-con-un-nuevo-diseno\\\/#article\",\"isPartOf\":{\"@id\":\"https:\\\/\\\/www.copealcoy.es\\\/es\\\/la-pagina-web-del-ayuntamiento-se-reorganiza-con-un-nuevo-diseno\\\/\"},\"author\":{\"name\":\"Cope Alcoy\",\"@id\":\"https:\\\/\\\/www.copealcoy.es\\\/es\\\/#\\\/schema\\\/person\\\/e777c87fa024e57d40170af9df39882c\"},\"headline\":\"La p\u00e1gina web del Ayuntamiento se reorganiza con un nuevo dise\u00f1o\",\"datePublished\":\"2020-05-29T21:48:23+00:00\",\"mainEntityOfPage\":{\"@id\":\"https:\\\/\\\/www.copealcoy.es\\\/es\\\/la-pagina-web-del-ayuntamiento-se-reorganiza-con-un-nuevo-diseno\\\/\"},\"wordCount\":285,\"commentCount\":0,\"image\":{\"@id\":\"https:\\\/\\\/www.copealcoy.es\\\/es\\\/la-pagina-web-del-ayuntamiento-se-reorganiza-con-un-nuevo-diseno\\\/#primaryimage\"},\"thumbnailUrl\":\"https:\\\/\\\/www.copealcoy.es\\\/wp-content\\\/uploads\\\/2020\\\/05\\\/2-La-nueva-pagina-web-del-Ayuntamiento-de-Muro-funciona-desde-hace-unas-semanas-e1590788952354-1.jpg\",\"keywords\":[\"Ayuntamiento\",\"Muro\",\"nuevo dise\u00f1o\",\"renovaci\u00f3n p\u00e1gina web\"],\"articleSection\":[\"Comarcas\",\"Noticias\"],\"inLanguage\":\"es\"},{\"@type\":\"WebPage\",\"@id\":\"https:\\\/\\\/www.copealcoy.es\\\/es\\\/la-pagina-web-del-ayuntamiento-se-reorganiza-con-un-nuevo-diseno\\\/\",\"url\":\"https:\\\/\\\/www.copealcoy.es\\\/es\\\/la-pagina-web-del-ayuntamiento-se-reorganiza-con-un-nuevo-diseno\\\/\",\"name\":\"La p\u00e1gina web del Ayuntamiento se reorganiza con un nuevo dise\u00f1o - COPE Alcoy\",\"isPartOf\":{\"@id\":\"https:\\\/\\\/www.copealcoy.es\\\/es\\\/#website\"},\"primaryImageOfPage\":{\"@id\":\"https:\\\/\\\/www.copealcoy.es\\\/es\\\/la-pagina-web-del-ayuntamiento-se-reorganiza-con-un-nuevo-diseno\\\/#primaryimage\"},\"image\":{\"@id\":\"https:\\\/\\\/www.copealcoy.es\\\/es\\\/la-pagina-web-del-ayuntamiento-se-reorganiza-con-un-nuevo-diseno\\\/#primaryimage\"},\"thumbnailUrl\":\"https:\\\/\\\/www.copealcoy.es\\\/wp-content\\\/uploads\\\/2020\\\/05\\\/2-La-nueva-pagina-web-del-Ayuntamiento-de-Muro-funciona-desde-hace-unas-semanas-e1590788952354-1.jpg\",\"datePublished\":\"2020-05-29T21:48:23+00:00\",\"author\":{\"@id\":\"https:\\\/\\\/www.copealcoy.es\\\/es\\\/#\\\/schema\\\/person\\\/e777c87fa024e57d40170af9df39882c\"},\"breadcrumb\":{\"@id\":\"https:\\\/\\\/www.copealcoy.es\\\/es\\\/la-pagina-web-del-ayuntamiento-se-reorganiza-con-un-nuevo-diseno\\\/#breadcrumb\"},\"inLanguage\":\"es\",\"potentialAction\":[{\"@type\":\"ReadAction\",\"target\":[\"https:\\\/\\\/www.copealcoy.es\\\/es\\\/la-pagina-web-del-ayuntamiento-se-reorganiza-con-un-nuevo-diseno\\\/\"]}]},{\"@type\":\"ImageObject\",\"inLanguage\":\"es\",\"@id\":\"https:\\\/\\\/www.copealcoy.es\\\/es\\\/la-pagina-web-del-ayuntamiento-se-reorganiza-con-un-nuevo-diseno\\\/#primaryimage\",\"url\":\"https:\\\/\\\/www.copealcoy.es\\\/wp-content\\\/uploads\\\/2020\\\/05\\\/2-La-nueva-pagina-web-del-Ayuntamiento-de-Muro-funciona-desde-hace-unas-semanas-e1590788952354-1.jpg\",\"contentUrl\":\"https:\\\/\\\/www.copealcoy.es\\\/wp-content\\\/uploads\\\/2020\\\/05\\\/2-La-nueva-pagina-web-del-Ayuntamiento-de-Muro-funciona-desde-hace-unas-semanas-e1590788952354-1.jpg\",\"width\":1117,\"height\":575,\"caption\":\"La nueva pagina web del Ayuntamiento de Muro funciona desde hace unas semanas\"},{\"@type\":\"BreadcrumbList\",\"@id\":\"https:\\\/\\\/www.copealcoy.es\\\/es\\\/la-pagina-web-del-ayuntamiento-se-reorganiza-con-un-nuevo-diseno\\\/#breadcrumb\",\"itemListElement\":[{\"@type\":\"ListItem\",\"position\":1,\"name\":\"Portada\",\"item\":\"https:\\\/\\\/www.copealcoy.es\\\/es\\\/\"},{\"@type\":\"ListItem\",\"position\":2,\"name\":\"La p\u00e1gina web del Ayuntamiento se reorganiza con un nuevo dise\u00f1o\"}]},{\"@type\":\"WebSite\",\"@id\":\"https:\\\/\\\/www.copealcoy.es\\\/es\\\/#website\",\"url\":\"https:\\\/\\\/www.copealcoy.es\\\/es\\\/\",\"name\":\"COPE Alcoy\",\"description\":\"Emisora COPE de radio local con emisi\u00f3n online. Pont de Sant Jordi 8-10 03803 Alcoy\",\"potentialAction\":[{\"@type\":\"SearchAction\",\"target\":{\"@type\":\"EntryPoint\",\"urlTemplate\":\"https:\\\/\\\/www.copealcoy.es\\\/es\\\/?s={search_term_string}\"},\"query-input\":{\"@type\":\"PropertyValueSpecification\",\"valueRequired\":true,\"valueName\":\"search_term_string\"}}],\"inLanguage\":\"es\"},{\"@type\":\"Person\",\"@id\":\"https:\\\/\\\/www.copealcoy.es\\\/es\\\/#\\\/schema\\\/person\\\/e777c87fa024e57d40170af9df39882c\",\"name\":\"Cope Alcoy\",\"image\":{\"@type\":\"ImageObject\",\"inLanguage\":\"es\",\"@id\":\"https:\\\/\\\/secure.gravatar.com\\\/avatar\\\/bb65d0283347e303893ba14f0692005417c1e0e690a325a4c5d8bb2b3943ee14?s=96&d=mm&r=g\",\"url\":\"https:\\\/\\\/secure.gravatar.com\\\/avatar\\\/bb65d0283347e303893ba14f0692005417c1e0e690a325a4c5d8bb2b3943ee14?s=96&d=mm&r=g\",\"contentUrl\":\"https:\\\/\\\/secure.gravatar.com\\\/avatar\\\/bb65d0283347e303893ba14f0692005417c1e0e690a325a4c5d8bb2b3943ee14?s=96&d=mm&r=g\",\"caption\":\"Cope Alcoy\"}}]}<\/script>\n<!-- \/ Yoast SEO plugin. -->","yoast_head_json":{"title":"La p\u00e1gina web del Ayuntamiento se reorganiza con un nuevo dise\u00f1o - COPE Alcoy","robots":{"index":"index","follow":"follow","max-snippet":"max-snippet:-1","max-image-preview":"max-image-preview:large","max-video-preview":"max-video-preview:-1"},"canonical":"https:\/\/www.copealcoy.es\/es\/la-pagina-web-del-ayuntamiento-se-reorganiza-con-un-nuevo-diseno\/","og_locale":"es_ES","og_type":"article","og_title":"La p\u00e1gina web del Ayuntamiento se reorganiza con un nuevo dise\u00f1o - COPE Alcoy","og_description":"El Ayuntamiento de Muro ha redise\u00f1ado su p\u00e1gina web para hacerla m\u00e1s atractiva de cara al usuario as\u00ed como facilitar...","og_url":"https:\/\/www.copealcoy.es\/es\/la-pagina-web-del-ayuntamiento-se-reorganiza-con-un-nuevo-diseno\/","og_site_name":"COPE Alcoy","article_published_time":"2020-05-29T21:48:23+00:00","og_image":[{"width":1117,"height":575,"url":"https:\/\/www.copealcoy.es\/wp-content\/uploads\/2020\/05\/2-La-nueva-pagina-web-del-Ayuntamiento-de-Muro-funciona-desde-hace-unas-semanas-e1590788952354-1.jpg","type":"image\/jpeg"}],"author":"Cope Alcoy","twitter_misc":{"Escrito por":"Cope Alcoy","Tiempo de lectura":"1 minuto"},"schema":{"@context":"https:\/\/schema.org","@graph":[{"@type":"Article","@id":"https:\/\/www.copealcoy.es\/es\/la-pagina-web-del-ayuntamiento-se-reorganiza-con-un-nuevo-diseno\/#article","isPartOf":{"@id":"https:\/\/www.copealcoy.es\/es\/la-pagina-web-del-ayuntamiento-se-reorganiza-con-un-nuevo-diseno\/"},"author":{"name":"Cope Alcoy","@id":"https:\/\/www.copealcoy.es\/es\/#\/schema\/person\/e777c87fa024e57d40170af9df39882c"},"headline":"La p\u00e1gina web del Ayuntamiento se reorganiza con un nuevo dise\u00f1o","datePublished":"2020-05-29T21:48:23+00:00","mainEntityOfPage":{"@id":"https:\/\/www.copealcoy.es\/es\/la-pagina-web-del-ayuntamiento-se-reorganiza-con-un-nuevo-diseno\/"},"wordCount":285,"commentCount":0,"image":{"@id":"https:\/\/www.copealcoy.es\/es\/la-pagina-web-del-ayuntamiento-se-reorganiza-con-un-nuevo-diseno\/#primaryimage"},"thumbnailUrl":"https:\/\/www.copealcoy.es\/wp-content\/uploads\/2020\/05\/2-La-nueva-pagina-web-del-Ayuntamiento-de-Muro-funciona-desde-hace-unas-semanas-e1590788952354-1.jpg","keywords":["Ayuntamiento","Muro","nuevo dise\u00f1o","renovaci\u00f3n p\u00e1gina web"],"articleSection":["Comarcas","Noticias"],"inLanguage":"es"},{"@type":"WebPage","@id":"https:\/\/www.copealcoy.es\/es\/la-pagina-web-del-ayuntamiento-se-reorganiza-con-un-nuevo-diseno\/","url":"https:\/\/www.copealcoy.es\/es\/la-pagina-web-del-ayuntamiento-se-reorganiza-con-un-nuevo-diseno\/","name":"La p\u00e1gina web del Ayuntamiento se reorganiza con un nuevo dise\u00f1o - COPE Alcoy","isPartOf":{"@id":"https:\/\/www.copealcoy.es\/es\/#website"},"primaryImageOfPage":{"@id":"https:\/\/www.copealcoy.es\/es\/la-pagina-web-del-ayuntamiento-se-reorganiza-con-un-nuevo-diseno\/#primaryimage"},"image":{"@id":"https:\/\/www.copealcoy.es\/es\/la-pagina-web-del-ayuntamiento-se-reorganiza-con-un-nuevo-diseno\/#primaryimage"},"thumbnailUrl":"https:\/\/www.copealcoy.es\/wp-content\/uploads\/2020\/05\/2-La-nueva-pagina-web-del-Ayuntamiento-de-Muro-funciona-desde-hace-unas-semanas-e1590788952354-1.jpg","datePublished":"2020-05-29T21:48:23+00:00","author":{"@id":"https:\/\/www.copealcoy.es\/es\/#\/schema\/person\/e777c87fa024e57d40170af9df39882c"},"breadcrumb":{"@id":"https:\/\/www.copealcoy.es\/es\/la-pagina-web-del-ayuntamiento-se-reorganiza-con-un-nuevo-diseno\/#breadcrumb"},"inLanguage":"es","potentialAction":[{"@type":"ReadAction","target":["https:\/\/www.copealcoy.es\/es\/la-pagina-web-del-ayuntamiento-se-reorganiza-con-un-nuevo-diseno\/"]}]},{"@type":"ImageObject","inLanguage":"es","@id":"https:\/\/www.copealcoy.es\/es\/la-pagina-web-del-ayuntamiento-se-reorganiza-con-un-nuevo-diseno\/#primaryimage","url":"https:\/\/www.copealcoy.es\/wp-content\/uploads\/2020\/05\/2-La-nueva-pagina-web-del-Ayuntamiento-de-Muro-funciona-desde-hace-unas-semanas-e1590788952354-1.jpg","contentUrl":"https:\/\/www.copealcoy.es\/wp-content\/uploads\/2020\/05\/2-La-nueva-pagina-web-del-Ayuntamiento-de-Muro-funciona-desde-hace-unas-semanas-e1590788952354-1.jpg","width":1117,"height":575,"caption":"La nueva pagina web del Ayuntamiento de Muro funciona desde hace unas semanas"},{"@type":"BreadcrumbList","@id":"https:\/\/www.copealcoy.es\/es\/la-pagina-web-del-ayuntamiento-se-reorganiza-con-un-nuevo-diseno\/#breadcrumb","itemListElement":[{"@type":"ListItem","position":1,"name":"Portada","item":"https:\/\/www.copealcoy.es\/es\/"},{"@type":"ListItem","position":2,"name":"La p\u00e1gina web del Ayuntamiento se reorganiza con un nuevo dise\u00f1o"}]},{"@type":"WebSite","@id":"https:\/\/www.copealcoy.es\/es\/#website","url":"https:\/\/www.copealcoy.es\/es\/","name":"COPE Alcoy","description":"Emisora COPE de radio local con emisi\u00f3n online. Pont de Sant Jordi 8-10 03803 Alcoy","potentialAction":[{"@type":"SearchAction","target":{"@type":"EntryPoint","urlTemplate":"https:\/\/www.copealcoy.es\/es\/?s={search_term_string}"},"query-input":{"@type":"PropertyValueSpecification","valueRequired":true,"valueName":"search_term_string"}}],"inLanguage":"es"},{"@type":"Person","@id":"https:\/\/www.copealcoy.es\/es\/#\/schema\/person\/e777c87fa024e57d40170af9df39882c","name":"Cope Alcoy","image":{"@type":"ImageObject","inLanguage":"es","@id":"https:\/\/secure.gravatar.com\/avatar\/bb65d0283347e303893ba14f0692005417c1e0e690a325a4c5d8bb2b3943ee14?s=96&d=mm&r=g","url":"https:\/\/secure.gravatar.com\/avatar\/bb65d0283347e303893ba14f0692005417c1e0e690a325a4c5d8bb2b3943ee14?s=96&d=mm&r=g","contentUrl":"https:\/\/secure.gravatar.com\/avatar\/bb65d0283347e303893ba14f0692005417c1e0e690a325a4c5d8bb2b3943ee14?s=96&d=mm&r=g","caption":"Cope Alcoy"}}]}},"_links":{"self":[{"href":"https:\/\/www.copealcoy.es\/es\/wp-json\/wp\/v2\/posts\/62901","targetHints":{"allow":["GET"]}}],"collection":[{"href":"https:\/\/www.copealcoy.es\/es\/wp-json\/wp\/v2\/posts"}],"about":[{"href":"https:\/\/www.copealcoy.es\/es\/wp-json\/wp\/v2\/types\/post"}],"author":[{"embeddable":true,"href":"https:\/\/www.copealcoy.es\/es\/wp-json\/wp\/v2\/users\/1"}],"replies":[{"embeddable":true,"href":"https:\/\/www.copealcoy.es\/es\/wp-json\/wp\/v2\/comments?post=62901"}],"version-history":[{"count":0,"href":"https:\/\/www.copealcoy.es\/es\/wp-json\/wp\/v2\/posts\/62901\/revisions"}],"wp:featuredmedia":[{"embeddable":true,"href":"https:\/\/www.copealcoy.es\/es\/wp-json\/wp\/v2\/media\/62902"}],"wp:attachment":[{"href":"https:\/\/www.copealcoy.es\/es\/wp-json\/wp\/v2\/media?parent=62901"}],"wp:term":[{"taxonomy":"category","embeddable":true,"href":"https:\/\/www.copealcoy.es\/es\/wp-json\/wp\/v2\/categories?post=62901"},{"taxonomy":"post_tag","embeddable":true,"href":"https:\/\/www.copealcoy.es\/es\/wp-json\/wp\/v2\/tags?post=62901"}],"curies":[{"name":"wp","href":"https:\/\/api.w.org\/{rel}","templated":true}]}}