{"id":62876,"date":"2020-05-28T15:57:33","date_gmt":"2020-05-28T15:57:33","guid":{"rendered":"https:\/\/www.copealcoy.es\/?p=62876"},"modified":"2020-05-28T15:57:33","modified_gmt":"2020-05-28T15:57:33","slug":"comienzan-las-obras-en-el-entorno-de-las-pinturas-rupestres-de-la-sarga","status":"publish","type":"post","link":"https:\/\/www.copealcoy.es\/es\/comienzan-las-obras-en-el-entorno-de-las-pinturas-rupestres-de-la-sarga\/","title":{"rendered":"Comienzan las obras en el entorno de las Pinturas Rupestres de La Sarga"},"content":{"rendered":"<p style=\"text-align: justify;\">El <strong>entorno de las Pinturas Rupestres de La Sarga de Alcoy<\/strong> se ver\u00e1 <strong>sensiblemente mejorado<\/strong> con las obras de adecuaci\u00f3n que se van a realizar durante las pr\u00f3ximas semanas.<\/p>\n<p style=\"text-align: justify;\">Los trabajos, que ya han comenzado, consistir\u00e1n en <strong>la reparaci\u00f3n del sendero<\/strong> que da acceso a los abrigos al mismo tiempo que <strong>se realizar\u00e1 una plataforma de observaci\u00f3n<\/strong> en el Abrigo I. De igual forma <strong>prolongar\u00e1n la senda<\/strong> existente en el Abrigo II con una bifurcaci\u00f3n. Finalmente <strong>se repintar\u00e1 el vallado existente<\/strong> y <strong>se instalar\u00e1n dos paneles informativos<\/strong> &#8220;<em>desde la concejal\u00eda de Turismo y Patrimonio Hist\u00f3rico apostamos por la accesibilidad, ya hemos llevado adelante muchas iniciativas y aqu\u00ed tenemos una m\u00e1s que facilitar\u00e1 las visitas a un lugar que es patrimonio de la humanidad y del que tenemos que estar muy orgulloso. El modelo de la Sarga se est\u00e1 imitando en otros lugares vallando todo el espacio sin que afecte al entorno de las pinturas y realizando visitas guiadas, evitando que la masificaci\u00f3n pueda estropear este lugar&#8221;<\/em>, ha indicado la concejala de Turismo y Patrimonio Hist\u00f3rico, <strong>Lorena Zamorano<\/strong>.<\/p>\n<p style=\"text-align: justify;\">Apuntar que <strong>la obra fue adjudicada a AFEMA OBRAS Y SERVICIOS S.L. por 35.892,53 euros<\/strong> y el plazo de ejecuci\u00f3n es de seis semanas.<\/p>\n","protected":false},"excerpt":{"rendered":"<p>El entorno de las Pinturas Rupestres de La Sarga de Alcoy se ver\u00e1 sensiblemente mejorado con las obras de adecuaci\u00f3n&#8230;<\/p>\n","protected":false},"author":1,"featured_media":62877,"comment_status":"open","ping_status":"open","sticky":false,"template":"","format":"standard","meta":{"footnotes":""},"categories":[97,78,75],"tags":[4955,1215,4992,145,7698],"class_list":["post-62876","post","type-post","status-publish","format-standard","has-post-thumbnail","hentry","category-alcoy","category-fiestaycultura","category-noticias","tag-entorno","tag-inicio","tag-la-sarga","tag-obras","tag-pinturas-rupestres"],"yoast_head":"<!-- This site is optimized with the Yoast SEO plugin v27.3 - https:\/\/yoast.com\/product\/yoast-seo-wordpress\/ -->\n<title>Comienzan las obras en el entorno de las Pinturas Rupestres de La Sarga - COPE Alcoy<\/title>\n<meta name=\"robots\" content=\"index, follow, max-snippet:-1, max-image-preview:large, max-video-preview:-1\" \/>\n<link rel=\"canonical\" href=\"https:\/\/www.copealcoy.es\/es\/comienzan-las-obras-en-el-entorno-de-las-pinturas-rupestres-de-la-sarga\/\" \/>\n<meta property=\"og:locale\" content=\"es_ES\" \/>\n<meta property=\"og:type\" content=\"article\" \/>\n<meta property=\"og:title\" content=\"Comienzan las obras en el entorno de las Pinturas Rupestres de La Sarga - COPE Alcoy\" \/>\n<meta property=\"og:description\" content=\"El entorno de las Pinturas Rupestres de La Sarga de Alcoy se ver\u00e1 sensiblemente mejorado con las obras de adecuaci\u00f3n...\" \/>\n<meta property=\"og:url\" content=\"https:\/\/www.copealcoy.es\/es\/comienzan-las-obras-en-el-entorno-de-las-pinturas-rupestres-de-la-sarga\/\" \/>\n<meta property=\"og:site_name\" content=\"COPE Alcoy\" \/>\n<meta property=\"article:published_time\" content=\"2020-05-28T15:57:33+00:00\" \/>\n<meta property=\"og:image\" content=\"https:\/\/www.copealcoy.es\/wp-content\/uploads\/2020\/05\/Obres-Sarga-10-1.jpg\" \/>\n\t<meta property=\"og:image:width\" content=\"1600\" \/>\n\t<meta property=\"og:image:height\" content=\"738\" \/>\n\t<meta property=\"og:image:type\" content=\"image\/jpeg\" \/>\n<meta name=\"author\" content=\"Cope Alcoy\" \/>\n<meta name=\"twitter:label1\" content=\"Escrito por\" \/>\n\t<meta name=\"twitter:data1\" content=\"Cope Alcoy\" \/>\n\t<meta name=\"twitter:label2\" content=\"Tiempo de lectura\" \/>\n\t<meta name=\"twitter:data2\" content=\"1 minuto\" \/>\n<script type=\"application\/ld+json\" class=\"yoast-schema-graph\">{\"@context\":\"https:\\\/\\\/schema.org\",\"@graph\":[{\"@type\":\"Article\",\"@id\":\"https:\\\/\\\/www.copealcoy.es\\\/es\\\/comienzan-las-obras-en-el-entorno-de-las-pinturas-rupestres-de-la-sarga\\\/#article\",\"isPartOf\":{\"@id\":\"https:\\\/\\\/www.copealcoy.es\\\/es\\\/comienzan-las-obras-en-el-entorno-de-las-pinturas-rupestres-de-la-sarga\\\/\"},\"author\":{\"name\":\"Cope Alcoy\",\"@id\":\"https:\\\/\\\/www.copealcoy.es\\\/es\\\/#\\\/schema\\\/person\\\/e777c87fa024e57d40170af9df39882c\"},\"headline\":\"Comienzan las obras en el entorno de las Pinturas Rupestres de La Sarga\",\"datePublished\":\"2020-05-28T15:57:33+00:00\",\"mainEntityOfPage\":{\"@id\":\"https:\\\/\\\/www.copealcoy.es\\\/es\\\/comienzan-las-obras-en-el-entorno-de-las-pinturas-rupestres-de-la-sarga\\\/\"},\"wordCount\":228,\"commentCount\":0,\"image\":{\"@id\":\"https:\\\/\\\/www.copealcoy.es\\\/es\\\/comienzan-las-obras-en-el-entorno-de-las-pinturas-rupestres-de-la-sarga\\\/#primaryimage\"},\"thumbnailUrl\":\"https:\\\/\\\/www.copealcoy.es\\\/wp-content\\\/uploads\\\/2020\\\/05\\\/Obres-Sarga-10-1.jpg\",\"keywords\":[\"entorno\",\"inicio\",\"La Sarga\",\"Obras\",\"Pinturas Rupestres\"],\"articleSection\":[\"Alcoy\",\"Fiesta y Cultura\",\"Noticias\"],\"inLanguage\":\"es\"},{\"@type\":\"WebPage\",\"@id\":\"https:\\\/\\\/www.copealcoy.es\\\/es\\\/comienzan-las-obras-en-el-entorno-de-las-pinturas-rupestres-de-la-sarga\\\/\",\"url\":\"https:\\\/\\\/www.copealcoy.es\\\/es\\\/comienzan-las-obras-en-el-entorno-de-las-pinturas-rupestres-de-la-sarga\\\/\",\"name\":\"Comienzan las obras en el entorno de las Pinturas Rupestres de La Sarga - COPE Alcoy\",\"isPartOf\":{\"@id\":\"https:\\\/\\\/www.copealcoy.es\\\/es\\\/#website\"},\"primaryImageOfPage\":{\"@id\":\"https:\\\/\\\/www.copealcoy.es\\\/es\\\/comienzan-las-obras-en-el-entorno-de-las-pinturas-rupestres-de-la-sarga\\\/#primaryimage\"},\"image\":{\"@id\":\"https:\\\/\\\/www.copealcoy.es\\\/es\\\/comienzan-las-obras-en-el-entorno-de-las-pinturas-rupestres-de-la-sarga\\\/#primaryimage\"},\"thumbnailUrl\":\"https:\\\/\\\/www.copealcoy.es\\\/wp-content\\\/uploads\\\/2020\\\/05\\\/Obres-Sarga-10-1.jpg\",\"datePublished\":\"2020-05-28T15:57:33+00:00\",\"author\":{\"@id\":\"https:\\\/\\\/www.copealcoy.es\\\/es\\\/#\\\/schema\\\/person\\\/e777c87fa024e57d40170af9df39882c\"},\"breadcrumb\":{\"@id\":\"https:\\\/\\\/www.copealcoy.es\\\/es\\\/comienzan-las-obras-en-el-entorno-de-las-pinturas-rupestres-de-la-sarga\\\/#breadcrumb\"},\"inLanguage\":\"es\",\"potentialAction\":[{\"@type\":\"ReadAction\",\"target\":[\"https:\\\/\\\/www.copealcoy.es\\\/es\\\/comienzan-las-obras-en-el-entorno-de-las-pinturas-rupestres-de-la-sarga\\\/\"]}]},{\"@type\":\"ImageObject\",\"inLanguage\":\"es\",\"@id\":\"https:\\\/\\\/www.copealcoy.es\\\/es\\\/comienzan-las-obras-en-el-entorno-de-las-pinturas-rupestres-de-la-sarga\\\/#primaryimage\",\"url\":\"https:\\\/\\\/www.copealcoy.es\\\/wp-content\\\/uploads\\\/2020\\\/05\\\/Obres-Sarga-10-1.jpg\",\"contentUrl\":\"https:\\\/\\\/www.copealcoy.es\\\/wp-content\\\/uploads\\\/2020\\\/05\\\/Obres-Sarga-10-1.jpg\",\"width\":1600,\"height\":738},{\"@type\":\"BreadcrumbList\",\"@id\":\"https:\\\/\\\/www.copealcoy.es\\\/es\\\/comienzan-las-obras-en-el-entorno-de-las-pinturas-rupestres-de-la-sarga\\\/#breadcrumb\",\"itemListElement\":[{\"@type\":\"ListItem\",\"position\":1,\"name\":\"Portada\",\"item\":\"https:\\\/\\\/www.copealcoy.es\\\/es\\\/\"},{\"@type\":\"ListItem\",\"position\":2,\"name\":\"Comienzan las obras en el entorno de las Pinturas Rupestres de La Sarga\"}]},{\"@type\":\"WebSite\",\"@id\":\"https:\\\/\\\/www.copealcoy.es\\\/es\\\/#website\",\"url\":\"https:\\\/\\\/www.copealcoy.es\\\/es\\\/\",\"name\":\"COPE Alcoy\",\"description\":\"Emisora COPE de radio local con emisi\u00f3n online. Pont de Sant Jordi 8-10 03803 Alcoy\",\"potentialAction\":[{\"@type\":\"SearchAction\",\"target\":{\"@type\":\"EntryPoint\",\"urlTemplate\":\"https:\\\/\\\/www.copealcoy.es\\\/es\\\/?s={search_term_string}\"},\"query-input\":{\"@type\":\"PropertyValueSpecification\",\"valueRequired\":true,\"valueName\":\"search_term_string\"}}],\"inLanguage\":\"es\"},{\"@type\":\"Person\",\"@id\":\"https:\\\/\\\/www.copealcoy.es\\\/es\\\/#\\\/schema\\\/person\\\/e777c87fa024e57d40170af9df39882c\",\"name\":\"Cope Alcoy\",\"image\":{\"@type\":\"ImageObject\",\"inLanguage\":\"es\",\"@id\":\"https:\\\/\\\/secure.gravatar.com\\\/avatar\\\/bb65d0283347e303893ba14f0692005417c1e0e690a325a4c5d8bb2b3943ee14?s=96&d=mm&r=g\",\"url\":\"https:\\\/\\\/secure.gravatar.com\\\/avatar\\\/bb65d0283347e303893ba14f0692005417c1e0e690a325a4c5d8bb2b3943ee14?s=96&d=mm&r=g\",\"contentUrl\":\"https:\\\/\\\/secure.gravatar.com\\\/avatar\\\/bb65d0283347e303893ba14f0692005417c1e0e690a325a4c5d8bb2b3943ee14?s=96&d=mm&r=g\",\"caption\":\"Cope Alcoy\"}}]}<\/script>\n<!-- \/ Yoast SEO plugin. -->","yoast_head_json":{"title":"Comienzan las obras en el entorno de las Pinturas Rupestres de La Sarga - COPE Alcoy","robots":{"index":"index","follow":"follow","max-snippet":"max-snippet:-1","max-image-preview":"max-image-preview:large","max-video-preview":"max-video-preview:-1"},"canonical":"https:\/\/www.copealcoy.es\/es\/comienzan-las-obras-en-el-entorno-de-las-pinturas-rupestres-de-la-sarga\/","og_locale":"es_ES","og_type":"article","og_title":"Comienzan las obras en el entorno de las Pinturas Rupestres de La Sarga - COPE Alcoy","og_description":"El entorno de las Pinturas Rupestres de La Sarga de Alcoy se ver\u00e1 sensiblemente mejorado con las obras de adecuaci\u00f3n...","og_url":"https:\/\/www.copealcoy.es\/es\/comienzan-las-obras-en-el-entorno-de-las-pinturas-rupestres-de-la-sarga\/","og_site_name":"COPE Alcoy","article_published_time":"2020-05-28T15:57:33+00:00","og_image":[{"width":1600,"height":738,"url":"https:\/\/www.copealcoy.es\/wp-content\/uploads\/2020\/05\/Obres-Sarga-10-1.jpg","type":"image\/jpeg"}],"author":"Cope Alcoy","twitter_misc":{"Escrito por":"Cope Alcoy","Tiempo de lectura":"1 minuto"},"schema":{"@context":"https:\/\/schema.org","@graph":[{"@type":"Article","@id":"https:\/\/www.copealcoy.es\/es\/comienzan-las-obras-en-el-entorno-de-las-pinturas-rupestres-de-la-sarga\/#article","isPartOf":{"@id":"https:\/\/www.copealcoy.es\/es\/comienzan-las-obras-en-el-entorno-de-las-pinturas-rupestres-de-la-sarga\/"},"author":{"name":"Cope Alcoy","@id":"https:\/\/www.copealcoy.es\/es\/#\/schema\/person\/e777c87fa024e57d40170af9df39882c"},"headline":"Comienzan las obras en el entorno de las Pinturas Rupestres de La Sarga","datePublished":"2020-05-28T15:57:33+00:00","mainEntityOfPage":{"@id":"https:\/\/www.copealcoy.es\/es\/comienzan-las-obras-en-el-entorno-de-las-pinturas-rupestres-de-la-sarga\/"},"wordCount":228,"commentCount":0,"image":{"@id":"https:\/\/www.copealcoy.es\/es\/comienzan-las-obras-en-el-entorno-de-las-pinturas-rupestres-de-la-sarga\/#primaryimage"},"thumbnailUrl":"https:\/\/www.copealcoy.es\/wp-content\/uploads\/2020\/05\/Obres-Sarga-10-1.jpg","keywords":["entorno","inicio","La Sarga","Obras","Pinturas Rupestres"],"articleSection":["Alcoy","Fiesta y Cultura","Noticias"],"inLanguage":"es"},{"@type":"WebPage","@id":"https:\/\/www.copealcoy.es\/es\/comienzan-las-obras-en-el-entorno-de-las-pinturas-rupestres-de-la-sarga\/","url":"https:\/\/www.copealcoy.es\/es\/comienzan-las-obras-en-el-entorno-de-las-pinturas-rupestres-de-la-sarga\/","name":"Comienzan las obras en el entorno de las Pinturas Rupestres de La Sarga - COPE Alcoy","isPartOf":{"@id":"https:\/\/www.copealcoy.es\/es\/#website"},"primaryImageOfPage":{"@id":"https:\/\/www.copealcoy.es\/es\/comienzan-las-obras-en-el-entorno-de-las-pinturas-rupestres-de-la-sarga\/#primaryimage"},"image":{"@id":"https:\/\/www.copealcoy.es\/es\/comienzan-las-obras-en-el-entorno-de-las-pinturas-rupestres-de-la-sarga\/#primaryimage"},"thumbnailUrl":"https:\/\/www.copealcoy.es\/wp-content\/uploads\/2020\/05\/Obres-Sarga-10-1.jpg","datePublished":"2020-05-28T15:57:33+00:00","author":{"@id":"https:\/\/www.copealcoy.es\/es\/#\/schema\/person\/e777c87fa024e57d40170af9df39882c"},"breadcrumb":{"@id":"https:\/\/www.copealcoy.es\/es\/comienzan-las-obras-en-el-entorno-de-las-pinturas-rupestres-de-la-sarga\/#breadcrumb"},"inLanguage":"es","potentialAction":[{"@type":"ReadAction","target":["https:\/\/www.copealcoy.es\/es\/comienzan-las-obras-en-el-entorno-de-las-pinturas-rupestres-de-la-sarga\/"]}]},{"@type":"ImageObject","inLanguage":"es","@id":"https:\/\/www.copealcoy.es\/es\/comienzan-las-obras-en-el-entorno-de-las-pinturas-rupestres-de-la-sarga\/#primaryimage","url":"https:\/\/www.copealcoy.es\/wp-content\/uploads\/2020\/05\/Obres-Sarga-10-1.jpg","contentUrl":"https:\/\/www.copealcoy.es\/wp-content\/uploads\/2020\/05\/Obres-Sarga-10-1.jpg","width":1600,"height":738},{"@type":"BreadcrumbList","@id":"https:\/\/www.copealcoy.es\/es\/comienzan-las-obras-en-el-entorno-de-las-pinturas-rupestres-de-la-sarga\/#breadcrumb","itemListElement":[{"@type":"ListItem","position":1,"name":"Portada","item":"https:\/\/www.copealcoy.es\/es\/"},{"@type":"ListItem","position":2,"name":"Comienzan las obras en el entorno de las Pinturas Rupestres de La Sarga"}]},{"@type":"WebSite","@id":"https:\/\/www.copealcoy.es\/es\/#website","url":"https:\/\/www.copealcoy.es\/es\/","name":"COPE Alcoy","description":"Emisora COPE de radio local con emisi\u00f3n online. Pont de Sant Jordi 8-10 03803 Alcoy","potentialAction":[{"@type":"SearchAction","target":{"@type":"EntryPoint","urlTemplate":"https:\/\/www.copealcoy.es\/es\/?s={search_term_string}"},"query-input":{"@type":"PropertyValueSpecification","valueRequired":true,"valueName":"search_term_string"}}],"inLanguage":"es"},{"@type":"Person","@id":"https:\/\/www.copealcoy.es\/es\/#\/schema\/person\/e777c87fa024e57d40170af9df39882c","name":"Cope Alcoy","image":{"@type":"ImageObject","inLanguage":"es","@id":"https:\/\/secure.gravatar.com\/avatar\/bb65d0283347e303893ba14f0692005417c1e0e690a325a4c5d8bb2b3943ee14?s=96&d=mm&r=g","url":"https:\/\/secure.gravatar.com\/avatar\/bb65d0283347e303893ba14f0692005417c1e0e690a325a4c5d8bb2b3943ee14?s=96&d=mm&r=g","contentUrl":"https:\/\/secure.gravatar.com\/avatar\/bb65d0283347e303893ba14f0692005417c1e0e690a325a4c5d8bb2b3943ee14?s=96&d=mm&r=g","caption":"Cope Alcoy"}}]}},"_links":{"self":[{"href":"https:\/\/www.copealcoy.es\/es\/wp-json\/wp\/v2\/posts\/62876","targetHints":{"allow":["GET"]}}],"collection":[{"href":"https:\/\/www.copealcoy.es\/es\/wp-json\/wp\/v2\/posts"}],"about":[{"href":"https:\/\/www.copealcoy.es\/es\/wp-json\/wp\/v2\/types\/post"}],"author":[{"embeddable":true,"href":"https:\/\/www.copealcoy.es\/es\/wp-json\/wp\/v2\/users\/1"}],"replies":[{"embeddable":true,"href":"https:\/\/www.copealcoy.es\/es\/wp-json\/wp\/v2\/comments?post=62876"}],"version-history":[{"count":0,"href":"https:\/\/www.copealcoy.es\/es\/wp-json\/wp\/v2\/posts\/62876\/revisions"}],"wp:featuredmedia":[{"embeddable":true,"href":"https:\/\/www.copealcoy.es\/es\/wp-json\/wp\/v2\/media\/62877"}],"wp:attachment":[{"href":"https:\/\/www.copealcoy.es\/es\/wp-json\/wp\/v2\/media?parent=62876"}],"wp:term":[{"taxonomy":"category","embeddable":true,"href":"https:\/\/www.copealcoy.es\/es\/wp-json\/wp\/v2\/categories?post=62876"},{"taxonomy":"post_tag","embeddable":true,"href":"https:\/\/www.copealcoy.es\/es\/wp-json\/wp\/v2\/tags?post=62876"}],"curies":[{"name":"wp","href":"https:\/\/api.w.org\/{rel}","templated":true}]}}