{"id":62764,"date":"2020-05-22T15:41:07","date_gmt":"2020-05-22T15:41:07","guid":{"rendered":"https:\/\/www.copealcoy.es\/?p=62764"},"modified":"2020-05-22T15:41:07","modified_gmt":"2020-05-22T15:41:07","slug":"vuelve-a-cocentaina-la-tunica-restaurada-de-jesus-nazareno-del-siglo-xix","status":"publish","type":"post","link":"https:\/\/www.copealcoy.es\/es\/vuelve-a-cocentaina-la-tunica-restaurada-de-jesus-nazareno-del-siglo-xix\/","title":{"rendered":"Vuelve a Cocentaina la t\u00fanica restaurada de Jes\u00fas Nazareno del siglo XIX"},"content":{"rendered":"<p style=\"text-align: justify;\">El <strong>Monasterio de la Mare de D\u00e9u del Miracle de Cocentaina<\/strong> ya alberga <strong>la t\u00fanica de Jes\u00fas Nazareno del siglo XIX<\/strong>, una pieza que <strong>ha sido restaurada en los \u00faltimos meses<\/strong> por\u00a0el equipo de Pilar Vallalta y los t\u00e9cnicos del Museo de Arte Sacro de Orihuela.<\/p>\n<p style=\"text-align: justify;\">El pasado 29 de abril tuvo lugar el acto de entrega de la t\u00fanica a las Hermanas Clarisas en presencia\u00a0 del Director T\u00e9cnico del Museo de Orihuela y profesor de Historia del Arte en la Universidad de Murcia, <strong>el Dr. Mariano Cecilia<\/strong>, la restauradora que ha dirigido el proyecto, <strong>Pilar Vallalta<\/strong>; las restauradoras del museo de Arte Sacro de Orihuela, <strong>Mary Arenas e Isabel Romero<\/strong>, la Madre Abadesa de la Comunidad de Clarisas, y los presidentes de la Cofrad\u00eda de Nuestro Padre Jes\u00fas Nazareno;\u00a0<strong>Lourdes Nadal y Pedro Belda<\/strong>.<\/p>\n<p style=\"text-align: justify;\">Indicar que para efectuar el traslado result\u00f3 necesaria <strong>la obtenci\u00f3n favorable de los permisos pertinentes<\/strong> de la Conseller\u00eda de Cultura de la Generalitat Valenciana y de la Brigada de Patrimonio Hist\u00f3rico de la Polic\u00eda Nacional.\u00a0 Adem\u00e1s este \u00faltimo cuerpo, por medio de un veh\u00edculo, <strong>custodi\u00f3 la obra desde su salida en Orihuela hasta su llegada a la Villa Condal<\/strong>. Tras este proceso <strong>Cocentaina podr\u00e1 volver a admirar la magn\u00edfica obra del siglo XIX<\/strong> en el Monasterio de Nuestra Se\u00f1ora Virgen del Milagro, lugar donde se venera la imagen de Jes\u00fas Nazareno.<\/p>\n<p style=\"text-align: justify;\">Igualmente, se tiene prevista <strong>la realizaci\u00f3n de unas charlas para explicar el laborioso proceso de restauraci\u00f3n<\/strong> coincidiendo con el V Centenario del Milagro de la Mare de D\u00e9u.<\/p>\n","protected":false},"excerpt":{"rendered":"<p>El Monasterio de la Mare de D\u00e9u del Miracle de Cocentaina ya alberga la t\u00fanica de Jes\u00fas Nazareno del siglo&#8230;<\/p>\n","protected":false},"author":1,"featured_media":62765,"comment_status":"open","ping_status":"open","sticky":false,"template":"","format":"standard","meta":{"footnotes":""},"categories":[98,75],"tags":[132,7671,4024,250,7672,7266],"class_list":["post-62764","post","type-post","status-publish","format-standard","has-post-thumbnail","hentry","category-comarcas","category-noticias","tag-cocentaina","tag-jesus-nazareno","tag-monasterio-clarisas","tag-restauracion","tag-siglo-xix","tag-tunica"],"yoast_head":"<!-- This site is optimized with the Yoast SEO plugin v27.3 - https:\/\/yoast.com\/product\/yoast-seo-wordpress\/ -->\n<title>Vuelve a Cocentaina la t\u00fanica restaurada de Jes\u00fas Nazareno del siglo XIX - COPE Alcoy<\/title>\n<meta name=\"robots\" content=\"index, follow, max-snippet:-1, max-image-preview:large, max-video-preview:-1\" \/>\n<link rel=\"canonical\" href=\"https:\/\/www.copealcoy.es\/es\/vuelve-a-cocentaina-la-tunica-restaurada-de-jesus-nazareno-del-siglo-xix\/\" \/>\n<meta property=\"og:locale\" content=\"es_ES\" \/>\n<meta property=\"og:type\" content=\"article\" \/>\n<meta property=\"og:title\" content=\"Vuelve a Cocentaina la t\u00fanica restaurada de Jes\u00fas Nazareno del siglo XIX - COPE Alcoy\" \/>\n<meta property=\"og:description\" content=\"El Monasterio de la Mare de D\u00e9u del Miracle de Cocentaina ya alberga la t\u00fanica de Jes\u00fas Nazareno del siglo...\" \/>\n<meta property=\"og:url\" content=\"https:\/\/www.copealcoy.es\/es\/vuelve-a-cocentaina-la-tunica-restaurada-de-jesus-nazareno-del-siglo-xix\/\" \/>\n<meta property=\"og:site_name\" content=\"COPE Alcoy\" \/>\n<meta property=\"article:published_time\" content=\"2020-05-22T15:41:07+00:00\" \/>\n<meta property=\"og:image\" content=\"https:\/\/www.copealcoy.es\/wp-content\/uploads\/2020\/05\/6-La-pieza-lleg\u00f3-al-Monasterio-de-la-Mare-de-D\u00e9u-hace-unas-semanas-1.jpg\" \/>\n\t<meta property=\"og:image:width\" content=\"896\" \/>\n\t<meta property=\"og:image:height\" content=\"507\" \/>\n\t<meta property=\"og:image:type\" content=\"image\/jpeg\" \/>\n<meta name=\"author\" content=\"Cope Alcoy\" \/>\n<meta name=\"twitter:label1\" content=\"Escrito por\" \/>\n\t<meta name=\"twitter:data1\" content=\"Cope Alcoy\" \/>\n\t<meta name=\"twitter:label2\" content=\"Tiempo de lectura\" \/>\n\t<meta name=\"twitter:data2\" content=\"1 minuto\" \/>\n<script type=\"application\/ld+json\" class=\"yoast-schema-graph\">{\"@context\":\"https:\\\/\\\/schema.org\",\"@graph\":[{\"@type\":\"Article\",\"@id\":\"https:\\\/\\\/www.copealcoy.es\\\/es\\\/vuelve-a-cocentaina-la-tunica-restaurada-de-jesus-nazareno-del-siglo-xix\\\/#article\",\"isPartOf\":{\"@id\":\"https:\\\/\\\/www.copealcoy.es\\\/es\\\/vuelve-a-cocentaina-la-tunica-restaurada-de-jesus-nazareno-del-siglo-xix\\\/\"},\"author\":{\"name\":\"Cope Alcoy\",\"@id\":\"https:\\\/\\\/www.copealcoy.es\\\/es\\\/#\\\/schema\\\/person\\\/e777c87fa024e57d40170af9df39882c\"},\"headline\":\"Vuelve a Cocentaina la t\u00fanica restaurada de Jes\u00fas Nazareno del siglo XIX\",\"datePublished\":\"2020-05-22T15:41:07+00:00\",\"mainEntityOfPage\":{\"@id\":\"https:\\\/\\\/www.copealcoy.es\\\/es\\\/vuelve-a-cocentaina-la-tunica-restaurada-de-jesus-nazareno-del-siglo-xix\\\/\"},\"wordCount\":288,\"commentCount\":0,\"image\":{\"@id\":\"https:\\\/\\\/www.copealcoy.es\\\/es\\\/vuelve-a-cocentaina-la-tunica-restaurada-de-jesus-nazareno-del-siglo-xix\\\/#primaryimage\"},\"thumbnailUrl\":\"https:\\\/\\\/www.copealcoy.es\\\/wp-content\\\/uploads\\\/2020\\\/05\\\/6-La-pieza-lleg\u00f3-al-Monasterio-de-la-Mare-de-D\u00e9u-hace-unas-semanas-1.jpg\",\"keywords\":[\"Cocentaina\",\"Jes\u00fas Nazareno\",\"Monasterio Clarisas\",\"Restauraci\u00f3n\",\"siglo XIX\",\"t\u00fanica\"],\"articleSection\":[\"Comarcas\",\"Noticias\"],\"inLanguage\":\"es\"},{\"@type\":\"WebPage\",\"@id\":\"https:\\\/\\\/www.copealcoy.es\\\/es\\\/vuelve-a-cocentaina-la-tunica-restaurada-de-jesus-nazareno-del-siglo-xix\\\/\",\"url\":\"https:\\\/\\\/www.copealcoy.es\\\/es\\\/vuelve-a-cocentaina-la-tunica-restaurada-de-jesus-nazareno-del-siglo-xix\\\/\",\"name\":\"Vuelve a Cocentaina la t\u00fanica restaurada de Jes\u00fas Nazareno del siglo XIX - COPE Alcoy\",\"isPartOf\":{\"@id\":\"https:\\\/\\\/www.copealcoy.es\\\/es\\\/#website\"},\"primaryImageOfPage\":{\"@id\":\"https:\\\/\\\/www.copealcoy.es\\\/es\\\/vuelve-a-cocentaina-la-tunica-restaurada-de-jesus-nazareno-del-siglo-xix\\\/#primaryimage\"},\"image\":{\"@id\":\"https:\\\/\\\/www.copealcoy.es\\\/es\\\/vuelve-a-cocentaina-la-tunica-restaurada-de-jesus-nazareno-del-siglo-xix\\\/#primaryimage\"},\"thumbnailUrl\":\"https:\\\/\\\/www.copealcoy.es\\\/wp-content\\\/uploads\\\/2020\\\/05\\\/6-La-pieza-lleg\u00f3-al-Monasterio-de-la-Mare-de-D\u00e9u-hace-unas-semanas-1.jpg\",\"datePublished\":\"2020-05-22T15:41:07+00:00\",\"author\":{\"@id\":\"https:\\\/\\\/www.copealcoy.es\\\/es\\\/#\\\/schema\\\/person\\\/e777c87fa024e57d40170af9df39882c\"},\"breadcrumb\":{\"@id\":\"https:\\\/\\\/www.copealcoy.es\\\/es\\\/vuelve-a-cocentaina-la-tunica-restaurada-de-jesus-nazareno-del-siglo-xix\\\/#breadcrumb\"},\"inLanguage\":\"es\",\"potentialAction\":[{\"@type\":\"ReadAction\",\"target\":[\"https:\\\/\\\/www.copealcoy.es\\\/es\\\/vuelve-a-cocentaina-la-tunica-restaurada-de-jesus-nazareno-del-siglo-xix\\\/\"]}]},{\"@type\":\"ImageObject\",\"inLanguage\":\"es\",\"@id\":\"https:\\\/\\\/www.copealcoy.es\\\/es\\\/vuelve-a-cocentaina-la-tunica-restaurada-de-jesus-nazareno-del-siglo-xix\\\/#primaryimage\",\"url\":\"https:\\\/\\\/www.copealcoy.es\\\/wp-content\\\/uploads\\\/2020\\\/05\\\/6-La-pieza-lleg\u00f3-al-Monasterio-de-la-Mare-de-D\u00e9u-hace-unas-semanas-1.jpg\",\"contentUrl\":\"https:\\\/\\\/www.copealcoy.es\\\/wp-content\\\/uploads\\\/2020\\\/05\\\/6-La-pieza-lleg\u00f3-al-Monasterio-de-la-Mare-de-D\u00e9u-hace-unas-semanas-1.jpg\",\"width\":896,\"height\":507,\"caption\":\"La pieza lleg\u00f3 al Monasterio de la Mare de D\u00e9u hace unas semanas\"},{\"@type\":\"BreadcrumbList\",\"@id\":\"https:\\\/\\\/www.copealcoy.es\\\/es\\\/vuelve-a-cocentaina-la-tunica-restaurada-de-jesus-nazareno-del-siglo-xix\\\/#breadcrumb\",\"itemListElement\":[{\"@type\":\"ListItem\",\"position\":1,\"name\":\"Portada\",\"item\":\"https:\\\/\\\/www.copealcoy.es\\\/es\\\/\"},{\"@type\":\"ListItem\",\"position\":2,\"name\":\"Vuelve a Cocentaina la t\u00fanica restaurada de Jes\u00fas Nazareno del siglo XIX\"}]},{\"@type\":\"WebSite\",\"@id\":\"https:\\\/\\\/www.copealcoy.es\\\/es\\\/#website\",\"url\":\"https:\\\/\\\/www.copealcoy.es\\\/es\\\/\",\"name\":\"COPE Alcoy\",\"description\":\"Emisora COPE de radio local con emisi\u00f3n online. Pont de Sant Jordi 8-10 03803 Alcoy\",\"potentialAction\":[{\"@type\":\"SearchAction\",\"target\":{\"@type\":\"EntryPoint\",\"urlTemplate\":\"https:\\\/\\\/www.copealcoy.es\\\/es\\\/?s={search_term_string}\"},\"query-input\":{\"@type\":\"PropertyValueSpecification\",\"valueRequired\":true,\"valueName\":\"search_term_string\"}}],\"inLanguage\":\"es\"},{\"@type\":\"Person\",\"@id\":\"https:\\\/\\\/www.copealcoy.es\\\/es\\\/#\\\/schema\\\/person\\\/e777c87fa024e57d40170af9df39882c\",\"name\":\"Cope Alcoy\",\"image\":{\"@type\":\"ImageObject\",\"inLanguage\":\"es\",\"@id\":\"https:\\\/\\\/secure.gravatar.com\\\/avatar\\\/bb65d0283347e303893ba14f0692005417c1e0e690a325a4c5d8bb2b3943ee14?s=96&d=mm&r=g\",\"url\":\"https:\\\/\\\/secure.gravatar.com\\\/avatar\\\/bb65d0283347e303893ba14f0692005417c1e0e690a325a4c5d8bb2b3943ee14?s=96&d=mm&r=g\",\"contentUrl\":\"https:\\\/\\\/secure.gravatar.com\\\/avatar\\\/bb65d0283347e303893ba14f0692005417c1e0e690a325a4c5d8bb2b3943ee14?s=96&d=mm&r=g\",\"caption\":\"Cope Alcoy\"}}]}<\/script>\n<!-- \/ Yoast SEO plugin. -->","yoast_head_json":{"title":"Vuelve a Cocentaina la t\u00fanica restaurada de Jes\u00fas Nazareno del siglo XIX - COPE Alcoy","robots":{"index":"index","follow":"follow","max-snippet":"max-snippet:-1","max-image-preview":"max-image-preview:large","max-video-preview":"max-video-preview:-1"},"canonical":"https:\/\/www.copealcoy.es\/es\/vuelve-a-cocentaina-la-tunica-restaurada-de-jesus-nazareno-del-siglo-xix\/","og_locale":"es_ES","og_type":"article","og_title":"Vuelve a Cocentaina la t\u00fanica restaurada de Jes\u00fas Nazareno del siglo XIX - COPE Alcoy","og_description":"El Monasterio de la Mare de D\u00e9u del Miracle de Cocentaina ya alberga la t\u00fanica de Jes\u00fas Nazareno del siglo...","og_url":"https:\/\/www.copealcoy.es\/es\/vuelve-a-cocentaina-la-tunica-restaurada-de-jesus-nazareno-del-siglo-xix\/","og_site_name":"COPE Alcoy","article_published_time":"2020-05-22T15:41:07+00:00","og_image":[{"width":896,"height":507,"url":"https:\/\/www.copealcoy.es\/wp-content\/uploads\/2020\/05\/6-La-pieza-lleg\u00f3-al-Monasterio-de-la-Mare-de-D\u00e9u-hace-unas-semanas-1.jpg","type":"image\/jpeg"}],"author":"Cope Alcoy","twitter_misc":{"Escrito por":"Cope Alcoy","Tiempo de lectura":"1 minuto"},"schema":{"@context":"https:\/\/schema.org","@graph":[{"@type":"Article","@id":"https:\/\/www.copealcoy.es\/es\/vuelve-a-cocentaina-la-tunica-restaurada-de-jesus-nazareno-del-siglo-xix\/#article","isPartOf":{"@id":"https:\/\/www.copealcoy.es\/es\/vuelve-a-cocentaina-la-tunica-restaurada-de-jesus-nazareno-del-siglo-xix\/"},"author":{"name":"Cope Alcoy","@id":"https:\/\/www.copealcoy.es\/es\/#\/schema\/person\/e777c87fa024e57d40170af9df39882c"},"headline":"Vuelve a Cocentaina la t\u00fanica restaurada de Jes\u00fas Nazareno del siglo XIX","datePublished":"2020-05-22T15:41:07+00:00","mainEntityOfPage":{"@id":"https:\/\/www.copealcoy.es\/es\/vuelve-a-cocentaina-la-tunica-restaurada-de-jesus-nazareno-del-siglo-xix\/"},"wordCount":288,"commentCount":0,"image":{"@id":"https:\/\/www.copealcoy.es\/es\/vuelve-a-cocentaina-la-tunica-restaurada-de-jesus-nazareno-del-siglo-xix\/#primaryimage"},"thumbnailUrl":"https:\/\/www.copealcoy.es\/wp-content\/uploads\/2020\/05\/6-La-pieza-lleg\u00f3-al-Monasterio-de-la-Mare-de-D\u00e9u-hace-unas-semanas-1.jpg","keywords":["Cocentaina","Jes\u00fas Nazareno","Monasterio Clarisas","Restauraci\u00f3n","siglo XIX","t\u00fanica"],"articleSection":["Comarcas","Noticias"],"inLanguage":"es"},{"@type":"WebPage","@id":"https:\/\/www.copealcoy.es\/es\/vuelve-a-cocentaina-la-tunica-restaurada-de-jesus-nazareno-del-siglo-xix\/","url":"https:\/\/www.copealcoy.es\/es\/vuelve-a-cocentaina-la-tunica-restaurada-de-jesus-nazareno-del-siglo-xix\/","name":"Vuelve a Cocentaina la t\u00fanica restaurada de Jes\u00fas Nazareno del siglo XIX - COPE Alcoy","isPartOf":{"@id":"https:\/\/www.copealcoy.es\/es\/#website"},"primaryImageOfPage":{"@id":"https:\/\/www.copealcoy.es\/es\/vuelve-a-cocentaina-la-tunica-restaurada-de-jesus-nazareno-del-siglo-xix\/#primaryimage"},"image":{"@id":"https:\/\/www.copealcoy.es\/es\/vuelve-a-cocentaina-la-tunica-restaurada-de-jesus-nazareno-del-siglo-xix\/#primaryimage"},"thumbnailUrl":"https:\/\/www.copealcoy.es\/wp-content\/uploads\/2020\/05\/6-La-pieza-lleg\u00f3-al-Monasterio-de-la-Mare-de-D\u00e9u-hace-unas-semanas-1.jpg","datePublished":"2020-05-22T15:41:07+00:00","author":{"@id":"https:\/\/www.copealcoy.es\/es\/#\/schema\/person\/e777c87fa024e57d40170af9df39882c"},"breadcrumb":{"@id":"https:\/\/www.copealcoy.es\/es\/vuelve-a-cocentaina-la-tunica-restaurada-de-jesus-nazareno-del-siglo-xix\/#breadcrumb"},"inLanguage":"es","potentialAction":[{"@type":"ReadAction","target":["https:\/\/www.copealcoy.es\/es\/vuelve-a-cocentaina-la-tunica-restaurada-de-jesus-nazareno-del-siglo-xix\/"]}]},{"@type":"ImageObject","inLanguage":"es","@id":"https:\/\/www.copealcoy.es\/es\/vuelve-a-cocentaina-la-tunica-restaurada-de-jesus-nazareno-del-siglo-xix\/#primaryimage","url":"https:\/\/www.copealcoy.es\/wp-content\/uploads\/2020\/05\/6-La-pieza-lleg\u00f3-al-Monasterio-de-la-Mare-de-D\u00e9u-hace-unas-semanas-1.jpg","contentUrl":"https:\/\/www.copealcoy.es\/wp-content\/uploads\/2020\/05\/6-La-pieza-lleg\u00f3-al-Monasterio-de-la-Mare-de-D\u00e9u-hace-unas-semanas-1.jpg","width":896,"height":507,"caption":"La pieza lleg\u00f3 al Monasterio de la Mare de D\u00e9u hace unas semanas"},{"@type":"BreadcrumbList","@id":"https:\/\/www.copealcoy.es\/es\/vuelve-a-cocentaina-la-tunica-restaurada-de-jesus-nazareno-del-siglo-xix\/#breadcrumb","itemListElement":[{"@type":"ListItem","position":1,"name":"Portada","item":"https:\/\/www.copealcoy.es\/es\/"},{"@type":"ListItem","position":2,"name":"Vuelve a Cocentaina la t\u00fanica restaurada de Jes\u00fas Nazareno del siglo XIX"}]},{"@type":"WebSite","@id":"https:\/\/www.copealcoy.es\/es\/#website","url":"https:\/\/www.copealcoy.es\/es\/","name":"COPE Alcoy","description":"Emisora COPE de radio local con emisi\u00f3n online. Pont de Sant Jordi 8-10 03803 Alcoy","potentialAction":[{"@type":"SearchAction","target":{"@type":"EntryPoint","urlTemplate":"https:\/\/www.copealcoy.es\/es\/?s={search_term_string}"},"query-input":{"@type":"PropertyValueSpecification","valueRequired":true,"valueName":"search_term_string"}}],"inLanguage":"es"},{"@type":"Person","@id":"https:\/\/www.copealcoy.es\/es\/#\/schema\/person\/e777c87fa024e57d40170af9df39882c","name":"Cope Alcoy","image":{"@type":"ImageObject","inLanguage":"es","@id":"https:\/\/secure.gravatar.com\/avatar\/bb65d0283347e303893ba14f0692005417c1e0e690a325a4c5d8bb2b3943ee14?s=96&d=mm&r=g","url":"https:\/\/secure.gravatar.com\/avatar\/bb65d0283347e303893ba14f0692005417c1e0e690a325a4c5d8bb2b3943ee14?s=96&d=mm&r=g","contentUrl":"https:\/\/secure.gravatar.com\/avatar\/bb65d0283347e303893ba14f0692005417c1e0e690a325a4c5d8bb2b3943ee14?s=96&d=mm&r=g","caption":"Cope Alcoy"}}]}},"_links":{"self":[{"href":"https:\/\/www.copealcoy.es\/es\/wp-json\/wp\/v2\/posts\/62764","targetHints":{"allow":["GET"]}}],"collection":[{"href":"https:\/\/www.copealcoy.es\/es\/wp-json\/wp\/v2\/posts"}],"about":[{"href":"https:\/\/www.copealcoy.es\/es\/wp-json\/wp\/v2\/types\/post"}],"author":[{"embeddable":true,"href":"https:\/\/www.copealcoy.es\/es\/wp-json\/wp\/v2\/users\/1"}],"replies":[{"embeddable":true,"href":"https:\/\/www.copealcoy.es\/es\/wp-json\/wp\/v2\/comments?post=62764"}],"version-history":[{"count":0,"href":"https:\/\/www.copealcoy.es\/es\/wp-json\/wp\/v2\/posts\/62764\/revisions"}],"wp:featuredmedia":[{"embeddable":true,"href":"https:\/\/www.copealcoy.es\/es\/wp-json\/wp\/v2\/media\/62765"}],"wp:attachment":[{"href":"https:\/\/www.copealcoy.es\/es\/wp-json\/wp\/v2\/media?parent=62764"}],"wp:term":[{"taxonomy":"category","embeddable":true,"href":"https:\/\/www.copealcoy.es\/es\/wp-json\/wp\/v2\/categories?post=62764"},{"taxonomy":"post_tag","embeddable":true,"href":"https:\/\/www.copealcoy.es\/es\/wp-json\/wp\/v2\/tags?post=62764"}],"curies":[{"name":"wp","href":"https:\/\/api.w.org\/{rel}","templated":true}]}}