{"id":62736,"date":"2020-05-21T14:01:57","date_gmt":"2020-05-21T14:01:57","guid":{"rendered":"https:\/\/www.copealcoy.es\/?p=62736"},"modified":"2020-05-21T14:01:57","modified_gmt":"2020-05-21T14:01:57","slug":"el-gobierno-municipal-defiende-el-uso-de-camaras-para-medir-la-temperatura","status":"publish","type":"post","link":"https:\/\/www.copealcoy.es\/es\/el-gobierno-municipal-defiende-el-uso-de-camaras-para-medir-la-temperatura\/","title":{"rendered":"El Gobierno Municipal defiende el uso de c\u00e1maras para medir la temperatura"},"content":{"rendered":"<p style=\"text-align: justify;\">El <strong>Gobierno Municipal del PSOE<\/strong> ha arremetido contra Guanyar Alcoi despu\u00e9s de que esta formaci\u00f3n pol\u00edtica<strong> denunciara d\u00edas atr\u00e1s<\/strong> el proyecto que llevar\u00e1 a cabo el Ayuntamiento, dentro de la estrategia Smart City, y consistente en <strong>instalar c\u00e1maras as\u00ed como dispositivos para medir la temperatura<\/strong>.<\/p>\n<p style=\"text-align: justify;\">Desde el Ejecutivo el edil socialista, <strong>Alberto Belda<\/strong>, ha acusado a la plataforma de <strong>lanzar un bulo<\/strong> al mismo tiempo que ha asegurado que las declaraciones de la portavoz, <strong>Sandra Obiol<\/strong>, persegu\u00edan tambi\u00e9n la intenci\u00f3n de hacer da\u00f1o. Adem\u00e1s ha explicado que las citadas c\u00e1maras <strong> no registrar\u00e1n datos personales\u00a0<\/strong>&#8220;<em>tan solo\u00a0se limitar\u00e1n a controlar aforos en espacios p\u00fablicos dentro de la lucha contra el Coronavirus al igual que lo har\u00e1n los medidores<\/em>&#8220;, expresa.<\/p>\n<p style=\"text-align: justify;\">Por \u00faltimo desde el Gobierno Local han asegurado que <strong>en otras poblaciones pertenecientes a la Federaci\u00f3n Espa\u00f1ola de Municipios y Provincias<\/strong> se emplean ya dispositivos de esta caracter\u00edsticas de cara a controlar los accesos a las piscinas.<\/p>\n","protected":false},"excerpt":{"rendered":"<p>El Gobierno Municipal del PSOE ha arremetido contra Guanyar Alcoi despu\u00e9s de que esta formaci\u00f3n pol\u00edtica denunciara d\u00edas atr\u00e1s el&#8230;<\/p>\n","protected":false},"author":1,"featured_media":27265,"comment_status":"open","ping_status":"open","sticky":false,"template":"","format":"standard","meta":{"footnotes":""},"categories":[97,75,79],"tags":[1752,3426,2618,7667,1958,3865],"class_list":["post-62736","post","type-post","status-publish","format-standard","has-post-thumbnail","hentry","category-alcoy","category-noticias","category-politicayeconomia","tag-alberto-belda","tag-camaras","tag-gobierno-municipal","tag-medidor","tag-temperatura","tag-uso"],"yoast_head":"<!-- This site is optimized with the Yoast SEO plugin v27.3 - https:\/\/yoast.com\/product\/yoast-seo-wordpress\/ -->\n<title>El Gobierno Municipal defiende el uso de c\u00e1maras para medir la temperatura - COPE Alcoy<\/title>\n<meta name=\"robots\" content=\"index, follow, max-snippet:-1, max-image-preview:large, max-video-preview:-1\" \/>\n<link rel=\"canonical\" href=\"https:\/\/www.copealcoy.es\/es\/el-gobierno-municipal-defiende-el-uso-de-camaras-para-medir-la-temperatura\/\" \/>\n<meta property=\"og:locale\" content=\"es_ES\" \/>\n<meta property=\"og:type\" content=\"article\" \/>\n<meta property=\"og:title\" content=\"El Gobierno Municipal defiende el uso de c\u00e1maras para medir la temperatura - COPE Alcoy\" \/>\n<meta property=\"og:description\" content=\"El Gobierno Municipal del PSOE ha arremetido contra Guanyar Alcoi despu\u00e9s de que esta formaci\u00f3n pol\u00edtica denunciara d\u00edas atr\u00e1s el...\" \/>\n<meta property=\"og:url\" content=\"https:\/\/www.copealcoy.es\/es\/el-gobierno-municipal-defiende-el-uso-de-camaras-para-medir-la-temperatura\/\" \/>\n<meta property=\"og:site_name\" content=\"COPE Alcoy\" \/>\n<meta property=\"article:published_time\" content=\"2020-05-21T14:01:57+00:00\" \/>\n<meta property=\"og:image\" content=\"https:\/\/www.copealcoy.es\/wp-content\/uploads\/2016\/12\/IMG_0230_20161215014146.jpg\" \/>\n\t<meta property=\"og:image:width\" content=\"4184\" \/>\n\t<meta property=\"og:image:height\" content=\"2291\" \/>\n\t<meta property=\"og:image:type\" content=\"image\/jpeg\" \/>\n<meta name=\"author\" content=\"Cope Alcoy\" \/>\n<meta name=\"twitter:label1\" content=\"Escrito por\" \/>\n\t<meta name=\"twitter:data1\" content=\"Cope Alcoy\" \/>\n\t<meta name=\"twitter:label2\" content=\"Tiempo de lectura\" \/>\n\t<meta name=\"twitter:data2\" content=\"1 minuto\" \/>\n<script type=\"application\/ld+json\" class=\"yoast-schema-graph\">{\"@context\":\"https:\\\/\\\/schema.org\",\"@graph\":[{\"@type\":\"Article\",\"@id\":\"https:\\\/\\\/www.copealcoy.es\\\/es\\\/el-gobierno-municipal-defiende-el-uso-de-camaras-para-medir-la-temperatura\\\/#article\",\"isPartOf\":{\"@id\":\"https:\\\/\\\/www.copealcoy.es\\\/es\\\/el-gobierno-municipal-defiende-el-uso-de-camaras-para-medir-la-temperatura\\\/\"},\"author\":{\"name\":\"Cope Alcoy\",\"@id\":\"https:\\\/\\\/www.copealcoy.es\\\/es\\\/#\\\/schema\\\/person\\\/e777c87fa024e57d40170af9df39882c\"},\"headline\":\"El Gobierno Municipal defiende el uso de c\u00e1maras para medir la temperatura\",\"datePublished\":\"2020-05-21T14:01:57+00:00\",\"mainEntityOfPage\":{\"@id\":\"https:\\\/\\\/www.copealcoy.es\\\/es\\\/el-gobierno-municipal-defiende-el-uso-de-camaras-para-medir-la-temperatura\\\/\"},\"wordCount\":188,\"commentCount\":0,\"image\":{\"@id\":\"https:\\\/\\\/www.copealcoy.es\\\/es\\\/el-gobierno-municipal-defiende-el-uso-de-camaras-para-medir-la-temperatura\\\/#primaryimage\"},\"thumbnailUrl\":\"https:\\\/\\\/www.copealcoy.es\\\/wp-content\\\/uploads\\\/2016\\\/12\\\/IMG_0230_20161215014146-e1647872255980.jpg\",\"keywords\":[\"Alberto Belda\",\"c\u00e1maras\",\"Gobierno Municipal\",\"medidor\",\"Temperatura\",\"uso\"],\"articleSection\":[\"Alcoy\",\"Noticias\",\"Pol\u00edtica y Econom\u00eda\"],\"inLanguage\":\"es\"},{\"@type\":\"WebPage\",\"@id\":\"https:\\\/\\\/www.copealcoy.es\\\/es\\\/el-gobierno-municipal-defiende-el-uso-de-camaras-para-medir-la-temperatura\\\/\",\"url\":\"https:\\\/\\\/www.copealcoy.es\\\/es\\\/el-gobierno-municipal-defiende-el-uso-de-camaras-para-medir-la-temperatura\\\/\",\"name\":\"El Gobierno Municipal defiende el uso de c\u00e1maras para medir la temperatura - COPE Alcoy\",\"isPartOf\":{\"@id\":\"https:\\\/\\\/www.copealcoy.es\\\/es\\\/#website\"},\"primaryImageOfPage\":{\"@id\":\"https:\\\/\\\/www.copealcoy.es\\\/es\\\/el-gobierno-municipal-defiende-el-uso-de-camaras-para-medir-la-temperatura\\\/#primaryimage\"},\"image\":{\"@id\":\"https:\\\/\\\/www.copealcoy.es\\\/es\\\/el-gobierno-municipal-defiende-el-uso-de-camaras-para-medir-la-temperatura\\\/#primaryimage\"},\"thumbnailUrl\":\"https:\\\/\\\/www.copealcoy.es\\\/wp-content\\\/uploads\\\/2016\\\/12\\\/IMG_0230_20161215014146-e1647872255980.jpg\",\"datePublished\":\"2020-05-21T14:01:57+00:00\",\"author\":{\"@id\":\"https:\\\/\\\/www.copealcoy.es\\\/es\\\/#\\\/schema\\\/person\\\/e777c87fa024e57d40170af9df39882c\"},\"breadcrumb\":{\"@id\":\"https:\\\/\\\/www.copealcoy.es\\\/es\\\/el-gobierno-municipal-defiende-el-uso-de-camaras-para-medir-la-temperatura\\\/#breadcrumb\"},\"inLanguage\":\"es\",\"potentialAction\":[{\"@type\":\"ReadAction\",\"target\":[\"https:\\\/\\\/www.copealcoy.es\\\/es\\\/el-gobierno-municipal-defiende-el-uso-de-camaras-para-medir-la-temperatura\\\/\"]}]},{\"@type\":\"ImageObject\",\"inLanguage\":\"es\",\"@id\":\"https:\\\/\\\/www.copealcoy.es\\\/es\\\/el-gobierno-municipal-defiende-el-uso-de-camaras-para-medir-la-temperatura\\\/#primaryimage\",\"url\":\"https:\\\/\\\/www.copealcoy.es\\\/wp-content\\\/uploads\\\/2016\\\/12\\\/IMG_0230_20161215014146-e1647872255980.jpg\",\"contentUrl\":\"https:\\\/\\\/www.copealcoy.es\\\/wp-content\\\/uploads\\\/2016\\\/12\\\/IMG_0230_20161215014146-e1647872255980.jpg\",\"width\":640,\"height\":350},{\"@type\":\"BreadcrumbList\",\"@id\":\"https:\\\/\\\/www.copealcoy.es\\\/es\\\/el-gobierno-municipal-defiende-el-uso-de-camaras-para-medir-la-temperatura\\\/#breadcrumb\",\"itemListElement\":[{\"@type\":\"ListItem\",\"position\":1,\"name\":\"Portada\",\"item\":\"https:\\\/\\\/www.copealcoy.es\\\/es\\\/\"},{\"@type\":\"ListItem\",\"position\":2,\"name\":\"El Gobierno Municipal defiende el uso de c\u00e1maras para medir la temperatura\"}]},{\"@type\":\"WebSite\",\"@id\":\"https:\\\/\\\/www.copealcoy.es\\\/es\\\/#website\",\"url\":\"https:\\\/\\\/www.copealcoy.es\\\/es\\\/\",\"name\":\"COPE Alcoy\",\"description\":\"Emisora COPE de radio local con emisi\u00f3n online. Pont de Sant Jordi 8-10 03803 Alcoy\",\"potentialAction\":[{\"@type\":\"SearchAction\",\"target\":{\"@type\":\"EntryPoint\",\"urlTemplate\":\"https:\\\/\\\/www.copealcoy.es\\\/es\\\/?s={search_term_string}\"},\"query-input\":{\"@type\":\"PropertyValueSpecification\",\"valueRequired\":true,\"valueName\":\"search_term_string\"}}],\"inLanguage\":\"es\"},{\"@type\":\"Person\",\"@id\":\"https:\\\/\\\/www.copealcoy.es\\\/es\\\/#\\\/schema\\\/person\\\/e777c87fa024e57d40170af9df39882c\",\"name\":\"Cope Alcoy\",\"image\":{\"@type\":\"ImageObject\",\"inLanguage\":\"es\",\"@id\":\"https:\\\/\\\/secure.gravatar.com\\\/avatar\\\/bb65d0283347e303893ba14f0692005417c1e0e690a325a4c5d8bb2b3943ee14?s=96&d=mm&r=g\",\"url\":\"https:\\\/\\\/secure.gravatar.com\\\/avatar\\\/bb65d0283347e303893ba14f0692005417c1e0e690a325a4c5d8bb2b3943ee14?s=96&d=mm&r=g\",\"contentUrl\":\"https:\\\/\\\/secure.gravatar.com\\\/avatar\\\/bb65d0283347e303893ba14f0692005417c1e0e690a325a4c5d8bb2b3943ee14?s=96&d=mm&r=g\",\"caption\":\"Cope Alcoy\"}}]}<\/script>\n<!-- \/ Yoast SEO plugin. -->","yoast_head_json":{"title":"El Gobierno Municipal defiende el uso de c\u00e1maras para medir la temperatura - COPE Alcoy","robots":{"index":"index","follow":"follow","max-snippet":"max-snippet:-1","max-image-preview":"max-image-preview:large","max-video-preview":"max-video-preview:-1"},"canonical":"https:\/\/www.copealcoy.es\/es\/el-gobierno-municipal-defiende-el-uso-de-camaras-para-medir-la-temperatura\/","og_locale":"es_ES","og_type":"article","og_title":"El Gobierno Municipal defiende el uso de c\u00e1maras para medir la temperatura - COPE Alcoy","og_description":"El Gobierno Municipal del PSOE ha arremetido contra Guanyar Alcoi despu\u00e9s de que esta formaci\u00f3n pol\u00edtica denunciara d\u00edas atr\u00e1s el...","og_url":"https:\/\/www.copealcoy.es\/es\/el-gobierno-municipal-defiende-el-uso-de-camaras-para-medir-la-temperatura\/","og_site_name":"COPE Alcoy","article_published_time":"2020-05-21T14:01:57+00:00","og_image":[{"width":4184,"height":2291,"url":"https:\/\/www.copealcoy.es\/wp-content\/uploads\/2016\/12\/IMG_0230_20161215014146.jpg","type":"image\/jpeg"}],"author":"Cope Alcoy","twitter_misc":{"Escrito por":"Cope Alcoy","Tiempo de lectura":"1 minuto"},"schema":{"@context":"https:\/\/schema.org","@graph":[{"@type":"Article","@id":"https:\/\/www.copealcoy.es\/es\/el-gobierno-municipal-defiende-el-uso-de-camaras-para-medir-la-temperatura\/#article","isPartOf":{"@id":"https:\/\/www.copealcoy.es\/es\/el-gobierno-municipal-defiende-el-uso-de-camaras-para-medir-la-temperatura\/"},"author":{"name":"Cope Alcoy","@id":"https:\/\/www.copealcoy.es\/es\/#\/schema\/person\/e777c87fa024e57d40170af9df39882c"},"headline":"El Gobierno Municipal defiende el uso de c\u00e1maras para medir la temperatura","datePublished":"2020-05-21T14:01:57+00:00","mainEntityOfPage":{"@id":"https:\/\/www.copealcoy.es\/es\/el-gobierno-municipal-defiende-el-uso-de-camaras-para-medir-la-temperatura\/"},"wordCount":188,"commentCount":0,"image":{"@id":"https:\/\/www.copealcoy.es\/es\/el-gobierno-municipal-defiende-el-uso-de-camaras-para-medir-la-temperatura\/#primaryimage"},"thumbnailUrl":"https:\/\/www.copealcoy.es\/wp-content\/uploads\/2016\/12\/IMG_0230_20161215014146-e1647872255980.jpg","keywords":["Alberto Belda","c\u00e1maras","Gobierno Municipal","medidor","Temperatura","uso"],"articleSection":["Alcoy","Noticias","Pol\u00edtica y Econom\u00eda"],"inLanguage":"es"},{"@type":"WebPage","@id":"https:\/\/www.copealcoy.es\/es\/el-gobierno-municipal-defiende-el-uso-de-camaras-para-medir-la-temperatura\/","url":"https:\/\/www.copealcoy.es\/es\/el-gobierno-municipal-defiende-el-uso-de-camaras-para-medir-la-temperatura\/","name":"El Gobierno Municipal defiende el uso de c\u00e1maras para medir la temperatura - COPE Alcoy","isPartOf":{"@id":"https:\/\/www.copealcoy.es\/es\/#website"},"primaryImageOfPage":{"@id":"https:\/\/www.copealcoy.es\/es\/el-gobierno-municipal-defiende-el-uso-de-camaras-para-medir-la-temperatura\/#primaryimage"},"image":{"@id":"https:\/\/www.copealcoy.es\/es\/el-gobierno-municipal-defiende-el-uso-de-camaras-para-medir-la-temperatura\/#primaryimage"},"thumbnailUrl":"https:\/\/www.copealcoy.es\/wp-content\/uploads\/2016\/12\/IMG_0230_20161215014146-e1647872255980.jpg","datePublished":"2020-05-21T14:01:57+00:00","author":{"@id":"https:\/\/www.copealcoy.es\/es\/#\/schema\/person\/e777c87fa024e57d40170af9df39882c"},"breadcrumb":{"@id":"https:\/\/www.copealcoy.es\/es\/el-gobierno-municipal-defiende-el-uso-de-camaras-para-medir-la-temperatura\/#breadcrumb"},"inLanguage":"es","potentialAction":[{"@type":"ReadAction","target":["https:\/\/www.copealcoy.es\/es\/el-gobierno-municipal-defiende-el-uso-de-camaras-para-medir-la-temperatura\/"]}]},{"@type":"ImageObject","inLanguage":"es","@id":"https:\/\/www.copealcoy.es\/es\/el-gobierno-municipal-defiende-el-uso-de-camaras-para-medir-la-temperatura\/#primaryimage","url":"https:\/\/www.copealcoy.es\/wp-content\/uploads\/2016\/12\/IMG_0230_20161215014146-e1647872255980.jpg","contentUrl":"https:\/\/www.copealcoy.es\/wp-content\/uploads\/2016\/12\/IMG_0230_20161215014146-e1647872255980.jpg","width":640,"height":350},{"@type":"BreadcrumbList","@id":"https:\/\/www.copealcoy.es\/es\/el-gobierno-municipal-defiende-el-uso-de-camaras-para-medir-la-temperatura\/#breadcrumb","itemListElement":[{"@type":"ListItem","position":1,"name":"Portada","item":"https:\/\/www.copealcoy.es\/es\/"},{"@type":"ListItem","position":2,"name":"El Gobierno Municipal defiende el uso de c\u00e1maras para medir la temperatura"}]},{"@type":"WebSite","@id":"https:\/\/www.copealcoy.es\/es\/#website","url":"https:\/\/www.copealcoy.es\/es\/","name":"COPE Alcoy","description":"Emisora COPE de radio local con emisi\u00f3n online. Pont de Sant Jordi 8-10 03803 Alcoy","potentialAction":[{"@type":"SearchAction","target":{"@type":"EntryPoint","urlTemplate":"https:\/\/www.copealcoy.es\/es\/?s={search_term_string}"},"query-input":{"@type":"PropertyValueSpecification","valueRequired":true,"valueName":"search_term_string"}}],"inLanguage":"es"},{"@type":"Person","@id":"https:\/\/www.copealcoy.es\/es\/#\/schema\/person\/e777c87fa024e57d40170af9df39882c","name":"Cope Alcoy","image":{"@type":"ImageObject","inLanguage":"es","@id":"https:\/\/secure.gravatar.com\/avatar\/bb65d0283347e303893ba14f0692005417c1e0e690a325a4c5d8bb2b3943ee14?s=96&d=mm&r=g","url":"https:\/\/secure.gravatar.com\/avatar\/bb65d0283347e303893ba14f0692005417c1e0e690a325a4c5d8bb2b3943ee14?s=96&d=mm&r=g","contentUrl":"https:\/\/secure.gravatar.com\/avatar\/bb65d0283347e303893ba14f0692005417c1e0e690a325a4c5d8bb2b3943ee14?s=96&d=mm&r=g","caption":"Cope Alcoy"}}]}},"_links":{"self":[{"href":"https:\/\/www.copealcoy.es\/es\/wp-json\/wp\/v2\/posts\/62736","targetHints":{"allow":["GET"]}}],"collection":[{"href":"https:\/\/www.copealcoy.es\/es\/wp-json\/wp\/v2\/posts"}],"about":[{"href":"https:\/\/www.copealcoy.es\/es\/wp-json\/wp\/v2\/types\/post"}],"author":[{"embeddable":true,"href":"https:\/\/www.copealcoy.es\/es\/wp-json\/wp\/v2\/users\/1"}],"replies":[{"embeddable":true,"href":"https:\/\/www.copealcoy.es\/es\/wp-json\/wp\/v2\/comments?post=62736"}],"version-history":[{"count":0,"href":"https:\/\/www.copealcoy.es\/es\/wp-json\/wp\/v2\/posts\/62736\/revisions"}],"wp:featuredmedia":[{"embeddable":true,"href":"https:\/\/www.copealcoy.es\/es\/wp-json\/wp\/v2\/media\/27265"}],"wp:attachment":[{"href":"https:\/\/www.copealcoy.es\/es\/wp-json\/wp\/v2\/media?parent=62736"}],"wp:term":[{"taxonomy":"category","embeddable":true,"href":"https:\/\/www.copealcoy.es\/es\/wp-json\/wp\/v2\/categories?post=62736"},{"taxonomy":"post_tag","embeddable":true,"href":"https:\/\/www.copealcoy.es\/es\/wp-json\/wp\/v2\/tags?post=62736"}],"curies":[{"name":"wp","href":"https:\/\/api.w.org\/{rel}","templated":true}]}}