{"id":62698,"date":"2020-05-19T12:43:27","date_gmt":"2020-05-19T12:43:27","guid":{"rendered":"https:\/\/www.copealcoy.es\/?p=62698"},"modified":"2020-05-19T12:43:27","modified_gmt":"2020-05-19T12:43:27","slug":"el-pp-urge-a-frances-a-reclamar-los-datos-locales-del-covid-19","status":"publish","type":"post","link":"https:\/\/www.copealcoy.es\/es\/el-pp-urge-a-frances-a-reclamar-los-datos-locales-del-covid-19\/","title":{"rendered":"El PP urge a Franc\u00e9s a reclamar los datos locales del Covid 19"},"content":{"rendered":"<p style=\"text-align: justify;\">El <strong>Partido Popular de Alcoy<\/strong> urge al alcalde,<strong> Antonio Franc\u00e9s<\/strong>, a reclamar <strong>los datos sobre la repercusi\u00f3n del Covid 19<\/strong> en la ciudad, tal y como aprob\u00f3<strong> el Pleno del Ayuntamiento<\/strong> del pasado 4 de mayo.<\/p>\n<p style=\"text-align: justify;\">Desde el PP recuerdan que todos los grupos <strong>suscribieron una declaraci\u00f3n instituciona<\/strong>l para solicitar informaci\u00f3n oficial a la Conselleria de Sanidad. Adem\u00e1s detallan que <strong>esa petici\u00f3n oficial todav\u00eda no ha sido remitida<\/strong> y muestran su sorpresa\u00a0<span lang=\"ES\">por<strong> la demora en la solicitud de una informaci\u00f3n que consideran clave<\/strong> &#8220;<em>desde que comenz\u00f3 la crisis hemos insistido en reclamar unos datos que entendemos que deber\u00eda haber solicitado y obtenido el alcalde desde el primer momento. Puesto que, al parecer, Sanidad no ofrec\u00eda informaci\u00f3n, tuvimos que exigirla de forma oficial a trav\u00e9s del pleno. Esper\u00e1bamos que el alcalde hubiese ofrecido incluso los datos en el mismo pleno. Pero segu\u00eda sin disponer de ellos. Por eso nos parece incre\u00edble que el Gobierno todav\u00eda no haya tramitado la petici\u00f3n y alargue la posibilidad de obtener los datos. \u00bfEs qu\u00e9 no hay inter\u00e9s en saber qu\u00e9 ha sucedido en la ciudad?<\/em>&#8220;, asegura el portavoz del PP; <strong>Quique Ruiz<\/strong>.<\/span><\/p>\n<p style=\"text-align: justify;\"><span lang=\"ES\">Indicar que el S\u00edndic de Greuges <strong>ha aceptado la queja formulada por el Partido Popular de la Comunidad Valenciana<\/strong> y reclamar\u00e1 a la Conselleria de Sanidad que <strong>argumente los motivos de su decisi\u00f3n<\/strong> de no aportar <strong>informaci\u00f3n detallada de los efectos del Covid 19<\/strong> por localidades.<\/span><\/p>\n","protected":false},"excerpt":{"rendered":"<p>El Partido Popular de Alcoy urge al alcalde, Antonio Franc\u00e9s, a reclamar los datos sobre la repercusi\u00f3n del Covid 19&#8230;<\/p>\n","protected":false},"author":1,"featured_media":60902,"comment_status":"open","ping_status":"open","sticky":false,"template":"","format":"standard","meta":{"footnotes":""},"categories":[97,75,79],"tags":[1494,1793,7397,7382,448,7232],"class_list":["post-62698","post","type-post","status-publish","format-standard","has-post-thumbnail","hentry","category-alcoy","category-noticias","category-politicayeconomia","tag-alcoy","tag-antonio-frances","tag-covid-19","tag-datos","tag-partido-popular","tag-reclamacion"],"yoast_head":"<!-- This site is optimized with the Yoast SEO plugin v27.3 - https:\/\/yoast.com\/product\/yoast-seo-wordpress\/ -->\n<title>El PP urge a Franc\u00e9s a reclamar los datos locales del Covid 19 - COPE Alcoy<\/title>\n<meta name=\"robots\" content=\"index, follow, max-snippet:-1, max-image-preview:large, max-video-preview:-1\" \/>\n<link rel=\"canonical\" href=\"https:\/\/www.copealcoy.es\/es\/el-pp-urge-a-frances-a-reclamar-los-datos-locales-del-covid-19\/\" \/>\n<meta property=\"og:locale\" content=\"es_ES\" \/>\n<meta property=\"og:type\" content=\"article\" \/>\n<meta property=\"og:title\" content=\"El PP urge a Franc\u00e9s a reclamar los datos locales del Covid 19 - COPE Alcoy\" \/>\n<meta property=\"og:description\" content=\"El Partido Popular de Alcoy urge al alcalde, Antonio Franc\u00e9s, a reclamar los datos sobre la repercusi\u00f3n del Covid 19...\" \/>\n<meta property=\"og:url\" content=\"https:\/\/www.copealcoy.es\/es\/el-pp-urge-a-frances-a-reclamar-los-datos-locales-del-covid-19\/\" \/>\n<meta property=\"og:site_name\" content=\"COPE Alcoy\" \/>\n<meta property=\"article:published_time\" content=\"2020-05-19T12:43:27+00:00\" \/>\n<meta property=\"og:image\" content=\"https:\/\/www.copealcoy.es\/wp-content\/uploads\/2020\/03\/DomusVi-Alcoi-fachada1-1.jpg\" \/>\n\t<meta property=\"og:image:width\" content=\"650\" \/>\n\t<meta property=\"og:image:height\" content=\"433\" \/>\n\t<meta property=\"og:image:type\" content=\"image\/jpeg\" \/>\n<meta name=\"author\" content=\"Cope Alcoy\" \/>\n<meta name=\"twitter:label1\" content=\"Escrito por\" \/>\n\t<meta name=\"twitter:data1\" content=\"Cope Alcoy\" \/>\n\t<meta name=\"twitter:label2\" content=\"Tiempo de lectura\" \/>\n\t<meta name=\"twitter:data2\" content=\"1 minuto\" \/>\n<script type=\"application\/ld+json\" class=\"yoast-schema-graph\">{\"@context\":\"https:\\\/\\\/schema.org\",\"@graph\":[{\"@type\":\"Article\",\"@id\":\"https:\\\/\\\/www.copealcoy.es\\\/es\\\/el-pp-urge-a-frances-a-reclamar-los-datos-locales-del-covid-19\\\/#article\",\"isPartOf\":{\"@id\":\"https:\\\/\\\/www.copealcoy.es\\\/es\\\/el-pp-urge-a-frances-a-reclamar-los-datos-locales-del-covid-19\\\/\"},\"author\":{\"name\":\"Cope Alcoy\",\"@id\":\"https:\\\/\\\/www.copealcoy.es\\\/es\\\/#\\\/schema\\\/person\\\/e777c87fa024e57d40170af9df39882c\"},\"headline\":\"El PP urge a Franc\u00e9s a reclamar los datos locales del Covid 19\",\"datePublished\":\"2020-05-19T12:43:27+00:00\",\"mainEntityOfPage\":{\"@id\":\"https:\\\/\\\/www.copealcoy.es\\\/es\\\/el-pp-urge-a-frances-a-reclamar-los-datos-locales-del-covid-19\\\/\"},\"wordCount\":265,\"commentCount\":0,\"image\":{\"@id\":\"https:\\\/\\\/www.copealcoy.es\\\/es\\\/el-pp-urge-a-frances-a-reclamar-los-datos-locales-del-covid-19\\\/#primaryimage\"},\"thumbnailUrl\":\"https:\\\/\\\/www.copealcoy.es\\\/wp-content\\\/uploads\\\/2020\\\/03\\\/DomusVi-Alcoi-fachada1-1.jpg\",\"keywords\":[\"Alcoy\",\"Antonio Franc\u00e9s\",\"Covid-19\",\"datos\",\"Partido Popular\",\"reclamaci\u00f3n\"],\"articleSection\":[\"Alcoy\",\"Noticias\",\"Pol\u00edtica y Econom\u00eda\"],\"inLanguage\":\"es\"},{\"@type\":\"WebPage\",\"@id\":\"https:\\\/\\\/www.copealcoy.es\\\/es\\\/el-pp-urge-a-frances-a-reclamar-los-datos-locales-del-covid-19\\\/\",\"url\":\"https:\\\/\\\/www.copealcoy.es\\\/es\\\/el-pp-urge-a-frances-a-reclamar-los-datos-locales-del-covid-19\\\/\",\"name\":\"El PP urge a Franc\u00e9s a reclamar los datos locales del Covid 19 - COPE Alcoy\",\"isPartOf\":{\"@id\":\"https:\\\/\\\/www.copealcoy.es\\\/es\\\/#website\"},\"primaryImageOfPage\":{\"@id\":\"https:\\\/\\\/www.copealcoy.es\\\/es\\\/el-pp-urge-a-frances-a-reclamar-los-datos-locales-del-covid-19\\\/#primaryimage\"},\"image\":{\"@id\":\"https:\\\/\\\/www.copealcoy.es\\\/es\\\/el-pp-urge-a-frances-a-reclamar-los-datos-locales-del-covid-19\\\/#primaryimage\"},\"thumbnailUrl\":\"https:\\\/\\\/www.copealcoy.es\\\/wp-content\\\/uploads\\\/2020\\\/03\\\/DomusVi-Alcoi-fachada1-1.jpg\",\"datePublished\":\"2020-05-19T12:43:27+00:00\",\"author\":{\"@id\":\"https:\\\/\\\/www.copealcoy.es\\\/es\\\/#\\\/schema\\\/person\\\/e777c87fa024e57d40170af9df39882c\"},\"breadcrumb\":{\"@id\":\"https:\\\/\\\/www.copealcoy.es\\\/es\\\/el-pp-urge-a-frances-a-reclamar-los-datos-locales-del-covid-19\\\/#breadcrumb\"},\"inLanguage\":\"es\",\"potentialAction\":[{\"@type\":\"ReadAction\",\"target\":[\"https:\\\/\\\/www.copealcoy.es\\\/es\\\/el-pp-urge-a-frances-a-reclamar-los-datos-locales-del-covid-19\\\/\"]}]},{\"@type\":\"ImageObject\",\"inLanguage\":\"es\",\"@id\":\"https:\\\/\\\/www.copealcoy.es\\\/es\\\/el-pp-urge-a-frances-a-reclamar-los-datos-locales-del-covid-19\\\/#primaryimage\",\"url\":\"https:\\\/\\\/www.copealcoy.es\\\/wp-content\\\/uploads\\\/2020\\\/03\\\/DomusVi-Alcoi-fachada1-1.jpg\",\"contentUrl\":\"https:\\\/\\\/www.copealcoy.es\\\/wp-content\\\/uploads\\\/2020\\\/03\\\/DomusVi-Alcoi-fachada1-1.jpg\",\"width\":650,\"height\":433,\"caption\":\"Imagen exterior de la residencia de mayores \\\/ Foto: Domus Vi\"},{\"@type\":\"BreadcrumbList\",\"@id\":\"https:\\\/\\\/www.copealcoy.es\\\/es\\\/el-pp-urge-a-frances-a-reclamar-los-datos-locales-del-covid-19\\\/#breadcrumb\",\"itemListElement\":[{\"@type\":\"ListItem\",\"position\":1,\"name\":\"Portada\",\"item\":\"https:\\\/\\\/www.copealcoy.es\\\/es\\\/\"},{\"@type\":\"ListItem\",\"position\":2,\"name\":\"El PP urge a Franc\u00e9s a reclamar los datos locales del Covid 19\"}]},{\"@type\":\"WebSite\",\"@id\":\"https:\\\/\\\/www.copealcoy.es\\\/es\\\/#website\",\"url\":\"https:\\\/\\\/www.copealcoy.es\\\/es\\\/\",\"name\":\"COPE Alcoy\",\"description\":\"Emisora COPE de radio local con emisi\u00f3n online. Pont de Sant Jordi 8-10 03803 Alcoy\",\"potentialAction\":[{\"@type\":\"SearchAction\",\"target\":{\"@type\":\"EntryPoint\",\"urlTemplate\":\"https:\\\/\\\/www.copealcoy.es\\\/es\\\/?s={search_term_string}\"},\"query-input\":{\"@type\":\"PropertyValueSpecification\",\"valueRequired\":true,\"valueName\":\"search_term_string\"}}],\"inLanguage\":\"es\"},{\"@type\":\"Person\",\"@id\":\"https:\\\/\\\/www.copealcoy.es\\\/es\\\/#\\\/schema\\\/person\\\/e777c87fa024e57d40170af9df39882c\",\"name\":\"Cope Alcoy\",\"image\":{\"@type\":\"ImageObject\",\"inLanguage\":\"es\",\"@id\":\"https:\\\/\\\/secure.gravatar.com\\\/avatar\\\/bb65d0283347e303893ba14f0692005417c1e0e690a325a4c5d8bb2b3943ee14?s=96&d=mm&r=g\",\"url\":\"https:\\\/\\\/secure.gravatar.com\\\/avatar\\\/bb65d0283347e303893ba14f0692005417c1e0e690a325a4c5d8bb2b3943ee14?s=96&d=mm&r=g\",\"contentUrl\":\"https:\\\/\\\/secure.gravatar.com\\\/avatar\\\/bb65d0283347e303893ba14f0692005417c1e0e690a325a4c5d8bb2b3943ee14?s=96&d=mm&r=g\",\"caption\":\"Cope Alcoy\"}}]}<\/script>\n<!-- \/ Yoast SEO plugin. -->","yoast_head_json":{"title":"El PP urge a Franc\u00e9s a reclamar los datos locales del Covid 19 - COPE Alcoy","robots":{"index":"index","follow":"follow","max-snippet":"max-snippet:-1","max-image-preview":"max-image-preview:large","max-video-preview":"max-video-preview:-1"},"canonical":"https:\/\/www.copealcoy.es\/es\/el-pp-urge-a-frances-a-reclamar-los-datos-locales-del-covid-19\/","og_locale":"es_ES","og_type":"article","og_title":"El PP urge a Franc\u00e9s a reclamar los datos locales del Covid 19 - COPE Alcoy","og_description":"El Partido Popular de Alcoy urge al alcalde, Antonio Franc\u00e9s, a reclamar los datos sobre la repercusi\u00f3n del Covid 19...","og_url":"https:\/\/www.copealcoy.es\/es\/el-pp-urge-a-frances-a-reclamar-los-datos-locales-del-covid-19\/","og_site_name":"COPE Alcoy","article_published_time":"2020-05-19T12:43:27+00:00","og_image":[{"width":650,"height":433,"url":"https:\/\/www.copealcoy.es\/wp-content\/uploads\/2020\/03\/DomusVi-Alcoi-fachada1-1.jpg","type":"image\/jpeg"}],"author":"Cope Alcoy","twitter_misc":{"Escrito por":"Cope Alcoy","Tiempo de lectura":"1 minuto"},"schema":{"@context":"https:\/\/schema.org","@graph":[{"@type":"Article","@id":"https:\/\/www.copealcoy.es\/es\/el-pp-urge-a-frances-a-reclamar-los-datos-locales-del-covid-19\/#article","isPartOf":{"@id":"https:\/\/www.copealcoy.es\/es\/el-pp-urge-a-frances-a-reclamar-los-datos-locales-del-covid-19\/"},"author":{"name":"Cope Alcoy","@id":"https:\/\/www.copealcoy.es\/es\/#\/schema\/person\/e777c87fa024e57d40170af9df39882c"},"headline":"El PP urge a Franc\u00e9s a reclamar los datos locales del Covid 19","datePublished":"2020-05-19T12:43:27+00:00","mainEntityOfPage":{"@id":"https:\/\/www.copealcoy.es\/es\/el-pp-urge-a-frances-a-reclamar-los-datos-locales-del-covid-19\/"},"wordCount":265,"commentCount":0,"image":{"@id":"https:\/\/www.copealcoy.es\/es\/el-pp-urge-a-frances-a-reclamar-los-datos-locales-del-covid-19\/#primaryimage"},"thumbnailUrl":"https:\/\/www.copealcoy.es\/wp-content\/uploads\/2020\/03\/DomusVi-Alcoi-fachada1-1.jpg","keywords":["Alcoy","Antonio Franc\u00e9s","Covid-19","datos","Partido Popular","reclamaci\u00f3n"],"articleSection":["Alcoy","Noticias","Pol\u00edtica y Econom\u00eda"],"inLanguage":"es"},{"@type":"WebPage","@id":"https:\/\/www.copealcoy.es\/es\/el-pp-urge-a-frances-a-reclamar-los-datos-locales-del-covid-19\/","url":"https:\/\/www.copealcoy.es\/es\/el-pp-urge-a-frances-a-reclamar-los-datos-locales-del-covid-19\/","name":"El PP urge a Franc\u00e9s a reclamar los datos locales del Covid 19 - COPE Alcoy","isPartOf":{"@id":"https:\/\/www.copealcoy.es\/es\/#website"},"primaryImageOfPage":{"@id":"https:\/\/www.copealcoy.es\/es\/el-pp-urge-a-frances-a-reclamar-los-datos-locales-del-covid-19\/#primaryimage"},"image":{"@id":"https:\/\/www.copealcoy.es\/es\/el-pp-urge-a-frances-a-reclamar-los-datos-locales-del-covid-19\/#primaryimage"},"thumbnailUrl":"https:\/\/www.copealcoy.es\/wp-content\/uploads\/2020\/03\/DomusVi-Alcoi-fachada1-1.jpg","datePublished":"2020-05-19T12:43:27+00:00","author":{"@id":"https:\/\/www.copealcoy.es\/es\/#\/schema\/person\/e777c87fa024e57d40170af9df39882c"},"breadcrumb":{"@id":"https:\/\/www.copealcoy.es\/es\/el-pp-urge-a-frances-a-reclamar-los-datos-locales-del-covid-19\/#breadcrumb"},"inLanguage":"es","potentialAction":[{"@type":"ReadAction","target":["https:\/\/www.copealcoy.es\/es\/el-pp-urge-a-frances-a-reclamar-los-datos-locales-del-covid-19\/"]}]},{"@type":"ImageObject","inLanguage":"es","@id":"https:\/\/www.copealcoy.es\/es\/el-pp-urge-a-frances-a-reclamar-los-datos-locales-del-covid-19\/#primaryimage","url":"https:\/\/www.copealcoy.es\/wp-content\/uploads\/2020\/03\/DomusVi-Alcoi-fachada1-1.jpg","contentUrl":"https:\/\/www.copealcoy.es\/wp-content\/uploads\/2020\/03\/DomusVi-Alcoi-fachada1-1.jpg","width":650,"height":433,"caption":"Imagen exterior de la residencia de mayores \/ Foto: Domus Vi"},{"@type":"BreadcrumbList","@id":"https:\/\/www.copealcoy.es\/es\/el-pp-urge-a-frances-a-reclamar-los-datos-locales-del-covid-19\/#breadcrumb","itemListElement":[{"@type":"ListItem","position":1,"name":"Portada","item":"https:\/\/www.copealcoy.es\/es\/"},{"@type":"ListItem","position":2,"name":"El PP urge a Franc\u00e9s a reclamar los datos locales del Covid 19"}]},{"@type":"WebSite","@id":"https:\/\/www.copealcoy.es\/es\/#website","url":"https:\/\/www.copealcoy.es\/es\/","name":"COPE Alcoy","description":"Emisora COPE de radio local con emisi\u00f3n online. Pont de Sant Jordi 8-10 03803 Alcoy","potentialAction":[{"@type":"SearchAction","target":{"@type":"EntryPoint","urlTemplate":"https:\/\/www.copealcoy.es\/es\/?s={search_term_string}"},"query-input":{"@type":"PropertyValueSpecification","valueRequired":true,"valueName":"search_term_string"}}],"inLanguage":"es"},{"@type":"Person","@id":"https:\/\/www.copealcoy.es\/es\/#\/schema\/person\/e777c87fa024e57d40170af9df39882c","name":"Cope Alcoy","image":{"@type":"ImageObject","inLanguage":"es","@id":"https:\/\/secure.gravatar.com\/avatar\/bb65d0283347e303893ba14f0692005417c1e0e690a325a4c5d8bb2b3943ee14?s=96&d=mm&r=g","url":"https:\/\/secure.gravatar.com\/avatar\/bb65d0283347e303893ba14f0692005417c1e0e690a325a4c5d8bb2b3943ee14?s=96&d=mm&r=g","contentUrl":"https:\/\/secure.gravatar.com\/avatar\/bb65d0283347e303893ba14f0692005417c1e0e690a325a4c5d8bb2b3943ee14?s=96&d=mm&r=g","caption":"Cope Alcoy"}}]}},"_links":{"self":[{"href":"https:\/\/www.copealcoy.es\/es\/wp-json\/wp\/v2\/posts\/62698","targetHints":{"allow":["GET"]}}],"collection":[{"href":"https:\/\/www.copealcoy.es\/es\/wp-json\/wp\/v2\/posts"}],"about":[{"href":"https:\/\/www.copealcoy.es\/es\/wp-json\/wp\/v2\/types\/post"}],"author":[{"embeddable":true,"href":"https:\/\/www.copealcoy.es\/es\/wp-json\/wp\/v2\/users\/1"}],"replies":[{"embeddable":true,"href":"https:\/\/www.copealcoy.es\/es\/wp-json\/wp\/v2\/comments?post=62698"}],"version-history":[{"count":0,"href":"https:\/\/www.copealcoy.es\/es\/wp-json\/wp\/v2\/posts\/62698\/revisions"}],"wp:featuredmedia":[{"embeddable":true,"href":"https:\/\/www.copealcoy.es\/es\/wp-json\/wp\/v2\/media\/60902"}],"wp:attachment":[{"href":"https:\/\/www.copealcoy.es\/es\/wp-json\/wp\/v2\/media?parent=62698"}],"wp:term":[{"taxonomy":"category","embeddable":true,"href":"https:\/\/www.copealcoy.es\/es\/wp-json\/wp\/v2\/categories?post=62698"},{"taxonomy":"post_tag","embeddable":true,"href":"https:\/\/www.copealcoy.es\/es\/wp-json\/wp\/v2\/tags?post=62698"}],"curies":[{"name":"wp","href":"https:\/\/api.w.org\/{rel}","templated":true}]}}