{"id":62675,"date":"2020-05-18T12:57:19","date_gmt":"2020-05-18T12:57:19","guid":{"rendered":"https:\/\/www.copealcoy.es\/?p=62675"},"modified":"2020-05-18T12:57:19","modified_gmt":"2020-05-18T12:57:19","slug":"beniarres-y-alcosser-tambien-suspenden-sus-fiestas-patronales","status":"publish","type":"post","link":"https:\/\/www.copealcoy.es\/es\/beniarres-y-alcosser-tambien-suspenden-sus-fiestas-patronales\/","title":{"rendered":"Beniarr\u00e9s y Alcosser tambi\u00e9n suspenden sus Fiestas Patronales"},"content":{"rendered":"<p style=\"text-align: justify;\">Las <strong>localidades del Comtat y de l&#8217;Alcoi\u00e0<\/strong> siguen <strong>dando pasos<\/strong> a la hora de <strong>suspender sus Fiestas Patronales<\/strong> debido a la crisis generada por el Coronavirus.<\/p>\n<p style=\"text-align: justify;\"><strong>Beniarr\u00e9s<\/strong> ha sido uno de los municipios que ha anunciado durante los \u00faltimos d\u00edas que los festejos <strong>pasar\u00e1n a celebrarse el pr\u00f3ximo a\u00f1o 2021<\/strong>. En este sentido el municipio ha informado que <strong>quedan suspendidos todos los actos de la festividad de San Pedro Ap\u00f3stol<\/strong>, que tiene lugar el 27 de junio, as\u00ed como <strong>las Fiestas Patronales dedicadas a la Virgen de la Cova Santa<\/strong> que se desarrollan cada a\u00f1o del 15 al 18 de agosto. Por \u00faltimo los festeros de este a\u00f1o <strong>se mantendr\u00e1n para el 2021<\/strong>, anualidad en la que se recuperar\u00edan los festejos si la alerta sanitaria lo permite.<\/p>\n<p style=\"text-align: justify;\">Por otra parte <strong>el Ayuntamiento de Alcosser de Planes<\/strong> ha dado a conocer a trav\u00e9s de las redes sociales que quedan suspendidas tambi\u00e9n <strong>las Fiestas Patronales<\/strong> del municipio que se iban a celebrar del 24 al 30 de agosto. Desde el Consistorio, por medio de un decreto de alcald\u00eda, matizan que<strong> la situaci\u00f3n actual impide llevar a cabo con normalidad estas celebraciones<\/strong> al mismo tiempo que la decisi\u00f3n de no realizar las Fiestas <strong>persigue el objetivo velar y asegurar la salud<\/strong> de los vecinos de la poblaci\u00f3n.<\/p>\n<p style=\"text-align: justify;\">Indicar que tanto <strong>Beniarr\u00e9s como Alcosser de Planes<\/strong> se suman a <strong>otras poblaciones que han decidido ya no hacer sus Fiestas<\/strong> este a\u00f1o como Alcoy, Muro, Banyeres de Mariola, Castalla, Onil, Ibi o Fageca.<\/p>\n","protected":false},"excerpt":{"rendered":"<p>Las localidades del Comtat y de l&#8217;Alcoi\u00e0 siguen dando pasos a la hora de suspender sus Fiestas Patronales debido a&#8230;<\/p>\n","protected":false},"author":1,"featured_media":20292,"comment_status":"open","ping_status":"open","sticky":false,"template":"","format":"standard","meta":{"footnotes":""},"categories":[98,75],"tags":[2351,851,7281,7315,2954,6984],"class_list":["post-62675","post","type-post","status-publish","format-standard","has-post-thumbnail","hentry","category-comarcas","category-noticias","tag-alcosser-de-planes","tag-beniarres","tag-coronavirus","tag-crisis","tag-fiestas-patronales","tag-suspension"],"yoast_head":"<!-- This site is optimized with the Yoast SEO plugin v27.3 - https:\/\/yoast.com\/product\/yoast-seo-wordpress\/ -->\n<title>Beniarr\u00e9s y Alcosser tambi\u00e9n suspenden sus Fiestas Patronales - COPE Alcoy<\/title>\n<meta name=\"robots\" content=\"index, follow, max-snippet:-1, max-image-preview:large, max-video-preview:-1\" \/>\n<link rel=\"canonical\" href=\"https:\/\/www.copealcoy.es\/es\/beniarres-y-alcosser-tambien-suspenden-sus-fiestas-patronales\/\" \/>\n<meta property=\"og:locale\" content=\"es_ES\" \/>\n<meta property=\"og:type\" content=\"article\" \/>\n<meta property=\"og:title\" content=\"Beniarr\u00e9s y Alcosser tambi\u00e9n suspenden sus Fiestas Patronales - COPE Alcoy\" \/>\n<meta property=\"og:description\" content=\"Las localidades del Comtat y de l&#8217;Alcoi\u00e0 siguen dando pasos a la hora de suspender sus Fiestas Patronales debido a...\" \/>\n<meta property=\"og:url\" content=\"https:\/\/www.copealcoy.es\/es\/beniarres-y-alcosser-tambien-suspenden-sus-fiestas-patronales\/\" \/>\n<meta property=\"og:site_name\" content=\"COPE Alcoy\" \/>\n<meta property=\"article:published_time\" content=\"2020-05-18T12:57:19+00:00\" \/>\n<meta property=\"og:image\" content=\"https:\/\/www.copealcoy.es\/wp-content\/uploads\/2016\/03\/DSC03231b.jpg\" \/>\n\t<meta property=\"og:image:width\" content=\"709\" \/>\n\t<meta property=\"og:image:height\" content=\"361\" \/>\n\t<meta property=\"og:image:type\" content=\"image\/jpeg\" \/>\n<meta name=\"author\" content=\"Cope Alcoy\" \/>\n<meta name=\"twitter:label1\" content=\"Escrito por\" \/>\n\t<meta name=\"twitter:data1\" content=\"Cope Alcoy\" \/>\n\t<meta name=\"twitter:label2\" content=\"Tiempo de lectura\" \/>\n\t<meta name=\"twitter:data2\" content=\"1 minuto\" \/>\n<script type=\"application\/ld+json\" class=\"yoast-schema-graph\">{\"@context\":\"https:\\\/\\\/schema.org\",\"@graph\":[{\"@type\":\"Article\",\"@id\":\"https:\\\/\\\/www.copealcoy.es\\\/es\\\/beniarres-y-alcosser-tambien-suspenden-sus-fiestas-patronales\\\/#article\",\"isPartOf\":{\"@id\":\"https:\\\/\\\/www.copealcoy.es\\\/es\\\/beniarres-y-alcosser-tambien-suspenden-sus-fiestas-patronales\\\/\"},\"author\":{\"name\":\"Cope Alcoy\",\"@id\":\"https:\\\/\\\/www.copealcoy.es\\\/es\\\/#\\\/schema\\\/person\\\/e777c87fa024e57d40170af9df39882c\"},\"headline\":\"Beniarr\u00e9s y Alcosser tambi\u00e9n suspenden sus Fiestas Patronales\",\"datePublished\":\"2020-05-18T12:57:19+00:00\",\"mainEntityOfPage\":{\"@id\":\"https:\\\/\\\/www.copealcoy.es\\\/es\\\/beniarres-y-alcosser-tambien-suspenden-sus-fiestas-patronales\\\/\"},\"wordCount\":270,\"commentCount\":0,\"image\":{\"@id\":\"https:\\\/\\\/www.copealcoy.es\\\/es\\\/beniarres-y-alcosser-tambien-suspenden-sus-fiestas-patronales\\\/#primaryimage\"},\"thumbnailUrl\":\"https:\\\/\\\/www.copealcoy.es\\\/wp-content\\\/uploads\\\/2016\\\/03\\\/DSC03231b.jpg\",\"keywords\":[\"Alcosser de Planes\",\"Beniarres\",\"Coronavirus\",\"crisis\",\"fiestas patronales\",\"suspensi\u00f3n\"],\"articleSection\":[\"Comarcas\",\"Noticias\"],\"inLanguage\":\"es\"},{\"@type\":\"WebPage\",\"@id\":\"https:\\\/\\\/www.copealcoy.es\\\/es\\\/beniarres-y-alcosser-tambien-suspenden-sus-fiestas-patronales\\\/\",\"url\":\"https:\\\/\\\/www.copealcoy.es\\\/es\\\/beniarres-y-alcosser-tambien-suspenden-sus-fiestas-patronales\\\/\",\"name\":\"Beniarr\u00e9s y Alcosser tambi\u00e9n suspenden sus Fiestas Patronales - COPE Alcoy\",\"isPartOf\":{\"@id\":\"https:\\\/\\\/www.copealcoy.es\\\/es\\\/#website\"},\"primaryImageOfPage\":{\"@id\":\"https:\\\/\\\/www.copealcoy.es\\\/es\\\/beniarres-y-alcosser-tambien-suspenden-sus-fiestas-patronales\\\/#primaryimage\"},\"image\":{\"@id\":\"https:\\\/\\\/www.copealcoy.es\\\/es\\\/beniarres-y-alcosser-tambien-suspenden-sus-fiestas-patronales\\\/#primaryimage\"},\"thumbnailUrl\":\"https:\\\/\\\/www.copealcoy.es\\\/wp-content\\\/uploads\\\/2016\\\/03\\\/DSC03231b.jpg\",\"datePublished\":\"2020-05-18T12:57:19+00:00\",\"author\":{\"@id\":\"https:\\\/\\\/www.copealcoy.es\\\/es\\\/#\\\/schema\\\/person\\\/e777c87fa024e57d40170af9df39882c\"},\"breadcrumb\":{\"@id\":\"https:\\\/\\\/www.copealcoy.es\\\/es\\\/beniarres-y-alcosser-tambien-suspenden-sus-fiestas-patronales\\\/#breadcrumb\"},\"inLanguage\":\"es\",\"potentialAction\":[{\"@type\":\"ReadAction\",\"target\":[\"https:\\\/\\\/www.copealcoy.es\\\/es\\\/beniarres-y-alcosser-tambien-suspenden-sus-fiestas-patronales\\\/\"]}]},{\"@type\":\"ImageObject\",\"inLanguage\":\"es\",\"@id\":\"https:\\\/\\\/www.copealcoy.es\\\/es\\\/beniarres-y-alcosser-tambien-suspenden-sus-fiestas-patronales\\\/#primaryimage\",\"url\":\"https:\\\/\\\/www.copealcoy.es\\\/wp-content\\\/uploads\\\/2016\\\/03\\\/DSC03231b.jpg\",\"contentUrl\":\"https:\\\/\\\/www.copealcoy.es\\\/wp-content\\\/uploads\\\/2016\\\/03\\\/DSC03231b.jpg\",\"width\":709,\"height\":361,\"caption\":\"Beniarr\u00e9s es una de las localidades beneficiarias de las ayudas\"},{\"@type\":\"BreadcrumbList\",\"@id\":\"https:\\\/\\\/www.copealcoy.es\\\/es\\\/beniarres-y-alcosser-tambien-suspenden-sus-fiestas-patronales\\\/#breadcrumb\",\"itemListElement\":[{\"@type\":\"ListItem\",\"position\":1,\"name\":\"Portada\",\"item\":\"https:\\\/\\\/www.copealcoy.es\\\/es\\\/\"},{\"@type\":\"ListItem\",\"position\":2,\"name\":\"Beniarr\u00e9s y Alcosser tambi\u00e9n suspenden sus Fiestas Patronales\"}]},{\"@type\":\"WebSite\",\"@id\":\"https:\\\/\\\/www.copealcoy.es\\\/es\\\/#website\",\"url\":\"https:\\\/\\\/www.copealcoy.es\\\/es\\\/\",\"name\":\"COPE Alcoy\",\"description\":\"Emisora COPE de radio local con emisi\u00f3n online. Pont de Sant Jordi 8-10 03803 Alcoy\",\"potentialAction\":[{\"@type\":\"SearchAction\",\"target\":{\"@type\":\"EntryPoint\",\"urlTemplate\":\"https:\\\/\\\/www.copealcoy.es\\\/es\\\/?s={search_term_string}\"},\"query-input\":{\"@type\":\"PropertyValueSpecification\",\"valueRequired\":true,\"valueName\":\"search_term_string\"}}],\"inLanguage\":\"es\"},{\"@type\":\"Person\",\"@id\":\"https:\\\/\\\/www.copealcoy.es\\\/es\\\/#\\\/schema\\\/person\\\/e777c87fa024e57d40170af9df39882c\",\"name\":\"Cope Alcoy\",\"image\":{\"@type\":\"ImageObject\",\"inLanguage\":\"es\",\"@id\":\"https:\\\/\\\/secure.gravatar.com\\\/avatar\\\/bb65d0283347e303893ba14f0692005417c1e0e690a325a4c5d8bb2b3943ee14?s=96&d=mm&r=g\",\"url\":\"https:\\\/\\\/secure.gravatar.com\\\/avatar\\\/bb65d0283347e303893ba14f0692005417c1e0e690a325a4c5d8bb2b3943ee14?s=96&d=mm&r=g\",\"contentUrl\":\"https:\\\/\\\/secure.gravatar.com\\\/avatar\\\/bb65d0283347e303893ba14f0692005417c1e0e690a325a4c5d8bb2b3943ee14?s=96&d=mm&r=g\",\"caption\":\"Cope Alcoy\"}}]}<\/script>\n<!-- \/ Yoast SEO plugin. -->","yoast_head_json":{"title":"Beniarr\u00e9s y Alcosser tambi\u00e9n suspenden sus Fiestas Patronales - COPE Alcoy","robots":{"index":"index","follow":"follow","max-snippet":"max-snippet:-1","max-image-preview":"max-image-preview:large","max-video-preview":"max-video-preview:-1"},"canonical":"https:\/\/www.copealcoy.es\/es\/beniarres-y-alcosser-tambien-suspenden-sus-fiestas-patronales\/","og_locale":"es_ES","og_type":"article","og_title":"Beniarr\u00e9s y Alcosser tambi\u00e9n suspenden sus Fiestas Patronales - COPE Alcoy","og_description":"Las localidades del Comtat y de l&#8217;Alcoi\u00e0 siguen dando pasos a la hora de suspender sus Fiestas Patronales debido a...","og_url":"https:\/\/www.copealcoy.es\/es\/beniarres-y-alcosser-tambien-suspenden-sus-fiestas-patronales\/","og_site_name":"COPE Alcoy","article_published_time":"2020-05-18T12:57:19+00:00","og_image":[{"width":709,"height":361,"url":"https:\/\/www.copealcoy.es\/wp-content\/uploads\/2016\/03\/DSC03231b.jpg","type":"image\/jpeg"}],"author":"Cope Alcoy","twitter_misc":{"Escrito por":"Cope Alcoy","Tiempo de lectura":"1 minuto"},"schema":{"@context":"https:\/\/schema.org","@graph":[{"@type":"Article","@id":"https:\/\/www.copealcoy.es\/es\/beniarres-y-alcosser-tambien-suspenden-sus-fiestas-patronales\/#article","isPartOf":{"@id":"https:\/\/www.copealcoy.es\/es\/beniarres-y-alcosser-tambien-suspenden-sus-fiestas-patronales\/"},"author":{"name":"Cope Alcoy","@id":"https:\/\/www.copealcoy.es\/es\/#\/schema\/person\/e777c87fa024e57d40170af9df39882c"},"headline":"Beniarr\u00e9s y Alcosser tambi\u00e9n suspenden sus Fiestas Patronales","datePublished":"2020-05-18T12:57:19+00:00","mainEntityOfPage":{"@id":"https:\/\/www.copealcoy.es\/es\/beniarres-y-alcosser-tambien-suspenden-sus-fiestas-patronales\/"},"wordCount":270,"commentCount":0,"image":{"@id":"https:\/\/www.copealcoy.es\/es\/beniarres-y-alcosser-tambien-suspenden-sus-fiestas-patronales\/#primaryimage"},"thumbnailUrl":"https:\/\/www.copealcoy.es\/wp-content\/uploads\/2016\/03\/DSC03231b.jpg","keywords":["Alcosser de Planes","Beniarres","Coronavirus","crisis","fiestas patronales","suspensi\u00f3n"],"articleSection":["Comarcas","Noticias"],"inLanguage":"es"},{"@type":"WebPage","@id":"https:\/\/www.copealcoy.es\/es\/beniarres-y-alcosser-tambien-suspenden-sus-fiestas-patronales\/","url":"https:\/\/www.copealcoy.es\/es\/beniarres-y-alcosser-tambien-suspenden-sus-fiestas-patronales\/","name":"Beniarr\u00e9s y Alcosser tambi\u00e9n suspenden sus Fiestas Patronales - COPE Alcoy","isPartOf":{"@id":"https:\/\/www.copealcoy.es\/es\/#website"},"primaryImageOfPage":{"@id":"https:\/\/www.copealcoy.es\/es\/beniarres-y-alcosser-tambien-suspenden-sus-fiestas-patronales\/#primaryimage"},"image":{"@id":"https:\/\/www.copealcoy.es\/es\/beniarres-y-alcosser-tambien-suspenden-sus-fiestas-patronales\/#primaryimage"},"thumbnailUrl":"https:\/\/www.copealcoy.es\/wp-content\/uploads\/2016\/03\/DSC03231b.jpg","datePublished":"2020-05-18T12:57:19+00:00","author":{"@id":"https:\/\/www.copealcoy.es\/es\/#\/schema\/person\/e777c87fa024e57d40170af9df39882c"},"breadcrumb":{"@id":"https:\/\/www.copealcoy.es\/es\/beniarres-y-alcosser-tambien-suspenden-sus-fiestas-patronales\/#breadcrumb"},"inLanguage":"es","potentialAction":[{"@type":"ReadAction","target":["https:\/\/www.copealcoy.es\/es\/beniarres-y-alcosser-tambien-suspenden-sus-fiestas-patronales\/"]}]},{"@type":"ImageObject","inLanguage":"es","@id":"https:\/\/www.copealcoy.es\/es\/beniarres-y-alcosser-tambien-suspenden-sus-fiestas-patronales\/#primaryimage","url":"https:\/\/www.copealcoy.es\/wp-content\/uploads\/2016\/03\/DSC03231b.jpg","contentUrl":"https:\/\/www.copealcoy.es\/wp-content\/uploads\/2016\/03\/DSC03231b.jpg","width":709,"height":361,"caption":"Beniarr\u00e9s es una de las localidades beneficiarias de las ayudas"},{"@type":"BreadcrumbList","@id":"https:\/\/www.copealcoy.es\/es\/beniarres-y-alcosser-tambien-suspenden-sus-fiestas-patronales\/#breadcrumb","itemListElement":[{"@type":"ListItem","position":1,"name":"Portada","item":"https:\/\/www.copealcoy.es\/es\/"},{"@type":"ListItem","position":2,"name":"Beniarr\u00e9s y Alcosser tambi\u00e9n suspenden sus Fiestas Patronales"}]},{"@type":"WebSite","@id":"https:\/\/www.copealcoy.es\/es\/#website","url":"https:\/\/www.copealcoy.es\/es\/","name":"COPE Alcoy","description":"Emisora COPE de radio local con emisi\u00f3n online. Pont de Sant Jordi 8-10 03803 Alcoy","potentialAction":[{"@type":"SearchAction","target":{"@type":"EntryPoint","urlTemplate":"https:\/\/www.copealcoy.es\/es\/?s={search_term_string}"},"query-input":{"@type":"PropertyValueSpecification","valueRequired":true,"valueName":"search_term_string"}}],"inLanguage":"es"},{"@type":"Person","@id":"https:\/\/www.copealcoy.es\/es\/#\/schema\/person\/e777c87fa024e57d40170af9df39882c","name":"Cope Alcoy","image":{"@type":"ImageObject","inLanguage":"es","@id":"https:\/\/secure.gravatar.com\/avatar\/bb65d0283347e303893ba14f0692005417c1e0e690a325a4c5d8bb2b3943ee14?s=96&d=mm&r=g","url":"https:\/\/secure.gravatar.com\/avatar\/bb65d0283347e303893ba14f0692005417c1e0e690a325a4c5d8bb2b3943ee14?s=96&d=mm&r=g","contentUrl":"https:\/\/secure.gravatar.com\/avatar\/bb65d0283347e303893ba14f0692005417c1e0e690a325a4c5d8bb2b3943ee14?s=96&d=mm&r=g","caption":"Cope Alcoy"}}]}},"_links":{"self":[{"href":"https:\/\/www.copealcoy.es\/es\/wp-json\/wp\/v2\/posts\/62675","targetHints":{"allow":["GET"]}}],"collection":[{"href":"https:\/\/www.copealcoy.es\/es\/wp-json\/wp\/v2\/posts"}],"about":[{"href":"https:\/\/www.copealcoy.es\/es\/wp-json\/wp\/v2\/types\/post"}],"author":[{"embeddable":true,"href":"https:\/\/www.copealcoy.es\/es\/wp-json\/wp\/v2\/users\/1"}],"replies":[{"embeddable":true,"href":"https:\/\/www.copealcoy.es\/es\/wp-json\/wp\/v2\/comments?post=62675"}],"version-history":[{"count":0,"href":"https:\/\/www.copealcoy.es\/es\/wp-json\/wp\/v2\/posts\/62675\/revisions"}],"wp:featuredmedia":[{"embeddable":true,"href":"https:\/\/www.copealcoy.es\/es\/wp-json\/wp\/v2\/media\/20292"}],"wp:attachment":[{"href":"https:\/\/www.copealcoy.es\/es\/wp-json\/wp\/v2\/media?parent=62675"}],"wp:term":[{"taxonomy":"category","embeddable":true,"href":"https:\/\/www.copealcoy.es\/es\/wp-json\/wp\/v2\/categories?post=62675"},{"taxonomy":"post_tag","embeddable":true,"href":"https:\/\/www.copealcoy.es\/es\/wp-json\/wp\/v2\/tags?post=62675"}],"curies":[{"name":"wp","href":"https:\/\/api.w.org\/{rel}","templated":true}]}}