{"id":62614,"date":"2020-05-14T11:36:02","date_gmt":"2020-05-14T11:36:02","guid":{"rendered":"https:\/\/www.copealcoy.es\/?p=62614"},"modified":"2020-05-14T11:36:02","modified_gmt":"2020-05-14T11:36:02","slug":"la-comunitat-registra-cuatro-positivos-mas-y-nueve-fallecimientos","status":"publish","type":"post","link":"https:\/\/www.copealcoy.es\/es\/la-comunitat-registra-cuatro-positivos-mas-y-nueve-fallecimientos\/","title":{"rendered":"La Comunitat registra cuatro positivos m\u00e1s y nueve fallecimientos"},"content":{"rendered":"<p style=\"text-align: justify;\">La <strong>Comunitat Valenciana<\/strong> ha registrado en las \u00faltimas 24 horas un total de\u00a0<strong>24 nuevos contagios por Coronavirus y nueve fallecimientos<\/strong>, uno de ellos en residencia de ancianos.\u00a0<\/p>\n<p style=\"text-align: justify;\">Desde la Conselleria de Sanitat la titular de este departamento, Ana Barcel\u00f3, \u00a0ha destacado que se trata del <strong>segundo d\u00eda consecutivo en el que no ha habido ning\u00fan ingreso en la UCI<\/strong>. Adem\u00e1s, ha resaltado que el n\u00famero de personas hospitalizadas contin\u00faa bajando, con <strong>26 personas menos<\/strong>. En cuanto <strong>al porcentaje de casos activos<\/strong> en la Comunitat, este se sit\u00faa en <strong>un 23%<\/strong>.\u00a0En la provincia de Alicante se contabilizan <strong>61 altas<\/strong>, <strong>8 nuevos positivos confirmados con PCR<\/strong>, <strong>116 ingresos hospitalarios (31 en la UCI)<\/strong>, <strong>4 fallecimientos<\/strong> y <strong>7 residencias<\/strong> de ancianos bajo control sanitario.\u00a0<\/p>\n<p style=\"text-align: justify;\">Por \u00faltimo indicar que en el <strong>Departamento de Salud de Alcoy<\/strong> ha habido <strong>un incremento de contagios<\/strong> en 2 personas (501 en total) mientras que <strong>el n\u00famero de fallecidos es de 114<\/strong> desde el inicio de la pandemia.\u00a0<\/p>\n\n\n<p><\/p>\n    \t","protected":false},"excerpt":{"rendered":"<p>La Comunitat Valenciana ha registrado en las \u00faltimas 24 horas un total de\u00a024 nuevos contagios por Coronavirus y nueve fallecimientos,&#8230;<\/p>\n","protected":false},"author":1,"featured_media":62059,"comment_status":"open","ping_status":"open","sticky":false,"template":"","format":"standard","meta":{"footnotes":""},"categories":[97,75,125],"tags":[1494,1768,7281,7637,1527,7638,3089],"class_list":["post-62614","post","type-post","status-publish","format-standard","has-post-thumbnail","hentry","category-alcoy","category-noticias","category-portada","tag-alcoy","tag-comunitat-valenciana","tag-coronavirus","tag-cuatro-positivos","tag-departamento-de-salud","tag-nuevo-fallecimientos","tag-registro"],"yoast_head":"<!-- This site is optimized with the Yoast SEO plugin v27.3 - https:\/\/yoast.com\/product\/yoast-seo-wordpress\/ -->\n<title>La Comunitat registra cuatro positivos m\u00e1s y nueve fallecimientos - COPE Alcoy<\/title>\n<meta name=\"robots\" content=\"index, follow, max-snippet:-1, max-image-preview:large, max-video-preview:-1\" \/>\n<link rel=\"canonical\" href=\"https:\/\/www.copealcoy.es\/es\/la-comunitat-registra-cuatro-positivos-mas-y-nueve-fallecimientos\/\" \/>\n<meta property=\"og:locale\" content=\"es_ES\" \/>\n<meta property=\"og:type\" content=\"article\" \/>\n<meta property=\"og:title\" content=\"La Comunitat registra cuatro positivos m\u00e1s y nueve fallecimientos - COPE Alcoy\" \/>\n<meta property=\"og:description\" content=\"La Comunitat Valenciana ha registrado en las \u00faltimas 24 horas un total de\u00a024 nuevos contagios por Coronavirus y nueve fallecimientos,...\" \/>\n<meta property=\"og:url\" content=\"https:\/\/www.copealcoy.es\/es\/la-comunitat-registra-cuatro-positivos-mas-y-nueve-fallecimientos\/\" \/>\n<meta property=\"og:site_name\" content=\"COPE Alcoy\" \/>\n<meta property=\"article:published_time\" content=\"2020-05-14T11:36:02+00:00\" \/>\n<meta property=\"og:image\" content=\"https:\/\/www.copealcoy.es\/wp-content\/uploads\/2020\/04\/Captura-de-pantalla-2020-04-22-a-las-17.34.34-1.jpg\" \/>\n\t<meta property=\"og:image:width\" content=\"931\" \/>\n\t<meta property=\"og:image:height\" content=\"436\" \/>\n\t<meta property=\"og:image:type\" content=\"image\/jpeg\" \/>\n<meta name=\"author\" content=\"Cope Alcoy\" \/>\n<meta name=\"twitter:label1\" content=\"Escrito por\" \/>\n\t<meta name=\"twitter:data1\" content=\"Cope Alcoy\" \/>\n\t<meta name=\"twitter:label2\" content=\"Tiempo de lectura\" \/>\n\t<meta name=\"twitter:data2\" content=\"1 minuto\" \/>\n<script type=\"application\/ld+json\" class=\"yoast-schema-graph\">{\"@context\":\"https:\\\/\\\/schema.org\",\"@graph\":[{\"@type\":\"Article\",\"@id\":\"https:\\\/\\\/www.copealcoy.es\\\/es\\\/la-comunitat-registra-cuatro-positivos-mas-y-nueve-fallecimientos\\\/#article\",\"isPartOf\":{\"@id\":\"https:\\\/\\\/www.copealcoy.es\\\/es\\\/la-comunitat-registra-cuatro-positivos-mas-y-nueve-fallecimientos\\\/\"},\"author\":{\"name\":\"Cope Alcoy\",\"@id\":\"https:\\\/\\\/www.copealcoy.es\\\/es\\\/#\\\/schema\\\/person\\\/e777c87fa024e57d40170af9df39882c\"},\"headline\":\"La Comunitat registra cuatro positivos m\u00e1s y nueve fallecimientos\",\"datePublished\":\"2020-05-14T11:36:02+00:00\",\"mainEntityOfPage\":{\"@id\":\"https:\\\/\\\/www.copealcoy.es\\\/es\\\/la-comunitat-registra-cuatro-positivos-mas-y-nueve-fallecimientos\\\/\"},\"wordCount\":165,\"commentCount\":0,\"image\":{\"@id\":\"https:\\\/\\\/www.copealcoy.es\\\/es\\\/la-comunitat-registra-cuatro-positivos-mas-y-nueve-fallecimientos\\\/#primaryimage\"},\"thumbnailUrl\":\"https:\\\/\\\/www.copealcoy.es\\\/wp-content\\\/uploads\\\/2020\\\/04\\\/Captura-de-pantalla-2020-04-22-a-las-17.34.34-1.jpg\",\"keywords\":[\"Alcoy\",\"Comunitat Valenciana\",\"Coronavirus\",\"cuatro positivos\",\"Departamento de Salud\",\"nuevo fallecimientos\",\"registro\"],\"articleSection\":[\"Alcoy\",\"Noticias\",\"Portada\"],\"inLanguage\":\"es\"},{\"@type\":\"WebPage\",\"@id\":\"https:\\\/\\\/www.copealcoy.es\\\/es\\\/la-comunitat-registra-cuatro-positivos-mas-y-nueve-fallecimientos\\\/\",\"url\":\"https:\\\/\\\/www.copealcoy.es\\\/es\\\/la-comunitat-registra-cuatro-positivos-mas-y-nueve-fallecimientos\\\/\",\"name\":\"La Comunitat registra cuatro positivos m\u00e1s y nueve fallecimientos - COPE Alcoy\",\"isPartOf\":{\"@id\":\"https:\\\/\\\/www.copealcoy.es\\\/es\\\/#website\"},\"primaryImageOfPage\":{\"@id\":\"https:\\\/\\\/www.copealcoy.es\\\/es\\\/la-comunitat-registra-cuatro-positivos-mas-y-nueve-fallecimientos\\\/#primaryimage\"},\"image\":{\"@id\":\"https:\\\/\\\/www.copealcoy.es\\\/es\\\/la-comunitat-registra-cuatro-positivos-mas-y-nueve-fallecimientos\\\/#primaryimage\"},\"thumbnailUrl\":\"https:\\\/\\\/www.copealcoy.es\\\/wp-content\\\/uploads\\\/2020\\\/04\\\/Captura-de-pantalla-2020-04-22-a-las-17.34.34-1.jpg\",\"datePublished\":\"2020-05-14T11:36:02+00:00\",\"author\":{\"@id\":\"https:\\\/\\\/www.copealcoy.es\\\/es\\\/#\\\/schema\\\/person\\\/e777c87fa024e57d40170af9df39882c\"},\"breadcrumb\":{\"@id\":\"https:\\\/\\\/www.copealcoy.es\\\/es\\\/la-comunitat-registra-cuatro-positivos-mas-y-nueve-fallecimientos\\\/#breadcrumb\"},\"inLanguage\":\"es\",\"potentialAction\":[{\"@type\":\"ReadAction\",\"target\":[\"https:\\\/\\\/www.copealcoy.es\\\/es\\\/la-comunitat-registra-cuatro-positivos-mas-y-nueve-fallecimientos\\\/\"]}]},{\"@type\":\"ImageObject\",\"inLanguage\":\"es\",\"@id\":\"https:\\\/\\\/www.copealcoy.es\\\/es\\\/la-comunitat-registra-cuatro-positivos-mas-y-nueve-fallecimientos\\\/#primaryimage\",\"url\":\"https:\\\/\\\/www.copealcoy.es\\\/wp-content\\\/uploads\\\/2020\\\/04\\\/Captura-de-pantalla-2020-04-22-a-las-17.34.34-1.jpg\",\"contentUrl\":\"https:\\\/\\\/www.copealcoy.es\\\/wp-content\\\/uploads\\\/2020\\\/04\\\/Captura-de-pantalla-2020-04-22-a-las-17.34.34-1.jpg\",\"width\":931,\"height\":436},{\"@type\":\"BreadcrumbList\",\"@id\":\"https:\\\/\\\/www.copealcoy.es\\\/es\\\/la-comunitat-registra-cuatro-positivos-mas-y-nueve-fallecimientos\\\/#breadcrumb\",\"itemListElement\":[{\"@type\":\"ListItem\",\"position\":1,\"name\":\"Portada\",\"item\":\"https:\\\/\\\/www.copealcoy.es\\\/es\\\/\"},{\"@type\":\"ListItem\",\"position\":2,\"name\":\"La Comunitat registra cuatro positivos m\u00e1s y nueve fallecimientos\"}]},{\"@type\":\"WebSite\",\"@id\":\"https:\\\/\\\/www.copealcoy.es\\\/es\\\/#website\",\"url\":\"https:\\\/\\\/www.copealcoy.es\\\/es\\\/\",\"name\":\"COPE Alcoy\",\"description\":\"Emisora COPE de radio local con emisi\u00f3n online. Pont de Sant Jordi 8-10 03803 Alcoy\",\"potentialAction\":[{\"@type\":\"SearchAction\",\"target\":{\"@type\":\"EntryPoint\",\"urlTemplate\":\"https:\\\/\\\/www.copealcoy.es\\\/es\\\/?s={search_term_string}\"},\"query-input\":{\"@type\":\"PropertyValueSpecification\",\"valueRequired\":true,\"valueName\":\"search_term_string\"}}],\"inLanguage\":\"es\"},{\"@type\":\"Person\",\"@id\":\"https:\\\/\\\/www.copealcoy.es\\\/es\\\/#\\\/schema\\\/person\\\/e777c87fa024e57d40170af9df39882c\",\"name\":\"Cope Alcoy\",\"image\":{\"@type\":\"ImageObject\",\"inLanguage\":\"es\",\"@id\":\"https:\\\/\\\/secure.gravatar.com\\\/avatar\\\/bb65d0283347e303893ba14f0692005417c1e0e690a325a4c5d8bb2b3943ee14?s=96&d=mm&r=g\",\"url\":\"https:\\\/\\\/secure.gravatar.com\\\/avatar\\\/bb65d0283347e303893ba14f0692005417c1e0e690a325a4c5d8bb2b3943ee14?s=96&d=mm&r=g\",\"contentUrl\":\"https:\\\/\\\/secure.gravatar.com\\\/avatar\\\/bb65d0283347e303893ba14f0692005417c1e0e690a325a4c5d8bb2b3943ee14?s=96&d=mm&r=g\",\"caption\":\"Cope Alcoy\"}}]}<\/script>\n<!-- \/ Yoast SEO plugin. -->","yoast_head_json":{"title":"La Comunitat registra cuatro positivos m\u00e1s y nueve fallecimientos - COPE Alcoy","robots":{"index":"index","follow":"follow","max-snippet":"max-snippet:-1","max-image-preview":"max-image-preview:large","max-video-preview":"max-video-preview:-1"},"canonical":"https:\/\/www.copealcoy.es\/es\/la-comunitat-registra-cuatro-positivos-mas-y-nueve-fallecimientos\/","og_locale":"es_ES","og_type":"article","og_title":"La Comunitat registra cuatro positivos m\u00e1s y nueve fallecimientos - COPE Alcoy","og_description":"La Comunitat Valenciana ha registrado en las \u00faltimas 24 horas un total de\u00a024 nuevos contagios por Coronavirus y nueve fallecimientos,...","og_url":"https:\/\/www.copealcoy.es\/es\/la-comunitat-registra-cuatro-positivos-mas-y-nueve-fallecimientos\/","og_site_name":"COPE Alcoy","article_published_time":"2020-05-14T11:36:02+00:00","og_image":[{"width":931,"height":436,"url":"https:\/\/www.copealcoy.es\/wp-content\/uploads\/2020\/04\/Captura-de-pantalla-2020-04-22-a-las-17.34.34-1.jpg","type":"image\/jpeg"}],"author":"Cope Alcoy","twitter_misc":{"Escrito por":"Cope Alcoy","Tiempo de lectura":"1 minuto"},"schema":{"@context":"https:\/\/schema.org","@graph":[{"@type":"Article","@id":"https:\/\/www.copealcoy.es\/es\/la-comunitat-registra-cuatro-positivos-mas-y-nueve-fallecimientos\/#article","isPartOf":{"@id":"https:\/\/www.copealcoy.es\/es\/la-comunitat-registra-cuatro-positivos-mas-y-nueve-fallecimientos\/"},"author":{"name":"Cope Alcoy","@id":"https:\/\/www.copealcoy.es\/es\/#\/schema\/person\/e777c87fa024e57d40170af9df39882c"},"headline":"La Comunitat registra cuatro positivos m\u00e1s y nueve fallecimientos","datePublished":"2020-05-14T11:36:02+00:00","mainEntityOfPage":{"@id":"https:\/\/www.copealcoy.es\/es\/la-comunitat-registra-cuatro-positivos-mas-y-nueve-fallecimientos\/"},"wordCount":165,"commentCount":0,"image":{"@id":"https:\/\/www.copealcoy.es\/es\/la-comunitat-registra-cuatro-positivos-mas-y-nueve-fallecimientos\/#primaryimage"},"thumbnailUrl":"https:\/\/www.copealcoy.es\/wp-content\/uploads\/2020\/04\/Captura-de-pantalla-2020-04-22-a-las-17.34.34-1.jpg","keywords":["Alcoy","Comunitat Valenciana","Coronavirus","cuatro positivos","Departamento de Salud","nuevo fallecimientos","registro"],"articleSection":["Alcoy","Noticias","Portada"],"inLanguage":"es"},{"@type":"WebPage","@id":"https:\/\/www.copealcoy.es\/es\/la-comunitat-registra-cuatro-positivos-mas-y-nueve-fallecimientos\/","url":"https:\/\/www.copealcoy.es\/es\/la-comunitat-registra-cuatro-positivos-mas-y-nueve-fallecimientos\/","name":"La Comunitat registra cuatro positivos m\u00e1s y nueve fallecimientos - COPE Alcoy","isPartOf":{"@id":"https:\/\/www.copealcoy.es\/es\/#website"},"primaryImageOfPage":{"@id":"https:\/\/www.copealcoy.es\/es\/la-comunitat-registra-cuatro-positivos-mas-y-nueve-fallecimientos\/#primaryimage"},"image":{"@id":"https:\/\/www.copealcoy.es\/es\/la-comunitat-registra-cuatro-positivos-mas-y-nueve-fallecimientos\/#primaryimage"},"thumbnailUrl":"https:\/\/www.copealcoy.es\/wp-content\/uploads\/2020\/04\/Captura-de-pantalla-2020-04-22-a-las-17.34.34-1.jpg","datePublished":"2020-05-14T11:36:02+00:00","author":{"@id":"https:\/\/www.copealcoy.es\/es\/#\/schema\/person\/e777c87fa024e57d40170af9df39882c"},"breadcrumb":{"@id":"https:\/\/www.copealcoy.es\/es\/la-comunitat-registra-cuatro-positivos-mas-y-nueve-fallecimientos\/#breadcrumb"},"inLanguage":"es","potentialAction":[{"@type":"ReadAction","target":["https:\/\/www.copealcoy.es\/es\/la-comunitat-registra-cuatro-positivos-mas-y-nueve-fallecimientos\/"]}]},{"@type":"ImageObject","inLanguage":"es","@id":"https:\/\/www.copealcoy.es\/es\/la-comunitat-registra-cuatro-positivos-mas-y-nueve-fallecimientos\/#primaryimage","url":"https:\/\/www.copealcoy.es\/wp-content\/uploads\/2020\/04\/Captura-de-pantalla-2020-04-22-a-las-17.34.34-1.jpg","contentUrl":"https:\/\/www.copealcoy.es\/wp-content\/uploads\/2020\/04\/Captura-de-pantalla-2020-04-22-a-las-17.34.34-1.jpg","width":931,"height":436},{"@type":"BreadcrumbList","@id":"https:\/\/www.copealcoy.es\/es\/la-comunitat-registra-cuatro-positivos-mas-y-nueve-fallecimientos\/#breadcrumb","itemListElement":[{"@type":"ListItem","position":1,"name":"Portada","item":"https:\/\/www.copealcoy.es\/es\/"},{"@type":"ListItem","position":2,"name":"La Comunitat registra cuatro positivos m\u00e1s y nueve fallecimientos"}]},{"@type":"WebSite","@id":"https:\/\/www.copealcoy.es\/es\/#website","url":"https:\/\/www.copealcoy.es\/es\/","name":"COPE Alcoy","description":"Emisora COPE de radio local con emisi\u00f3n online. Pont de Sant Jordi 8-10 03803 Alcoy","potentialAction":[{"@type":"SearchAction","target":{"@type":"EntryPoint","urlTemplate":"https:\/\/www.copealcoy.es\/es\/?s={search_term_string}"},"query-input":{"@type":"PropertyValueSpecification","valueRequired":true,"valueName":"search_term_string"}}],"inLanguage":"es"},{"@type":"Person","@id":"https:\/\/www.copealcoy.es\/es\/#\/schema\/person\/e777c87fa024e57d40170af9df39882c","name":"Cope Alcoy","image":{"@type":"ImageObject","inLanguage":"es","@id":"https:\/\/secure.gravatar.com\/avatar\/bb65d0283347e303893ba14f0692005417c1e0e690a325a4c5d8bb2b3943ee14?s=96&d=mm&r=g","url":"https:\/\/secure.gravatar.com\/avatar\/bb65d0283347e303893ba14f0692005417c1e0e690a325a4c5d8bb2b3943ee14?s=96&d=mm&r=g","contentUrl":"https:\/\/secure.gravatar.com\/avatar\/bb65d0283347e303893ba14f0692005417c1e0e690a325a4c5d8bb2b3943ee14?s=96&d=mm&r=g","caption":"Cope Alcoy"}}]}},"_links":{"self":[{"href":"https:\/\/www.copealcoy.es\/es\/wp-json\/wp\/v2\/posts\/62614","targetHints":{"allow":["GET"]}}],"collection":[{"href":"https:\/\/www.copealcoy.es\/es\/wp-json\/wp\/v2\/posts"}],"about":[{"href":"https:\/\/www.copealcoy.es\/es\/wp-json\/wp\/v2\/types\/post"}],"author":[{"embeddable":true,"href":"https:\/\/www.copealcoy.es\/es\/wp-json\/wp\/v2\/users\/1"}],"replies":[{"embeddable":true,"href":"https:\/\/www.copealcoy.es\/es\/wp-json\/wp\/v2\/comments?post=62614"}],"version-history":[{"count":0,"href":"https:\/\/www.copealcoy.es\/es\/wp-json\/wp\/v2\/posts\/62614\/revisions"}],"wp:featuredmedia":[{"embeddable":true,"href":"https:\/\/www.copealcoy.es\/es\/wp-json\/wp\/v2\/media\/62059"}],"wp:attachment":[{"href":"https:\/\/www.copealcoy.es\/es\/wp-json\/wp\/v2\/media?parent=62614"}],"wp:term":[{"taxonomy":"category","embeddable":true,"href":"https:\/\/www.copealcoy.es\/es\/wp-json\/wp\/v2\/categories?post=62614"},{"taxonomy":"post_tag","embeddable":true,"href":"https:\/\/www.copealcoy.es\/es\/wp-json\/wp\/v2\/tags?post=62614"}],"curies":[{"name":"wp","href":"https:\/\/api.w.org\/{rel}","templated":true}]}}