{"id":62473,"date":"2020-05-08T11:12:14","date_gmt":"2020-05-08T11:12:14","guid":{"rendered":"https:\/\/www.copealcoy.es\/?p=62473"},"modified":"2020-05-08T11:12:14","modified_gmt":"2020-05-08T11:12:14","slug":"la-feria-modernista-de-alcoy-queda-aplazada-a-2021","status":"publish","type":"post","link":"https:\/\/www.copealcoy.es\/es\/la-feria-modernista-de-alcoy-queda-aplazada-a-2021\/","title":{"rendered":"La Feria Modernista de Alcoy queda aplazada a 2021"},"content":{"rendered":"<p style=\"text-align: justify;\">El <strong>Ayuntamiento de Alcoy<\/strong> ha confirmado <strong>la suspensi\u00f3n de la Feria Modernista del 2020<\/strong> ante <strong>la alerta sanitaria<\/strong> generada por la crisis del Coronavirus.<\/p>\n<p style=\"text-align: justify;\">La cita estar\u00e1 dedicada, igualmente, <strong>al pintor Francisco Laporta<\/strong>. Desde el Consistorio detallan que <strong>con esta decisi\u00f3n se pretende\u00a0seguir celebrando esta Feria Modernista<\/strong> que cada vez tiene m\u00e1s eco, como se ha hecho hasta ahora, <strong>llev\u00e1ndola a cabo de forma m\u00e1s grandiosa<\/strong> y atrayendo a\u00fan m\u00e1s turistas.<\/p>\n<p style=\"text-align: justify;\">Indicar que la decisi\u00f3n de la suspensi\u00f3n <strong>fue consultada con las entidades organizadoras<\/strong>, que de manera casi un\u00e1nime, <strong>acordaron llevar a cabo este cambio<\/strong>. A la espera de la evoluci\u00f3n de la crisis sanitaria y, siempre que sea posible, <strong>se realizar\u00e1 la cena de entidades<\/strong>, organizada por el Ayuntamiento, para el mes de noviembre donde se presentar\u00e1 la Feria Modernista 2.021.<\/p>\n","protected":false},"excerpt":{"rendered":"<p>El Ayuntamiento de Alcoy ha confirmado la suspensi\u00f3n de la Feria Modernista del 2020 ante la alerta sanitaria generada por&#8230;<\/p>\n","protected":false},"author":1,"featured_media":55109,"comment_status":"open","ping_status":"open","sticky":false,"template":"","format":"standard","meta":{"footnotes":""},"categories":[97,78,75],"tags":[7503,1494,7311,7281,7315,4643],"class_list":["post-62473","post","type-post","status-publish","format-standard","has-post-thumbnail","hentry","category-alcoy","category-fiestaycultura","category-noticias","tag-7503","tag-alcoy","tag-aplazamiento","tag-coronavirus","tag-crisis","tag-feria-modernista"],"yoast_head":"<!-- This site is optimized with the Yoast SEO plugin v27.3 - https:\/\/yoast.com\/product\/yoast-seo-wordpress\/ -->\n<title>La Feria Modernista de Alcoy queda aplazada a 2021 - COPE Alcoy<\/title>\n<meta name=\"robots\" content=\"index, follow, max-snippet:-1, max-image-preview:large, max-video-preview:-1\" \/>\n<link rel=\"canonical\" href=\"https:\/\/www.copealcoy.es\/es\/la-feria-modernista-de-alcoy-queda-aplazada-a-2021\/\" \/>\n<meta property=\"og:locale\" content=\"es_ES\" \/>\n<meta property=\"og:type\" content=\"article\" \/>\n<meta property=\"og:title\" content=\"La Feria Modernista de Alcoy queda aplazada a 2021 - COPE Alcoy\" \/>\n<meta property=\"og:description\" content=\"El Ayuntamiento de Alcoy ha confirmado la suspensi\u00f3n de la Feria Modernista del 2020 ante la alerta sanitaria generada por...\" \/>\n<meta property=\"og:url\" content=\"https:\/\/www.copealcoy.es\/es\/la-feria-modernista-de-alcoy-queda-aplazada-a-2021\/\" \/>\n<meta property=\"og:site_name\" content=\"COPE Alcoy\" \/>\n<meta property=\"article:published_time\" content=\"2020-05-08T11:12:14+00:00\" \/>\n<meta property=\"og:image\" content=\"https:\/\/www.copealcoy.es\/wp-content\/uploads\/2019\/09\/70123910_2358957744371277_967882532399874048_n-1.jpg\" \/>\n\t<meta property=\"og:image:width\" content=\"960\" \/>\n\t<meta property=\"og:image:height\" content=\"540\" \/>\n\t<meta property=\"og:image:type\" content=\"image\/jpeg\" \/>\n<meta name=\"author\" content=\"Cope Alcoy\" \/>\n<meta name=\"twitter:label1\" content=\"Escrito por\" \/>\n\t<meta name=\"twitter:data1\" content=\"Cope Alcoy\" \/>\n\t<meta name=\"twitter:label2\" content=\"Tiempo de lectura\" \/>\n\t<meta name=\"twitter:data2\" content=\"1 minuto\" \/>\n<script type=\"application\/ld+json\" class=\"yoast-schema-graph\">{\"@context\":\"https:\\\/\\\/schema.org\",\"@graph\":[{\"@type\":\"Article\",\"@id\":\"https:\\\/\\\/www.copealcoy.es\\\/es\\\/la-feria-modernista-de-alcoy-queda-aplazada-a-2021\\\/#article\",\"isPartOf\":{\"@id\":\"https:\\\/\\\/www.copealcoy.es\\\/es\\\/la-feria-modernista-de-alcoy-queda-aplazada-a-2021\\\/\"},\"author\":{\"name\":\"Cope Alcoy\",\"@id\":\"https:\\\/\\\/www.copealcoy.es\\\/es\\\/#\\\/schema\\\/person\\\/e777c87fa024e57d40170af9df39882c\"},\"headline\":\"La Feria Modernista de Alcoy queda aplazada a 2021\",\"datePublished\":\"2020-05-08T11:12:14+00:00\",\"mainEntityOfPage\":{\"@id\":\"https:\\\/\\\/www.copealcoy.es\\\/es\\\/la-feria-modernista-de-alcoy-queda-aplazada-a-2021\\\/\"},\"wordCount\":150,\"commentCount\":0,\"image\":{\"@id\":\"https:\\\/\\\/www.copealcoy.es\\\/es\\\/la-feria-modernista-de-alcoy-queda-aplazada-a-2021\\\/#primaryimage\"},\"thumbnailUrl\":\"https:\\\/\\\/www.copealcoy.es\\\/wp-content\\\/uploads\\\/2019\\\/09\\\/70123910_2358957744371277_967882532399874048_n-1.jpg\",\"keywords\":[\"2021\",\"Alcoy\",\"aplazamiento\",\"Coronavirus\",\"crisis\",\"Feria Modernista\"],\"articleSection\":[\"Alcoy\",\"Fiesta y Cultura\",\"Noticias\"],\"inLanguage\":\"es\"},{\"@type\":\"WebPage\",\"@id\":\"https:\\\/\\\/www.copealcoy.es\\\/es\\\/la-feria-modernista-de-alcoy-queda-aplazada-a-2021\\\/\",\"url\":\"https:\\\/\\\/www.copealcoy.es\\\/es\\\/la-feria-modernista-de-alcoy-queda-aplazada-a-2021\\\/\",\"name\":\"La Feria Modernista de Alcoy queda aplazada a 2021 - COPE Alcoy\",\"isPartOf\":{\"@id\":\"https:\\\/\\\/www.copealcoy.es\\\/es\\\/#website\"},\"primaryImageOfPage\":{\"@id\":\"https:\\\/\\\/www.copealcoy.es\\\/es\\\/la-feria-modernista-de-alcoy-queda-aplazada-a-2021\\\/#primaryimage\"},\"image\":{\"@id\":\"https:\\\/\\\/www.copealcoy.es\\\/es\\\/la-feria-modernista-de-alcoy-queda-aplazada-a-2021\\\/#primaryimage\"},\"thumbnailUrl\":\"https:\\\/\\\/www.copealcoy.es\\\/wp-content\\\/uploads\\\/2019\\\/09\\\/70123910_2358957744371277_967882532399874048_n-1.jpg\",\"datePublished\":\"2020-05-08T11:12:14+00:00\",\"author\":{\"@id\":\"https:\\\/\\\/www.copealcoy.es\\\/es\\\/#\\\/schema\\\/person\\\/e777c87fa024e57d40170af9df39882c\"},\"breadcrumb\":{\"@id\":\"https:\\\/\\\/www.copealcoy.es\\\/es\\\/la-feria-modernista-de-alcoy-queda-aplazada-a-2021\\\/#breadcrumb\"},\"inLanguage\":\"es\",\"potentialAction\":[{\"@type\":\"ReadAction\",\"target\":[\"https:\\\/\\\/www.copealcoy.es\\\/es\\\/la-feria-modernista-de-alcoy-queda-aplazada-a-2021\\\/\"]}]},{\"@type\":\"ImageObject\",\"inLanguage\":\"es\",\"@id\":\"https:\\\/\\\/www.copealcoy.es\\\/es\\\/la-feria-modernista-de-alcoy-queda-aplazada-a-2021\\\/#primaryimage\",\"url\":\"https:\\\/\\\/www.copealcoy.es\\\/wp-content\\\/uploads\\\/2019\\\/09\\\/70123910_2358957744371277_967882532399874048_n-1.jpg\",\"contentUrl\":\"https:\\\/\\\/www.copealcoy.es\\\/wp-content\\\/uploads\\\/2019\\\/09\\\/70123910_2358957744371277_967882532399874048_n-1.jpg\",\"width\":960,\"height\":540,\"caption\":\"La bicicletada ha sido una de las actividades destacadas del d\u00eda \\\/ Foto: Ajuntament d'Alcoi\"},{\"@type\":\"BreadcrumbList\",\"@id\":\"https:\\\/\\\/www.copealcoy.es\\\/es\\\/la-feria-modernista-de-alcoy-queda-aplazada-a-2021\\\/#breadcrumb\",\"itemListElement\":[{\"@type\":\"ListItem\",\"position\":1,\"name\":\"Portada\",\"item\":\"https:\\\/\\\/www.copealcoy.es\\\/es\\\/\"},{\"@type\":\"ListItem\",\"position\":2,\"name\":\"La Feria Modernista de Alcoy queda aplazada a 2021\"}]},{\"@type\":\"WebSite\",\"@id\":\"https:\\\/\\\/www.copealcoy.es\\\/es\\\/#website\",\"url\":\"https:\\\/\\\/www.copealcoy.es\\\/es\\\/\",\"name\":\"COPE Alcoy\",\"description\":\"Emisora COPE de radio local con emisi\u00f3n online. Pont de Sant Jordi 8-10 03803 Alcoy\",\"potentialAction\":[{\"@type\":\"SearchAction\",\"target\":{\"@type\":\"EntryPoint\",\"urlTemplate\":\"https:\\\/\\\/www.copealcoy.es\\\/es\\\/?s={search_term_string}\"},\"query-input\":{\"@type\":\"PropertyValueSpecification\",\"valueRequired\":true,\"valueName\":\"search_term_string\"}}],\"inLanguage\":\"es\"},{\"@type\":\"Person\",\"@id\":\"https:\\\/\\\/www.copealcoy.es\\\/es\\\/#\\\/schema\\\/person\\\/e777c87fa024e57d40170af9df39882c\",\"name\":\"Cope Alcoy\",\"image\":{\"@type\":\"ImageObject\",\"inLanguage\":\"es\",\"@id\":\"https:\\\/\\\/secure.gravatar.com\\\/avatar\\\/bb65d0283347e303893ba14f0692005417c1e0e690a325a4c5d8bb2b3943ee14?s=96&d=mm&r=g\",\"url\":\"https:\\\/\\\/secure.gravatar.com\\\/avatar\\\/bb65d0283347e303893ba14f0692005417c1e0e690a325a4c5d8bb2b3943ee14?s=96&d=mm&r=g\",\"contentUrl\":\"https:\\\/\\\/secure.gravatar.com\\\/avatar\\\/bb65d0283347e303893ba14f0692005417c1e0e690a325a4c5d8bb2b3943ee14?s=96&d=mm&r=g\",\"caption\":\"Cope Alcoy\"}}]}<\/script>\n<!-- \/ Yoast SEO plugin. -->","yoast_head_json":{"title":"La Feria Modernista de Alcoy queda aplazada a 2021 - COPE Alcoy","robots":{"index":"index","follow":"follow","max-snippet":"max-snippet:-1","max-image-preview":"max-image-preview:large","max-video-preview":"max-video-preview:-1"},"canonical":"https:\/\/www.copealcoy.es\/es\/la-feria-modernista-de-alcoy-queda-aplazada-a-2021\/","og_locale":"es_ES","og_type":"article","og_title":"La Feria Modernista de Alcoy queda aplazada a 2021 - COPE Alcoy","og_description":"El Ayuntamiento de Alcoy ha confirmado la suspensi\u00f3n de la Feria Modernista del 2020 ante la alerta sanitaria generada por...","og_url":"https:\/\/www.copealcoy.es\/es\/la-feria-modernista-de-alcoy-queda-aplazada-a-2021\/","og_site_name":"COPE Alcoy","article_published_time":"2020-05-08T11:12:14+00:00","og_image":[{"width":960,"height":540,"url":"https:\/\/www.copealcoy.es\/wp-content\/uploads\/2019\/09\/70123910_2358957744371277_967882532399874048_n-1.jpg","type":"image\/jpeg"}],"author":"Cope Alcoy","twitter_misc":{"Escrito por":"Cope Alcoy","Tiempo de lectura":"1 minuto"},"schema":{"@context":"https:\/\/schema.org","@graph":[{"@type":"Article","@id":"https:\/\/www.copealcoy.es\/es\/la-feria-modernista-de-alcoy-queda-aplazada-a-2021\/#article","isPartOf":{"@id":"https:\/\/www.copealcoy.es\/es\/la-feria-modernista-de-alcoy-queda-aplazada-a-2021\/"},"author":{"name":"Cope Alcoy","@id":"https:\/\/www.copealcoy.es\/es\/#\/schema\/person\/e777c87fa024e57d40170af9df39882c"},"headline":"La Feria Modernista de Alcoy queda aplazada a 2021","datePublished":"2020-05-08T11:12:14+00:00","mainEntityOfPage":{"@id":"https:\/\/www.copealcoy.es\/es\/la-feria-modernista-de-alcoy-queda-aplazada-a-2021\/"},"wordCount":150,"commentCount":0,"image":{"@id":"https:\/\/www.copealcoy.es\/es\/la-feria-modernista-de-alcoy-queda-aplazada-a-2021\/#primaryimage"},"thumbnailUrl":"https:\/\/www.copealcoy.es\/wp-content\/uploads\/2019\/09\/70123910_2358957744371277_967882532399874048_n-1.jpg","keywords":["2021","Alcoy","aplazamiento","Coronavirus","crisis","Feria Modernista"],"articleSection":["Alcoy","Fiesta y Cultura","Noticias"],"inLanguage":"es"},{"@type":"WebPage","@id":"https:\/\/www.copealcoy.es\/es\/la-feria-modernista-de-alcoy-queda-aplazada-a-2021\/","url":"https:\/\/www.copealcoy.es\/es\/la-feria-modernista-de-alcoy-queda-aplazada-a-2021\/","name":"La Feria Modernista de Alcoy queda aplazada a 2021 - COPE Alcoy","isPartOf":{"@id":"https:\/\/www.copealcoy.es\/es\/#website"},"primaryImageOfPage":{"@id":"https:\/\/www.copealcoy.es\/es\/la-feria-modernista-de-alcoy-queda-aplazada-a-2021\/#primaryimage"},"image":{"@id":"https:\/\/www.copealcoy.es\/es\/la-feria-modernista-de-alcoy-queda-aplazada-a-2021\/#primaryimage"},"thumbnailUrl":"https:\/\/www.copealcoy.es\/wp-content\/uploads\/2019\/09\/70123910_2358957744371277_967882532399874048_n-1.jpg","datePublished":"2020-05-08T11:12:14+00:00","author":{"@id":"https:\/\/www.copealcoy.es\/es\/#\/schema\/person\/e777c87fa024e57d40170af9df39882c"},"breadcrumb":{"@id":"https:\/\/www.copealcoy.es\/es\/la-feria-modernista-de-alcoy-queda-aplazada-a-2021\/#breadcrumb"},"inLanguage":"es","potentialAction":[{"@type":"ReadAction","target":["https:\/\/www.copealcoy.es\/es\/la-feria-modernista-de-alcoy-queda-aplazada-a-2021\/"]}]},{"@type":"ImageObject","inLanguage":"es","@id":"https:\/\/www.copealcoy.es\/es\/la-feria-modernista-de-alcoy-queda-aplazada-a-2021\/#primaryimage","url":"https:\/\/www.copealcoy.es\/wp-content\/uploads\/2019\/09\/70123910_2358957744371277_967882532399874048_n-1.jpg","contentUrl":"https:\/\/www.copealcoy.es\/wp-content\/uploads\/2019\/09\/70123910_2358957744371277_967882532399874048_n-1.jpg","width":960,"height":540,"caption":"La bicicletada ha sido una de las actividades destacadas del d\u00eda \/ Foto: Ajuntament d'Alcoi"},{"@type":"BreadcrumbList","@id":"https:\/\/www.copealcoy.es\/es\/la-feria-modernista-de-alcoy-queda-aplazada-a-2021\/#breadcrumb","itemListElement":[{"@type":"ListItem","position":1,"name":"Portada","item":"https:\/\/www.copealcoy.es\/es\/"},{"@type":"ListItem","position":2,"name":"La Feria Modernista de Alcoy queda aplazada a 2021"}]},{"@type":"WebSite","@id":"https:\/\/www.copealcoy.es\/es\/#website","url":"https:\/\/www.copealcoy.es\/es\/","name":"COPE Alcoy","description":"Emisora COPE de radio local con emisi\u00f3n online. Pont de Sant Jordi 8-10 03803 Alcoy","potentialAction":[{"@type":"SearchAction","target":{"@type":"EntryPoint","urlTemplate":"https:\/\/www.copealcoy.es\/es\/?s={search_term_string}"},"query-input":{"@type":"PropertyValueSpecification","valueRequired":true,"valueName":"search_term_string"}}],"inLanguage":"es"},{"@type":"Person","@id":"https:\/\/www.copealcoy.es\/es\/#\/schema\/person\/e777c87fa024e57d40170af9df39882c","name":"Cope Alcoy","image":{"@type":"ImageObject","inLanguage":"es","@id":"https:\/\/secure.gravatar.com\/avatar\/bb65d0283347e303893ba14f0692005417c1e0e690a325a4c5d8bb2b3943ee14?s=96&d=mm&r=g","url":"https:\/\/secure.gravatar.com\/avatar\/bb65d0283347e303893ba14f0692005417c1e0e690a325a4c5d8bb2b3943ee14?s=96&d=mm&r=g","contentUrl":"https:\/\/secure.gravatar.com\/avatar\/bb65d0283347e303893ba14f0692005417c1e0e690a325a4c5d8bb2b3943ee14?s=96&d=mm&r=g","caption":"Cope Alcoy"}}]}},"_links":{"self":[{"href":"https:\/\/www.copealcoy.es\/es\/wp-json\/wp\/v2\/posts\/62473","targetHints":{"allow":["GET"]}}],"collection":[{"href":"https:\/\/www.copealcoy.es\/es\/wp-json\/wp\/v2\/posts"}],"about":[{"href":"https:\/\/www.copealcoy.es\/es\/wp-json\/wp\/v2\/types\/post"}],"author":[{"embeddable":true,"href":"https:\/\/www.copealcoy.es\/es\/wp-json\/wp\/v2\/users\/1"}],"replies":[{"embeddable":true,"href":"https:\/\/www.copealcoy.es\/es\/wp-json\/wp\/v2\/comments?post=62473"}],"version-history":[{"count":0,"href":"https:\/\/www.copealcoy.es\/es\/wp-json\/wp\/v2\/posts\/62473\/revisions"}],"wp:featuredmedia":[{"embeddable":true,"href":"https:\/\/www.copealcoy.es\/es\/wp-json\/wp\/v2\/media\/55109"}],"wp:attachment":[{"href":"https:\/\/www.copealcoy.es\/es\/wp-json\/wp\/v2\/media?parent=62473"}],"wp:term":[{"taxonomy":"category","embeddable":true,"href":"https:\/\/www.copealcoy.es\/es\/wp-json\/wp\/v2\/categories?post=62473"},{"taxonomy":"post_tag","embeddable":true,"href":"https:\/\/www.copealcoy.es\/es\/wp-json\/wp\/v2\/tags?post=62473"}],"curies":[{"name":"wp","href":"https:\/\/api.w.org\/{rel}","templated":true}]}}