{"id":62256,"date":"2020-04-29T15:53:19","date_gmt":"2020-04-29T15:53:19","guid":{"rendered":"https:\/\/www.copealcoy.es\/?p=62256"},"modified":"2020-04-29T15:53:19","modified_gmt":"2020-04-29T15:53:19","slug":"cocentaina-tambien-reparte-mascarillas-por-los-domicilios","status":"publish","type":"post","link":"https:\/\/www.copealcoy.es\/es\/cocentaina-tambien-reparte-mascarillas-por-los-domicilios\/","title":{"rendered":"Cocentaina tambi\u00e9n reparte mascarillas por los domicilios"},"content":{"rendered":"<p style=\"text-align: justify;\">El <strong>Ayuntamiento de Cocentaina<\/strong>, al igual que est\u00e1n haciendo otras localidades de las comarcas del Comtat y de l\u2019Alcoi\u00e0, tambi\u00e9n <strong>est\u00e1 llevando a cabo el reparto de mascarillas para que la ciudadan\u00eda<\/strong> las pueda emplear <strong>a la hora de salir a la calle<\/strong> y como <strong>medida de prevenci\u00f3n<\/strong> del contagio del Coronavirus.<\/p>\n<p style=\"text-align: justify;\">Desde el Consistorio de la Villa Condal explican que se han previsto m\u00e1s de 4.500 mascarillas y se\u00f1alan\u00a0que cada d\u00eda\u00a0<strong>se efectuar\u00e1 la entrega de las mismas por varias zonas de la poblaci\u00f3n. Adem\u00e1s se\u00f1alan que se aporta una mascarilla por vivienda ya que el tejido con las que han estado confeccionadas permite su reutilizaci\u00f3n\u00a0<\/strong>&#8220;<em>est\u00e1n compuestas de tejido homologado por AITEX que se puede lavar perfectamente para despu\u00e9s poder ser reutilizadas<\/em>. <em>Esta medida se completa con el reparto que ya se hizo en su momento a los comerciantes, trabajadores del transporte p\u00fablico o personal de servicios municipales&#8221;<\/em>,\u00a0 afirma la alcaldesa de la Villa Condal;\u00a0<strong>Mireia Estepa<\/strong><strong>.<\/strong><\/p>\n<p style=\"text-align: justify;\">La primera edil tambi\u00e9n matiza que\u00a0<strong>las citadas mascarillas han sido confeccionadas por varias mujeres contestanas<\/strong><strong>\u00a0<\/strong>al mismo tiempo que apunta que\u00a0<strong>han sido esterilizadas<\/strong><strong>\u00a0<\/strong>por los laboratorios de la Universidad de Alicante. Por \u00faltimo apuntar que\u00a0<strong>las gomas e hilos para confeccionar las mascarillas<\/strong><strong>\u00a0<\/strong>han sido compradas\u00a0<strong>al comercio local<\/strong><strong>\u00a0<\/strong>contestano.<\/p>\n\n\n<p><\/p>\n    \t","protected":false},"excerpt":{"rendered":"<p>El Ayuntamiento de Cocentaina, al igual que est\u00e1n haciendo otras localidades de las comarcas del Comtat y de l\u2019Alcoi\u00e0, tambi\u00e9n&#8230;<\/p>\n","protected":false},"author":1,"featured_media":61289,"comment_status":"open","ping_status":"open","sticky":false,"template":"","format":"standard","meta":{"footnotes":""},"categories":[98,75],"tags":[132,7564,7341,1799,1165],"class_list":["post-62256","post","type-post","status-publish","format-standard","has-post-thumbnail","hentry","category-comarcas","category-noticias","tag-cocentaina","tag-domicilios","tag-mascarillas","tag-mireia-estepa","tag-reparto"],"yoast_head":"<!-- This site is optimized with the Yoast SEO plugin v27.3 - https:\/\/yoast.com\/product\/yoast-seo-wordpress\/ -->\n<title>Cocentaina tambi\u00e9n reparte mascarillas por los domicilios - COPE Alcoy<\/title>\n<meta name=\"robots\" content=\"index, follow, max-snippet:-1, max-image-preview:large, max-video-preview:-1\" \/>\n<link rel=\"canonical\" href=\"https:\/\/www.copealcoy.es\/es\/cocentaina-tambien-reparte-mascarillas-por-los-domicilios\/\" \/>\n<meta property=\"og:locale\" content=\"es_ES\" \/>\n<meta property=\"og:type\" content=\"article\" \/>\n<meta property=\"og:title\" content=\"Cocentaina tambi\u00e9n reparte mascarillas por los domicilios - COPE Alcoy\" \/>\n<meta property=\"og:description\" content=\"El Ayuntamiento de Cocentaina, al igual que est\u00e1n haciendo otras localidades de las comarcas del Comtat y de l\u2019Alcoi\u00e0, tambi\u00e9n...\" \/>\n<meta property=\"og:url\" content=\"https:\/\/www.copealcoy.es\/es\/cocentaina-tambien-reparte-mascarillas-por-los-domicilios\/\" \/>\n<meta property=\"og:site_name\" content=\"COPE Alcoy\" \/>\n<meta property=\"article:published_time\" content=\"2020-04-29T15:53:19+00:00\" \/>\n<meta property=\"og:image\" content=\"https:\/\/www.copealcoy.es\/wp-content\/uploads\/2020\/03\/mascarillas-1.jpg\" \/>\n\t<meta property=\"og:image:width\" content=\"690\" \/>\n\t<meta property=\"og:image:height\" content=\"309\" \/>\n\t<meta property=\"og:image:type\" content=\"image\/jpeg\" \/>\n<meta name=\"author\" content=\"Cope Alcoy\" \/>\n<meta name=\"twitter:label1\" content=\"Escrito por\" \/>\n\t<meta name=\"twitter:data1\" content=\"Cope Alcoy\" \/>\n\t<meta name=\"twitter:label2\" content=\"Tiempo de lectura\" \/>\n\t<meta name=\"twitter:data2\" content=\"1 minuto\" \/>\n<script type=\"application\/ld+json\" class=\"yoast-schema-graph\">{\"@context\":\"https:\\\/\\\/schema.org\",\"@graph\":[{\"@type\":\"Article\",\"@id\":\"https:\\\/\\\/www.copealcoy.es\\\/es\\\/cocentaina-tambien-reparte-mascarillas-por-los-domicilios\\\/#article\",\"isPartOf\":{\"@id\":\"https:\\\/\\\/www.copealcoy.es\\\/es\\\/cocentaina-tambien-reparte-mascarillas-por-los-domicilios\\\/\"},\"author\":{\"name\":\"Cope Alcoy\",\"@id\":\"https:\\\/\\\/www.copealcoy.es\\\/es\\\/#\\\/schema\\\/person\\\/e777c87fa024e57d40170af9df39882c\"},\"headline\":\"Cocentaina tambi\u00e9n reparte mascarillas por los domicilios\",\"datePublished\":\"2020-04-29T15:53:19+00:00\",\"mainEntityOfPage\":{\"@id\":\"https:\\\/\\\/www.copealcoy.es\\\/es\\\/cocentaina-tambien-reparte-mascarillas-por-los-domicilios\\\/\"},\"wordCount\":235,\"commentCount\":0,\"image\":{\"@id\":\"https:\\\/\\\/www.copealcoy.es\\\/es\\\/cocentaina-tambien-reparte-mascarillas-por-los-domicilios\\\/#primaryimage\"},\"thumbnailUrl\":\"https:\\\/\\\/www.copealcoy.es\\\/wp-content\\\/uploads\\\/2020\\\/03\\\/mascarillas-1.jpg\",\"keywords\":[\"Cocentaina\",\"domicilios\",\"mascarillas\",\"Mireia Estepa\",\"reparto\"],\"articleSection\":[\"Comarcas\",\"Noticias\"],\"inLanguage\":\"es\"},{\"@type\":\"WebPage\",\"@id\":\"https:\\\/\\\/www.copealcoy.es\\\/es\\\/cocentaina-tambien-reparte-mascarillas-por-los-domicilios\\\/\",\"url\":\"https:\\\/\\\/www.copealcoy.es\\\/es\\\/cocentaina-tambien-reparte-mascarillas-por-los-domicilios\\\/\",\"name\":\"Cocentaina tambi\u00e9n reparte mascarillas por los domicilios - COPE Alcoy\",\"isPartOf\":{\"@id\":\"https:\\\/\\\/www.copealcoy.es\\\/es\\\/#website\"},\"primaryImageOfPage\":{\"@id\":\"https:\\\/\\\/www.copealcoy.es\\\/es\\\/cocentaina-tambien-reparte-mascarillas-por-los-domicilios\\\/#primaryimage\"},\"image\":{\"@id\":\"https:\\\/\\\/www.copealcoy.es\\\/es\\\/cocentaina-tambien-reparte-mascarillas-por-los-domicilios\\\/#primaryimage\"},\"thumbnailUrl\":\"https:\\\/\\\/www.copealcoy.es\\\/wp-content\\\/uploads\\\/2020\\\/03\\\/mascarillas-1.jpg\",\"datePublished\":\"2020-04-29T15:53:19+00:00\",\"author\":{\"@id\":\"https:\\\/\\\/www.copealcoy.es\\\/es\\\/#\\\/schema\\\/person\\\/e777c87fa024e57d40170af9df39882c\"},\"breadcrumb\":{\"@id\":\"https:\\\/\\\/www.copealcoy.es\\\/es\\\/cocentaina-tambien-reparte-mascarillas-por-los-domicilios\\\/#breadcrumb\"},\"inLanguage\":\"es\",\"potentialAction\":[{\"@type\":\"ReadAction\",\"target\":[\"https:\\\/\\\/www.copealcoy.es\\\/es\\\/cocentaina-tambien-reparte-mascarillas-por-los-domicilios\\\/\"]}]},{\"@type\":\"ImageObject\",\"inLanguage\":\"es\",\"@id\":\"https:\\\/\\\/www.copealcoy.es\\\/es\\\/cocentaina-tambien-reparte-mascarillas-por-los-domicilios\\\/#primaryimage\",\"url\":\"https:\\\/\\\/www.copealcoy.es\\\/wp-content\\\/uploads\\\/2020\\\/03\\\/mascarillas-1.jpg\",\"contentUrl\":\"https:\\\/\\\/www.copealcoy.es\\\/wp-content\\\/uploads\\\/2020\\\/03\\\/mascarillas-1.jpg\",\"width\":690,\"height\":309},{\"@type\":\"BreadcrumbList\",\"@id\":\"https:\\\/\\\/www.copealcoy.es\\\/es\\\/cocentaina-tambien-reparte-mascarillas-por-los-domicilios\\\/#breadcrumb\",\"itemListElement\":[{\"@type\":\"ListItem\",\"position\":1,\"name\":\"Portada\",\"item\":\"https:\\\/\\\/www.copealcoy.es\\\/es\\\/\"},{\"@type\":\"ListItem\",\"position\":2,\"name\":\"Cocentaina tambi\u00e9n reparte mascarillas por los domicilios\"}]},{\"@type\":\"WebSite\",\"@id\":\"https:\\\/\\\/www.copealcoy.es\\\/es\\\/#website\",\"url\":\"https:\\\/\\\/www.copealcoy.es\\\/es\\\/\",\"name\":\"COPE Alcoy\",\"description\":\"Emisora COPE de radio local con emisi\u00f3n online. Pont de Sant Jordi 8-10 03803 Alcoy\",\"potentialAction\":[{\"@type\":\"SearchAction\",\"target\":{\"@type\":\"EntryPoint\",\"urlTemplate\":\"https:\\\/\\\/www.copealcoy.es\\\/es\\\/?s={search_term_string}\"},\"query-input\":{\"@type\":\"PropertyValueSpecification\",\"valueRequired\":true,\"valueName\":\"search_term_string\"}}],\"inLanguage\":\"es\"},{\"@type\":\"Person\",\"@id\":\"https:\\\/\\\/www.copealcoy.es\\\/es\\\/#\\\/schema\\\/person\\\/e777c87fa024e57d40170af9df39882c\",\"name\":\"Cope Alcoy\",\"image\":{\"@type\":\"ImageObject\",\"inLanguage\":\"es\",\"@id\":\"https:\\\/\\\/secure.gravatar.com\\\/avatar\\\/bb65d0283347e303893ba14f0692005417c1e0e690a325a4c5d8bb2b3943ee14?s=96&d=mm&r=g\",\"url\":\"https:\\\/\\\/secure.gravatar.com\\\/avatar\\\/bb65d0283347e303893ba14f0692005417c1e0e690a325a4c5d8bb2b3943ee14?s=96&d=mm&r=g\",\"contentUrl\":\"https:\\\/\\\/secure.gravatar.com\\\/avatar\\\/bb65d0283347e303893ba14f0692005417c1e0e690a325a4c5d8bb2b3943ee14?s=96&d=mm&r=g\",\"caption\":\"Cope Alcoy\"}}]}<\/script>\n<!-- \/ Yoast SEO plugin. -->","yoast_head_json":{"title":"Cocentaina tambi\u00e9n reparte mascarillas por los domicilios - COPE Alcoy","robots":{"index":"index","follow":"follow","max-snippet":"max-snippet:-1","max-image-preview":"max-image-preview:large","max-video-preview":"max-video-preview:-1"},"canonical":"https:\/\/www.copealcoy.es\/es\/cocentaina-tambien-reparte-mascarillas-por-los-domicilios\/","og_locale":"es_ES","og_type":"article","og_title":"Cocentaina tambi\u00e9n reparte mascarillas por los domicilios - COPE Alcoy","og_description":"El Ayuntamiento de Cocentaina, al igual que est\u00e1n haciendo otras localidades de las comarcas del Comtat y de l\u2019Alcoi\u00e0, tambi\u00e9n...","og_url":"https:\/\/www.copealcoy.es\/es\/cocentaina-tambien-reparte-mascarillas-por-los-domicilios\/","og_site_name":"COPE Alcoy","article_published_time":"2020-04-29T15:53:19+00:00","og_image":[{"width":690,"height":309,"url":"https:\/\/www.copealcoy.es\/wp-content\/uploads\/2020\/03\/mascarillas-1.jpg","type":"image\/jpeg"}],"author":"Cope Alcoy","twitter_misc":{"Escrito por":"Cope Alcoy","Tiempo de lectura":"1 minuto"},"schema":{"@context":"https:\/\/schema.org","@graph":[{"@type":"Article","@id":"https:\/\/www.copealcoy.es\/es\/cocentaina-tambien-reparte-mascarillas-por-los-domicilios\/#article","isPartOf":{"@id":"https:\/\/www.copealcoy.es\/es\/cocentaina-tambien-reparte-mascarillas-por-los-domicilios\/"},"author":{"name":"Cope Alcoy","@id":"https:\/\/www.copealcoy.es\/es\/#\/schema\/person\/e777c87fa024e57d40170af9df39882c"},"headline":"Cocentaina tambi\u00e9n reparte mascarillas por los domicilios","datePublished":"2020-04-29T15:53:19+00:00","mainEntityOfPage":{"@id":"https:\/\/www.copealcoy.es\/es\/cocentaina-tambien-reparte-mascarillas-por-los-domicilios\/"},"wordCount":235,"commentCount":0,"image":{"@id":"https:\/\/www.copealcoy.es\/es\/cocentaina-tambien-reparte-mascarillas-por-los-domicilios\/#primaryimage"},"thumbnailUrl":"https:\/\/www.copealcoy.es\/wp-content\/uploads\/2020\/03\/mascarillas-1.jpg","keywords":["Cocentaina","domicilios","mascarillas","Mireia Estepa","reparto"],"articleSection":["Comarcas","Noticias"],"inLanguage":"es"},{"@type":"WebPage","@id":"https:\/\/www.copealcoy.es\/es\/cocentaina-tambien-reparte-mascarillas-por-los-domicilios\/","url":"https:\/\/www.copealcoy.es\/es\/cocentaina-tambien-reparte-mascarillas-por-los-domicilios\/","name":"Cocentaina tambi\u00e9n reparte mascarillas por los domicilios - COPE Alcoy","isPartOf":{"@id":"https:\/\/www.copealcoy.es\/es\/#website"},"primaryImageOfPage":{"@id":"https:\/\/www.copealcoy.es\/es\/cocentaina-tambien-reparte-mascarillas-por-los-domicilios\/#primaryimage"},"image":{"@id":"https:\/\/www.copealcoy.es\/es\/cocentaina-tambien-reparte-mascarillas-por-los-domicilios\/#primaryimage"},"thumbnailUrl":"https:\/\/www.copealcoy.es\/wp-content\/uploads\/2020\/03\/mascarillas-1.jpg","datePublished":"2020-04-29T15:53:19+00:00","author":{"@id":"https:\/\/www.copealcoy.es\/es\/#\/schema\/person\/e777c87fa024e57d40170af9df39882c"},"breadcrumb":{"@id":"https:\/\/www.copealcoy.es\/es\/cocentaina-tambien-reparte-mascarillas-por-los-domicilios\/#breadcrumb"},"inLanguage":"es","potentialAction":[{"@type":"ReadAction","target":["https:\/\/www.copealcoy.es\/es\/cocentaina-tambien-reparte-mascarillas-por-los-domicilios\/"]}]},{"@type":"ImageObject","inLanguage":"es","@id":"https:\/\/www.copealcoy.es\/es\/cocentaina-tambien-reparte-mascarillas-por-los-domicilios\/#primaryimage","url":"https:\/\/www.copealcoy.es\/wp-content\/uploads\/2020\/03\/mascarillas-1.jpg","contentUrl":"https:\/\/www.copealcoy.es\/wp-content\/uploads\/2020\/03\/mascarillas-1.jpg","width":690,"height":309},{"@type":"BreadcrumbList","@id":"https:\/\/www.copealcoy.es\/es\/cocentaina-tambien-reparte-mascarillas-por-los-domicilios\/#breadcrumb","itemListElement":[{"@type":"ListItem","position":1,"name":"Portada","item":"https:\/\/www.copealcoy.es\/es\/"},{"@type":"ListItem","position":2,"name":"Cocentaina tambi\u00e9n reparte mascarillas por los domicilios"}]},{"@type":"WebSite","@id":"https:\/\/www.copealcoy.es\/es\/#website","url":"https:\/\/www.copealcoy.es\/es\/","name":"COPE Alcoy","description":"Emisora COPE de radio local con emisi\u00f3n online. Pont de Sant Jordi 8-10 03803 Alcoy","potentialAction":[{"@type":"SearchAction","target":{"@type":"EntryPoint","urlTemplate":"https:\/\/www.copealcoy.es\/es\/?s={search_term_string}"},"query-input":{"@type":"PropertyValueSpecification","valueRequired":true,"valueName":"search_term_string"}}],"inLanguage":"es"},{"@type":"Person","@id":"https:\/\/www.copealcoy.es\/es\/#\/schema\/person\/e777c87fa024e57d40170af9df39882c","name":"Cope Alcoy","image":{"@type":"ImageObject","inLanguage":"es","@id":"https:\/\/secure.gravatar.com\/avatar\/bb65d0283347e303893ba14f0692005417c1e0e690a325a4c5d8bb2b3943ee14?s=96&d=mm&r=g","url":"https:\/\/secure.gravatar.com\/avatar\/bb65d0283347e303893ba14f0692005417c1e0e690a325a4c5d8bb2b3943ee14?s=96&d=mm&r=g","contentUrl":"https:\/\/secure.gravatar.com\/avatar\/bb65d0283347e303893ba14f0692005417c1e0e690a325a4c5d8bb2b3943ee14?s=96&d=mm&r=g","caption":"Cope Alcoy"}}]}},"_links":{"self":[{"href":"https:\/\/www.copealcoy.es\/es\/wp-json\/wp\/v2\/posts\/62256","targetHints":{"allow":["GET"]}}],"collection":[{"href":"https:\/\/www.copealcoy.es\/es\/wp-json\/wp\/v2\/posts"}],"about":[{"href":"https:\/\/www.copealcoy.es\/es\/wp-json\/wp\/v2\/types\/post"}],"author":[{"embeddable":true,"href":"https:\/\/www.copealcoy.es\/es\/wp-json\/wp\/v2\/users\/1"}],"replies":[{"embeddable":true,"href":"https:\/\/www.copealcoy.es\/es\/wp-json\/wp\/v2\/comments?post=62256"}],"version-history":[{"count":0,"href":"https:\/\/www.copealcoy.es\/es\/wp-json\/wp\/v2\/posts\/62256\/revisions"}],"wp:featuredmedia":[{"embeddable":true,"href":"https:\/\/www.copealcoy.es\/es\/wp-json\/wp\/v2\/media\/61289"}],"wp:attachment":[{"href":"https:\/\/www.copealcoy.es\/es\/wp-json\/wp\/v2\/media?parent=62256"}],"wp:term":[{"taxonomy":"category","embeddable":true,"href":"https:\/\/www.copealcoy.es\/es\/wp-json\/wp\/v2\/categories?post=62256"},{"taxonomy":"post_tag","embeddable":true,"href":"https:\/\/www.copealcoy.es\/es\/wp-json\/wp\/v2\/tags?post=62256"}],"curies":[{"name":"wp","href":"https:\/\/api.w.org\/{rel}","templated":true}]}}