{"id":62184,"date":"2020-04-27T16:09:12","date_gmt":"2020-04-27T16:09:12","guid":{"rendered":"https:\/\/www.copealcoy.es\/?p=62184"},"modified":"2020-04-27T16:09:12","modified_gmt":"2020-04-27T16:09:12","slug":"el-pp-defiende-que-el-ayuntamiento-reclame-a-sanidad-los-datos-de-afectados-por-covid-19","status":"publish","type":"post","link":"https:\/\/www.copealcoy.es\/es\/el-pp-defiende-que-el-ayuntamiento-reclame-a-sanidad-los-datos-de-afectados-por-covid-19\/","title":{"rendered":"El PP defiende que el Ayuntamiento reclame a Sanidad los datos de afectados por Covid 19"},"content":{"rendered":"<p style=\"text-align: justify;\">El <strong>Partido Popular de Alcoy<\/strong> propone un acuerdo <strong>con todos los grupos pol\u00edticos<\/strong> para que el Ayuntamiento <strong>reclame a la Conselleria de Sanidad los datos<\/strong> sobre <strong>la repercusi\u00f3n del Coronavirus<\/strong> en el municipio.<\/p>\n<p style=\"text-align: justify;\">La propuesta aboga por pedir tambi\u00e9n <strong>informaci\u00f3n detallada<\/strong> sobre <strong>el brote registrado en la residencia geri\u00e1trica de Oliver:<\/strong> n\u00famero de afectados, personas fallecidas e incidencia del virus en el personal del centro. El portavoz del PP en el Consistorio de nuestra ciudad, <strong>Quique Ruiz<\/strong>, se\u00f1ala que sin informaci\u00f3n <strong>es dif\u00edcil que la administraci\u00f3n m\u00e1s pr\u00f3xima a los ciudadanos pueda adoptar medidas eficientes y eficaces<\/strong> para <strong>preservar la salud de los vecinos<\/strong> &#8220;<em>el Ayuntamiento no puede permanecer al margen de la realidad que est\u00e1n sufriendo los residentes, sus familiares y todos los trabajadores del geri\u00e1trico. En una situaci\u00f3n excepcional la corporaci\u00f3n local no puede aceptar que la Conselleria niegue los datos municipales<\/em>&#8220;, manifiesta.<\/p>\n<p style=\"text-align: justify;\">Por \u00faltimo desde el Partido Popular\u00a0apuntan que a principios de abril el presidente de la Generalitat, <strong>Ximo Puig<\/strong>, anunci\u00f3 que se ofrecer\u00edan los datos por municipios.<\/p>\n","protected":false},"excerpt":{"rendered":"<p>El Partido Popular de Alcoy propone un acuerdo con todos los grupos pol\u00edticos para que el Ayuntamiento reclame a la&#8230;<\/p>\n","protected":false},"author":1,"featured_media":55289,"comment_status":"open","ping_status":"open","sticky":false,"template":"","format":"standard","meta":{"footnotes":""},"categories":[97,75,79],"tags":[7327,229,4374,7397,7382,448,6934],"class_list":["post-62184","post","type-post","status-publish","format-standard","has-post-thumbnail","hentry","category-alcoy","category-noticias","category-politicayeconomia","tag-afectados","tag-ayuntamiento","tag-conselleria-de-sanidad","tag-covid-19","tag-datos","tag-partido-popular","tag-quique-ruiz"],"yoast_head":"<!-- This site is optimized with the Yoast SEO plugin v27.3 - https:\/\/yoast.com\/product\/yoast-seo-wordpress\/ -->\n<title>El PP defiende que el Ayuntamiento reclame a Sanidad los datos de afectados por Covid 19 - COPE Alcoy<\/title>\n<meta name=\"robots\" content=\"index, follow, max-snippet:-1, max-image-preview:large, max-video-preview:-1\" \/>\n<link rel=\"canonical\" href=\"https:\/\/www.copealcoy.es\/es\/el-pp-defiende-que-el-ayuntamiento-reclame-a-sanidad-los-datos-de-afectados-por-covid-19\/\" \/>\n<meta property=\"og:locale\" content=\"es_ES\" \/>\n<meta property=\"og:type\" content=\"article\" \/>\n<meta property=\"og:title\" content=\"El PP defiende que el Ayuntamiento reclame a Sanidad los datos de afectados por Covid 19 - COPE Alcoy\" \/>\n<meta property=\"og:description\" content=\"El Partido Popular de Alcoy propone un acuerdo con todos los grupos pol\u00edticos para que el Ayuntamiento reclame a la...\" \/>\n<meta property=\"og:url\" content=\"https:\/\/www.copealcoy.es\/es\/el-pp-defiende-que-el-ayuntamiento-reclame-a-sanidad-los-datos-de-afectados-por-covid-19\/\" \/>\n<meta property=\"og:site_name\" content=\"COPE Alcoy\" \/>\n<meta property=\"article:published_time\" content=\"2020-04-27T16:09:12+00:00\" \/>\n<meta property=\"og:image\" content=\"https:\/\/www.copealcoy.es\/wp-content\/uploads\/2019\/09\/IMG_1220-1-scaled.jpg\" \/>\n\t<meta property=\"og:image:width\" content=\"2560\" \/>\n\t<meta property=\"og:image:height\" content=\"1920\" \/>\n\t<meta property=\"og:image:type\" content=\"image\/jpeg\" \/>\n<meta name=\"author\" content=\"Cope Alcoy\" \/>\n<meta name=\"twitter:label1\" content=\"Escrito por\" \/>\n\t<meta name=\"twitter:data1\" content=\"Cope Alcoy\" \/>\n\t<meta name=\"twitter:label2\" content=\"Tiempo de lectura\" \/>\n\t<meta name=\"twitter:data2\" content=\"1 minuto\" \/>\n<script type=\"application\/ld+json\" class=\"yoast-schema-graph\">{\"@context\":\"https:\\\/\\\/schema.org\",\"@graph\":[{\"@type\":\"Article\",\"@id\":\"https:\\\/\\\/www.copealcoy.es\\\/es\\\/el-pp-defiende-que-el-ayuntamiento-reclame-a-sanidad-los-datos-de-afectados-por-covid-19\\\/#article\",\"isPartOf\":{\"@id\":\"https:\\\/\\\/www.copealcoy.es\\\/es\\\/el-pp-defiende-que-el-ayuntamiento-reclame-a-sanidad-los-datos-de-afectados-por-covid-19\\\/\"},\"author\":{\"name\":\"Cope Alcoy\",\"@id\":\"https:\\\/\\\/www.copealcoy.es\\\/es\\\/#\\\/schema\\\/person\\\/e777c87fa024e57d40170af9df39882c\"},\"headline\":\"El PP defiende que el Ayuntamiento reclame a Sanidad los datos de afectados por Covid 19\",\"datePublished\":\"2020-04-27T16:09:12+00:00\",\"mainEntityOfPage\":{\"@id\":\"https:\\\/\\\/www.copealcoy.es\\\/es\\\/el-pp-defiende-que-el-ayuntamiento-reclame-a-sanidad-los-datos-de-afectados-por-covid-19\\\/\"},\"wordCount\":204,\"commentCount\":0,\"image\":{\"@id\":\"https:\\\/\\\/www.copealcoy.es\\\/es\\\/el-pp-defiende-que-el-ayuntamiento-reclame-a-sanidad-los-datos-de-afectados-por-covid-19\\\/#primaryimage\"},\"thumbnailUrl\":\"https:\\\/\\\/www.copealcoy.es\\\/wp-content\\\/uploads\\\/2019\\\/09\\\/IMG_1220-1-scaled.jpg\",\"keywords\":[\"afectados\",\"Ayuntamiento\",\"Conselleria de Sanidad\",\"Covid-19\",\"datos\",\"Partido Popular\",\"Quique Ruiz\"],\"articleSection\":[\"Alcoy\",\"Noticias\",\"Pol\u00edtica y Econom\u00eda\"],\"inLanguage\":\"es\"},{\"@type\":\"WebPage\",\"@id\":\"https:\\\/\\\/www.copealcoy.es\\\/es\\\/el-pp-defiende-que-el-ayuntamiento-reclame-a-sanidad-los-datos-de-afectados-por-covid-19\\\/\",\"url\":\"https:\\\/\\\/www.copealcoy.es\\\/es\\\/el-pp-defiende-que-el-ayuntamiento-reclame-a-sanidad-los-datos-de-afectados-por-covid-19\\\/\",\"name\":\"El PP defiende que el Ayuntamiento reclame a Sanidad los datos de afectados por Covid 19 - COPE Alcoy\",\"isPartOf\":{\"@id\":\"https:\\\/\\\/www.copealcoy.es\\\/es\\\/#website\"},\"primaryImageOfPage\":{\"@id\":\"https:\\\/\\\/www.copealcoy.es\\\/es\\\/el-pp-defiende-que-el-ayuntamiento-reclame-a-sanidad-los-datos-de-afectados-por-covid-19\\\/#primaryimage\"},\"image\":{\"@id\":\"https:\\\/\\\/www.copealcoy.es\\\/es\\\/el-pp-defiende-que-el-ayuntamiento-reclame-a-sanidad-los-datos-de-afectados-por-covid-19\\\/#primaryimage\"},\"thumbnailUrl\":\"https:\\\/\\\/www.copealcoy.es\\\/wp-content\\\/uploads\\\/2019\\\/09\\\/IMG_1220-1-scaled.jpg\",\"datePublished\":\"2020-04-27T16:09:12+00:00\",\"author\":{\"@id\":\"https:\\\/\\\/www.copealcoy.es\\\/es\\\/#\\\/schema\\\/person\\\/e777c87fa024e57d40170af9df39882c\"},\"breadcrumb\":{\"@id\":\"https:\\\/\\\/www.copealcoy.es\\\/es\\\/el-pp-defiende-que-el-ayuntamiento-reclame-a-sanidad-los-datos-de-afectados-por-covid-19\\\/#breadcrumb\"},\"inLanguage\":\"es\",\"potentialAction\":[{\"@type\":\"ReadAction\",\"target\":[\"https:\\\/\\\/www.copealcoy.es\\\/es\\\/el-pp-defiende-que-el-ayuntamiento-reclame-a-sanidad-los-datos-de-afectados-por-covid-19\\\/\"]}]},{\"@type\":\"ImageObject\",\"inLanguage\":\"es\",\"@id\":\"https:\\\/\\\/www.copealcoy.es\\\/es\\\/el-pp-defiende-que-el-ayuntamiento-reclame-a-sanidad-los-datos-de-afectados-por-covid-19\\\/#primaryimage\",\"url\":\"https:\\\/\\\/www.copealcoy.es\\\/wp-content\\\/uploads\\\/2019\\\/09\\\/IMG_1220-1-scaled.jpg\",\"contentUrl\":\"https:\\\/\\\/www.copealcoy.es\\\/wp-content\\\/uploads\\\/2019\\\/09\\\/IMG_1220-1-scaled.jpg\",\"width\":2560,\"height\":1920,\"caption\":\"Quique Ruiz es el portavoz del Partido Popular \\\/ Foto: G.Pascual\"},{\"@type\":\"BreadcrumbList\",\"@id\":\"https:\\\/\\\/www.copealcoy.es\\\/es\\\/el-pp-defiende-que-el-ayuntamiento-reclame-a-sanidad-los-datos-de-afectados-por-covid-19\\\/#breadcrumb\",\"itemListElement\":[{\"@type\":\"ListItem\",\"position\":1,\"name\":\"Portada\",\"item\":\"https:\\\/\\\/www.copealcoy.es\\\/es\\\/\"},{\"@type\":\"ListItem\",\"position\":2,\"name\":\"El PP defiende que el Ayuntamiento reclame a Sanidad los datos de afectados por Covid 19\"}]},{\"@type\":\"WebSite\",\"@id\":\"https:\\\/\\\/www.copealcoy.es\\\/es\\\/#website\",\"url\":\"https:\\\/\\\/www.copealcoy.es\\\/es\\\/\",\"name\":\"COPE Alcoy\",\"description\":\"Emisora COPE de radio local con emisi\u00f3n online. Pont de Sant Jordi 8-10 03803 Alcoy\",\"potentialAction\":[{\"@type\":\"SearchAction\",\"target\":{\"@type\":\"EntryPoint\",\"urlTemplate\":\"https:\\\/\\\/www.copealcoy.es\\\/es\\\/?s={search_term_string}\"},\"query-input\":{\"@type\":\"PropertyValueSpecification\",\"valueRequired\":true,\"valueName\":\"search_term_string\"}}],\"inLanguage\":\"es\"},{\"@type\":\"Person\",\"@id\":\"https:\\\/\\\/www.copealcoy.es\\\/es\\\/#\\\/schema\\\/person\\\/e777c87fa024e57d40170af9df39882c\",\"name\":\"Cope Alcoy\",\"image\":{\"@type\":\"ImageObject\",\"inLanguage\":\"es\",\"@id\":\"https:\\\/\\\/secure.gravatar.com\\\/avatar\\\/bb65d0283347e303893ba14f0692005417c1e0e690a325a4c5d8bb2b3943ee14?s=96&d=mm&r=g\",\"url\":\"https:\\\/\\\/secure.gravatar.com\\\/avatar\\\/bb65d0283347e303893ba14f0692005417c1e0e690a325a4c5d8bb2b3943ee14?s=96&d=mm&r=g\",\"contentUrl\":\"https:\\\/\\\/secure.gravatar.com\\\/avatar\\\/bb65d0283347e303893ba14f0692005417c1e0e690a325a4c5d8bb2b3943ee14?s=96&d=mm&r=g\",\"caption\":\"Cope Alcoy\"}}]}<\/script>\n<!-- \/ Yoast SEO plugin. -->","yoast_head_json":{"title":"El PP defiende que el Ayuntamiento reclame a Sanidad los datos de afectados por Covid 19 - COPE Alcoy","robots":{"index":"index","follow":"follow","max-snippet":"max-snippet:-1","max-image-preview":"max-image-preview:large","max-video-preview":"max-video-preview:-1"},"canonical":"https:\/\/www.copealcoy.es\/es\/el-pp-defiende-que-el-ayuntamiento-reclame-a-sanidad-los-datos-de-afectados-por-covid-19\/","og_locale":"es_ES","og_type":"article","og_title":"El PP defiende que el Ayuntamiento reclame a Sanidad los datos de afectados por Covid 19 - COPE Alcoy","og_description":"El Partido Popular de Alcoy propone un acuerdo con todos los grupos pol\u00edticos para que el Ayuntamiento reclame a la...","og_url":"https:\/\/www.copealcoy.es\/es\/el-pp-defiende-que-el-ayuntamiento-reclame-a-sanidad-los-datos-de-afectados-por-covid-19\/","og_site_name":"COPE Alcoy","article_published_time":"2020-04-27T16:09:12+00:00","og_image":[{"width":2560,"height":1920,"url":"https:\/\/www.copealcoy.es\/wp-content\/uploads\/2019\/09\/IMG_1220-1-scaled.jpg","type":"image\/jpeg"}],"author":"Cope Alcoy","twitter_misc":{"Escrito por":"Cope Alcoy","Tiempo de lectura":"1 minuto"},"schema":{"@context":"https:\/\/schema.org","@graph":[{"@type":"Article","@id":"https:\/\/www.copealcoy.es\/es\/el-pp-defiende-que-el-ayuntamiento-reclame-a-sanidad-los-datos-de-afectados-por-covid-19\/#article","isPartOf":{"@id":"https:\/\/www.copealcoy.es\/es\/el-pp-defiende-que-el-ayuntamiento-reclame-a-sanidad-los-datos-de-afectados-por-covid-19\/"},"author":{"name":"Cope Alcoy","@id":"https:\/\/www.copealcoy.es\/es\/#\/schema\/person\/e777c87fa024e57d40170af9df39882c"},"headline":"El PP defiende que el Ayuntamiento reclame a Sanidad los datos de afectados por Covid 19","datePublished":"2020-04-27T16:09:12+00:00","mainEntityOfPage":{"@id":"https:\/\/www.copealcoy.es\/es\/el-pp-defiende-que-el-ayuntamiento-reclame-a-sanidad-los-datos-de-afectados-por-covid-19\/"},"wordCount":204,"commentCount":0,"image":{"@id":"https:\/\/www.copealcoy.es\/es\/el-pp-defiende-que-el-ayuntamiento-reclame-a-sanidad-los-datos-de-afectados-por-covid-19\/#primaryimage"},"thumbnailUrl":"https:\/\/www.copealcoy.es\/wp-content\/uploads\/2019\/09\/IMG_1220-1-scaled.jpg","keywords":["afectados","Ayuntamiento","Conselleria de Sanidad","Covid-19","datos","Partido Popular","Quique Ruiz"],"articleSection":["Alcoy","Noticias","Pol\u00edtica y Econom\u00eda"],"inLanguage":"es"},{"@type":"WebPage","@id":"https:\/\/www.copealcoy.es\/es\/el-pp-defiende-que-el-ayuntamiento-reclame-a-sanidad-los-datos-de-afectados-por-covid-19\/","url":"https:\/\/www.copealcoy.es\/es\/el-pp-defiende-que-el-ayuntamiento-reclame-a-sanidad-los-datos-de-afectados-por-covid-19\/","name":"El PP defiende que el Ayuntamiento reclame a Sanidad los datos de afectados por Covid 19 - COPE Alcoy","isPartOf":{"@id":"https:\/\/www.copealcoy.es\/es\/#website"},"primaryImageOfPage":{"@id":"https:\/\/www.copealcoy.es\/es\/el-pp-defiende-que-el-ayuntamiento-reclame-a-sanidad-los-datos-de-afectados-por-covid-19\/#primaryimage"},"image":{"@id":"https:\/\/www.copealcoy.es\/es\/el-pp-defiende-que-el-ayuntamiento-reclame-a-sanidad-los-datos-de-afectados-por-covid-19\/#primaryimage"},"thumbnailUrl":"https:\/\/www.copealcoy.es\/wp-content\/uploads\/2019\/09\/IMG_1220-1-scaled.jpg","datePublished":"2020-04-27T16:09:12+00:00","author":{"@id":"https:\/\/www.copealcoy.es\/es\/#\/schema\/person\/e777c87fa024e57d40170af9df39882c"},"breadcrumb":{"@id":"https:\/\/www.copealcoy.es\/es\/el-pp-defiende-que-el-ayuntamiento-reclame-a-sanidad-los-datos-de-afectados-por-covid-19\/#breadcrumb"},"inLanguage":"es","potentialAction":[{"@type":"ReadAction","target":["https:\/\/www.copealcoy.es\/es\/el-pp-defiende-que-el-ayuntamiento-reclame-a-sanidad-los-datos-de-afectados-por-covid-19\/"]}]},{"@type":"ImageObject","inLanguage":"es","@id":"https:\/\/www.copealcoy.es\/es\/el-pp-defiende-que-el-ayuntamiento-reclame-a-sanidad-los-datos-de-afectados-por-covid-19\/#primaryimage","url":"https:\/\/www.copealcoy.es\/wp-content\/uploads\/2019\/09\/IMG_1220-1-scaled.jpg","contentUrl":"https:\/\/www.copealcoy.es\/wp-content\/uploads\/2019\/09\/IMG_1220-1-scaled.jpg","width":2560,"height":1920,"caption":"Quique Ruiz es el portavoz del Partido Popular \/ Foto: G.Pascual"},{"@type":"BreadcrumbList","@id":"https:\/\/www.copealcoy.es\/es\/el-pp-defiende-que-el-ayuntamiento-reclame-a-sanidad-los-datos-de-afectados-por-covid-19\/#breadcrumb","itemListElement":[{"@type":"ListItem","position":1,"name":"Portada","item":"https:\/\/www.copealcoy.es\/es\/"},{"@type":"ListItem","position":2,"name":"El PP defiende que el Ayuntamiento reclame a Sanidad los datos de afectados por Covid 19"}]},{"@type":"WebSite","@id":"https:\/\/www.copealcoy.es\/es\/#website","url":"https:\/\/www.copealcoy.es\/es\/","name":"COPE Alcoy","description":"Emisora COPE de radio local con emisi\u00f3n online. Pont de Sant Jordi 8-10 03803 Alcoy","potentialAction":[{"@type":"SearchAction","target":{"@type":"EntryPoint","urlTemplate":"https:\/\/www.copealcoy.es\/es\/?s={search_term_string}"},"query-input":{"@type":"PropertyValueSpecification","valueRequired":true,"valueName":"search_term_string"}}],"inLanguage":"es"},{"@type":"Person","@id":"https:\/\/www.copealcoy.es\/es\/#\/schema\/person\/e777c87fa024e57d40170af9df39882c","name":"Cope Alcoy","image":{"@type":"ImageObject","inLanguage":"es","@id":"https:\/\/secure.gravatar.com\/avatar\/bb65d0283347e303893ba14f0692005417c1e0e690a325a4c5d8bb2b3943ee14?s=96&d=mm&r=g","url":"https:\/\/secure.gravatar.com\/avatar\/bb65d0283347e303893ba14f0692005417c1e0e690a325a4c5d8bb2b3943ee14?s=96&d=mm&r=g","contentUrl":"https:\/\/secure.gravatar.com\/avatar\/bb65d0283347e303893ba14f0692005417c1e0e690a325a4c5d8bb2b3943ee14?s=96&d=mm&r=g","caption":"Cope Alcoy"}}]}},"_links":{"self":[{"href":"https:\/\/www.copealcoy.es\/es\/wp-json\/wp\/v2\/posts\/62184","targetHints":{"allow":["GET"]}}],"collection":[{"href":"https:\/\/www.copealcoy.es\/es\/wp-json\/wp\/v2\/posts"}],"about":[{"href":"https:\/\/www.copealcoy.es\/es\/wp-json\/wp\/v2\/types\/post"}],"author":[{"embeddable":true,"href":"https:\/\/www.copealcoy.es\/es\/wp-json\/wp\/v2\/users\/1"}],"replies":[{"embeddable":true,"href":"https:\/\/www.copealcoy.es\/es\/wp-json\/wp\/v2\/comments?post=62184"}],"version-history":[{"count":0,"href":"https:\/\/www.copealcoy.es\/es\/wp-json\/wp\/v2\/posts\/62184\/revisions"}],"wp:featuredmedia":[{"embeddable":true,"href":"https:\/\/www.copealcoy.es\/es\/wp-json\/wp\/v2\/media\/55289"}],"wp:attachment":[{"href":"https:\/\/www.copealcoy.es\/es\/wp-json\/wp\/v2\/media?parent=62184"}],"wp:term":[{"taxonomy":"category","embeddable":true,"href":"https:\/\/www.copealcoy.es\/es\/wp-json\/wp\/v2\/categories?post=62184"},{"taxonomy":"post_tag","embeddable":true,"href":"https:\/\/www.copealcoy.es\/es\/wp-json\/wp\/v2\/tags?post=62184"}],"curies":[{"name":"wp","href":"https:\/\/api.w.org\/{rel}","templated":true}]}}