{"id":62085,"date":"2020-04-23T16:21:13","date_gmt":"2020-04-23T16:21:13","guid":{"rendered":"https:\/\/www.copealcoy.es\/?p=62085"},"modified":"2020-04-23T16:21:13","modified_gmt":"2020-04-23T16:21:13","slug":"alcoy-rinde-homenaje-a-san-jorge-en-el-dia-de-su-festividad","status":"publish","type":"post","link":"https:\/\/www.copealcoy.es\/es\/alcoy-rinde-homenaje-a-san-jorge-en-el-dia-de-su-festividad\/","title":{"rendered":"Alcoy rinde homenaje a San Jorge en el d\u00eda de su festividad"},"content":{"rendered":"<p style=\"text-align: justify;\">Alcoy <strong>ha rendido homenaje a San Jorge<\/strong>, en el d\u00eda de su festividad, con <strong>diferentes iniciativas<\/strong> entre las que ha destacado <strong>la celebraci\u00f3n de la Eucarist\u00eda<\/strong> a las 10 de la ma\u00f1ana en la iglesia del patr\u00f3n. La misma <strong>ha tenido lugar a puerta cerrada<\/strong> y se ha emitido por <strong>las redes sociales de la Asociaci\u00f3n de San Jorge, la televisi\u00f3n comarcal TVA y Cope Alcoy<\/strong>. Adem\u00e1s la tele comarcal <strong>emitir\u00e1 a las 19.00h la eucarist\u00eda de nuevo<\/strong> y a las 12:00h <strong>han sonado con fuerza las campanas de todas las iglesias<\/strong> de la ciudad recordando as\u00ed que <strong>hoy es un d\u00eda especial<\/strong> para las alcoyanas y los alcoyanos.<\/p>\n<p style=\"text-align: justify;\">Indicar <strong>que el 23 de abril de este a\u00f1o<\/strong> no estaba contemplado como festivo <strong>debido a que la trilog\u00eda festera<\/strong>, suspendida por la crisis del Coronavirus, iba a celebrarse entre el 25 y el 27 de abril.<\/p>\n","protected":false},"excerpt":{"rendered":"<p>Alcoy ha rendido homenaje a San Jorge, en el d\u00eda de su festividad, con diferentes iniciativas entre las que ha&#8230;<\/p>\n","protected":false},"author":1,"featured_media":62086,"comment_status":"open","ping_status":"open","sticky":false,"template":"","format":"standard","meta":{"footnotes":""},"categories":[97,78,75],"tags":[7517,1494,7281,7315,6997,901,126,876],"class_list":["post-62085","post","type-post","status-publish","format-standard","has-post-thumbnail","hentry","category-alcoy","category-fiestaycultura","category-noticias","tag-23-de-abril","tag-alcoy","tag-coronavirus","tag-crisis","tag-festividad","tag-homenaje","tag-patron","tag-san-jorge"],"yoast_head":"<!-- This site is optimized with the Yoast SEO plugin v27.3 - https:\/\/yoast.com\/product\/yoast-seo-wordpress\/ -->\n<title>Alcoy rinde homenaje a San Jorge en el d\u00eda de su festividad - COPE Alcoy<\/title>\n<meta name=\"robots\" content=\"index, follow, max-snippet:-1, max-image-preview:large, max-video-preview:-1\" \/>\n<link rel=\"canonical\" href=\"https:\/\/www.copealcoy.es\/es\/alcoy-rinde-homenaje-a-san-jorge-en-el-dia-de-su-festividad\/\" \/>\n<meta property=\"og:locale\" content=\"es_ES\" \/>\n<meta property=\"og:type\" content=\"article\" \/>\n<meta property=\"og:title\" content=\"Alcoy rinde homenaje a San Jorge en el d\u00eda de su festividad - COPE Alcoy\" \/>\n<meta property=\"og:description\" content=\"Alcoy ha rendido homenaje a San Jorge, en el d\u00eda de su festividad, con diferentes iniciativas entre las que ha...\" \/>\n<meta property=\"og:url\" content=\"https:\/\/www.copealcoy.es\/es\/alcoy-rinde-homenaje-a-san-jorge-en-el-dia-de-su-festividad\/\" \/>\n<meta property=\"og:site_name\" content=\"COPE Alcoy\" \/>\n<meta property=\"article:published_time\" content=\"2020-04-23T16:21:13+00:00\" \/>\n<meta property=\"og:image\" content=\"https:\/\/www.copealcoy.es\/wp-content\/uploads\/2020\/04\/Captura-de-pantalla-2020-04-23-a-las-18.16.32-1.jpg\" \/>\n\t<meta property=\"og:image:width\" content=\"705\" \/>\n\t<meta property=\"og:image:height\" content=\"396\" \/>\n\t<meta property=\"og:image:type\" content=\"image\/jpeg\" \/>\n<meta name=\"author\" content=\"Cope Alcoy\" \/>\n<meta name=\"twitter:label1\" content=\"Escrito por\" \/>\n\t<meta name=\"twitter:data1\" content=\"Cope Alcoy\" \/>\n\t<meta name=\"twitter:label2\" content=\"Tiempo de lectura\" \/>\n\t<meta name=\"twitter:data2\" content=\"1 minuto\" \/>\n<script type=\"application\/ld+json\" class=\"yoast-schema-graph\">{\"@context\":\"https:\\\/\\\/schema.org\",\"@graph\":[{\"@type\":\"Article\",\"@id\":\"https:\\\/\\\/www.copealcoy.es\\\/es\\\/alcoy-rinde-homenaje-a-san-jorge-en-el-dia-de-su-festividad\\\/#article\",\"isPartOf\":{\"@id\":\"https:\\\/\\\/www.copealcoy.es\\\/es\\\/alcoy-rinde-homenaje-a-san-jorge-en-el-dia-de-su-festividad\\\/\"},\"author\":{\"name\":\"Cope Alcoy\",\"@id\":\"https:\\\/\\\/www.copealcoy.es\\\/es\\\/#\\\/schema\\\/person\\\/e777c87fa024e57d40170af9df39882c\"},\"headline\":\"Alcoy rinde homenaje a San Jorge en el d\u00eda de su festividad\",\"datePublished\":\"2020-04-23T16:21:13+00:00\",\"mainEntityOfPage\":{\"@id\":\"https:\\\/\\\/www.copealcoy.es\\\/es\\\/alcoy-rinde-homenaje-a-san-jorge-en-el-dia-de-su-festividad\\\/\"},\"wordCount\":167,\"commentCount\":0,\"image\":{\"@id\":\"https:\\\/\\\/www.copealcoy.es\\\/es\\\/alcoy-rinde-homenaje-a-san-jorge-en-el-dia-de-su-festividad\\\/#primaryimage\"},\"thumbnailUrl\":\"https:\\\/\\\/www.copealcoy.es\\\/wp-content\\\/uploads\\\/2020\\\/04\\\/Captura-de-pantalla-2020-04-23-a-las-18.16.32-1.jpg\",\"keywords\":[\"23 de abril\",\"Alcoy\",\"Coronavirus\",\"crisis\",\"festividad\",\"Homenaje\",\"patr\u00f3n\",\"San Jorge\"],\"articleSection\":[\"Alcoy\",\"Fiesta y Cultura\",\"Noticias\"],\"inLanguage\":\"es\"},{\"@type\":\"WebPage\",\"@id\":\"https:\\\/\\\/www.copealcoy.es\\\/es\\\/alcoy-rinde-homenaje-a-san-jorge-en-el-dia-de-su-festividad\\\/\",\"url\":\"https:\\\/\\\/www.copealcoy.es\\\/es\\\/alcoy-rinde-homenaje-a-san-jorge-en-el-dia-de-su-festividad\\\/\",\"name\":\"Alcoy rinde homenaje a San Jorge en el d\u00eda de su festividad - COPE Alcoy\",\"isPartOf\":{\"@id\":\"https:\\\/\\\/www.copealcoy.es\\\/es\\\/#website\"},\"primaryImageOfPage\":{\"@id\":\"https:\\\/\\\/www.copealcoy.es\\\/es\\\/alcoy-rinde-homenaje-a-san-jorge-en-el-dia-de-su-festividad\\\/#primaryimage\"},\"image\":{\"@id\":\"https:\\\/\\\/www.copealcoy.es\\\/es\\\/alcoy-rinde-homenaje-a-san-jorge-en-el-dia-de-su-festividad\\\/#primaryimage\"},\"thumbnailUrl\":\"https:\\\/\\\/www.copealcoy.es\\\/wp-content\\\/uploads\\\/2020\\\/04\\\/Captura-de-pantalla-2020-04-23-a-las-18.16.32-1.jpg\",\"datePublished\":\"2020-04-23T16:21:13+00:00\",\"author\":{\"@id\":\"https:\\\/\\\/www.copealcoy.es\\\/es\\\/#\\\/schema\\\/person\\\/e777c87fa024e57d40170af9df39882c\"},\"breadcrumb\":{\"@id\":\"https:\\\/\\\/www.copealcoy.es\\\/es\\\/alcoy-rinde-homenaje-a-san-jorge-en-el-dia-de-su-festividad\\\/#breadcrumb\"},\"inLanguage\":\"es\",\"potentialAction\":[{\"@type\":\"ReadAction\",\"target\":[\"https:\\\/\\\/www.copealcoy.es\\\/es\\\/alcoy-rinde-homenaje-a-san-jorge-en-el-dia-de-su-festividad\\\/\"]}]},{\"@type\":\"ImageObject\",\"inLanguage\":\"es\",\"@id\":\"https:\\\/\\\/www.copealcoy.es\\\/es\\\/alcoy-rinde-homenaje-a-san-jorge-en-el-dia-de-su-festividad\\\/#primaryimage\",\"url\":\"https:\\\/\\\/www.copealcoy.es\\\/wp-content\\\/uploads\\\/2020\\\/04\\\/Captura-de-pantalla-2020-04-23-a-las-18.16.32-1.jpg\",\"contentUrl\":\"https:\\\/\\\/www.copealcoy.es\\\/wp-content\\\/uploads\\\/2020\\\/04\\\/Captura-de-pantalla-2020-04-23-a-las-18.16.32-1.jpg\",\"width\":705,\"height\":396,\"caption\":\"La iglesia de San Jorge ha acogido la misa en honor al patr\u00f3n\"},{\"@type\":\"BreadcrumbList\",\"@id\":\"https:\\\/\\\/www.copealcoy.es\\\/es\\\/alcoy-rinde-homenaje-a-san-jorge-en-el-dia-de-su-festividad\\\/#breadcrumb\",\"itemListElement\":[{\"@type\":\"ListItem\",\"position\":1,\"name\":\"Portada\",\"item\":\"https:\\\/\\\/www.copealcoy.es\\\/es\\\/\"},{\"@type\":\"ListItem\",\"position\":2,\"name\":\"Alcoy rinde homenaje a San Jorge en el d\u00eda de su festividad\"}]},{\"@type\":\"WebSite\",\"@id\":\"https:\\\/\\\/www.copealcoy.es\\\/es\\\/#website\",\"url\":\"https:\\\/\\\/www.copealcoy.es\\\/es\\\/\",\"name\":\"COPE Alcoy\",\"description\":\"Emisora COPE de radio local con emisi\u00f3n online. Pont de Sant Jordi 8-10 03803 Alcoy\",\"potentialAction\":[{\"@type\":\"SearchAction\",\"target\":{\"@type\":\"EntryPoint\",\"urlTemplate\":\"https:\\\/\\\/www.copealcoy.es\\\/es\\\/?s={search_term_string}\"},\"query-input\":{\"@type\":\"PropertyValueSpecification\",\"valueRequired\":true,\"valueName\":\"search_term_string\"}}],\"inLanguage\":\"es\"},{\"@type\":\"Person\",\"@id\":\"https:\\\/\\\/www.copealcoy.es\\\/es\\\/#\\\/schema\\\/person\\\/e777c87fa024e57d40170af9df39882c\",\"name\":\"Cope Alcoy\",\"image\":{\"@type\":\"ImageObject\",\"inLanguage\":\"es\",\"@id\":\"https:\\\/\\\/secure.gravatar.com\\\/avatar\\\/bb65d0283347e303893ba14f0692005417c1e0e690a325a4c5d8bb2b3943ee14?s=96&d=mm&r=g\",\"url\":\"https:\\\/\\\/secure.gravatar.com\\\/avatar\\\/bb65d0283347e303893ba14f0692005417c1e0e690a325a4c5d8bb2b3943ee14?s=96&d=mm&r=g\",\"contentUrl\":\"https:\\\/\\\/secure.gravatar.com\\\/avatar\\\/bb65d0283347e303893ba14f0692005417c1e0e690a325a4c5d8bb2b3943ee14?s=96&d=mm&r=g\",\"caption\":\"Cope Alcoy\"}}]}<\/script>\n<!-- \/ Yoast SEO plugin. -->","yoast_head_json":{"title":"Alcoy rinde homenaje a San Jorge en el d\u00eda de su festividad - COPE Alcoy","robots":{"index":"index","follow":"follow","max-snippet":"max-snippet:-1","max-image-preview":"max-image-preview:large","max-video-preview":"max-video-preview:-1"},"canonical":"https:\/\/www.copealcoy.es\/es\/alcoy-rinde-homenaje-a-san-jorge-en-el-dia-de-su-festividad\/","og_locale":"es_ES","og_type":"article","og_title":"Alcoy rinde homenaje a San Jorge en el d\u00eda de su festividad - COPE Alcoy","og_description":"Alcoy ha rendido homenaje a San Jorge, en el d\u00eda de su festividad, con diferentes iniciativas entre las que ha...","og_url":"https:\/\/www.copealcoy.es\/es\/alcoy-rinde-homenaje-a-san-jorge-en-el-dia-de-su-festividad\/","og_site_name":"COPE Alcoy","article_published_time":"2020-04-23T16:21:13+00:00","og_image":[{"width":705,"height":396,"url":"https:\/\/www.copealcoy.es\/wp-content\/uploads\/2020\/04\/Captura-de-pantalla-2020-04-23-a-las-18.16.32-1.jpg","type":"image\/jpeg"}],"author":"Cope Alcoy","twitter_misc":{"Escrito por":"Cope Alcoy","Tiempo de lectura":"1 minuto"},"schema":{"@context":"https:\/\/schema.org","@graph":[{"@type":"Article","@id":"https:\/\/www.copealcoy.es\/es\/alcoy-rinde-homenaje-a-san-jorge-en-el-dia-de-su-festividad\/#article","isPartOf":{"@id":"https:\/\/www.copealcoy.es\/es\/alcoy-rinde-homenaje-a-san-jorge-en-el-dia-de-su-festividad\/"},"author":{"name":"Cope Alcoy","@id":"https:\/\/www.copealcoy.es\/es\/#\/schema\/person\/e777c87fa024e57d40170af9df39882c"},"headline":"Alcoy rinde homenaje a San Jorge en el d\u00eda de su festividad","datePublished":"2020-04-23T16:21:13+00:00","mainEntityOfPage":{"@id":"https:\/\/www.copealcoy.es\/es\/alcoy-rinde-homenaje-a-san-jorge-en-el-dia-de-su-festividad\/"},"wordCount":167,"commentCount":0,"image":{"@id":"https:\/\/www.copealcoy.es\/es\/alcoy-rinde-homenaje-a-san-jorge-en-el-dia-de-su-festividad\/#primaryimage"},"thumbnailUrl":"https:\/\/www.copealcoy.es\/wp-content\/uploads\/2020\/04\/Captura-de-pantalla-2020-04-23-a-las-18.16.32-1.jpg","keywords":["23 de abril","Alcoy","Coronavirus","crisis","festividad","Homenaje","patr\u00f3n","San Jorge"],"articleSection":["Alcoy","Fiesta y Cultura","Noticias"],"inLanguage":"es"},{"@type":"WebPage","@id":"https:\/\/www.copealcoy.es\/es\/alcoy-rinde-homenaje-a-san-jorge-en-el-dia-de-su-festividad\/","url":"https:\/\/www.copealcoy.es\/es\/alcoy-rinde-homenaje-a-san-jorge-en-el-dia-de-su-festividad\/","name":"Alcoy rinde homenaje a San Jorge en el d\u00eda de su festividad - COPE Alcoy","isPartOf":{"@id":"https:\/\/www.copealcoy.es\/es\/#website"},"primaryImageOfPage":{"@id":"https:\/\/www.copealcoy.es\/es\/alcoy-rinde-homenaje-a-san-jorge-en-el-dia-de-su-festividad\/#primaryimage"},"image":{"@id":"https:\/\/www.copealcoy.es\/es\/alcoy-rinde-homenaje-a-san-jorge-en-el-dia-de-su-festividad\/#primaryimage"},"thumbnailUrl":"https:\/\/www.copealcoy.es\/wp-content\/uploads\/2020\/04\/Captura-de-pantalla-2020-04-23-a-las-18.16.32-1.jpg","datePublished":"2020-04-23T16:21:13+00:00","author":{"@id":"https:\/\/www.copealcoy.es\/es\/#\/schema\/person\/e777c87fa024e57d40170af9df39882c"},"breadcrumb":{"@id":"https:\/\/www.copealcoy.es\/es\/alcoy-rinde-homenaje-a-san-jorge-en-el-dia-de-su-festividad\/#breadcrumb"},"inLanguage":"es","potentialAction":[{"@type":"ReadAction","target":["https:\/\/www.copealcoy.es\/es\/alcoy-rinde-homenaje-a-san-jorge-en-el-dia-de-su-festividad\/"]}]},{"@type":"ImageObject","inLanguage":"es","@id":"https:\/\/www.copealcoy.es\/es\/alcoy-rinde-homenaje-a-san-jorge-en-el-dia-de-su-festividad\/#primaryimage","url":"https:\/\/www.copealcoy.es\/wp-content\/uploads\/2020\/04\/Captura-de-pantalla-2020-04-23-a-las-18.16.32-1.jpg","contentUrl":"https:\/\/www.copealcoy.es\/wp-content\/uploads\/2020\/04\/Captura-de-pantalla-2020-04-23-a-las-18.16.32-1.jpg","width":705,"height":396,"caption":"La iglesia de San Jorge ha acogido la misa en honor al patr\u00f3n"},{"@type":"BreadcrumbList","@id":"https:\/\/www.copealcoy.es\/es\/alcoy-rinde-homenaje-a-san-jorge-en-el-dia-de-su-festividad\/#breadcrumb","itemListElement":[{"@type":"ListItem","position":1,"name":"Portada","item":"https:\/\/www.copealcoy.es\/es\/"},{"@type":"ListItem","position":2,"name":"Alcoy rinde homenaje a San Jorge en el d\u00eda de su festividad"}]},{"@type":"WebSite","@id":"https:\/\/www.copealcoy.es\/es\/#website","url":"https:\/\/www.copealcoy.es\/es\/","name":"COPE Alcoy","description":"Emisora COPE de radio local con emisi\u00f3n online. Pont de Sant Jordi 8-10 03803 Alcoy","potentialAction":[{"@type":"SearchAction","target":{"@type":"EntryPoint","urlTemplate":"https:\/\/www.copealcoy.es\/es\/?s={search_term_string}"},"query-input":{"@type":"PropertyValueSpecification","valueRequired":true,"valueName":"search_term_string"}}],"inLanguage":"es"},{"@type":"Person","@id":"https:\/\/www.copealcoy.es\/es\/#\/schema\/person\/e777c87fa024e57d40170af9df39882c","name":"Cope Alcoy","image":{"@type":"ImageObject","inLanguage":"es","@id":"https:\/\/secure.gravatar.com\/avatar\/bb65d0283347e303893ba14f0692005417c1e0e690a325a4c5d8bb2b3943ee14?s=96&d=mm&r=g","url":"https:\/\/secure.gravatar.com\/avatar\/bb65d0283347e303893ba14f0692005417c1e0e690a325a4c5d8bb2b3943ee14?s=96&d=mm&r=g","contentUrl":"https:\/\/secure.gravatar.com\/avatar\/bb65d0283347e303893ba14f0692005417c1e0e690a325a4c5d8bb2b3943ee14?s=96&d=mm&r=g","caption":"Cope Alcoy"}}]}},"_links":{"self":[{"href":"https:\/\/www.copealcoy.es\/es\/wp-json\/wp\/v2\/posts\/62085","targetHints":{"allow":["GET"]}}],"collection":[{"href":"https:\/\/www.copealcoy.es\/es\/wp-json\/wp\/v2\/posts"}],"about":[{"href":"https:\/\/www.copealcoy.es\/es\/wp-json\/wp\/v2\/types\/post"}],"author":[{"embeddable":true,"href":"https:\/\/www.copealcoy.es\/es\/wp-json\/wp\/v2\/users\/1"}],"replies":[{"embeddable":true,"href":"https:\/\/www.copealcoy.es\/es\/wp-json\/wp\/v2\/comments?post=62085"}],"version-history":[{"count":0,"href":"https:\/\/www.copealcoy.es\/es\/wp-json\/wp\/v2\/posts\/62085\/revisions"}],"wp:featuredmedia":[{"embeddable":true,"href":"https:\/\/www.copealcoy.es\/es\/wp-json\/wp\/v2\/media\/62086"}],"wp:attachment":[{"href":"https:\/\/www.copealcoy.es\/es\/wp-json\/wp\/v2\/media?parent=62085"}],"wp:term":[{"taxonomy":"category","embeddable":true,"href":"https:\/\/www.copealcoy.es\/es\/wp-json\/wp\/v2\/categories?post=62085"},{"taxonomy":"post_tag","embeddable":true,"href":"https:\/\/www.copealcoy.es\/es\/wp-json\/wp\/v2\/tags?post=62085"}],"curies":[{"name":"wp","href":"https:\/\/api.w.org\/{rel}","templated":true}]}}