{"id":62015,"date":"2020-04-21T07:07:34","date_gmt":"2020-04-21T07:07:34","guid":{"rendered":"https:\/\/www.copealcoy.es\/?p=62015"},"modified":"2020-04-21T07:07:34","modified_gmt":"2020-04-21T07:07:34","slug":"ayuntamiento-y-asociacion-de-san-jorge-proponen-cantar-el-himno-de-fiestas-a-las-21h","status":"publish","type":"post","link":"https:\/\/www.copealcoy.es\/es\/ayuntamiento-y-asociacion-de-san-jorge-proponen-cantar-el-himno-de-fiestas-a-las-21h\/","title":{"rendered":"Ayuntamiento y Asociaci\u00f3n de San Jorge proponen cantar el Himno de Fiestas a las 21h"},"content":{"rendered":"<p style=\"text-align: justify;\">La <strong>Asociaci\u00f3n de San Jorge y el Ayuntamiento de Alcoy<\/strong> proponen que en este 21 de abril, a partir de las 21h, <strong>\u00a0toda la ciudadan\u00eda pueda cantar el Himno de Fiestas<\/strong> desde los balcones de cada casa. Ambas instituciones detallan que <strong>la iniciativa supondr\u00e1 un homenaje respetuoso a todas las personas que han fallecido<\/strong> a causa del Coronavirus as\u00ed como <strong>una muestra simb\u00f3lica de uni\u00f3n<\/strong> de todos los alcoyanos y alcoyanas en un gran coro.<\/p>\n<p style=\"text-align: justify;\">El Himno de Fiestas <strong>se podr\u00e1 escuchar por las emisoras de radio de la ciudad a las nueve de la noche<\/strong> y tan solo <strong>tendremos que poner nuestro receptor<\/strong> para salir al balc\u00f3n a cantar con fuerza. La idea es que <strong>con la uni\u00f3n de todos los barrios alcoyanos se forme un gran coro<\/strong> similar al que surge cada d\u00eda como el de hoy en La Bandeja &#8220;<em>el D\u00eda de los M\u00fasicos todos los alcoyanos y alcoyanas cantamos unidos el Himno de Fiestas, formamos un gran coro y este 21 de abril de 2020 tambi\u00e9n unidos formaremos un gran coro desde nuestros balcones contra el Coronavirus, porque unidos es como podremos salir de esta crisis. Esta acci\u00f3n que llevamos adelante desde la Asociaci\u00f3n de San Jorge y el Ayuntamiento de Alcoy, tambi\u00e9n queremos que sirva de homenaje a todas las personas que han muerto y que no pueden estar entre nosotros<\/em>&#8220;, explica la edil de Fiestas, <strong>Carol Ortiz<\/strong>.<\/p>\n<p style=\"text-align: justify;\">Indicar que <strong>en COPE ALCOY<\/strong> se podr\u00e1 escuchar el Himno de Fiestas a las 21h desde la radio (89.6 de la FM) y en www.copealcoy.es.<\/p>\n","protected":false},"excerpt":{"rendered":"<p>La Asociaci\u00f3n de San Jorge y el Ayuntamiento de Alcoy proponen que en este 21 de abril, a partir de&#8230;<\/p>\n","protected":false},"author":1,"featured_media":12506,"comment_status":"open","ping_status":"open","sticky":false,"template":"","format":"standard","meta":{"footnotes":""},"categories":[97,78,75],"tags":[1494,1771,229,6975,1045,2765,609],"class_list":["post-62015","post","type-post","status-publish","format-standard","has-post-thumbnail","hentry","category-alcoy","category-fiestaycultura","category-noticias","tag-alcoy","tag-asociacion-de-san-jorge","tag-ayuntamiento","tag-carol-ortiz","tag-cope-alcoy","tag-himno-de-fiestas","tag-moros-y-cristianos"],"yoast_head":"<!-- This site is optimized with the Yoast SEO plugin v27.3 - https:\/\/yoast.com\/product\/yoast-seo-wordpress\/ -->\n<title>Ayuntamiento y Asociaci\u00f3n de San Jorge proponen cantar el Himno de Fiestas a las 21h - COPE Alcoy<\/title>\n<meta name=\"robots\" content=\"index, follow, max-snippet:-1, max-image-preview:large, max-video-preview:-1\" \/>\n<link rel=\"canonical\" href=\"https:\/\/www.copealcoy.es\/es\/ayuntamiento-y-asociacion-de-san-jorge-proponen-cantar-el-himno-de-fiestas-a-las-21h\/\" \/>\n<meta property=\"og:locale\" content=\"es_ES\" \/>\n<meta property=\"og:type\" content=\"article\" \/>\n<meta property=\"og:title\" content=\"Ayuntamiento y Asociaci\u00f3n de San Jorge proponen cantar el Himno de Fiestas a las 21h - COPE Alcoy\" \/>\n<meta property=\"og:description\" content=\"La Asociaci\u00f3n de San Jorge y el Ayuntamiento de Alcoy proponen que en este 21 de abril, a partir de...\" \/>\n<meta property=\"og:url\" content=\"https:\/\/www.copealcoy.es\/es\/ayuntamiento-y-asociacion-de-san-jorge-proponen-cantar-el-himno-de-fiestas-a-las-21h\/\" \/>\n<meta property=\"og:site_name\" content=\"COPE Alcoy\" \/>\n<meta property=\"article:published_time\" content=\"2020-04-21T07:07:34+00:00\" \/>\n<meta property=\"og:image\" content=\"https:\/\/www.copealcoy.es\/wp-content\/uploads\/2015\/04\/radio-alcoy_20140502101146.jpg\" \/>\n\t<meta property=\"og:image:width\" content=\"800\" \/>\n\t<meta property=\"og:image:height\" content=\"533\" \/>\n\t<meta property=\"og:image:type\" content=\"image\/jpeg\" \/>\n<meta name=\"author\" content=\"Cope Alcoy\" \/>\n<meta name=\"twitter:label1\" content=\"Escrito por\" \/>\n\t<meta name=\"twitter:data1\" content=\"Cope Alcoy\" \/>\n\t<meta name=\"twitter:label2\" content=\"Tiempo de lectura\" \/>\n\t<meta name=\"twitter:data2\" content=\"1 minuto\" \/>\n<script type=\"application\/ld+json\" class=\"yoast-schema-graph\">{\"@context\":\"https:\\\/\\\/schema.org\",\"@graph\":[{\"@type\":\"Article\",\"@id\":\"https:\\\/\\\/www.copealcoy.es\\\/es\\\/ayuntamiento-y-asociacion-de-san-jorge-proponen-cantar-el-himno-de-fiestas-a-las-21h\\\/#article\",\"isPartOf\":{\"@id\":\"https:\\\/\\\/www.copealcoy.es\\\/es\\\/ayuntamiento-y-asociacion-de-san-jorge-proponen-cantar-el-himno-de-fiestas-a-las-21h\\\/\"},\"author\":{\"name\":\"Cope Alcoy\",\"@id\":\"https:\\\/\\\/www.copealcoy.es\\\/es\\\/#\\\/schema\\\/person\\\/e777c87fa024e57d40170af9df39882c\"},\"headline\":\"Ayuntamiento y Asociaci\u00f3n de San Jorge proponen cantar el Himno de Fiestas a las 21h\",\"datePublished\":\"2020-04-21T07:07:34+00:00\",\"mainEntityOfPage\":{\"@id\":\"https:\\\/\\\/www.copealcoy.es\\\/es\\\/ayuntamiento-y-asociacion-de-san-jorge-proponen-cantar-el-himno-de-fiestas-a-las-21h\\\/\"},\"wordCount\":285,\"commentCount\":0,\"image\":{\"@id\":\"https:\\\/\\\/www.copealcoy.es\\\/es\\\/ayuntamiento-y-asociacion-de-san-jorge-proponen-cantar-el-himno-de-fiestas-a-las-21h\\\/#primaryimage\"},\"thumbnailUrl\":\"https:\\\/\\\/www.copealcoy.es\\\/wp-content\\\/uploads\\\/2015\\\/04\\\/radio-alcoy_20140502101146.jpg\",\"keywords\":[\"Alcoy\",\"Asociaci\u00f3n de San Jorge\",\"Ayuntamiento\",\"Carol Ortiz\",\"Cope Alcoy\",\"Himno de Fiestas\",\"Moros Y Cristianos\"],\"articleSection\":[\"Alcoy\",\"Fiesta y Cultura\",\"Noticias\"],\"inLanguage\":\"es\"},{\"@type\":\"WebPage\",\"@id\":\"https:\\\/\\\/www.copealcoy.es\\\/es\\\/ayuntamiento-y-asociacion-de-san-jorge-proponen-cantar-el-himno-de-fiestas-a-las-21h\\\/\",\"url\":\"https:\\\/\\\/www.copealcoy.es\\\/es\\\/ayuntamiento-y-asociacion-de-san-jorge-proponen-cantar-el-himno-de-fiestas-a-las-21h\\\/\",\"name\":\"Ayuntamiento y Asociaci\u00f3n de San Jorge proponen cantar el Himno de Fiestas a las 21h - COPE Alcoy\",\"isPartOf\":{\"@id\":\"https:\\\/\\\/www.copealcoy.es\\\/es\\\/#website\"},\"primaryImageOfPage\":{\"@id\":\"https:\\\/\\\/www.copealcoy.es\\\/es\\\/ayuntamiento-y-asociacion-de-san-jorge-proponen-cantar-el-himno-de-fiestas-a-las-21h\\\/#primaryimage\"},\"image\":{\"@id\":\"https:\\\/\\\/www.copealcoy.es\\\/es\\\/ayuntamiento-y-asociacion-de-san-jorge-proponen-cantar-el-himno-de-fiestas-a-las-21h\\\/#primaryimage\"},\"thumbnailUrl\":\"https:\\\/\\\/www.copealcoy.es\\\/wp-content\\\/uploads\\\/2015\\\/04\\\/radio-alcoy_20140502101146.jpg\",\"datePublished\":\"2020-04-21T07:07:34+00:00\",\"author\":{\"@id\":\"https:\\\/\\\/www.copealcoy.es\\\/es\\\/#\\\/schema\\\/person\\\/e777c87fa024e57d40170af9df39882c\"},\"breadcrumb\":{\"@id\":\"https:\\\/\\\/www.copealcoy.es\\\/es\\\/ayuntamiento-y-asociacion-de-san-jorge-proponen-cantar-el-himno-de-fiestas-a-las-21h\\\/#breadcrumb\"},\"inLanguage\":\"es\",\"potentialAction\":[{\"@type\":\"ReadAction\",\"target\":[\"https:\\\/\\\/www.copealcoy.es\\\/es\\\/ayuntamiento-y-asociacion-de-san-jorge-proponen-cantar-el-himno-de-fiestas-a-las-21h\\\/\"]}]},{\"@type\":\"ImageObject\",\"inLanguage\":\"es\",\"@id\":\"https:\\\/\\\/www.copealcoy.es\\\/es\\\/ayuntamiento-y-asociacion-de-san-jorge-proponen-cantar-el-himno-de-fiestas-a-las-21h\\\/#primaryimage\",\"url\":\"https:\\\/\\\/www.copealcoy.es\\\/wp-content\\\/uploads\\\/2015\\\/04\\\/radio-alcoy_20140502101146.jpg\",\"contentUrl\":\"https:\\\/\\\/www.copealcoy.es\\\/wp-content\\\/uploads\\\/2015\\\/04\\\/radio-alcoy_20140502101146.jpg\",\"width\":800,\"height\":533,\"caption\":\"En 2014 el himno volvi\u00f3 a llenar por completo la Plaza de Espa\u00f1a Foto: Dani Grau\"},{\"@type\":\"BreadcrumbList\",\"@id\":\"https:\\\/\\\/www.copealcoy.es\\\/es\\\/ayuntamiento-y-asociacion-de-san-jorge-proponen-cantar-el-himno-de-fiestas-a-las-21h\\\/#breadcrumb\",\"itemListElement\":[{\"@type\":\"ListItem\",\"position\":1,\"name\":\"Portada\",\"item\":\"https:\\\/\\\/www.copealcoy.es\\\/es\\\/\"},{\"@type\":\"ListItem\",\"position\":2,\"name\":\"Ayuntamiento y Asociaci\u00f3n de San Jorge proponen cantar el Himno de Fiestas a las 21h\"}]},{\"@type\":\"WebSite\",\"@id\":\"https:\\\/\\\/www.copealcoy.es\\\/es\\\/#website\",\"url\":\"https:\\\/\\\/www.copealcoy.es\\\/es\\\/\",\"name\":\"COPE Alcoy\",\"description\":\"Emisora COPE de radio local con emisi\u00f3n online. Pont de Sant Jordi 8-10 03803 Alcoy\",\"potentialAction\":[{\"@type\":\"SearchAction\",\"target\":{\"@type\":\"EntryPoint\",\"urlTemplate\":\"https:\\\/\\\/www.copealcoy.es\\\/es\\\/?s={search_term_string}\"},\"query-input\":{\"@type\":\"PropertyValueSpecification\",\"valueRequired\":true,\"valueName\":\"search_term_string\"}}],\"inLanguage\":\"es\"},{\"@type\":\"Person\",\"@id\":\"https:\\\/\\\/www.copealcoy.es\\\/es\\\/#\\\/schema\\\/person\\\/e777c87fa024e57d40170af9df39882c\",\"name\":\"Cope Alcoy\",\"image\":{\"@type\":\"ImageObject\",\"inLanguage\":\"es\",\"@id\":\"https:\\\/\\\/secure.gravatar.com\\\/avatar\\\/bb65d0283347e303893ba14f0692005417c1e0e690a325a4c5d8bb2b3943ee14?s=96&d=mm&r=g\",\"url\":\"https:\\\/\\\/secure.gravatar.com\\\/avatar\\\/bb65d0283347e303893ba14f0692005417c1e0e690a325a4c5d8bb2b3943ee14?s=96&d=mm&r=g\",\"contentUrl\":\"https:\\\/\\\/secure.gravatar.com\\\/avatar\\\/bb65d0283347e303893ba14f0692005417c1e0e690a325a4c5d8bb2b3943ee14?s=96&d=mm&r=g\",\"caption\":\"Cope Alcoy\"}}]}<\/script>\n<!-- \/ Yoast SEO plugin. -->","yoast_head_json":{"title":"Ayuntamiento y Asociaci\u00f3n de San Jorge proponen cantar el Himno de Fiestas a las 21h - COPE Alcoy","robots":{"index":"index","follow":"follow","max-snippet":"max-snippet:-1","max-image-preview":"max-image-preview:large","max-video-preview":"max-video-preview:-1"},"canonical":"https:\/\/www.copealcoy.es\/es\/ayuntamiento-y-asociacion-de-san-jorge-proponen-cantar-el-himno-de-fiestas-a-las-21h\/","og_locale":"es_ES","og_type":"article","og_title":"Ayuntamiento y Asociaci\u00f3n de San Jorge proponen cantar el Himno de Fiestas a las 21h - COPE Alcoy","og_description":"La Asociaci\u00f3n de San Jorge y el Ayuntamiento de Alcoy proponen que en este 21 de abril, a partir de...","og_url":"https:\/\/www.copealcoy.es\/es\/ayuntamiento-y-asociacion-de-san-jorge-proponen-cantar-el-himno-de-fiestas-a-las-21h\/","og_site_name":"COPE Alcoy","article_published_time":"2020-04-21T07:07:34+00:00","og_image":[{"width":800,"height":533,"url":"https:\/\/www.copealcoy.es\/wp-content\/uploads\/2015\/04\/radio-alcoy_20140502101146.jpg","type":"image\/jpeg"}],"author":"Cope Alcoy","twitter_misc":{"Escrito por":"Cope Alcoy","Tiempo de lectura":"1 minuto"},"schema":{"@context":"https:\/\/schema.org","@graph":[{"@type":"Article","@id":"https:\/\/www.copealcoy.es\/es\/ayuntamiento-y-asociacion-de-san-jorge-proponen-cantar-el-himno-de-fiestas-a-las-21h\/#article","isPartOf":{"@id":"https:\/\/www.copealcoy.es\/es\/ayuntamiento-y-asociacion-de-san-jorge-proponen-cantar-el-himno-de-fiestas-a-las-21h\/"},"author":{"name":"Cope Alcoy","@id":"https:\/\/www.copealcoy.es\/es\/#\/schema\/person\/e777c87fa024e57d40170af9df39882c"},"headline":"Ayuntamiento y Asociaci\u00f3n de San Jorge proponen cantar el Himno de Fiestas a las 21h","datePublished":"2020-04-21T07:07:34+00:00","mainEntityOfPage":{"@id":"https:\/\/www.copealcoy.es\/es\/ayuntamiento-y-asociacion-de-san-jorge-proponen-cantar-el-himno-de-fiestas-a-las-21h\/"},"wordCount":285,"commentCount":0,"image":{"@id":"https:\/\/www.copealcoy.es\/es\/ayuntamiento-y-asociacion-de-san-jorge-proponen-cantar-el-himno-de-fiestas-a-las-21h\/#primaryimage"},"thumbnailUrl":"https:\/\/www.copealcoy.es\/wp-content\/uploads\/2015\/04\/radio-alcoy_20140502101146.jpg","keywords":["Alcoy","Asociaci\u00f3n de San Jorge","Ayuntamiento","Carol Ortiz","Cope Alcoy","Himno de Fiestas","Moros Y Cristianos"],"articleSection":["Alcoy","Fiesta y Cultura","Noticias"],"inLanguage":"es"},{"@type":"WebPage","@id":"https:\/\/www.copealcoy.es\/es\/ayuntamiento-y-asociacion-de-san-jorge-proponen-cantar-el-himno-de-fiestas-a-las-21h\/","url":"https:\/\/www.copealcoy.es\/es\/ayuntamiento-y-asociacion-de-san-jorge-proponen-cantar-el-himno-de-fiestas-a-las-21h\/","name":"Ayuntamiento y Asociaci\u00f3n de San Jorge proponen cantar el Himno de Fiestas a las 21h - COPE Alcoy","isPartOf":{"@id":"https:\/\/www.copealcoy.es\/es\/#website"},"primaryImageOfPage":{"@id":"https:\/\/www.copealcoy.es\/es\/ayuntamiento-y-asociacion-de-san-jorge-proponen-cantar-el-himno-de-fiestas-a-las-21h\/#primaryimage"},"image":{"@id":"https:\/\/www.copealcoy.es\/es\/ayuntamiento-y-asociacion-de-san-jorge-proponen-cantar-el-himno-de-fiestas-a-las-21h\/#primaryimage"},"thumbnailUrl":"https:\/\/www.copealcoy.es\/wp-content\/uploads\/2015\/04\/radio-alcoy_20140502101146.jpg","datePublished":"2020-04-21T07:07:34+00:00","author":{"@id":"https:\/\/www.copealcoy.es\/es\/#\/schema\/person\/e777c87fa024e57d40170af9df39882c"},"breadcrumb":{"@id":"https:\/\/www.copealcoy.es\/es\/ayuntamiento-y-asociacion-de-san-jorge-proponen-cantar-el-himno-de-fiestas-a-las-21h\/#breadcrumb"},"inLanguage":"es","potentialAction":[{"@type":"ReadAction","target":["https:\/\/www.copealcoy.es\/es\/ayuntamiento-y-asociacion-de-san-jorge-proponen-cantar-el-himno-de-fiestas-a-las-21h\/"]}]},{"@type":"ImageObject","inLanguage":"es","@id":"https:\/\/www.copealcoy.es\/es\/ayuntamiento-y-asociacion-de-san-jorge-proponen-cantar-el-himno-de-fiestas-a-las-21h\/#primaryimage","url":"https:\/\/www.copealcoy.es\/wp-content\/uploads\/2015\/04\/radio-alcoy_20140502101146.jpg","contentUrl":"https:\/\/www.copealcoy.es\/wp-content\/uploads\/2015\/04\/radio-alcoy_20140502101146.jpg","width":800,"height":533,"caption":"En 2014 el himno volvi\u00f3 a llenar por completo la Plaza de Espa\u00f1a Foto: Dani Grau"},{"@type":"BreadcrumbList","@id":"https:\/\/www.copealcoy.es\/es\/ayuntamiento-y-asociacion-de-san-jorge-proponen-cantar-el-himno-de-fiestas-a-las-21h\/#breadcrumb","itemListElement":[{"@type":"ListItem","position":1,"name":"Portada","item":"https:\/\/www.copealcoy.es\/es\/"},{"@type":"ListItem","position":2,"name":"Ayuntamiento y Asociaci\u00f3n de San Jorge proponen cantar el Himno de Fiestas a las 21h"}]},{"@type":"WebSite","@id":"https:\/\/www.copealcoy.es\/es\/#website","url":"https:\/\/www.copealcoy.es\/es\/","name":"COPE Alcoy","description":"Emisora COPE de radio local con emisi\u00f3n online. Pont de Sant Jordi 8-10 03803 Alcoy","potentialAction":[{"@type":"SearchAction","target":{"@type":"EntryPoint","urlTemplate":"https:\/\/www.copealcoy.es\/es\/?s={search_term_string}"},"query-input":{"@type":"PropertyValueSpecification","valueRequired":true,"valueName":"search_term_string"}}],"inLanguage":"es"},{"@type":"Person","@id":"https:\/\/www.copealcoy.es\/es\/#\/schema\/person\/e777c87fa024e57d40170af9df39882c","name":"Cope Alcoy","image":{"@type":"ImageObject","inLanguage":"es","@id":"https:\/\/secure.gravatar.com\/avatar\/bb65d0283347e303893ba14f0692005417c1e0e690a325a4c5d8bb2b3943ee14?s=96&d=mm&r=g","url":"https:\/\/secure.gravatar.com\/avatar\/bb65d0283347e303893ba14f0692005417c1e0e690a325a4c5d8bb2b3943ee14?s=96&d=mm&r=g","contentUrl":"https:\/\/secure.gravatar.com\/avatar\/bb65d0283347e303893ba14f0692005417c1e0e690a325a4c5d8bb2b3943ee14?s=96&d=mm&r=g","caption":"Cope Alcoy"}}]}},"_links":{"self":[{"href":"https:\/\/www.copealcoy.es\/es\/wp-json\/wp\/v2\/posts\/62015","targetHints":{"allow":["GET"]}}],"collection":[{"href":"https:\/\/www.copealcoy.es\/es\/wp-json\/wp\/v2\/posts"}],"about":[{"href":"https:\/\/www.copealcoy.es\/es\/wp-json\/wp\/v2\/types\/post"}],"author":[{"embeddable":true,"href":"https:\/\/www.copealcoy.es\/es\/wp-json\/wp\/v2\/users\/1"}],"replies":[{"embeddable":true,"href":"https:\/\/www.copealcoy.es\/es\/wp-json\/wp\/v2\/comments?post=62015"}],"version-history":[{"count":0,"href":"https:\/\/www.copealcoy.es\/es\/wp-json\/wp\/v2\/posts\/62015\/revisions"}],"wp:featuredmedia":[{"embeddable":true,"href":"https:\/\/www.copealcoy.es\/es\/wp-json\/wp\/v2\/media\/12506"}],"wp:attachment":[{"href":"https:\/\/www.copealcoy.es\/es\/wp-json\/wp\/v2\/media?parent=62015"}],"wp:term":[{"taxonomy":"category","embeddable":true,"href":"https:\/\/www.copealcoy.es\/es\/wp-json\/wp\/v2\/categories?post=62015"},{"taxonomy":"post_tag","embeddable":true,"href":"https:\/\/www.copealcoy.es\/es\/wp-json\/wp\/v2\/tags?post=62015"}],"curies":[{"name":"wp","href":"https:\/\/api.w.org\/{rel}","templated":true}]}}