{"id":61984,"date":"2020-04-20T12:28:08","date_gmt":"2020-04-20T12:28:08","guid":{"rendered":"https:\/\/www.copealcoy.es\/?p=61984"},"modified":"2020-04-20T12:28:08","modified_gmt":"2020-04-20T12:28:08","slug":"cocentaina-vibro-de-emocion-en-el-v-centenario-del-milagro-de-la-mare-de-deu","status":"publish","type":"post","link":"https:\/\/www.copealcoy.es\/es\/cocentaina-vibro-de-emocion-en-el-v-centenario-del-milagro-de-la-mare-de-deu\/","title":{"rendered":"Cocentaina vibr\u00f3 de emoci\u00f3n en el V Centenario del milagro de la Mare de D\u00e9u"},"content":{"rendered":"<p style=\"text-align: justify;\">Cocentaina record\u00f3 ayer <strong>el 500 aniversario del milagro de la Mare de D\u00e9u<\/strong> y lo hizo con<strong> numerosos actos simb\u00f3licos<\/strong> debido a que <strong>la alerta sanitaria generada por la crisis del Coronavirus<\/strong> impidi\u00f3 que la patrona pudiera salir a la calle.<\/p>\n<p style=\"text-align: justify;\">El <strong>domingo 19 de abril del 2020<\/strong> amaneci\u00f3 en la Villa Condal con <strong>cielos cubiertos<\/strong>, <strong>una fina llovizna<\/strong> y con <strong>una densa niebla<\/strong> que cubr\u00eda a primera hora de la ma\u00f1ana el emblem\u00e1tico Castell. El <strong>silencio reinante en las calles<\/strong> presagiaba que no iba a ser un d\u00eda de la Mare de D\u00e9u del Miracle festivo y <strong>la emoci\u00f3n se palpaba<\/strong> en cada hogar as\u00ed como en cada familia de Cocentaina y sus pedan\u00edas. A <strong>las 10 de la ma\u00f1ana<\/strong>, hora en la que <strong>el sacerdote Moss\u00e9n Onofre Satorre fue testigo del prodigio de las 27 l\u00e1grimas de sangre<\/strong> derramadas por el icono de la Virgen el 19 de abril de 1520 en la capilla de San Antonio Abad del Palau Comtal, <strong>sonaron con fuerza las campanas de todas las iglesias<\/strong> y los contestanos salieron a los balcones de sus casas para <strong>cantar el Himno a la Mare de D\u00e9u<\/strong>. Este emotivo instante estuvo acompa\u00f1ado del <strong>lanzamiento de centenares de globos<\/strong> desde todas las barriadas de la poblaci\u00f3n. Asimismo <strong>algunos de los que recitaron la S\u00faplica a\u00f1os atr\u00e1s<\/strong> volvieron a repetir experiencia desde sus viviendas como fue el caso de <strong>Marga Soler, Sa\u00fal Santonja o Berta Castell\u00f3<\/strong>. Seguidamente, a las 11:30h, <strong>Don Eduardo Rengel (P\u00e1rroco de Santa Mar\u00eda) y Don Javier Sanchiz (P\u00e1rroco del Salvador)<\/strong> oficiaron<strong> la Misa Mayor en honor a la Mareta<\/strong> desde el Monasterio de las Clarisas con una destacada participaci\u00f3n de estas \u00faltimas. La eucarist\u00eda <strong>se pudo seguir en directo<\/strong> por el canal de YouTube de la P\u00eda Uni\u00f3n Virgen del Milagro, la televisi\u00f3n comarcal TVA y la emisora municipal Radio Cocentaina, la Veu del Comtat. La ma\u00f1ana finaliz\u00f3 con <strong>la emulaci\u00f3n de una <em>masclet\u00e0<\/em> desde los balcones<\/strong> en la que el estallido de globos fue el protagonista.<\/p>\n<p style=\"text-align: justify;\">Este at\u00edpico d\u00eda de la Mare de D\u00e9u del Miracle culmin\u00f3 a las siete de la tarde con <strong>una Vigilia de Oraci\u00f3n desde el Monasterio<\/strong> en el momento justo en el que la procesi\u00f3n general ten\u00eda que recorrer las calles contestanas. Adem\u00e1s <strong>se organizaron concursos de dibujo para los m\u00e1s peque\u00f1os<\/strong> y <strong>de preguntas por la emisora municipal<\/strong> al mismo tiempo que los j\u00f3venes <strong>pudieron acceder a un certamen online<\/strong> sobre las fiestas patronales a trav\u00e9s de la plataforma digital Kahoot. Se\u00f1alar que <strong>el s\u00e1bado 18 de abril se rezaron las v\u00edsperas a puerta cerrada en la iglesia de la Mareta<\/strong> y a las 9 de la noche, con gran silencio y emoci\u00f3n, <strong>los vecinos de Cocentaina salieron a los balcones con cirios<\/strong> para recordar que hace 500 a\u00f1os el milagro de la Mare de D\u00e9u <strong>cambi\u00f3 para siempre la historia, la ra\u00edces y el sentir<\/strong> de todo un pueblo.<\/p>\n","protected":false},"excerpt":{"rendered":"<p>Cocentaina record\u00f3 ayer el 500 aniversario del milagro de la Mare de D\u00e9u y lo hizo con numerosos actos simb\u00f3licos&#8230;<\/p>\n","protected":false},"author":1,"featured_media":61989,"comment_status":"open","ping_status":"open","sticky":false,"template":"","format":"standard","meta":{"footnotes":""},"categories":[98,75],"tags":[3800,132,1984,864,7516,1985],"class_list":["post-61984","post","type-post","status-publish","format-standard","has-post-thumbnail","hentry","category-comarcas","category-noticias","tag-aniversario","tag-cocentaina","tag-mare-de-deu-del-miracle","tag-mareta","tag-pia-union-virgen-del-milagro","tag-v-centenario"],"yoast_head":"<!-- This site is optimized with the Yoast SEO plugin v27.3 - https:\/\/yoast.com\/product\/yoast-seo-wordpress\/ -->\n<title>Cocentaina vibr\u00f3 de emoci\u00f3n en el V Centenario del milagro de la Mare de D\u00e9u - COPE Alcoy<\/title>\n<meta name=\"robots\" content=\"index, follow, max-snippet:-1, max-image-preview:large, max-video-preview:-1\" \/>\n<link rel=\"canonical\" href=\"https:\/\/www.copealcoy.es\/es\/cocentaina-vibro-de-emocion-en-el-v-centenario-del-milagro-de-la-mare-de-deu\/\" \/>\n<meta property=\"og:locale\" content=\"es_ES\" \/>\n<meta property=\"og:type\" content=\"article\" \/>\n<meta property=\"og:title\" content=\"Cocentaina vibr\u00f3 de emoci\u00f3n en el V Centenario del milagro de la Mare de D\u00e9u - COPE Alcoy\" \/>\n<meta property=\"og:description\" content=\"Cocentaina record\u00f3 ayer el 500 aniversario del milagro de la Mare de D\u00e9u y lo hizo con numerosos actos simb\u00f3licos...\" \/>\n<meta property=\"og:url\" content=\"https:\/\/www.copealcoy.es\/es\/cocentaina-vibro-de-emocion-en-el-v-centenario-del-milagro-de-la-mare-de-deu\/\" \/>\n<meta property=\"og:site_name\" content=\"COPE Alcoy\" \/>\n<meta property=\"article:published_time\" content=\"2020-04-20T12:28:08+00:00\" \/>\n<meta property=\"og:image\" content=\"https:\/\/www.copealcoy.es\/wp-content\/uploads\/2020\/04\/94212795_2922972814461518_2628687433041969152_n-1-e1587387094665-1.jpg\" \/>\n\t<meta property=\"og:image:width\" content=\"892\" \/>\n\t<meta property=\"og:image:height\" content=\"437\" \/>\n\t<meta property=\"og:image:type\" content=\"image\/jpeg\" \/>\n<meta name=\"author\" content=\"Cope Alcoy\" \/>\n<meta name=\"twitter:label1\" content=\"Escrito por\" \/>\n\t<meta name=\"twitter:data1\" content=\"Cope Alcoy\" \/>\n\t<meta name=\"twitter:label2\" content=\"Tiempo de lectura\" \/>\n\t<meta name=\"twitter:data2\" content=\"3 minutos\" \/>\n<script type=\"application\/ld+json\" class=\"yoast-schema-graph\">{\"@context\":\"https:\\\/\\\/schema.org\",\"@graph\":[{\"@type\":\"Article\",\"@id\":\"https:\\\/\\\/www.copealcoy.es\\\/es\\\/cocentaina-vibro-de-emocion-en-el-v-centenario-del-milagro-de-la-mare-de-deu\\\/#article\",\"isPartOf\":{\"@id\":\"https:\\\/\\\/www.copealcoy.es\\\/es\\\/cocentaina-vibro-de-emocion-en-el-v-centenario-del-milagro-de-la-mare-de-deu\\\/\"},\"author\":{\"name\":\"Cope Alcoy\",\"@id\":\"https:\\\/\\\/www.copealcoy.es\\\/es\\\/#\\\/schema\\\/person\\\/e777c87fa024e57d40170af9df39882c\"},\"headline\":\"Cocentaina vibr\u00f3 de emoci\u00f3n en el V Centenario del milagro de la Mare de D\u00e9u\",\"datePublished\":\"2020-04-20T12:28:08+00:00\",\"mainEntityOfPage\":{\"@id\":\"https:\\\/\\\/www.copealcoy.es\\\/es\\\/cocentaina-vibro-de-emocion-en-el-v-centenario-del-milagro-de-la-mare-de-deu\\\/\"},\"wordCount\":537,\"commentCount\":0,\"image\":{\"@id\":\"https:\\\/\\\/www.copealcoy.es\\\/es\\\/cocentaina-vibro-de-emocion-en-el-v-centenario-del-milagro-de-la-mare-de-deu\\\/#primaryimage\"},\"thumbnailUrl\":\"https:\\\/\\\/www.copealcoy.es\\\/wp-content\\\/uploads\\\/2020\\\/04\\\/94212795_2922972814461518_2628687433041969152_n-1-e1587387094665-1.jpg\",\"keywords\":[\"aniversario\",\"Cocentaina\",\"Mare de D\u00e9u del Miracle\",\"Mareta\",\"P\u00eda Uni\u00f3n Virgen del Milagro\",\"V Centenario\"],\"articleSection\":[\"Comarcas\",\"Noticias\"],\"inLanguage\":\"es\"},{\"@type\":\"WebPage\",\"@id\":\"https:\\\/\\\/www.copealcoy.es\\\/es\\\/cocentaina-vibro-de-emocion-en-el-v-centenario-del-milagro-de-la-mare-de-deu\\\/\",\"url\":\"https:\\\/\\\/www.copealcoy.es\\\/es\\\/cocentaina-vibro-de-emocion-en-el-v-centenario-del-milagro-de-la-mare-de-deu\\\/\",\"name\":\"Cocentaina vibr\u00f3 de emoci\u00f3n en el V Centenario del milagro de la Mare de D\u00e9u - COPE Alcoy\",\"isPartOf\":{\"@id\":\"https:\\\/\\\/www.copealcoy.es\\\/es\\\/#website\"},\"primaryImageOfPage\":{\"@id\":\"https:\\\/\\\/www.copealcoy.es\\\/es\\\/cocentaina-vibro-de-emocion-en-el-v-centenario-del-milagro-de-la-mare-de-deu\\\/#primaryimage\"},\"image\":{\"@id\":\"https:\\\/\\\/www.copealcoy.es\\\/es\\\/cocentaina-vibro-de-emocion-en-el-v-centenario-del-milagro-de-la-mare-de-deu\\\/#primaryimage\"},\"thumbnailUrl\":\"https:\\\/\\\/www.copealcoy.es\\\/wp-content\\\/uploads\\\/2020\\\/04\\\/94212795_2922972814461518_2628687433041969152_n-1-e1587387094665-1.jpg\",\"datePublished\":\"2020-04-20T12:28:08+00:00\",\"author\":{\"@id\":\"https:\\\/\\\/www.copealcoy.es\\\/es\\\/#\\\/schema\\\/person\\\/e777c87fa024e57d40170af9df39882c\"},\"breadcrumb\":{\"@id\":\"https:\\\/\\\/www.copealcoy.es\\\/es\\\/cocentaina-vibro-de-emocion-en-el-v-centenario-del-milagro-de-la-mare-de-deu\\\/#breadcrumb\"},\"inLanguage\":\"es\",\"potentialAction\":[{\"@type\":\"ReadAction\",\"target\":[\"https:\\\/\\\/www.copealcoy.es\\\/es\\\/cocentaina-vibro-de-emocion-en-el-v-centenario-del-milagro-de-la-mare-de-deu\\\/\"]}]},{\"@type\":\"ImageObject\",\"inLanguage\":\"es\",\"@id\":\"https:\\\/\\\/www.copealcoy.es\\\/es\\\/cocentaina-vibro-de-emocion-en-el-v-centenario-del-milagro-de-la-mare-de-deu\\\/#primaryimage\",\"url\":\"https:\\\/\\\/www.copealcoy.es\\\/wp-content\\\/uploads\\\/2020\\\/04\\\/94212795_2922972814461518_2628687433041969152_n-1-e1587387094665-1.jpg\",\"contentUrl\":\"https:\\\/\\\/www.copealcoy.es\\\/wp-content\\\/uploads\\\/2020\\\/04\\\/94212795_2922972814461518_2628687433041969152_n-1-e1587387094665-1.jpg\",\"width\":892,\"height\":437,\"caption\":\"A las 10 de la ma\u00f1anase rindi\u00f3 un especial homenaje a la patrona \\\/ Foto: ulldepeix fotografia\"},{\"@type\":\"BreadcrumbList\",\"@id\":\"https:\\\/\\\/www.copealcoy.es\\\/es\\\/cocentaina-vibro-de-emocion-en-el-v-centenario-del-milagro-de-la-mare-de-deu\\\/#breadcrumb\",\"itemListElement\":[{\"@type\":\"ListItem\",\"position\":1,\"name\":\"Portada\",\"item\":\"https:\\\/\\\/www.copealcoy.es\\\/es\\\/\"},{\"@type\":\"ListItem\",\"position\":2,\"name\":\"Cocentaina vibr\u00f3 de emoci\u00f3n en el V Centenario del milagro de la Mare de D\u00e9u\"}]},{\"@type\":\"WebSite\",\"@id\":\"https:\\\/\\\/www.copealcoy.es\\\/es\\\/#website\",\"url\":\"https:\\\/\\\/www.copealcoy.es\\\/es\\\/\",\"name\":\"COPE Alcoy\",\"description\":\"Emisora COPE de radio local con emisi\u00f3n online. Pont de Sant Jordi 8-10 03803 Alcoy\",\"potentialAction\":[{\"@type\":\"SearchAction\",\"target\":{\"@type\":\"EntryPoint\",\"urlTemplate\":\"https:\\\/\\\/www.copealcoy.es\\\/es\\\/?s={search_term_string}\"},\"query-input\":{\"@type\":\"PropertyValueSpecification\",\"valueRequired\":true,\"valueName\":\"search_term_string\"}}],\"inLanguage\":\"es\"},{\"@type\":\"Person\",\"@id\":\"https:\\\/\\\/www.copealcoy.es\\\/es\\\/#\\\/schema\\\/person\\\/e777c87fa024e57d40170af9df39882c\",\"name\":\"Cope Alcoy\",\"image\":{\"@type\":\"ImageObject\",\"inLanguage\":\"es\",\"@id\":\"https:\\\/\\\/secure.gravatar.com\\\/avatar\\\/bb65d0283347e303893ba14f0692005417c1e0e690a325a4c5d8bb2b3943ee14?s=96&d=mm&r=g\",\"url\":\"https:\\\/\\\/secure.gravatar.com\\\/avatar\\\/bb65d0283347e303893ba14f0692005417c1e0e690a325a4c5d8bb2b3943ee14?s=96&d=mm&r=g\",\"contentUrl\":\"https:\\\/\\\/secure.gravatar.com\\\/avatar\\\/bb65d0283347e303893ba14f0692005417c1e0e690a325a4c5d8bb2b3943ee14?s=96&d=mm&r=g\",\"caption\":\"Cope Alcoy\"}}]}<\/script>\n<!-- \/ Yoast SEO plugin. -->","yoast_head_json":{"title":"Cocentaina vibr\u00f3 de emoci\u00f3n en el V Centenario del milagro de la Mare de D\u00e9u - COPE Alcoy","robots":{"index":"index","follow":"follow","max-snippet":"max-snippet:-1","max-image-preview":"max-image-preview:large","max-video-preview":"max-video-preview:-1"},"canonical":"https:\/\/www.copealcoy.es\/es\/cocentaina-vibro-de-emocion-en-el-v-centenario-del-milagro-de-la-mare-de-deu\/","og_locale":"es_ES","og_type":"article","og_title":"Cocentaina vibr\u00f3 de emoci\u00f3n en el V Centenario del milagro de la Mare de D\u00e9u - COPE Alcoy","og_description":"Cocentaina record\u00f3 ayer el 500 aniversario del milagro de la Mare de D\u00e9u y lo hizo con numerosos actos simb\u00f3licos...","og_url":"https:\/\/www.copealcoy.es\/es\/cocentaina-vibro-de-emocion-en-el-v-centenario-del-milagro-de-la-mare-de-deu\/","og_site_name":"COPE Alcoy","article_published_time":"2020-04-20T12:28:08+00:00","og_image":[{"width":892,"height":437,"url":"https:\/\/www.copealcoy.es\/wp-content\/uploads\/2020\/04\/94212795_2922972814461518_2628687433041969152_n-1-e1587387094665-1.jpg","type":"image\/jpeg"}],"author":"Cope Alcoy","twitter_misc":{"Escrito por":"Cope Alcoy","Tiempo de lectura":"3 minutos"},"schema":{"@context":"https:\/\/schema.org","@graph":[{"@type":"Article","@id":"https:\/\/www.copealcoy.es\/es\/cocentaina-vibro-de-emocion-en-el-v-centenario-del-milagro-de-la-mare-de-deu\/#article","isPartOf":{"@id":"https:\/\/www.copealcoy.es\/es\/cocentaina-vibro-de-emocion-en-el-v-centenario-del-milagro-de-la-mare-de-deu\/"},"author":{"name":"Cope Alcoy","@id":"https:\/\/www.copealcoy.es\/es\/#\/schema\/person\/e777c87fa024e57d40170af9df39882c"},"headline":"Cocentaina vibr\u00f3 de emoci\u00f3n en el V Centenario del milagro de la Mare de D\u00e9u","datePublished":"2020-04-20T12:28:08+00:00","mainEntityOfPage":{"@id":"https:\/\/www.copealcoy.es\/es\/cocentaina-vibro-de-emocion-en-el-v-centenario-del-milagro-de-la-mare-de-deu\/"},"wordCount":537,"commentCount":0,"image":{"@id":"https:\/\/www.copealcoy.es\/es\/cocentaina-vibro-de-emocion-en-el-v-centenario-del-milagro-de-la-mare-de-deu\/#primaryimage"},"thumbnailUrl":"https:\/\/www.copealcoy.es\/wp-content\/uploads\/2020\/04\/94212795_2922972814461518_2628687433041969152_n-1-e1587387094665-1.jpg","keywords":["aniversario","Cocentaina","Mare de D\u00e9u del Miracle","Mareta","P\u00eda Uni\u00f3n Virgen del Milagro","V Centenario"],"articleSection":["Comarcas","Noticias"],"inLanguage":"es"},{"@type":"WebPage","@id":"https:\/\/www.copealcoy.es\/es\/cocentaina-vibro-de-emocion-en-el-v-centenario-del-milagro-de-la-mare-de-deu\/","url":"https:\/\/www.copealcoy.es\/es\/cocentaina-vibro-de-emocion-en-el-v-centenario-del-milagro-de-la-mare-de-deu\/","name":"Cocentaina vibr\u00f3 de emoci\u00f3n en el V Centenario del milagro de la Mare de D\u00e9u - COPE Alcoy","isPartOf":{"@id":"https:\/\/www.copealcoy.es\/es\/#website"},"primaryImageOfPage":{"@id":"https:\/\/www.copealcoy.es\/es\/cocentaina-vibro-de-emocion-en-el-v-centenario-del-milagro-de-la-mare-de-deu\/#primaryimage"},"image":{"@id":"https:\/\/www.copealcoy.es\/es\/cocentaina-vibro-de-emocion-en-el-v-centenario-del-milagro-de-la-mare-de-deu\/#primaryimage"},"thumbnailUrl":"https:\/\/www.copealcoy.es\/wp-content\/uploads\/2020\/04\/94212795_2922972814461518_2628687433041969152_n-1-e1587387094665-1.jpg","datePublished":"2020-04-20T12:28:08+00:00","author":{"@id":"https:\/\/www.copealcoy.es\/es\/#\/schema\/person\/e777c87fa024e57d40170af9df39882c"},"breadcrumb":{"@id":"https:\/\/www.copealcoy.es\/es\/cocentaina-vibro-de-emocion-en-el-v-centenario-del-milagro-de-la-mare-de-deu\/#breadcrumb"},"inLanguage":"es","potentialAction":[{"@type":"ReadAction","target":["https:\/\/www.copealcoy.es\/es\/cocentaina-vibro-de-emocion-en-el-v-centenario-del-milagro-de-la-mare-de-deu\/"]}]},{"@type":"ImageObject","inLanguage":"es","@id":"https:\/\/www.copealcoy.es\/es\/cocentaina-vibro-de-emocion-en-el-v-centenario-del-milagro-de-la-mare-de-deu\/#primaryimage","url":"https:\/\/www.copealcoy.es\/wp-content\/uploads\/2020\/04\/94212795_2922972814461518_2628687433041969152_n-1-e1587387094665-1.jpg","contentUrl":"https:\/\/www.copealcoy.es\/wp-content\/uploads\/2020\/04\/94212795_2922972814461518_2628687433041969152_n-1-e1587387094665-1.jpg","width":892,"height":437,"caption":"A las 10 de la ma\u00f1anase rindi\u00f3 un especial homenaje a la patrona \/ Foto: ulldepeix fotografia"},{"@type":"BreadcrumbList","@id":"https:\/\/www.copealcoy.es\/es\/cocentaina-vibro-de-emocion-en-el-v-centenario-del-milagro-de-la-mare-de-deu\/#breadcrumb","itemListElement":[{"@type":"ListItem","position":1,"name":"Portada","item":"https:\/\/www.copealcoy.es\/es\/"},{"@type":"ListItem","position":2,"name":"Cocentaina vibr\u00f3 de emoci\u00f3n en el V Centenario del milagro de la Mare de D\u00e9u"}]},{"@type":"WebSite","@id":"https:\/\/www.copealcoy.es\/es\/#website","url":"https:\/\/www.copealcoy.es\/es\/","name":"COPE Alcoy","description":"Emisora COPE de radio local con emisi\u00f3n online. Pont de Sant Jordi 8-10 03803 Alcoy","potentialAction":[{"@type":"SearchAction","target":{"@type":"EntryPoint","urlTemplate":"https:\/\/www.copealcoy.es\/es\/?s={search_term_string}"},"query-input":{"@type":"PropertyValueSpecification","valueRequired":true,"valueName":"search_term_string"}}],"inLanguage":"es"},{"@type":"Person","@id":"https:\/\/www.copealcoy.es\/es\/#\/schema\/person\/e777c87fa024e57d40170af9df39882c","name":"Cope Alcoy","image":{"@type":"ImageObject","inLanguage":"es","@id":"https:\/\/secure.gravatar.com\/avatar\/bb65d0283347e303893ba14f0692005417c1e0e690a325a4c5d8bb2b3943ee14?s=96&d=mm&r=g","url":"https:\/\/secure.gravatar.com\/avatar\/bb65d0283347e303893ba14f0692005417c1e0e690a325a4c5d8bb2b3943ee14?s=96&d=mm&r=g","contentUrl":"https:\/\/secure.gravatar.com\/avatar\/bb65d0283347e303893ba14f0692005417c1e0e690a325a4c5d8bb2b3943ee14?s=96&d=mm&r=g","caption":"Cope Alcoy"}}]}},"_links":{"self":[{"href":"https:\/\/www.copealcoy.es\/es\/wp-json\/wp\/v2\/posts\/61984","targetHints":{"allow":["GET"]}}],"collection":[{"href":"https:\/\/www.copealcoy.es\/es\/wp-json\/wp\/v2\/posts"}],"about":[{"href":"https:\/\/www.copealcoy.es\/es\/wp-json\/wp\/v2\/types\/post"}],"author":[{"embeddable":true,"href":"https:\/\/www.copealcoy.es\/es\/wp-json\/wp\/v2\/users\/1"}],"replies":[{"embeddable":true,"href":"https:\/\/www.copealcoy.es\/es\/wp-json\/wp\/v2\/comments?post=61984"}],"version-history":[{"count":0,"href":"https:\/\/www.copealcoy.es\/es\/wp-json\/wp\/v2\/posts\/61984\/revisions"}],"wp:featuredmedia":[{"embeddable":true,"href":"https:\/\/www.copealcoy.es\/es\/wp-json\/wp\/v2\/media\/61989"}],"wp:attachment":[{"href":"https:\/\/www.copealcoy.es\/es\/wp-json\/wp\/v2\/media?parent=61984"}],"wp:term":[{"taxonomy":"category","embeddable":true,"href":"https:\/\/www.copealcoy.es\/es\/wp-json\/wp\/v2\/categories?post=61984"},{"taxonomy":"post_tag","embeddable":true,"href":"https:\/\/www.copealcoy.es\/es\/wp-json\/wp\/v2\/tags?post=61984"}],"curies":[{"name":"wp","href":"https:\/\/api.w.org\/{rel}","templated":true}]}}