{"id":61682,"date":"2020-04-09T08:49:58","date_gmt":"2020-04-09T08:49:58","guid":{"rendered":"https:\/\/www.copealcoy.es\/?p=61682"},"modified":"2020-04-09T08:49:58","modified_gmt":"2020-04-09T08:49:58","slug":"los-parrocos-de-la-comarca-nos-animan-a-vivir-la-semana-santa-desde-casa","status":"publish","type":"post","link":"https:\/\/www.copealcoy.es\/es\/los-parrocos-de-la-comarca-nos-animan-a-vivir-la-semana-santa-desde-casa\/","title":{"rendered":"Los p\u00e1rrocos de la comarca nos animan a vivir la Semana Santa desde casa"},"content":{"rendered":"<p style=\"text-align: justify;\">Las <strong>parroquias de los municipios del Comtat y de l&#8217;Alcoi\u00e0<\/strong> se han adaptado a<strong> las nuevas tecnolog\u00edas<\/strong> para <strong>acercar las diferentes celebraciones del Triduo Pascual<\/strong> a los fieles por medio de Internet y plataformas como Facebook o Youtube.<\/p>\n<p style=\"text-align: justify;\">En <strong>Cocentaina<\/strong> <strong>la Parroquia del Salvador<\/strong> ofrecer\u00e1 <strong><a href=\"https:\/\/www.youtube.com\/channel\/UC_olmQL_CXpiUl2RI4vYoLg\"><span style=\"color: #0000ff;\">por su canal de Youtube<\/span><\/a><\/strong> la <strong>Misa del Jueves Santo a las 18:00h<\/strong>, <strong>los Oficios del Viernes Santo a las 12:00h<\/strong>, <strong>la Vigilia Pascual a las 21:00h<\/strong> y <strong>la Misa de Pascua a las 12:00h<\/strong>. Adem\u00e1s <strong>podremos seguir<\/strong> la Hora Santa esta noche a las nueve o el Rezo del Oficio de Lecturas y Laudes a las nueve de la ma\u00f1ana el Viernes y el S\u00e1bado Santo &#8220;<em>lo m\u00e1s importante es vivir la Semana Santa desde nuestro interior porque Jes\u00fas est\u00e1 en todos los lados. Las celebraciones virtuales nos permitir\u00e1n llegar a todos los hogares y ser\u00e1 una forma tambi\u00e9n de recordar a los primeros cristianos que hac\u00edan las misas en casa<\/em>&#8220;, destaca el p\u00e1rroco; <strong>Don Javier Sanchiz<\/strong>. Por su parte <strong>la Parroquia de Santa Mar\u00eda<\/strong> transmitir\u00e1 <a href=\"https:\/\/www.youtube.com\/watch?v=egDE-jE3iVA\"><strong><span style=\"color: #0000ff;\">por Youtube<\/span><\/strong><\/a> <strong>la Misa del Jueves Santo a las 19:00h<\/strong>, <strong>la celebraci\u00f3n de la Muerte del Se\u00f1or del Viernes Santo a las 17:00h<\/strong>, <strong>la Vigilia Pascual del S\u00e1bado Santo a las 22:30h<\/strong> y <strong>la Misa de Pascua a las 12:00h<\/strong>. Asimismo, <strong>entre otras propuestas<\/strong>, esta noche habr\u00e1 una Vigilia a las 00:30h, ma\u00f1ana a las 20:10h ser\u00e1n las v\u00edsperas, el s\u00e1bado a las 10:00h Laudes y meditaci\u00f3n y el domingo a las 20:10h Oraci\u00f3n, Bendici\u00f3n con el Sant\u00edsimo y Reserva &#8220;<em>es una situaci\u00f3n a la que no estamos acostumbrados pero gracias a los medios de comunicaci\u00f3n y las tecnolog\u00edas podemos vivir la Semana Santa. El Se\u00f1or quiere que este a\u00f1o vivamos la Pascua en casa y debemos aprovechar esta oportunidad<\/em>&#8220;, manifestaba en COPE ALCOY el p\u00e1rroco; <strong>Don Eduardo Rengel<\/strong>.<\/p>\n<p style=\"text-align: justify;\">Ya en <strong>Muro<\/strong> la <strong>Parroquia de San Juan Bautista<\/strong> ofrecer\u00e1 por su perfil de Facebook y <strong><span style=\"color: #0000ff;\"><a style=\"color: #0000ff;\" href=\"https:\/\/www.youtube.com\/channel\/UCqTdq7ProfDTyeR2PADM2hQ\">el canal de Youtube<\/a><\/span><\/strong> <strong>la Misa del Jueves Santo y los Oficios del Viernes Santo a las 18:00h<\/strong>, <strong>la Vigilia Pascual del S\u00e1bado Santo a las 20:00h<\/strong> y <strong>la Misa del Domingo de Pascua a las 12:00h<\/strong>. Su vicario parroquial, <strong>Don Jes\u00fas Rodrigo<\/strong>, tambi\u00e9n animaba desde la radio a vivir en familia estos d\u00edas de la Pasi\u00f3n, Muerte y Resurrecci\u00f3n de Cristo &#8220;<em>Jes\u00fas al final se priva de su vida para darnos vida eterna a nosotros y por eso en estos momentos de tantas privaciones, en una situaci\u00f3n tan dif\u00edcil como la que estamos atravesando, tenemos que tomar el ejemplo de Cristo en la cruz para unirnos a ese sentimiento<\/em>&#8220;, manifest\u00f3.<\/p>\n<p style=\"text-align: justify;\">Por \u00faltimo <strong>la Parroquia de Santa Mar\u00eda de BanyeresDeMariola<\/strong> mostrar\u00e1 <strong><a href=\"https:\/\/www.facebook.com\/ParroquiaBanyeres\/\">por su Facebook<\/a><\/strong> <strong>la Misa del Jueves Santo a las 20:00h<\/strong>, l<strong>os Oficios del Viernes Santo a las 17:00h<\/strong>, <strong>la Vigilia Pascual del S\u00e1bado Santo a las 23:00h<\/strong> y <strong>la Misa de Pascua a las 12:00h<\/strong>. Adem\u00e1s se han promovido actividades con los peque\u00f1os de la catequesis para que <strong>puedan profundizar en la Semana Santa desde casa<\/strong> &#8220;<em>les hemos preparado dibujos para que puedan colorearlos y ponerlos en las ventanas de las casas mientras que el domingo cuando suenen las campanas queremos que salgan a los balcones a pitar y a cantar para mostrar la alegr\u00eda de la Resurrecci\u00f3n<\/em>&#8220;, asever\u00f3 <strong>Don Ram\u00f3n Mic\u00f3<\/strong>, el p\u00e1rroco.<\/p>\n<p style=\"text-align: justify;\">Pueden seguir tambi\u00e9n <strong>las celebraciones del Triduo Pascual<\/strong> en COPE ALCOY a trav\u00e9s de la radio as\u00ed como en las cadenas de televisi\u00f3n Trece y La 8 Mediterr\u00e1neo.<\/p>\n<p>Aqu\u00ed puedes escuchar <strong>las entrevistas<\/strong> con los diferentes p\u00e1rrocos:<\/p>\n<p><iframe loading=\"lazy\" title=\"La Ma\u00f1ana En Alcoy Mi\u00e9rcoles 8 De Abril 2020 (13:20h)\" width=\"100%\" height=\"120\" src=\"https:\/\/www.mixcloud.com\/widget\/iframe\/?feed=https%3A%2F%2Fwww.mixcloud.com%2FCOPEAlcoy%2Fla-ma%25C3%25B1ana-en-alcoy-mi%25C3%25A9rcoles-8-de-abril-2020-1320h%2F&amp;hide_cover=1\" frameborder=\"0\"><\/iframe>    \t<\/p>\n","protected":false},"excerpt":{"rendered":"<p>Las parroquias de los municipios del Comtat y de l&#8217;Alcoi\u00e0 se han adaptado a las nuevas tecnolog\u00edas para acercar las&#8230;<\/p>\n","protected":false},"author":1,"featured_media":61561,"comment_status":"open","ping_status":"open","sticky":false,"template":"","format":"standard","meta":{"footnotes":""},"categories":[98,75],"tags":[482,236,237,7415,7447,745],"class_list":["post-61682","post","type-post","status-publish","format-standard","has-post-thumbnail","hentry","category-comarcas","category-noticias","tag-alcoia","tag-comarca","tag-comtat","tag-crisis-coronavirus","tag-parrocos","tag-semana-santa"],"yoast_head":"<!-- This site is optimized with the Yoast SEO plugin v27.3 - https:\/\/yoast.com\/product\/yoast-seo-wordpress\/ -->\n<title>Los p\u00e1rrocos de la comarca nos animan a vivir la Semana Santa desde casa - COPE Alcoy<\/title>\n<meta name=\"robots\" content=\"index, follow, max-snippet:-1, max-image-preview:large, max-video-preview:-1\" \/>\n<link rel=\"canonical\" href=\"https:\/\/www.copealcoy.es\/es\/los-parrocos-de-la-comarca-nos-animan-a-vivir-la-semana-santa-desde-casa\/\" \/>\n<meta property=\"og:locale\" content=\"es_ES\" \/>\n<meta property=\"og:type\" content=\"article\" \/>\n<meta property=\"og:title\" content=\"Los p\u00e1rrocos de la comarca nos animan a vivir la Semana Santa desde casa - COPE Alcoy\" \/>\n<meta property=\"og:description\" content=\"Las parroquias de los municipios del Comtat y de l&#8217;Alcoi\u00e0 se han adaptado a las nuevas tecnolog\u00edas para acercar las...\" \/>\n<meta property=\"og:url\" content=\"https:\/\/www.copealcoy.es\/es\/los-parrocos-de-la-comarca-nos-animan-a-vivir-la-semana-santa-desde-casa\/\" \/>\n<meta property=\"og:site_name\" content=\"COPE Alcoy\" \/>\n<meta property=\"article:published_time\" content=\"2020-04-09T08:49:58+00:00\" \/>\n<meta property=\"og:image\" content=\"https:\/\/www.copealcoy.es\/wp-content\/uploads\/2020\/04\/4-El-altar-de-la-iglesia-de-Santa-Mar\u00eda-fue-adornado-con-ramos-de-olivo-Foto-Parroquia-de-Santa-Mar\u00eda-e1586184342224-1.jpg\" \/>\n\t<meta property=\"og:image:width\" content=\"1579\" \/>\n\t<meta property=\"og:image:height\" content=\"803\" \/>\n\t<meta property=\"og:image:type\" content=\"image\/jpeg\" \/>\n<meta name=\"author\" content=\"Cope Alcoy\" \/>\n<meta name=\"twitter:label1\" content=\"Escrito por\" \/>\n\t<meta name=\"twitter:data1\" content=\"Cope Alcoy\" \/>\n\t<meta name=\"twitter:label2\" content=\"Tiempo de lectura\" \/>\n\t<meta name=\"twitter:data2\" content=\"3 minutos\" \/>\n<script type=\"application\/ld+json\" class=\"yoast-schema-graph\">{\"@context\":\"https:\\\/\\\/schema.org\",\"@graph\":[{\"@type\":\"Article\",\"@id\":\"https:\\\/\\\/www.copealcoy.es\\\/es\\\/los-parrocos-de-la-comarca-nos-animan-a-vivir-la-semana-santa-desde-casa\\\/#article\",\"isPartOf\":{\"@id\":\"https:\\\/\\\/www.copealcoy.es\\\/es\\\/los-parrocos-de-la-comarca-nos-animan-a-vivir-la-semana-santa-desde-casa\\\/\"},\"author\":{\"name\":\"Cope Alcoy\",\"@id\":\"https:\\\/\\\/www.copealcoy.es\\\/es\\\/#\\\/schema\\\/person\\\/e777c87fa024e57d40170af9df39882c\"},\"headline\":\"Los p\u00e1rrocos de la comarca nos animan a vivir la Semana Santa desde casa\",\"datePublished\":\"2020-04-09T08:49:58+00:00\",\"mainEntityOfPage\":{\"@id\":\"https:\\\/\\\/www.copealcoy.es\\\/es\\\/los-parrocos-de-la-comarca-nos-animan-a-vivir-la-semana-santa-desde-casa\\\/\"},\"wordCount\":656,\"commentCount\":0,\"image\":{\"@id\":\"https:\\\/\\\/www.copealcoy.es\\\/es\\\/los-parrocos-de-la-comarca-nos-animan-a-vivir-la-semana-santa-desde-casa\\\/#primaryimage\"},\"thumbnailUrl\":\"https:\\\/\\\/www.copealcoy.es\\\/wp-content\\\/uploads\\\/2020\\\/04\\\/4-El-altar-de-la-iglesia-de-Santa-Mar\u00eda-fue-adornado-con-ramos-de-olivo-Foto-Parroquia-de-Santa-Mar\u00eda-e1586184342224-1.jpg\",\"keywords\":[\"Alcoi\u00e0\",\"Comarca\",\"Comtat\",\"crisis Coronavirus\",\"P\u00e1rrocos\",\"Semana Santa\"],\"articleSection\":[\"Comarcas\",\"Noticias\"],\"inLanguage\":\"es\"},{\"@type\":\"WebPage\",\"@id\":\"https:\\\/\\\/www.copealcoy.es\\\/es\\\/los-parrocos-de-la-comarca-nos-animan-a-vivir-la-semana-santa-desde-casa\\\/\",\"url\":\"https:\\\/\\\/www.copealcoy.es\\\/es\\\/los-parrocos-de-la-comarca-nos-animan-a-vivir-la-semana-santa-desde-casa\\\/\",\"name\":\"Los p\u00e1rrocos de la comarca nos animan a vivir la Semana Santa desde casa - COPE Alcoy\",\"isPartOf\":{\"@id\":\"https:\\\/\\\/www.copealcoy.es\\\/es\\\/#website\"},\"primaryImageOfPage\":{\"@id\":\"https:\\\/\\\/www.copealcoy.es\\\/es\\\/los-parrocos-de-la-comarca-nos-animan-a-vivir-la-semana-santa-desde-casa\\\/#primaryimage\"},\"image\":{\"@id\":\"https:\\\/\\\/www.copealcoy.es\\\/es\\\/los-parrocos-de-la-comarca-nos-animan-a-vivir-la-semana-santa-desde-casa\\\/#primaryimage\"},\"thumbnailUrl\":\"https:\\\/\\\/www.copealcoy.es\\\/wp-content\\\/uploads\\\/2020\\\/04\\\/4-El-altar-de-la-iglesia-de-Santa-Mar\u00eda-fue-adornado-con-ramos-de-olivo-Foto-Parroquia-de-Santa-Mar\u00eda-e1586184342224-1.jpg\",\"datePublished\":\"2020-04-09T08:49:58+00:00\",\"author\":{\"@id\":\"https:\\\/\\\/www.copealcoy.es\\\/es\\\/#\\\/schema\\\/person\\\/e777c87fa024e57d40170af9df39882c\"},\"breadcrumb\":{\"@id\":\"https:\\\/\\\/www.copealcoy.es\\\/es\\\/los-parrocos-de-la-comarca-nos-animan-a-vivir-la-semana-santa-desde-casa\\\/#breadcrumb\"},\"inLanguage\":\"es\",\"potentialAction\":[{\"@type\":\"ReadAction\",\"target\":[\"https:\\\/\\\/www.copealcoy.es\\\/es\\\/los-parrocos-de-la-comarca-nos-animan-a-vivir-la-semana-santa-desde-casa\\\/\"]}]},{\"@type\":\"ImageObject\",\"inLanguage\":\"es\",\"@id\":\"https:\\\/\\\/www.copealcoy.es\\\/es\\\/los-parrocos-de-la-comarca-nos-animan-a-vivir-la-semana-santa-desde-casa\\\/#primaryimage\",\"url\":\"https:\\\/\\\/www.copealcoy.es\\\/wp-content\\\/uploads\\\/2020\\\/04\\\/4-El-altar-de-la-iglesia-de-Santa-Mar\u00eda-fue-adornado-con-ramos-de-olivo-Foto-Parroquia-de-Santa-Mar\u00eda-e1586184342224-1.jpg\",\"contentUrl\":\"https:\\\/\\\/www.copealcoy.es\\\/wp-content\\\/uploads\\\/2020\\\/04\\\/4-El-altar-de-la-iglesia-de-Santa-Mar\u00eda-fue-adornado-con-ramos-de-olivo-Foto-Parroquia-de-Santa-Mar\u00eda-e1586184342224-1.jpg\",\"width\":1579,\"height\":803,\"caption\":\"El altar de la iglesia de Santa Mar\u00eda fue adornado con ramos de olivo \\\/ Foto Parroquia de Santa Mar\u00eda\"},{\"@type\":\"BreadcrumbList\",\"@id\":\"https:\\\/\\\/www.copealcoy.es\\\/es\\\/los-parrocos-de-la-comarca-nos-animan-a-vivir-la-semana-santa-desde-casa\\\/#breadcrumb\",\"itemListElement\":[{\"@type\":\"ListItem\",\"position\":1,\"name\":\"Portada\",\"item\":\"https:\\\/\\\/www.copealcoy.es\\\/es\\\/\"},{\"@type\":\"ListItem\",\"position\":2,\"name\":\"Los p\u00e1rrocos de la comarca nos animan a vivir la Semana Santa desde casa\"}]},{\"@type\":\"WebSite\",\"@id\":\"https:\\\/\\\/www.copealcoy.es\\\/es\\\/#website\",\"url\":\"https:\\\/\\\/www.copealcoy.es\\\/es\\\/\",\"name\":\"COPE Alcoy\",\"description\":\"Emisora COPE de radio local con emisi\u00f3n online. Pont de Sant Jordi 8-10 03803 Alcoy\",\"potentialAction\":[{\"@type\":\"SearchAction\",\"target\":{\"@type\":\"EntryPoint\",\"urlTemplate\":\"https:\\\/\\\/www.copealcoy.es\\\/es\\\/?s={search_term_string}\"},\"query-input\":{\"@type\":\"PropertyValueSpecification\",\"valueRequired\":true,\"valueName\":\"search_term_string\"}}],\"inLanguage\":\"es\"},{\"@type\":\"Person\",\"@id\":\"https:\\\/\\\/www.copealcoy.es\\\/es\\\/#\\\/schema\\\/person\\\/e777c87fa024e57d40170af9df39882c\",\"name\":\"Cope Alcoy\",\"image\":{\"@type\":\"ImageObject\",\"inLanguage\":\"es\",\"@id\":\"https:\\\/\\\/secure.gravatar.com\\\/avatar\\\/bb65d0283347e303893ba14f0692005417c1e0e690a325a4c5d8bb2b3943ee14?s=96&d=mm&r=g\",\"url\":\"https:\\\/\\\/secure.gravatar.com\\\/avatar\\\/bb65d0283347e303893ba14f0692005417c1e0e690a325a4c5d8bb2b3943ee14?s=96&d=mm&r=g\",\"contentUrl\":\"https:\\\/\\\/secure.gravatar.com\\\/avatar\\\/bb65d0283347e303893ba14f0692005417c1e0e690a325a4c5d8bb2b3943ee14?s=96&d=mm&r=g\",\"caption\":\"Cope Alcoy\"}}]}<\/script>\n<!-- \/ Yoast SEO plugin. -->","yoast_head_json":{"title":"Los p\u00e1rrocos de la comarca nos animan a vivir la Semana Santa desde casa - COPE Alcoy","robots":{"index":"index","follow":"follow","max-snippet":"max-snippet:-1","max-image-preview":"max-image-preview:large","max-video-preview":"max-video-preview:-1"},"canonical":"https:\/\/www.copealcoy.es\/es\/los-parrocos-de-la-comarca-nos-animan-a-vivir-la-semana-santa-desde-casa\/","og_locale":"es_ES","og_type":"article","og_title":"Los p\u00e1rrocos de la comarca nos animan a vivir la Semana Santa desde casa - COPE Alcoy","og_description":"Las parroquias de los municipios del Comtat y de l&#8217;Alcoi\u00e0 se han adaptado a las nuevas tecnolog\u00edas para acercar las...","og_url":"https:\/\/www.copealcoy.es\/es\/los-parrocos-de-la-comarca-nos-animan-a-vivir-la-semana-santa-desde-casa\/","og_site_name":"COPE Alcoy","article_published_time":"2020-04-09T08:49:58+00:00","og_image":[{"width":1579,"height":803,"url":"https:\/\/www.copealcoy.es\/wp-content\/uploads\/2020\/04\/4-El-altar-de-la-iglesia-de-Santa-Mar\u00eda-fue-adornado-con-ramos-de-olivo-Foto-Parroquia-de-Santa-Mar\u00eda-e1586184342224-1.jpg","type":"image\/jpeg"}],"author":"Cope Alcoy","twitter_misc":{"Escrito por":"Cope Alcoy","Tiempo de lectura":"3 minutos"},"schema":{"@context":"https:\/\/schema.org","@graph":[{"@type":"Article","@id":"https:\/\/www.copealcoy.es\/es\/los-parrocos-de-la-comarca-nos-animan-a-vivir-la-semana-santa-desde-casa\/#article","isPartOf":{"@id":"https:\/\/www.copealcoy.es\/es\/los-parrocos-de-la-comarca-nos-animan-a-vivir-la-semana-santa-desde-casa\/"},"author":{"name":"Cope Alcoy","@id":"https:\/\/www.copealcoy.es\/es\/#\/schema\/person\/e777c87fa024e57d40170af9df39882c"},"headline":"Los p\u00e1rrocos de la comarca nos animan a vivir la Semana Santa desde casa","datePublished":"2020-04-09T08:49:58+00:00","mainEntityOfPage":{"@id":"https:\/\/www.copealcoy.es\/es\/los-parrocos-de-la-comarca-nos-animan-a-vivir-la-semana-santa-desde-casa\/"},"wordCount":656,"commentCount":0,"image":{"@id":"https:\/\/www.copealcoy.es\/es\/los-parrocos-de-la-comarca-nos-animan-a-vivir-la-semana-santa-desde-casa\/#primaryimage"},"thumbnailUrl":"https:\/\/www.copealcoy.es\/wp-content\/uploads\/2020\/04\/4-El-altar-de-la-iglesia-de-Santa-Mar\u00eda-fue-adornado-con-ramos-de-olivo-Foto-Parroquia-de-Santa-Mar\u00eda-e1586184342224-1.jpg","keywords":["Alcoi\u00e0","Comarca","Comtat","crisis Coronavirus","P\u00e1rrocos","Semana Santa"],"articleSection":["Comarcas","Noticias"],"inLanguage":"es"},{"@type":"WebPage","@id":"https:\/\/www.copealcoy.es\/es\/los-parrocos-de-la-comarca-nos-animan-a-vivir-la-semana-santa-desde-casa\/","url":"https:\/\/www.copealcoy.es\/es\/los-parrocos-de-la-comarca-nos-animan-a-vivir-la-semana-santa-desde-casa\/","name":"Los p\u00e1rrocos de la comarca nos animan a vivir la Semana Santa desde casa - COPE Alcoy","isPartOf":{"@id":"https:\/\/www.copealcoy.es\/es\/#website"},"primaryImageOfPage":{"@id":"https:\/\/www.copealcoy.es\/es\/los-parrocos-de-la-comarca-nos-animan-a-vivir-la-semana-santa-desde-casa\/#primaryimage"},"image":{"@id":"https:\/\/www.copealcoy.es\/es\/los-parrocos-de-la-comarca-nos-animan-a-vivir-la-semana-santa-desde-casa\/#primaryimage"},"thumbnailUrl":"https:\/\/www.copealcoy.es\/wp-content\/uploads\/2020\/04\/4-El-altar-de-la-iglesia-de-Santa-Mar\u00eda-fue-adornado-con-ramos-de-olivo-Foto-Parroquia-de-Santa-Mar\u00eda-e1586184342224-1.jpg","datePublished":"2020-04-09T08:49:58+00:00","author":{"@id":"https:\/\/www.copealcoy.es\/es\/#\/schema\/person\/e777c87fa024e57d40170af9df39882c"},"breadcrumb":{"@id":"https:\/\/www.copealcoy.es\/es\/los-parrocos-de-la-comarca-nos-animan-a-vivir-la-semana-santa-desde-casa\/#breadcrumb"},"inLanguage":"es","potentialAction":[{"@type":"ReadAction","target":["https:\/\/www.copealcoy.es\/es\/los-parrocos-de-la-comarca-nos-animan-a-vivir-la-semana-santa-desde-casa\/"]}]},{"@type":"ImageObject","inLanguage":"es","@id":"https:\/\/www.copealcoy.es\/es\/los-parrocos-de-la-comarca-nos-animan-a-vivir-la-semana-santa-desde-casa\/#primaryimage","url":"https:\/\/www.copealcoy.es\/wp-content\/uploads\/2020\/04\/4-El-altar-de-la-iglesia-de-Santa-Mar\u00eda-fue-adornado-con-ramos-de-olivo-Foto-Parroquia-de-Santa-Mar\u00eda-e1586184342224-1.jpg","contentUrl":"https:\/\/www.copealcoy.es\/wp-content\/uploads\/2020\/04\/4-El-altar-de-la-iglesia-de-Santa-Mar\u00eda-fue-adornado-con-ramos-de-olivo-Foto-Parroquia-de-Santa-Mar\u00eda-e1586184342224-1.jpg","width":1579,"height":803,"caption":"El altar de la iglesia de Santa Mar\u00eda fue adornado con ramos de olivo \/ Foto Parroquia de Santa Mar\u00eda"},{"@type":"BreadcrumbList","@id":"https:\/\/www.copealcoy.es\/es\/los-parrocos-de-la-comarca-nos-animan-a-vivir-la-semana-santa-desde-casa\/#breadcrumb","itemListElement":[{"@type":"ListItem","position":1,"name":"Portada","item":"https:\/\/www.copealcoy.es\/es\/"},{"@type":"ListItem","position":2,"name":"Los p\u00e1rrocos de la comarca nos animan a vivir la Semana Santa desde casa"}]},{"@type":"WebSite","@id":"https:\/\/www.copealcoy.es\/es\/#website","url":"https:\/\/www.copealcoy.es\/es\/","name":"COPE Alcoy","description":"Emisora COPE de radio local con emisi\u00f3n online. Pont de Sant Jordi 8-10 03803 Alcoy","potentialAction":[{"@type":"SearchAction","target":{"@type":"EntryPoint","urlTemplate":"https:\/\/www.copealcoy.es\/es\/?s={search_term_string}"},"query-input":{"@type":"PropertyValueSpecification","valueRequired":true,"valueName":"search_term_string"}}],"inLanguage":"es"},{"@type":"Person","@id":"https:\/\/www.copealcoy.es\/es\/#\/schema\/person\/e777c87fa024e57d40170af9df39882c","name":"Cope Alcoy","image":{"@type":"ImageObject","inLanguage":"es","@id":"https:\/\/secure.gravatar.com\/avatar\/bb65d0283347e303893ba14f0692005417c1e0e690a325a4c5d8bb2b3943ee14?s=96&d=mm&r=g","url":"https:\/\/secure.gravatar.com\/avatar\/bb65d0283347e303893ba14f0692005417c1e0e690a325a4c5d8bb2b3943ee14?s=96&d=mm&r=g","contentUrl":"https:\/\/secure.gravatar.com\/avatar\/bb65d0283347e303893ba14f0692005417c1e0e690a325a4c5d8bb2b3943ee14?s=96&d=mm&r=g","caption":"Cope Alcoy"}}]}},"_links":{"self":[{"href":"https:\/\/www.copealcoy.es\/es\/wp-json\/wp\/v2\/posts\/61682","targetHints":{"allow":["GET"]}}],"collection":[{"href":"https:\/\/www.copealcoy.es\/es\/wp-json\/wp\/v2\/posts"}],"about":[{"href":"https:\/\/www.copealcoy.es\/es\/wp-json\/wp\/v2\/types\/post"}],"author":[{"embeddable":true,"href":"https:\/\/www.copealcoy.es\/es\/wp-json\/wp\/v2\/users\/1"}],"replies":[{"embeddable":true,"href":"https:\/\/www.copealcoy.es\/es\/wp-json\/wp\/v2\/comments?post=61682"}],"version-history":[{"count":0,"href":"https:\/\/www.copealcoy.es\/es\/wp-json\/wp\/v2\/posts\/61682\/revisions"}],"wp:featuredmedia":[{"embeddable":true,"href":"https:\/\/www.copealcoy.es\/es\/wp-json\/wp\/v2\/media\/61561"}],"wp:attachment":[{"href":"https:\/\/www.copealcoy.es\/es\/wp-json\/wp\/v2\/media?parent=61682"}],"wp:term":[{"taxonomy":"category","embeddable":true,"href":"https:\/\/www.copealcoy.es\/es\/wp-json\/wp\/v2\/categories?post=61682"},{"taxonomy":"post_tag","embeddable":true,"href":"https:\/\/www.copealcoy.es\/es\/wp-json\/wp\/v2\/tags?post=61682"}],"curies":[{"name":"wp","href":"https:\/\/api.w.org\/{rel}","templated":true}]}}