{"id":61560,"date":"2020-04-06T14:44:49","date_gmt":"2020-04-06T14:44:49","guid":{"rendered":"https:\/\/www.copealcoy.es\/?p=61560"},"modified":"2020-04-06T14:44:49","modified_gmt":"2020-04-06T14:44:49","slug":"un-atipico-domingo-de-ramos-abre-la-semana-santa-en-la-comarca","status":"publish","type":"post","link":"https:\/\/www.copealcoy.es\/es\/un-atipico-domingo-de-ramos-abre-la-semana-santa-en-la-comarca\/","title":{"rendered":"Un at\u00edpico Domingo de Ramos abre la Semana Santa en la comarca"},"content":{"rendered":"<p style=\"text-align: justify;\">Las <strong>comarcas del Comtat y de l\u2019Alcoi\u00e0<\/strong> vivieron el pasado 5 de abril <strong>un at\u00edpico Domingo de Ramos<\/strong> en el que la crisis del Coronavirus <strong>impidi\u00f3 que salieran a la calle las primeras procesiones de la Semana Santa<\/strong> tal y como es habitual cada a\u00f1o en este d\u00eda si la climatolog\u00eda lo permite.<\/p>\n<p style=\"text-align: justify;\"><strong>Las parroquias de Cocentaina emitieron por Internet<\/strong><\/p>\n<p style=\"text-align: justify;\">La situaci\u00f3n que vivimos, en pleno Estado de Alarma para frenar la expansi\u00f3n de la pandemia, propici\u00f3 que <strong>las parroquias del Salvador y de Santa Mar\u00eda de Cocentaina efectuaran a puerta cerrada<\/strong> durante la ma\u00f1ana el oficio propio del Domingo de Ramos as\u00ed como la Eucarist\u00eda correspondiente a esta jornada. Estas citas <strong>fueron ofrecidas a los fieles a trav\u00e9s de Internet<\/strong> por medio de los canales que los dos templos tienen activados en la red social de YouTube. Adem\u00e1s desde ambas parroquias, siguiendo las indicaciones del Arzobispado de Valencia y de la Conferencia Episcopal, <strong>animaron a las familias a seguir las mencionadas celebraciones en sus hogares e incluso a preparar peque\u00f1as palmas de papel<\/strong> con las que poder saludar desde los balcones a mediod\u00eda.\u00a0 El silencio f<strong>ue pr\u00e1cticamente el protagonista en las calles contestanas<\/strong> en el Domingo de Ramos de este 2020 y <strong>tan solo fue roto por el volteo de las campanas<\/strong> que se escuchaba desde pr\u00e1cticamente toda la poblaci\u00f3n.<\/p>\n<p style=\"text-align: justify;\"><strong>Palmas de papel en la mayor\u00eda de balcones de la comarca<\/strong><\/p>\n<p style=\"text-align: justify;\">El ritual <strong>fue casi similar en el resto de localidades de la comarca<\/strong> y en municipios <strong>como Muro o Ibi<\/strong> se realizaron tambi\u00e9n las celebraciones a puerta cerrada en los templos <strong>siendo emitidas las mismas por medio de las nuevas tecnolog\u00edas<\/strong>. En la <strong>primera poblaci\u00f3n<\/strong> la misa del Domingo de Ramos se pudo seguir por el canal de YouTube de la parroquia de San Juan Bautista y <strong>en el segundo<\/strong> desde el perfil de Facebook de la iglesia de Santiago Ap\u00f3stol.\u00a0 Finalmente las palmas de cartulinas o espumas de colores, preparadas con imaginaci\u00f3n por muchos peque\u00f1os, <strong>fueron colgadas en los balcones de las viviendas<\/strong>.<\/p>\n<p style=\"text-align: justify;\">Se\u00f1alar que la misma Conferencia Episcopal <strong>ha editado una gu\u00eda online con recomendaciones para vivir la Semana Santa desde casa<\/strong>, un documento que se puede descargar desde <a href=\"https:\/\/conferenciaepiscopal.es\/\/wp-content\/uploads\/2020\/04\/SEMANA%20SANTA%20A.D.%202020.pdf\"><span style=\"color: #0000ff;\"><strong>la p\u00e1gina web<\/strong><\/span><\/a> de esta instituci\u00f3n.<\/p>\n","protected":false},"excerpt":{"rendered":"<p>Las comarcas del Comtat y de l\u2019Alcoi\u00e0 vivieron el pasado 5 de abril un at\u00edpico Domingo de Ramos en el&#8230;<\/p>\n","protected":false},"author":1,"featured_media":61561,"comment_status":"open","ping_status":"open","sticky":false,"template":"","format":"standard","meta":{"footnotes":""},"categories":[98,75],"tags":[482,237,7418,889,1215,745],"class_list":["post-61560","post","type-post","status-publish","format-standard","has-post-thumbnail","hentry","category-comarcas","category-noticias","tag-alcoia","tag-comtat","tag-crisis-del-coronavirus","tag-domingo-de-ramos","tag-inicio","tag-semana-santa"],"yoast_head":"<!-- This site is optimized with the Yoast SEO plugin v27.3 - https:\/\/yoast.com\/product\/yoast-seo-wordpress\/ -->\n<title>Un at\u00edpico Domingo de Ramos abre la Semana Santa en la comarca - COPE Alcoy<\/title>\n<meta name=\"robots\" content=\"index, follow, max-snippet:-1, max-image-preview:large, max-video-preview:-1\" \/>\n<link rel=\"canonical\" href=\"https:\/\/www.copealcoy.es\/es\/un-atipico-domingo-de-ramos-abre-la-semana-santa-en-la-comarca\/\" \/>\n<meta property=\"og:locale\" content=\"es_ES\" \/>\n<meta property=\"og:type\" content=\"article\" \/>\n<meta property=\"og:title\" content=\"Un at\u00edpico Domingo de Ramos abre la Semana Santa en la comarca - COPE Alcoy\" \/>\n<meta property=\"og:description\" content=\"Las comarcas del Comtat y de l\u2019Alcoi\u00e0 vivieron el pasado 5 de abril un at\u00edpico Domingo de Ramos en el...\" \/>\n<meta property=\"og:url\" content=\"https:\/\/www.copealcoy.es\/es\/un-atipico-domingo-de-ramos-abre-la-semana-santa-en-la-comarca\/\" \/>\n<meta property=\"og:site_name\" content=\"COPE Alcoy\" \/>\n<meta property=\"article:published_time\" content=\"2020-04-06T14:44:49+00:00\" \/>\n<meta property=\"og:image\" content=\"https:\/\/www.copealcoy.es\/wp-content\/uploads\/2020\/04\/4-El-altar-de-la-iglesia-de-Santa-Mar\u00eda-fue-adornado-con-ramos-de-olivo-Foto-Parroquia-de-Santa-Mar\u00eda-e1586184342224-1.jpg\" \/>\n\t<meta property=\"og:image:width\" content=\"1579\" \/>\n\t<meta property=\"og:image:height\" content=\"803\" \/>\n\t<meta property=\"og:image:type\" content=\"image\/jpeg\" \/>\n<meta name=\"author\" content=\"Cope Alcoy\" \/>\n<meta name=\"twitter:label1\" content=\"Escrito por\" \/>\n\t<meta name=\"twitter:data1\" content=\"Cope Alcoy\" \/>\n\t<meta name=\"twitter:label2\" content=\"Tiempo de lectura\" \/>\n\t<meta name=\"twitter:data2\" content=\"2 minutos\" \/>\n<script type=\"application\/ld+json\" class=\"yoast-schema-graph\">{\"@context\":\"https:\\\/\\\/schema.org\",\"@graph\":[{\"@type\":\"Article\",\"@id\":\"https:\\\/\\\/www.copealcoy.es\\\/es\\\/un-atipico-domingo-de-ramos-abre-la-semana-santa-en-la-comarca\\\/#article\",\"isPartOf\":{\"@id\":\"https:\\\/\\\/www.copealcoy.es\\\/es\\\/un-atipico-domingo-de-ramos-abre-la-semana-santa-en-la-comarca\\\/\"},\"author\":{\"name\":\"Cope Alcoy\",\"@id\":\"https:\\\/\\\/www.copealcoy.es\\\/es\\\/#\\\/schema\\\/person\\\/e777c87fa024e57d40170af9df39882c\"},\"headline\":\"Un at\u00edpico Domingo de Ramos abre la Semana Santa en la comarca\",\"datePublished\":\"2020-04-06T14:44:49+00:00\",\"mainEntityOfPage\":{\"@id\":\"https:\\\/\\\/www.copealcoy.es\\\/es\\\/un-atipico-domingo-de-ramos-abre-la-semana-santa-en-la-comarca\\\/\"},\"wordCount\":408,\"commentCount\":0,\"image\":{\"@id\":\"https:\\\/\\\/www.copealcoy.es\\\/es\\\/un-atipico-domingo-de-ramos-abre-la-semana-santa-en-la-comarca\\\/#primaryimage\"},\"thumbnailUrl\":\"https:\\\/\\\/www.copealcoy.es\\\/wp-content\\\/uploads\\\/2020\\\/04\\\/4-El-altar-de-la-iglesia-de-Santa-Mar\u00eda-fue-adornado-con-ramos-de-olivo-Foto-Parroquia-de-Santa-Mar\u00eda-e1586184342224-1.jpg\",\"keywords\":[\"Alcoi\u00e0\",\"Comtat\",\"Crisis del Coronavirus\",\"Domingo de Ramos\",\"inicio\",\"Semana Santa\"],\"articleSection\":[\"Comarcas\",\"Noticias\"],\"inLanguage\":\"es\"},{\"@type\":\"WebPage\",\"@id\":\"https:\\\/\\\/www.copealcoy.es\\\/es\\\/un-atipico-domingo-de-ramos-abre-la-semana-santa-en-la-comarca\\\/\",\"url\":\"https:\\\/\\\/www.copealcoy.es\\\/es\\\/un-atipico-domingo-de-ramos-abre-la-semana-santa-en-la-comarca\\\/\",\"name\":\"Un at\u00edpico Domingo de Ramos abre la Semana Santa en la comarca - COPE Alcoy\",\"isPartOf\":{\"@id\":\"https:\\\/\\\/www.copealcoy.es\\\/es\\\/#website\"},\"primaryImageOfPage\":{\"@id\":\"https:\\\/\\\/www.copealcoy.es\\\/es\\\/un-atipico-domingo-de-ramos-abre-la-semana-santa-en-la-comarca\\\/#primaryimage\"},\"image\":{\"@id\":\"https:\\\/\\\/www.copealcoy.es\\\/es\\\/un-atipico-domingo-de-ramos-abre-la-semana-santa-en-la-comarca\\\/#primaryimage\"},\"thumbnailUrl\":\"https:\\\/\\\/www.copealcoy.es\\\/wp-content\\\/uploads\\\/2020\\\/04\\\/4-El-altar-de-la-iglesia-de-Santa-Mar\u00eda-fue-adornado-con-ramos-de-olivo-Foto-Parroquia-de-Santa-Mar\u00eda-e1586184342224-1.jpg\",\"datePublished\":\"2020-04-06T14:44:49+00:00\",\"author\":{\"@id\":\"https:\\\/\\\/www.copealcoy.es\\\/es\\\/#\\\/schema\\\/person\\\/e777c87fa024e57d40170af9df39882c\"},\"breadcrumb\":{\"@id\":\"https:\\\/\\\/www.copealcoy.es\\\/es\\\/un-atipico-domingo-de-ramos-abre-la-semana-santa-en-la-comarca\\\/#breadcrumb\"},\"inLanguage\":\"es\",\"potentialAction\":[{\"@type\":\"ReadAction\",\"target\":[\"https:\\\/\\\/www.copealcoy.es\\\/es\\\/un-atipico-domingo-de-ramos-abre-la-semana-santa-en-la-comarca\\\/\"]}]},{\"@type\":\"ImageObject\",\"inLanguage\":\"es\",\"@id\":\"https:\\\/\\\/www.copealcoy.es\\\/es\\\/un-atipico-domingo-de-ramos-abre-la-semana-santa-en-la-comarca\\\/#primaryimage\",\"url\":\"https:\\\/\\\/www.copealcoy.es\\\/wp-content\\\/uploads\\\/2020\\\/04\\\/4-El-altar-de-la-iglesia-de-Santa-Mar\u00eda-fue-adornado-con-ramos-de-olivo-Foto-Parroquia-de-Santa-Mar\u00eda-e1586184342224-1.jpg\",\"contentUrl\":\"https:\\\/\\\/www.copealcoy.es\\\/wp-content\\\/uploads\\\/2020\\\/04\\\/4-El-altar-de-la-iglesia-de-Santa-Mar\u00eda-fue-adornado-con-ramos-de-olivo-Foto-Parroquia-de-Santa-Mar\u00eda-e1586184342224-1.jpg\",\"width\":1579,\"height\":803,\"caption\":\"El altar de la iglesia de Santa Mar\u00eda fue adornado con ramos de olivo \\\/ Foto Parroquia de Santa Mar\u00eda\"},{\"@type\":\"BreadcrumbList\",\"@id\":\"https:\\\/\\\/www.copealcoy.es\\\/es\\\/un-atipico-domingo-de-ramos-abre-la-semana-santa-en-la-comarca\\\/#breadcrumb\",\"itemListElement\":[{\"@type\":\"ListItem\",\"position\":1,\"name\":\"Portada\",\"item\":\"https:\\\/\\\/www.copealcoy.es\\\/es\\\/\"},{\"@type\":\"ListItem\",\"position\":2,\"name\":\"Un at\u00edpico Domingo de Ramos abre la Semana Santa en la comarca\"}]},{\"@type\":\"WebSite\",\"@id\":\"https:\\\/\\\/www.copealcoy.es\\\/es\\\/#website\",\"url\":\"https:\\\/\\\/www.copealcoy.es\\\/es\\\/\",\"name\":\"COPE Alcoy\",\"description\":\"Emisora COPE de radio local con emisi\u00f3n online. Pont de Sant Jordi 8-10 03803 Alcoy\",\"potentialAction\":[{\"@type\":\"SearchAction\",\"target\":{\"@type\":\"EntryPoint\",\"urlTemplate\":\"https:\\\/\\\/www.copealcoy.es\\\/es\\\/?s={search_term_string}\"},\"query-input\":{\"@type\":\"PropertyValueSpecification\",\"valueRequired\":true,\"valueName\":\"search_term_string\"}}],\"inLanguage\":\"es\"},{\"@type\":\"Person\",\"@id\":\"https:\\\/\\\/www.copealcoy.es\\\/es\\\/#\\\/schema\\\/person\\\/e777c87fa024e57d40170af9df39882c\",\"name\":\"Cope Alcoy\",\"image\":{\"@type\":\"ImageObject\",\"inLanguage\":\"es\",\"@id\":\"https:\\\/\\\/secure.gravatar.com\\\/avatar\\\/bb65d0283347e303893ba14f0692005417c1e0e690a325a4c5d8bb2b3943ee14?s=96&d=mm&r=g\",\"url\":\"https:\\\/\\\/secure.gravatar.com\\\/avatar\\\/bb65d0283347e303893ba14f0692005417c1e0e690a325a4c5d8bb2b3943ee14?s=96&d=mm&r=g\",\"contentUrl\":\"https:\\\/\\\/secure.gravatar.com\\\/avatar\\\/bb65d0283347e303893ba14f0692005417c1e0e690a325a4c5d8bb2b3943ee14?s=96&d=mm&r=g\",\"caption\":\"Cope Alcoy\"}}]}<\/script>\n<!-- \/ Yoast SEO plugin. -->","yoast_head_json":{"title":"Un at\u00edpico Domingo de Ramos abre la Semana Santa en la comarca - COPE Alcoy","robots":{"index":"index","follow":"follow","max-snippet":"max-snippet:-1","max-image-preview":"max-image-preview:large","max-video-preview":"max-video-preview:-1"},"canonical":"https:\/\/www.copealcoy.es\/es\/un-atipico-domingo-de-ramos-abre-la-semana-santa-en-la-comarca\/","og_locale":"es_ES","og_type":"article","og_title":"Un at\u00edpico Domingo de Ramos abre la Semana Santa en la comarca - COPE Alcoy","og_description":"Las comarcas del Comtat y de l\u2019Alcoi\u00e0 vivieron el pasado 5 de abril un at\u00edpico Domingo de Ramos en el...","og_url":"https:\/\/www.copealcoy.es\/es\/un-atipico-domingo-de-ramos-abre-la-semana-santa-en-la-comarca\/","og_site_name":"COPE Alcoy","article_published_time":"2020-04-06T14:44:49+00:00","og_image":[{"width":1579,"height":803,"url":"https:\/\/www.copealcoy.es\/wp-content\/uploads\/2020\/04\/4-El-altar-de-la-iglesia-de-Santa-Mar\u00eda-fue-adornado-con-ramos-de-olivo-Foto-Parroquia-de-Santa-Mar\u00eda-e1586184342224-1.jpg","type":"image\/jpeg"}],"author":"Cope Alcoy","twitter_misc":{"Escrito por":"Cope Alcoy","Tiempo de lectura":"2 minutos"},"schema":{"@context":"https:\/\/schema.org","@graph":[{"@type":"Article","@id":"https:\/\/www.copealcoy.es\/es\/un-atipico-domingo-de-ramos-abre-la-semana-santa-en-la-comarca\/#article","isPartOf":{"@id":"https:\/\/www.copealcoy.es\/es\/un-atipico-domingo-de-ramos-abre-la-semana-santa-en-la-comarca\/"},"author":{"name":"Cope Alcoy","@id":"https:\/\/www.copealcoy.es\/es\/#\/schema\/person\/e777c87fa024e57d40170af9df39882c"},"headline":"Un at\u00edpico Domingo de Ramos abre la Semana Santa en la comarca","datePublished":"2020-04-06T14:44:49+00:00","mainEntityOfPage":{"@id":"https:\/\/www.copealcoy.es\/es\/un-atipico-domingo-de-ramos-abre-la-semana-santa-en-la-comarca\/"},"wordCount":408,"commentCount":0,"image":{"@id":"https:\/\/www.copealcoy.es\/es\/un-atipico-domingo-de-ramos-abre-la-semana-santa-en-la-comarca\/#primaryimage"},"thumbnailUrl":"https:\/\/www.copealcoy.es\/wp-content\/uploads\/2020\/04\/4-El-altar-de-la-iglesia-de-Santa-Mar\u00eda-fue-adornado-con-ramos-de-olivo-Foto-Parroquia-de-Santa-Mar\u00eda-e1586184342224-1.jpg","keywords":["Alcoi\u00e0","Comtat","Crisis del Coronavirus","Domingo de Ramos","inicio","Semana Santa"],"articleSection":["Comarcas","Noticias"],"inLanguage":"es"},{"@type":"WebPage","@id":"https:\/\/www.copealcoy.es\/es\/un-atipico-domingo-de-ramos-abre-la-semana-santa-en-la-comarca\/","url":"https:\/\/www.copealcoy.es\/es\/un-atipico-domingo-de-ramos-abre-la-semana-santa-en-la-comarca\/","name":"Un at\u00edpico Domingo de Ramos abre la Semana Santa en la comarca - COPE Alcoy","isPartOf":{"@id":"https:\/\/www.copealcoy.es\/es\/#website"},"primaryImageOfPage":{"@id":"https:\/\/www.copealcoy.es\/es\/un-atipico-domingo-de-ramos-abre-la-semana-santa-en-la-comarca\/#primaryimage"},"image":{"@id":"https:\/\/www.copealcoy.es\/es\/un-atipico-domingo-de-ramos-abre-la-semana-santa-en-la-comarca\/#primaryimage"},"thumbnailUrl":"https:\/\/www.copealcoy.es\/wp-content\/uploads\/2020\/04\/4-El-altar-de-la-iglesia-de-Santa-Mar\u00eda-fue-adornado-con-ramos-de-olivo-Foto-Parroquia-de-Santa-Mar\u00eda-e1586184342224-1.jpg","datePublished":"2020-04-06T14:44:49+00:00","author":{"@id":"https:\/\/www.copealcoy.es\/es\/#\/schema\/person\/e777c87fa024e57d40170af9df39882c"},"breadcrumb":{"@id":"https:\/\/www.copealcoy.es\/es\/un-atipico-domingo-de-ramos-abre-la-semana-santa-en-la-comarca\/#breadcrumb"},"inLanguage":"es","potentialAction":[{"@type":"ReadAction","target":["https:\/\/www.copealcoy.es\/es\/un-atipico-domingo-de-ramos-abre-la-semana-santa-en-la-comarca\/"]}]},{"@type":"ImageObject","inLanguage":"es","@id":"https:\/\/www.copealcoy.es\/es\/un-atipico-domingo-de-ramos-abre-la-semana-santa-en-la-comarca\/#primaryimage","url":"https:\/\/www.copealcoy.es\/wp-content\/uploads\/2020\/04\/4-El-altar-de-la-iglesia-de-Santa-Mar\u00eda-fue-adornado-con-ramos-de-olivo-Foto-Parroquia-de-Santa-Mar\u00eda-e1586184342224-1.jpg","contentUrl":"https:\/\/www.copealcoy.es\/wp-content\/uploads\/2020\/04\/4-El-altar-de-la-iglesia-de-Santa-Mar\u00eda-fue-adornado-con-ramos-de-olivo-Foto-Parroquia-de-Santa-Mar\u00eda-e1586184342224-1.jpg","width":1579,"height":803,"caption":"El altar de la iglesia de Santa Mar\u00eda fue adornado con ramos de olivo \/ Foto Parroquia de Santa Mar\u00eda"},{"@type":"BreadcrumbList","@id":"https:\/\/www.copealcoy.es\/es\/un-atipico-domingo-de-ramos-abre-la-semana-santa-en-la-comarca\/#breadcrumb","itemListElement":[{"@type":"ListItem","position":1,"name":"Portada","item":"https:\/\/www.copealcoy.es\/es\/"},{"@type":"ListItem","position":2,"name":"Un at\u00edpico Domingo de Ramos abre la Semana Santa en la comarca"}]},{"@type":"WebSite","@id":"https:\/\/www.copealcoy.es\/es\/#website","url":"https:\/\/www.copealcoy.es\/es\/","name":"COPE Alcoy","description":"Emisora COPE de radio local con emisi\u00f3n online. Pont de Sant Jordi 8-10 03803 Alcoy","potentialAction":[{"@type":"SearchAction","target":{"@type":"EntryPoint","urlTemplate":"https:\/\/www.copealcoy.es\/es\/?s={search_term_string}"},"query-input":{"@type":"PropertyValueSpecification","valueRequired":true,"valueName":"search_term_string"}}],"inLanguage":"es"},{"@type":"Person","@id":"https:\/\/www.copealcoy.es\/es\/#\/schema\/person\/e777c87fa024e57d40170af9df39882c","name":"Cope Alcoy","image":{"@type":"ImageObject","inLanguage":"es","@id":"https:\/\/secure.gravatar.com\/avatar\/bb65d0283347e303893ba14f0692005417c1e0e690a325a4c5d8bb2b3943ee14?s=96&d=mm&r=g","url":"https:\/\/secure.gravatar.com\/avatar\/bb65d0283347e303893ba14f0692005417c1e0e690a325a4c5d8bb2b3943ee14?s=96&d=mm&r=g","contentUrl":"https:\/\/secure.gravatar.com\/avatar\/bb65d0283347e303893ba14f0692005417c1e0e690a325a4c5d8bb2b3943ee14?s=96&d=mm&r=g","caption":"Cope Alcoy"}}]}},"_links":{"self":[{"href":"https:\/\/www.copealcoy.es\/es\/wp-json\/wp\/v2\/posts\/61560","targetHints":{"allow":["GET"]}}],"collection":[{"href":"https:\/\/www.copealcoy.es\/es\/wp-json\/wp\/v2\/posts"}],"about":[{"href":"https:\/\/www.copealcoy.es\/es\/wp-json\/wp\/v2\/types\/post"}],"author":[{"embeddable":true,"href":"https:\/\/www.copealcoy.es\/es\/wp-json\/wp\/v2\/users\/1"}],"replies":[{"embeddable":true,"href":"https:\/\/www.copealcoy.es\/es\/wp-json\/wp\/v2\/comments?post=61560"}],"version-history":[{"count":0,"href":"https:\/\/www.copealcoy.es\/es\/wp-json\/wp\/v2\/posts\/61560\/revisions"}],"wp:featuredmedia":[{"embeddable":true,"href":"https:\/\/www.copealcoy.es\/es\/wp-json\/wp\/v2\/media\/61561"}],"wp:attachment":[{"href":"https:\/\/www.copealcoy.es\/es\/wp-json\/wp\/v2\/media?parent=61560"}],"wp:term":[{"taxonomy":"category","embeddable":true,"href":"https:\/\/www.copealcoy.es\/es\/wp-json\/wp\/v2\/categories?post=61560"},{"taxonomy":"post_tag","embeddable":true,"href":"https:\/\/www.copealcoy.es\/es\/wp-json\/wp\/v2\/tags?post=61560"}],"curies":[{"name":"wp","href":"https:\/\/api.w.org\/{rel}","templated":true}]}}