{"id":61461,"date":"2020-04-01T10:34:28","date_gmt":"2020-04-01T10:34:28","guid":{"rendered":"https:\/\/www.copealcoy.es\/?p=61461"},"modified":"2020-04-01T10:34:28","modified_gmt":"2020-04-01T10:34:28","slug":"cadena-100-estrena-una-nueva-version-de-la-cancion-resistire-cuya-recaudacion-ira-a-caritas","status":"publish","type":"post","link":"https:\/\/www.copealcoy.es\/es\/cadena-100-estrena-una-nueva-version-de-la-cancion-resistire-cuya-recaudacion-ira-a-caritas\/","title":{"rendered":"Cadena 100 estrena una nueva versi\u00f3n de la canci\u00f3n &#8216;Resistir\u00e9&#8217;, cuya recaudaci\u00f3n ir\u00e1 a C\u00e1ritas"},"content":{"rendered":"<p style=\"text-align: justify;\"><strong>Cadena 100<\/strong> estrena este mi\u00e9rcoles a las 12.00 horas <strong>&#8216;Resistir\u00e9&#8217;<\/strong>, <strong>una nueva versi\u00f3n del cl\u00e1sico del D\u00fao Din\u00e1mico<\/strong>, en el que han participado<strong> algunos de los principales cantantes<\/strong> de la m\u00fasica actual, como David Bisbal, Melendi, Manuel Carrasco, Rozal\u00e9n, Vanesa Mart\u00edn o \u00c1lvaro Soler.<\/p>\n<p style=\"text-align: justify;\">La nueva versi\u00f3n de Cadena 100<strong> cuenta con la colaboraci\u00f3n de 50 artistas<\/strong> y que servir\u00e1 para &#8220;<em>dar voz a la esperanza<\/em>&#8221; y<strong> recaudar fondos<\/strong> a beneficio de C\u00e1ritas.<\/p>\n<p style=\"text-align: justify;\">La emisora <strong>se ha unido al productor Pablo Cebri\u00e1n<\/strong> para llevar a cabo esta iniciativa, que <strong>nace<\/strong> para &#8220;<em>inyectar altas dosis de esperanza, optimismo y energ\u00eda a la sociedad espa\u00f1ola frente al coronavirus<\/em>&#8220;, informa la radio musical en un comunicado.<\/p>\n<p style=\"text-align: justify;\">La canci\u00f3n <strong>&#8216;Resistir\u00e9&#8217;<\/strong> se ha convertido en un himno <strong>durante el confinamiento<\/strong> en casa por el estado de alarmas. Muchos ciudadanos <strong>aprovechan el aplauso sanitario colectivo<\/strong>, a las 20.00 horas, para<strong> sacar un altavoz al balc\u00f3n<\/strong> y poner este tema m\u00edtico del &#8216;D\u00fao Din\u00e1mico&#8217;.<\/p>\n<p style=\"text-align: justify;\">Los artistas <strong>que han puesto voz al himno de &#8216;Resistir\u00e9&#8217; 2020<\/strong> son: \u00c1lex Ubago, \u00c1lvaro Soler, Andr\u00e9s (Dvicio), Andr\u00e9s Su\u00e1rez, Blas Cant\u00f3, Carlos Baute, Conchita, David Bisbal, David Otero, David Summers, Despistaos, Diana Navarro, Ele, Georgina, India Mart\u00ednez, Iv\u00e1n (Efecto Pasillo), Jos\u00e9 Merc\u00e9, Josemi Carmona, Manuel Carrasco, Melendi, Mikel Erentxun, Nil Moliner, Pastora Soler, Pedro Guerra, Pitingo, Rosana, Rozal\u00e9n, Rulo, Sofila Ellar, Susana (Efecto Mariposa) y Vanesa Mart\u00edn.<\/p>\n<p><iframe loading=\"lazy\" title=\"Resistir\u00e9 2020 - Video Oficial\" width=\"1200\" height=\"675\" src=\"https:\/\/www.youtube.com\/embed\/hl3B4Ql8RtQ?feature=oembed\" frameborder=\"0\" allow=\"accelerometer; autoplay; encrypted-media; gyroscope; picture-in-picture\" allowfullscreen><\/iframe>    \t<\/p>\n","protected":false},"excerpt":{"rendered":"<p>Cadena 100 estrena este mi\u00e9rcoles a las 12.00 horas &#8216;Resistir\u00e9&#8217;, una nueva versi\u00f3n del cl\u00e1sico del D\u00fao Din\u00e1mico, en el&#8230;<\/p>\n","protected":false},"author":1,"featured_media":61463,"comment_status":"open","ping_status":"open","sticky":false,"template":"","format":"standard","meta":{"footnotes":""},"categories":[1577,75],"tags":[7399,7400,460,4127,1706],"class_list":["post-61461","post","type-post","status-publish","format-standard","has-post-thumbnail","hentry","category-cope-alcoy","category-noticias","tag-resistire","tag-cadena-100","tag-caritas","tag-estreno","tag-recaudacion"],"yoast_head":"<!-- This site is optimized with the Yoast SEO plugin v27.3 - https:\/\/yoast.com\/product\/yoast-seo-wordpress\/ -->\n<title>Cadena 100 estrena una nueva versi\u00f3n de la canci\u00f3n &#039;Resistir\u00e9&#039;, cuya recaudaci\u00f3n ir\u00e1 a C\u00e1ritas - COPE Alcoy<\/title>\n<meta name=\"robots\" content=\"index, follow, max-snippet:-1, max-image-preview:large, max-video-preview:-1\" \/>\n<link rel=\"canonical\" href=\"https:\/\/www.copealcoy.es\/es\/cadena-100-estrena-una-nueva-version-de-la-cancion-resistire-cuya-recaudacion-ira-a-caritas\/\" \/>\n<meta property=\"og:locale\" content=\"es_ES\" \/>\n<meta property=\"og:type\" content=\"article\" \/>\n<meta property=\"og:title\" content=\"Cadena 100 estrena una nueva versi\u00f3n de la canci\u00f3n &#039;Resistir\u00e9&#039;, cuya recaudaci\u00f3n ir\u00e1 a C\u00e1ritas - COPE Alcoy\" \/>\n<meta property=\"og:description\" content=\"Cadena 100 estrena este mi\u00e9rcoles a las 12.00 horas &#8216;Resistir\u00e9&#8217;, una nueva versi\u00f3n del cl\u00e1sico del D\u00fao Din\u00e1mico, en el...\" \/>\n<meta property=\"og:url\" content=\"https:\/\/www.copealcoy.es\/es\/cadena-100-estrena-una-nueva-version-de-la-cancion-resistire-cuya-recaudacion-ira-a-caritas\/\" \/>\n<meta property=\"og:site_name\" content=\"COPE Alcoy\" \/>\n<meta property=\"article:published_time\" content=\"2020-04-01T10:34:28+00:00\" \/>\n<meta property=\"og:image\" content=\"https:\/\/www.copealcoy.es\/wp-content\/uploads\/2020\/04\/1585680083541-1.jpg\" \/>\n\t<meta property=\"og:image:width\" content=\"976\" \/>\n\t<meta property=\"og:image:height\" content=\"544\" \/>\n\t<meta property=\"og:image:type\" content=\"image\/jpeg\" \/>\n<meta name=\"author\" content=\"Cope Alcoy\" \/>\n<meta name=\"twitter:label1\" content=\"Escrito por\" \/>\n\t<meta name=\"twitter:data1\" content=\"Cope Alcoy\" \/>\n\t<meta name=\"twitter:label2\" content=\"Tiempo de lectura\" \/>\n\t<meta name=\"twitter:data2\" content=\"1 minuto\" \/>\n<script type=\"application\/ld+json\" class=\"yoast-schema-graph\">{\"@context\":\"https:\\\/\\\/schema.org\",\"@graph\":[{\"@type\":\"Article\",\"@id\":\"https:\\\/\\\/www.copealcoy.es\\\/es\\\/cadena-100-estrena-una-nueva-version-de-la-cancion-resistire-cuya-recaudacion-ira-a-caritas\\\/#article\",\"isPartOf\":{\"@id\":\"https:\\\/\\\/www.copealcoy.es\\\/es\\\/cadena-100-estrena-una-nueva-version-de-la-cancion-resistire-cuya-recaudacion-ira-a-caritas\\\/\"},\"author\":{\"name\":\"Cope Alcoy\",\"@id\":\"https:\\\/\\\/www.copealcoy.es\\\/es\\\/#\\\/schema\\\/person\\\/e777c87fa024e57d40170af9df39882c\"},\"headline\":\"Cadena 100 estrena una nueva versi\u00f3n de la canci\u00f3n &#8216;Resistir\u00e9&#8217;, cuya recaudaci\u00f3n ir\u00e1 a C\u00e1ritas\",\"datePublished\":\"2020-04-01T10:34:28+00:00\",\"mainEntityOfPage\":{\"@id\":\"https:\\\/\\\/www.copealcoy.es\\\/es\\\/cadena-100-estrena-una-nueva-version-de-la-cancion-resistire-cuya-recaudacion-ira-a-caritas\\\/\"},\"wordCount\":273,\"commentCount\":0,\"image\":{\"@id\":\"https:\\\/\\\/www.copealcoy.es\\\/es\\\/cadena-100-estrena-una-nueva-version-de-la-cancion-resistire-cuya-recaudacion-ira-a-caritas\\\/#primaryimage\"},\"thumbnailUrl\":\"https:\\\/\\\/www.copealcoy.es\\\/wp-content\\\/uploads\\\/2020\\\/04\\\/1585680083541-1.jpg\",\"keywords\":[\"'Resistir\u00e9'\",\"Cadena 100\",\"C\u00e1ritas\",\"estreno\",\"Recaudaci\u00f3n\"],\"articleSection\":[\"Cope Alcoy\",\"Noticias\"],\"inLanguage\":\"es\"},{\"@type\":\"WebPage\",\"@id\":\"https:\\\/\\\/www.copealcoy.es\\\/es\\\/cadena-100-estrena-una-nueva-version-de-la-cancion-resistire-cuya-recaudacion-ira-a-caritas\\\/\",\"url\":\"https:\\\/\\\/www.copealcoy.es\\\/es\\\/cadena-100-estrena-una-nueva-version-de-la-cancion-resistire-cuya-recaudacion-ira-a-caritas\\\/\",\"name\":\"Cadena 100 estrena una nueva versi\u00f3n de la canci\u00f3n 'Resistir\u00e9', cuya recaudaci\u00f3n ir\u00e1 a C\u00e1ritas - COPE Alcoy\",\"isPartOf\":{\"@id\":\"https:\\\/\\\/www.copealcoy.es\\\/es\\\/#website\"},\"primaryImageOfPage\":{\"@id\":\"https:\\\/\\\/www.copealcoy.es\\\/es\\\/cadena-100-estrena-una-nueva-version-de-la-cancion-resistire-cuya-recaudacion-ira-a-caritas\\\/#primaryimage\"},\"image\":{\"@id\":\"https:\\\/\\\/www.copealcoy.es\\\/es\\\/cadena-100-estrena-una-nueva-version-de-la-cancion-resistire-cuya-recaudacion-ira-a-caritas\\\/#primaryimage\"},\"thumbnailUrl\":\"https:\\\/\\\/www.copealcoy.es\\\/wp-content\\\/uploads\\\/2020\\\/04\\\/1585680083541-1.jpg\",\"datePublished\":\"2020-04-01T10:34:28+00:00\",\"author\":{\"@id\":\"https:\\\/\\\/www.copealcoy.es\\\/es\\\/#\\\/schema\\\/person\\\/e777c87fa024e57d40170af9df39882c\"},\"breadcrumb\":{\"@id\":\"https:\\\/\\\/www.copealcoy.es\\\/es\\\/cadena-100-estrena-una-nueva-version-de-la-cancion-resistire-cuya-recaudacion-ira-a-caritas\\\/#breadcrumb\"},\"inLanguage\":\"es\",\"potentialAction\":[{\"@type\":\"ReadAction\",\"target\":[\"https:\\\/\\\/www.copealcoy.es\\\/es\\\/cadena-100-estrena-una-nueva-version-de-la-cancion-resistire-cuya-recaudacion-ira-a-caritas\\\/\"]}]},{\"@type\":\"ImageObject\",\"inLanguage\":\"es\",\"@id\":\"https:\\\/\\\/www.copealcoy.es\\\/es\\\/cadena-100-estrena-una-nueva-version-de-la-cancion-resistire-cuya-recaudacion-ira-a-caritas\\\/#primaryimage\",\"url\":\"https:\\\/\\\/www.copealcoy.es\\\/wp-content\\\/uploads\\\/2020\\\/04\\\/1585680083541-1.jpg\",\"contentUrl\":\"https:\\\/\\\/www.copealcoy.es\\\/wp-content\\\/uploads\\\/2020\\\/04\\\/1585680083541-1.jpg\",\"width\":976,\"height\":544},{\"@type\":\"BreadcrumbList\",\"@id\":\"https:\\\/\\\/www.copealcoy.es\\\/es\\\/cadena-100-estrena-una-nueva-version-de-la-cancion-resistire-cuya-recaudacion-ira-a-caritas\\\/#breadcrumb\",\"itemListElement\":[{\"@type\":\"ListItem\",\"position\":1,\"name\":\"Portada\",\"item\":\"https:\\\/\\\/www.copealcoy.es\\\/es\\\/\"},{\"@type\":\"ListItem\",\"position\":2,\"name\":\"Cadena 100 estrena una nueva versi\u00f3n de la canci\u00f3n &#8216;Resistir\u00e9&#8217;, cuya recaudaci\u00f3n ir\u00e1 a C\u00e1ritas\"}]},{\"@type\":\"WebSite\",\"@id\":\"https:\\\/\\\/www.copealcoy.es\\\/es\\\/#website\",\"url\":\"https:\\\/\\\/www.copealcoy.es\\\/es\\\/\",\"name\":\"COPE Alcoy\",\"description\":\"Emisora COPE de radio local con emisi\u00f3n online. Pont de Sant Jordi 8-10 03803 Alcoy\",\"potentialAction\":[{\"@type\":\"SearchAction\",\"target\":{\"@type\":\"EntryPoint\",\"urlTemplate\":\"https:\\\/\\\/www.copealcoy.es\\\/es\\\/?s={search_term_string}\"},\"query-input\":{\"@type\":\"PropertyValueSpecification\",\"valueRequired\":true,\"valueName\":\"search_term_string\"}}],\"inLanguage\":\"es\"},{\"@type\":\"Person\",\"@id\":\"https:\\\/\\\/www.copealcoy.es\\\/es\\\/#\\\/schema\\\/person\\\/e777c87fa024e57d40170af9df39882c\",\"name\":\"Cope Alcoy\",\"image\":{\"@type\":\"ImageObject\",\"inLanguage\":\"es\",\"@id\":\"https:\\\/\\\/secure.gravatar.com\\\/avatar\\\/bb65d0283347e303893ba14f0692005417c1e0e690a325a4c5d8bb2b3943ee14?s=96&d=mm&r=g\",\"url\":\"https:\\\/\\\/secure.gravatar.com\\\/avatar\\\/bb65d0283347e303893ba14f0692005417c1e0e690a325a4c5d8bb2b3943ee14?s=96&d=mm&r=g\",\"contentUrl\":\"https:\\\/\\\/secure.gravatar.com\\\/avatar\\\/bb65d0283347e303893ba14f0692005417c1e0e690a325a4c5d8bb2b3943ee14?s=96&d=mm&r=g\",\"caption\":\"Cope Alcoy\"}}]}<\/script>\n<!-- \/ Yoast SEO plugin. -->","yoast_head_json":{"title":"Cadena 100 estrena una nueva versi\u00f3n de la canci\u00f3n 'Resistir\u00e9', cuya recaudaci\u00f3n ir\u00e1 a C\u00e1ritas - COPE Alcoy","robots":{"index":"index","follow":"follow","max-snippet":"max-snippet:-1","max-image-preview":"max-image-preview:large","max-video-preview":"max-video-preview:-1"},"canonical":"https:\/\/www.copealcoy.es\/es\/cadena-100-estrena-una-nueva-version-de-la-cancion-resistire-cuya-recaudacion-ira-a-caritas\/","og_locale":"es_ES","og_type":"article","og_title":"Cadena 100 estrena una nueva versi\u00f3n de la canci\u00f3n 'Resistir\u00e9', cuya recaudaci\u00f3n ir\u00e1 a C\u00e1ritas - COPE Alcoy","og_description":"Cadena 100 estrena este mi\u00e9rcoles a las 12.00 horas &#8216;Resistir\u00e9&#8217;, una nueva versi\u00f3n del cl\u00e1sico del D\u00fao Din\u00e1mico, en el...","og_url":"https:\/\/www.copealcoy.es\/es\/cadena-100-estrena-una-nueva-version-de-la-cancion-resistire-cuya-recaudacion-ira-a-caritas\/","og_site_name":"COPE Alcoy","article_published_time":"2020-04-01T10:34:28+00:00","og_image":[{"width":976,"height":544,"url":"https:\/\/www.copealcoy.es\/wp-content\/uploads\/2020\/04\/1585680083541-1.jpg","type":"image\/jpeg"}],"author":"Cope Alcoy","twitter_misc":{"Escrito por":"Cope Alcoy","Tiempo de lectura":"1 minuto"},"schema":{"@context":"https:\/\/schema.org","@graph":[{"@type":"Article","@id":"https:\/\/www.copealcoy.es\/es\/cadena-100-estrena-una-nueva-version-de-la-cancion-resistire-cuya-recaudacion-ira-a-caritas\/#article","isPartOf":{"@id":"https:\/\/www.copealcoy.es\/es\/cadena-100-estrena-una-nueva-version-de-la-cancion-resistire-cuya-recaudacion-ira-a-caritas\/"},"author":{"name":"Cope Alcoy","@id":"https:\/\/www.copealcoy.es\/es\/#\/schema\/person\/e777c87fa024e57d40170af9df39882c"},"headline":"Cadena 100 estrena una nueva versi\u00f3n de la canci\u00f3n &#8216;Resistir\u00e9&#8217;, cuya recaudaci\u00f3n ir\u00e1 a C\u00e1ritas","datePublished":"2020-04-01T10:34:28+00:00","mainEntityOfPage":{"@id":"https:\/\/www.copealcoy.es\/es\/cadena-100-estrena-una-nueva-version-de-la-cancion-resistire-cuya-recaudacion-ira-a-caritas\/"},"wordCount":273,"commentCount":0,"image":{"@id":"https:\/\/www.copealcoy.es\/es\/cadena-100-estrena-una-nueva-version-de-la-cancion-resistire-cuya-recaudacion-ira-a-caritas\/#primaryimage"},"thumbnailUrl":"https:\/\/www.copealcoy.es\/wp-content\/uploads\/2020\/04\/1585680083541-1.jpg","keywords":["'Resistir\u00e9'","Cadena 100","C\u00e1ritas","estreno","Recaudaci\u00f3n"],"articleSection":["Cope Alcoy","Noticias"],"inLanguage":"es"},{"@type":"WebPage","@id":"https:\/\/www.copealcoy.es\/es\/cadena-100-estrena-una-nueva-version-de-la-cancion-resistire-cuya-recaudacion-ira-a-caritas\/","url":"https:\/\/www.copealcoy.es\/es\/cadena-100-estrena-una-nueva-version-de-la-cancion-resistire-cuya-recaudacion-ira-a-caritas\/","name":"Cadena 100 estrena una nueva versi\u00f3n de la canci\u00f3n 'Resistir\u00e9', cuya recaudaci\u00f3n ir\u00e1 a C\u00e1ritas - COPE Alcoy","isPartOf":{"@id":"https:\/\/www.copealcoy.es\/es\/#website"},"primaryImageOfPage":{"@id":"https:\/\/www.copealcoy.es\/es\/cadena-100-estrena-una-nueva-version-de-la-cancion-resistire-cuya-recaudacion-ira-a-caritas\/#primaryimage"},"image":{"@id":"https:\/\/www.copealcoy.es\/es\/cadena-100-estrena-una-nueva-version-de-la-cancion-resistire-cuya-recaudacion-ira-a-caritas\/#primaryimage"},"thumbnailUrl":"https:\/\/www.copealcoy.es\/wp-content\/uploads\/2020\/04\/1585680083541-1.jpg","datePublished":"2020-04-01T10:34:28+00:00","author":{"@id":"https:\/\/www.copealcoy.es\/es\/#\/schema\/person\/e777c87fa024e57d40170af9df39882c"},"breadcrumb":{"@id":"https:\/\/www.copealcoy.es\/es\/cadena-100-estrena-una-nueva-version-de-la-cancion-resistire-cuya-recaudacion-ira-a-caritas\/#breadcrumb"},"inLanguage":"es","potentialAction":[{"@type":"ReadAction","target":["https:\/\/www.copealcoy.es\/es\/cadena-100-estrena-una-nueva-version-de-la-cancion-resistire-cuya-recaudacion-ira-a-caritas\/"]}]},{"@type":"ImageObject","inLanguage":"es","@id":"https:\/\/www.copealcoy.es\/es\/cadena-100-estrena-una-nueva-version-de-la-cancion-resistire-cuya-recaudacion-ira-a-caritas\/#primaryimage","url":"https:\/\/www.copealcoy.es\/wp-content\/uploads\/2020\/04\/1585680083541-1.jpg","contentUrl":"https:\/\/www.copealcoy.es\/wp-content\/uploads\/2020\/04\/1585680083541-1.jpg","width":976,"height":544},{"@type":"BreadcrumbList","@id":"https:\/\/www.copealcoy.es\/es\/cadena-100-estrena-una-nueva-version-de-la-cancion-resistire-cuya-recaudacion-ira-a-caritas\/#breadcrumb","itemListElement":[{"@type":"ListItem","position":1,"name":"Portada","item":"https:\/\/www.copealcoy.es\/es\/"},{"@type":"ListItem","position":2,"name":"Cadena 100 estrena una nueva versi\u00f3n de la canci\u00f3n &#8216;Resistir\u00e9&#8217;, cuya recaudaci\u00f3n ir\u00e1 a C\u00e1ritas"}]},{"@type":"WebSite","@id":"https:\/\/www.copealcoy.es\/es\/#website","url":"https:\/\/www.copealcoy.es\/es\/","name":"COPE Alcoy","description":"Emisora COPE de radio local con emisi\u00f3n online. Pont de Sant Jordi 8-10 03803 Alcoy","potentialAction":[{"@type":"SearchAction","target":{"@type":"EntryPoint","urlTemplate":"https:\/\/www.copealcoy.es\/es\/?s={search_term_string}"},"query-input":{"@type":"PropertyValueSpecification","valueRequired":true,"valueName":"search_term_string"}}],"inLanguage":"es"},{"@type":"Person","@id":"https:\/\/www.copealcoy.es\/es\/#\/schema\/person\/e777c87fa024e57d40170af9df39882c","name":"Cope Alcoy","image":{"@type":"ImageObject","inLanguage":"es","@id":"https:\/\/secure.gravatar.com\/avatar\/bb65d0283347e303893ba14f0692005417c1e0e690a325a4c5d8bb2b3943ee14?s=96&d=mm&r=g","url":"https:\/\/secure.gravatar.com\/avatar\/bb65d0283347e303893ba14f0692005417c1e0e690a325a4c5d8bb2b3943ee14?s=96&d=mm&r=g","contentUrl":"https:\/\/secure.gravatar.com\/avatar\/bb65d0283347e303893ba14f0692005417c1e0e690a325a4c5d8bb2b3943ee14?s=96&d=mm&r=g","caption":"Cope Alcoy"}}]}},"_links":{"self":[{"href":"https:\/\/www.copealcoy.es\/es\/wp-json\/wp\/v2\/posts\/61461","targetHints":{"allow":["GET"]}}],"collection":[{"href":"https:\/\/www.copealcoy.es\/es\/wp-json\/wp\/v2\/posts"}],"about":[{"href":"https:\/\/www.copealcoy.es\/es\/wp-json\/wp\/v2\/types\/post"}],"author":[{"embeddable":true,"href":"https:\/\/www.copealcoy.es\/es\/wp-json\/wp\/v2\/users\/1"}],"replies":[{"embeddable":true,"href":"https:\/\/www.copealcoy.es\/es\/wp-json\/wp\/v2\/comments?post=61461"}],"version-history":[{"count":0,"href":"https:\/\/www.copealcoy.es\/es\/wp-json\/wp\/v2\/posts\/61461\/revisions"}],"wp:featuredmedia":[{"embeddable":true,"href":"https:\/\/www.copealcoy.es\/es\/wp-json\/wp\/v2\/media\/61463"}],"wp:attachment":[{"href":"https:\/\/www.copealcoy.es\/es\/wp-json\/wp\/v2\/media?parent=61461"}],"wp:term":[{"taxonomy":"category","embeddable":true,"href":"https:\/\/www.copealcoy.es\/es\/wp-json\/wp\/v2\/categories?post=61461"},{"taxonomy":"post_tag","embeddable":true,"href":"https:\/\/www.copealcoy.es\/es\/wp-json\/wp\/v2\/tags?post=61461"}],"curies":[{"name":"wp","href":"https:\/\/api.w.org\/{rel}","templated":true}]}}