{"id":61312,"date":"2020-02-27T17:27:43","date_gmt":"2020-02-27T17:27:43","guid":{"rendered":"https:\/\/www.copealcoy.es\/?p=61312"},"modified":"2020-02-27T17:27:43","modified_gmt":"2020-02-27T17:27:43","slug":"propostes-de-cs-cocentaina-per-impulsar-el-reciclatge","status":"publish","type":"post","link":"https:\/\/www.copealcoy.es\/es\/propostes-de-cs-cocentaina-per-impulsar-el-reciclatge\/","title":{"rendered":"Propostes de Cs Cocentaina per impulsar el reciclatge"},"content":{"rendered":"<p style=\"text-align: justify;\"><strong>Article d&#8217;opini\u00f3 de Juanjo Moncunill, Regidor Ciutadans Cocentaina<\/strong><\/p>\n<div class=\"editor_content resumen\" style=\"text-align: justify;\">\n<p style=\"text-align: justify;\">Ciutadans Cocentaina va presentar un nombre de mesures per impulsar el\u00a0 reciclatge al Ple Ordinari de Febrer NO acceptades per la Corporaci\u00f3\u00a0 Municipal.<\/p>\n<\/div>\n<div class=\"editor_content no_figure\">\n<p style=\"text-align: justify;\">El Parlament Europeu va marcar com objectiu per al 2030 arribar al 70% del reciclatge dels residus\u00a0d\u2019envasos. Per arribar a aquest objectiu l\u2019EU demana als pa\u00efsos membres l\u2019adopci\u00f3 de mesures per\u00a0fomentar l\u2019augment de la proporci\u00f3 d\u2019envasos reutilitzables comercialitzats i dels sistemes de\u00a0reutilitzaci\u00f3 sense comprometre la higiene dels aliments ni la seguretat dels consumidors.<\/p>\n<p style=\"text-align: justify;\">Per altra banda el Consell de la G. Valenciana reconeix que: &#8220;<em>no existeix un \u00fanic sistema de recollida\u00a0perfecte , sin\u00f3 que cal adaptar el sistema de recollida a les diferents zones del municipi. A\u00e7\u00f2 pot dur\u00a0a tindre diversos sistemes de recollida depenent de la zona&#8221;. En refer\u00e8ncia als pobles de m\u00e9s de\u00a010.000 habitants, el Consell diu: &#8220;Hauran de fer un Pla Espec\u00edfic de reciclatge, on ells es marquen els\u00a0objectius de recollida selectiva en origen i \u00e9s fa\u00e7a un seguiment, any darrere d&#8217;any, i per aix\u00f2\u00a0podran vincular medis materials i econ\u00f2mics<\/em>&#8220;.<\/p>\n<p style=\"text-align: justify;\">A m\u00e9s a m\u00e9s despr\u00e9s d&#8217;analitzar les estad\u00edstiques de la brossa en Cocentaina d&#8217;aquests \u00faltims anys,\u00a0l&#8217;increment interanual de la brossa augmenta a un nivell molt superior a l&#8217;increment del reciclatge.<\/p>\n<p style=\"text-align: justify;\">\u00c9s per aix\u00f2 que el Grup Municipal CIUTADANS, presenta un nombre de propostes per incentivar el\u00a0reciclatge i mobilitzar als ve\u00efns de Cocentaina, que varen ser presentades al Ple Ordinari de Febrer:<\/p>\n<p style=\"text-align: justify;\">\n1.- <strong>Pla d&#8217;implantaci\u00f3 del sistema\u00a0de m\u00e0quines de reciclatge amb incentius\u00a0econ\u00f2mics (S.D.D.R.)<\/strong> que amb detall diga el\u00a0nombre de m\u00e0quines, les caracter\u00edstiques,\u00a0l&#8217;ubicaci\u00f3 i tipus d&#8217;incentius.<\/p>\n<p style=\"text-align: justify;\"><strong>2.- Proposar a Ecoembes l\u2019adhesi\u00f3 al\u00a0programa pilot Reciclatge 5.0<\/strong>.(Programa que\u00a0est\u00e0 actualment aplicant-se en 4 municipis de\u00a0Catalunya)<\/p>\n<p style=\"text-align: justify;\">&#8211; Aquest programa es basa en utilitzar les noves tecnologies per a identificar a l&#8217;usuari que recicla\u00a0(mitjan\u00e7ant codi QR i contenidors Intel\u00b7ligents li se donen incentius econ\u00f2mics).<\/p>\n<p style=\"text-align: justify;\">3. <strong>Recollida de RAEE&#8217;s en col\u00b7legis, etc.\u00a0<\/strong><\/p>\n<p style=\"text-align: justify;\">&#8211; Implantaci\u00f3 de &#8220;mini-ecoparcs&#8221; en col\u00b7legis, institut, centre\u00a0de salut i edificis p\u00fablics, perqu\u00e8 els ve\u00efns i ve\u00efnes del\u00a0municipi puguen abocar els xicotets electrodom\u00e8stics \/\u00a0aparells electr\u00f2nics \/ t\u00f2ner (USB&#8217;s, cables d&#8217;ordinador,\u00a0assecadors de p\u00e8l, etc.) sense haver de despla\u00e7ar-se a\u00a0l&#8217;ecoparc<\/p>\n<p style=\"text-align: justify;\">4.-<strong>Organitzaci\u00f3 de rifes (patinets el\u00e8ctrics, etc.) a canvi de reciclar aparells el\u00e8ctrics\/electr\u00f2nics<\/strong> (microones, ordinadors, TV\u2019s, m\u00f2bils, equips de m\u00fasica, etc.).<\/p>\n<p style=\"text-align: justify;\">5.-Introduir conceptes que donen m\u00e9s puntuaci\u00f3 a les empreses que implanten\/integren aquestes mesures (o similars) en el seu sistema de recollida, en l\u2019avaluaci\u00f3 t\u00e8cnica del Plec de\u00a0Cl\u00e0usules Administratives de la brossa i neteja vi\u00e0ria.<\/p>\n<p style=\"text-align: justify;\">6.-Introduir conceptes que donen m\u00e9s puntuaci\u00f3 a les empreses que implanten\/integren mesures de reciclatge en el servei de recollida especial per a Festes, Fira i Festes Locals, en\u00a0l\u2019avaluaci\u00f3 t\u00e8cnica del Plec de Cl\u00e0usules Administratives de la brossa i neteja vi\u00e0ria.<\/p>\n<p style=\"text-align: justify;\">7.- <strong>Instal\u00b7laci\u00f3 de 2 o 3 punts de compostatge comunitari<\/strong>, perqu\u00e8 els ve\u00efns del municipi que vulguen col\u00b7laborar, aboquen els residus org\u00e0nics, els quals s&#8217;utilitzaran com a compost en\u00a0jardins i horts socials del municipi.<\/p>\n<p style=\"text-align: justify;\">8.- <strong>Reducci\u00f3 del sobreembalatge<\/strong> en les fruites i verdures, menjars, etc. en els supermercats del\u00a0municipi. Reuni\u00f3 amb els directors dels principals supermercats per demanar mesures.<\/p>\n<p style=\"text-align: justify;\">9.-<strong>Demanar col\u00b7laboraci\u00f3 t\u00e8cnic-econ\u00f2mica per organitzar campanyes de foment del reciclatge <\/strong>en el nostre municipi a Ecoembres i Generalitat Valenciana.<\/p>\n<p style=\"text-align: justify;\"><u>Per desgr\u00e0cia, aquestes propostes NO han tingut el suport de la corporaci\u00f3 municipal de Cocentaina, per considerar que :\u00a0<\/u><\/p>\n<p style=\"text-align: justify;\">a) La proposta de Ciutadans \u00e9s molt cara.<\/p>\n<p style=\"text-align: justify;\">Des de Ciutadans no comprenem aquesta resposta perqu\u00e8, cap Grup ens ha demanat el\u00a0cost, ni ha donat dades del cost d\u2019aquestes mesures. A m\u00e9s, ara per ara, tampoc coneixem el cost de la proposta del Plec de Condicions.<\/p>\n<p style=\"text-align: justify;\">Per tant no entenem en qu\u00e8 es basen per a dir que la nostra proposta \u00e9s cara.<\/p>\n<p style=\"text-align: justify;\">b) La corporaci\u00f3 municipal diu que hi ha projectes pilot de compost comunitari en els col\u00b7legis de Cocentaina.<\/p>\n<p style=\"text-align: justify;\">Des de C\u2019s insistim, la proposta \u00e9s perqu\u00e8 els ve\u00efns de Cocentaina pugen col\u00b7laborar amb la realitzaci\u00f3 de compost per als jardins del poble. El que volem \u00e9s fer un pas endavant i passar d\u2019un projecte pilot en els col\u00b7legis\/horts, a un projecte per al poble.<\/p>\n<p style=\"text-align: justify;\">c) El \u201cporta a porta\u201d millora el reciclatge.<\/p>\n<p style=\"text-align: justify;\">En C&#8217;s estem a favor d&#8217;estudiar el sistema m\u00e9s adequat per a cada zona del municipi (com diu la G. Valenciana), perqu\u00e8 no hi ha cap sistema perfecte sin\u00f3 que, cal treballar per aconseguir el millor sistema per a cada sector del nostre municipi. \u00c9s per aix\u00f2, que no descartem cap sistema sin\u00f3 que fem propostes noves per impulsar el reciclatge.<\/p>\n<p style=\"text-align: justify;\">d) Reducci\u00f3 del sobreembalatge.<\/p>\n<p style=\"text-align: justify;\">Ens diuen que no \u00e9s treball de la Corporaci\u00f3 velar perqu\u00e8 es redu\u00efsca el sobreembalatge.\u00a0En C&#8217;s entenem que si demanem al poble un impuls del reciclatge, la corporaci\u00f3 al complet,\u00a0deu involucrar-se en aquest impuls, demanant mesures als generadors\u00a0de sobreembalatge (els supermercats del municipi).<\/p>\n<p style=\"text-align: justify;\">Des de CIUTADANS lamentem que la Corporaci\u00f3 Municipal no haja compres el sentit de la nostra\u00a0proposta per\u00f2, animem als ve\u00efns de Cocentaina a donar un impuls al reciclatge i a demanar-nos\u00a0informaci\u00f3 sobre les nostres propostes.<\/p>\n<\/div>\n","protected":false},"excerpt":{"rendered":"<p>Article d&#8217;opini\u00f3 de Juanjo Moncunill, Regidor Ciutadans Cocentaina Ciutadans Cocentaina va presentar un nombre de mesures per impulsar el\u00a0 reciclatge&#8230;<\/p>\n","protected":false},"author":1,"featured_media":51091,"comment_status":"open","ping_status":"open","sticky":false,"template":"","format":"standard","meta":{"footnotes":""},"categories":[87],"tags":[],"class_list":["post-61312","post","type-post","status-publish","format-standard","has-post-thumbnail","hentry","category-opinion"],"yoast_head":"<!-- This site is optimized with the Yoast SEO plugin v27.3 - https:\/\/yoast.com\/product\/yoast-seo-wordpress\/ -->\n<title>Propostes de Cs Cocentaina per impulsar el reciclatge - COPE Alcoy<\/title>\n<meta name=\"robots\" content=\"index, follow, max-snippet:-1, max-image-preview:large, max-video-preview:-1\" \/>\n<link rel=\"canonical\" href=\"https:\/\/www.copealcoy.es\/es\/propostes-de-cs-cocentaina-per-impulsar-el-reciclatge\/\" \/>\n<meta property=\"og:locale\" content=\"es_ES\" \/>\n<meta property=\"og:type\" content=\"article\" \/>\n<meta property=\"og:title\" content=\"Propostes de Cs Cocentaina per impulsar el reciclatge - COPE Alcoy\" \/>\n<meta property=\"og:description\" content=\"Article d&#8217;opini\u00f3 de Juanjo Moncunill, Regidor Ciutadans Cocentaina Ciutadans Cocentaina va presentar un nombre de mesures per impulsar el\u00a0 reciclatge...\" \/>\n<meta property=\"og:url\" content=\"https:\/\/www.copealcoy.es\/es\/propostes-de-cs-cocentaina-per-impulsar-el-reciclatge\/\" \/>\n<meta property=\"og:site_name\" content=\"COPE Alcoy\" \/>\n<meta property=\"article:published_time\" content=\"2020-02-27T17:27:43+00:00\" \/>\n<meta property=\"og:image\" content=\"https:\/\/www.copealcoy.es\/wp-content\/uploads\/2019\/05\/IMG_8105-e1558199753296-1-scaled.jpg\" \/>\n\t<meta property=\"og:image:width\" content=\"2560\" \/>\n\t<meta property=\"og:image:height\" content=\"1408\" \/>\n\t<meta property=\"og:image:type\" content=\"image\/jpeg\" \/>\n<meta name=\"author\" content=\"Cope Alcoy\" \/>\n<meta name=\"twitter:label1\" content=\"Escrito por\" \/>\n\t<meta name=\"twitter:data1\" content=\"Cope Alcoy\" \/>\n\t<meta name=\"twitter:label2\" content=\"Tiempo de lectura\" \/>\n\t<meta name=\"twitter:data2\" content=\"5 minutos\" \/>\n<script type=\"application\/ld+json\" class=\"yoast-schema-graph\">{\"@context\":\"https:\\\/\\\/schema.org\",\"@graph\":[{\"@type\":\"Article\",\"@id\":\"https:\\\/\\\/www.copealcoy.es\\\/es\\\/propostes-de-cs-cocentaina-per-impulsar-el-reciclatge\\\/#article\",\"isPartOf\":{\"@id\":\"https:\\\/\\\/www.copealcoy.es\\\/es\\\/propostes-de-cs-cocentaina-per-impulsar-el-reciclatge\\\/\"},\"author\":{\"name\":\"Cope Alcoy\",\"@id\":\"https:\\\/\\\/www.copealcoy.es\\\/es\\\/#\\\/schema\\\/person\\\/e777c87fa024e57d40170af9df39882c\"},\"headline\":\"Propostes de Cs Cocentaina per impulsar el reciclatge\",\"datePublished\":\"2020-02-27T17:27:43+00:00\",\"mainEntityOfPage\":{\"@id\":\"https:\\\/\\\/www.copealcoy.es\\\/es\\\/propostes-de-cs-cocentaina-per-impulsar-el-reciclatge\\\/\"},\"wordCount\":939,\"commentCount\":0,\"image\":{\"@id\":\"https:\\\/\\\/www.copealcoy.es\\\/es\\\/propostes-de-cs-cocentaina-per-impulsar-el-reciclatge\\\/#primaryimage\"},\"thumbnailUrl\":\"https:\\\/\\\/www.copealcoy.es\\\/wp-content\\\/uploads\\\/2019\\\/05\\\/IMG_8105-e1558199753296-1-scaled.jpg\",\"articleSection\":[\"Opini\u00f3n\"],\"inLanguage\":\"es\"},{\"@type\":\"WebPage\",\"@id\":\"https:\\\/\\\/www.copealcoy.es\\\/es\\\/propostes-de-cs-cocentaina-per-impulsar-el-reciclatge\\\/\",\"url\":\"https:\\\/\\\/www.copealcoy.es\\\/es\\\/propostes-de-cs-cocentaina-per-impulsar-el-reciclatge\\\/\",\"name\":\"Propostes de Cs Cocentaina per impulsar el reciclatge - COPE Alcoy\",\"isPartOf\":{\"@id\":\"https:\\\/\\\/www.copealcoy.es\\\/es\\\/#website\"},\"primaryImageOfPage\":{\"@id\":\"https:\\\/\\\/www.copealcoy.es\\\/es\\\/propostes-de-cs-cocentaina-per-impulsar-el-reciclatge\\\/#primaryimage\"},\"image\":{\"@id\":\"https:\\\/\\\/www.copealcoy.es\\\/es\\\/propostes-de-cs-cocentaina-per-impulsar-el-reciclatge\\\/#primaryimage\"},\"thumbnailUrl\":\"https:\\\/\\\/www.copealcoy.es\\\/wp-content\\\/uploads\\\/2019\\\/05\\\/IMG_8105-e1558199753296-1-scaled.jpg\",\"datePublished\":\"2020-02-27T17:27:43+00:00\",\"author\":{\"@id\":\"https:\\\/\\\/www.copealcoy.es\\\/es\\\/#\\\/schema\\\/person\\\/e777c87fa024e57d40170af9df39882c\"},\"breadcrumb\":{\"@id\":\"https:\\\/\\\/www.copealcoy.es\\\/es\\\/propostes-de-cs-cocentaina-per-impulsar-el-reciclatge\\\/#breadcrumb\"},\"inLanguage\":\"es\",\"potentialAction\":[{\"@type\":\"ReadAction\",\"target\":[\"https:\\\/\\\/www.copealcoy.es\\\/es\\\/propostes-de-cs-cocentaina-per-impulsar-el-reciclatge\\\/\"]}]},{\"@type\":\"ImageObject\",\"inLanguage\":\"es\",\"@id\":\"https:\\\/\\\/www.copealcoy.es\\\/es\\\/propostes-de-cs-cocentaina-per-impulsar-el-reciclatge\\\/#primaryimage\",\"url\":\"https:\\\/\\\/www.copealcoy.es\\\/wp-content\\\/uploads\\\/2019\\\/05\\\/IMG_8105-e1558199753296-1-scaled.jpg\",\"contentUrl\":\"https:\\\/\\\/www.copealcoy.es\\\/wp-content\\\/uploads\\\/2019\\\/05\\\/IMG_8105-e1558199753296-1-scaled.jpg\",\"width\":2560,\"height\":1408,\"caption\":\"Juan Jos\u00e9 Moncunill en su entrevista en Cope Alcoy\"},{\"@type\":\"BreadcrumbList\",\"@id\":\"https:\\\/\\\/www.copealcoy.es\\\/es\\\/propostes-de-cs-cocentaina-per-impulsar-el-reciclatge\\\/#breadcrumb\",\"itemListElement\":[{\"@type\":\"ListItem\",\"position\":1,\"name\":\"Portada\",\"item\":\"https:\\\/\\\/www.copealcoy.es\\\/es\\\/\"},{\"@type\":\"ListItem\",\"position\":2,\"name\":\"Propostes de Cs Cocentaina per impulsar el reciclatge\"}]},{\"@type\":\"WebSite\",\"@id\":\"https:\\\/\\\/www.copealcoy.es\\\/es\\\/#website\",\"url\":\"https:\\\/\\\/www.copealcoy.es\\\/es\\\/\",\"name\":\"COPE Alcoy\",\"description\":\"Emisora COPE de radio local con emisi\u00f3n online. Pont de Sant Jordi 8-10 03803 Alcoy\",\"potentialAction\":[{\"@type\":\"SearchAction\",\"target\":{\"@type\":\"EntryPoint\",\"urlTemplate\":\"https:\\\/\\\/www.copealcoy.es\\\/es\\\/?s={search_term_string}\"},\"query-input\":{\"@type\":\"PropertyValueSpecification\",\"valueRequired\":true,\"valueName\":\"search_term_string\"}}],\"inLanguage\":\"es\"},{\"@type\":\"Person\",\"@id\":\"https:\\\/\\\/www.copealcoy.es\\\/es\\\/#\\\/schema\\\/person\\\/e777c87fa024e57d40170af9df39882c\",\"name\":\"Cope Alcoy\",\"image\":{\"@type\":\"ImageObject\",\"inLanguage\":\"es\",\"@id\":\"https:\\\/\\\/secure.gravatar.com\\\/avatar\\\/bb65d0283347e303893ba14f0692005417c1e0e690a325a4c5d8bb2b3943ee14?s=96&d=mm&r=g\",\"url\":\"https:\\\/\\\/secure.gravatar.com\\\/avatar\\\/bb65d0283347e303893ba14f0692005417c1e0e690a325a4c5d8bb2b3943ee14?s=96&d=mm&r=g\",\"contentUrl\":\"https:\\\/\\\/secure.gravatar.com\\\/avatar\\\/bb65d0283347e303893ba14f0692005417c1e0e690a325a4c5d8bb2b3943ee14?s=96&d=mm&r=g\",\"caption\":\"Cope Alcoy\"}}]}<\/script>\n<!-- \/ Yoast SEO plugin. -->","yoast_head_json":{"title":"Propostes de Cs Cocentaina per impulsar el reciclatge - COPE Alcoy","robots":{"index":"index","follow":"follow","max-snippet":"max-snippet:-1","max-image-preview":"max-image-preview:large","max-video-preview":"max-video-preview:-1"},"canonical":"https:\/\/www.copealcoy.es\/es\/propostes-de-cs-cocentaina-per-impulsar-el-reciclatge\/","og_locale":"es_ES","og_type":"article","og_title":"Propostes de Cs Cocentaina per impulsar el reciclatge - COPE Alcoy","og_description":"Article d&#8217;opini\u00f3 de Juanjo Moncunill, Regidor Ciutadans Cocentaina Ciutadans Cocentaina va presentar un nombre de mesures per impulsar el\u00a0 reciclatge...","og_url":"https:\/\/www.copealcoy.es\/es\/propostes-de-cs-cocentaina-per-impulsar-el-reciclatge\/","og_site_name":"COPE Alcoy","article_published_time":"2020-02-27T17:27:43+00:00","og_image":[{"width":2560,"height":1408,"url":"https:\/\/www.copealcoy.es\/wp-content\/uploads\/2019\/05\/IMG_8105-e1558199753296-1-scaled.jpg","type":"image\/jpeg"}],"author":"Cope Alcoy","twitter_misc":{"Escrito por":"Cope Alcoy","Tiempo de lectura":"5 minutos"},"schema":{"@context":"https:\/\/schema.org","@graph":[{"@type":"Article","@id":"https:\/\/www.copealcoy.es\/es\/propostes-de-cs-cocentaina-per-impulsar-el-reciclatge\/#article","isPartOf":{"@id":"https:\/\/www.copealcoy.es\/es\/propostes-de-cs-cocentaina-per-impulsar-el-reciclatge\/"},"author":{"name":"Cope Alcoy","@id":"https:\/\/www.copealcoy.es\/es\/#\/schema\/person\/e777c87fa024e57d40170af9df39882c"},"headline":"Propostes de Cs Cocentaina per impulsar el reciclatge","datePublished":"2020-02-27T17:27:43+00:00","mainEntityOfPage":{"@id":"https:\/\/www.copealcoy.es\/es\/propostes-de-cs-cocentaina-per-impulsar-el-reciclatge\/"},"wordCount":939,"commentCount":0,"image":{"@id":"https:\/\/www.copealcoy.es\/es\/propostes-de-cs-cocentaina-per-impulsar-el-reciclatge\/#primaryimage"},"thumbnailUrl":"https:\/\/www.copealcoy.es\/wp-content\/uploads\/2019\/05\/IMG_8105-e1558199753296-1-scaled.jpg","articleSection":["Opini\u00f3n"],"inLanguage":"es"},{"@type":"WebPage","@id":"https:\/\/www.copealcoy.es\/es\/propostes-de-cs-cocentaina-per-impulsar-el-reciclatge\/","url":"https:\/\/www.copealcoy.es\/es\/propostes-de-cs-cocentaina-per-impulsar-el-reciclatge\/","name":"Propostes de Cs Cocentaina per impulsar el reciclatge - COPE Alcoy","isPartOf":{"@id":"https:\/\/www.copealcoy.es\/es\/#website"},"primaryImageOfPage":{"@id":"https:\/\/www.copealcoy.es\/es\/propostes-de-cs-cocentaina-per-impulsar-el-reciclatge\/#primaryimage"},"image":{"@id":"https:\/\/www.copealcoy.es\/es\/propostes-de-cs-cocentaina-per-impulsar-el-reciclatge\/#primaryimage"},"thumbnailUrl":"https:\/\/www.copealcoy.es\/wp-content\/uploads\/2019\/05\/IMG_8105-e1558199753296-1-scaled.jpg","datePublished":"2020-02-27T17:27:43+00:00","author":{"@id":"https:\/\/www.copealcoy.es\/es\/#\/schema\/person\/e777c87fa024e57d40170af9df39882c"},"breadcrumb":{"@id":"https:\/\/www.copealcoy.es\/es\/propostes-de-cs-cocentaina-per-impulsar-el-reciclatge\/#breadcrumb"},"inLanguage":"es","potentialAction":[{"@type":"ReadAction","target":["https:\/\/www.copealcoy.es\/es\/propostes-de-cs-cocentaina-per-impulsar-el-reciclatge\/"]}]},{"@type":"ImageObject","inLanguage":"es","@id":"https:\/\/www.copealcoy.es\/es\/propostes-de-cs-cocentaina-per-impulsar-el-reciclatge\/#primaryimage","url":"https:\/\/www.copealcoy.es\/wp-content\/uploads\/2019\/05\/IMG_8105-e1558199753296-1-scaled.jpg","contentUrl":"https:\/\/www.copealcoy.es\/wp-content\/uploads\/2019\/05\/IMG_8105-e1558199753296-1-scaled.jpg","width":2560,"height":1408,"caption":"Juan Jos\u00e9 Moncunill en su entrevista en Cope Alcoy"},{"@type":"BreadcrumbList","@id":"https:\/\/www.copealcoy.es\/es\/propostes-de-cs-cocentaina-per-impulsar-el-reciclatge\/#breadcrumb","itemListElement":[{"@type":"ListItem","position":1,"name":"Portada","item":"https:\/\/www.copealcoy.es\/es\/"},{"@type":"ListItem","position":2,"name":"Propostes de Cs Cocentaina per impulsar el reciclatge"}]},{"@type":"WebSite","@id":"https:\/\/www.copealcoy.es\/es\/#website","url":"https:\/\/www.copealcoy.es\/es\/","name":"COPE Alcoy","description":"Emisora COPE de radio local con emisi\u00f3n online. Pont de Sant Jordi 8-10 03803 Alcoy","potentialAction":[{"@type":"SearchAction","target":{"@type":"EntryPoint","urlTemplate":"https:\/\/www.copealcoy.es\/es\/?s={search_term_string}"},"query-input":{"@type":"PropertyValueSpecification","valueRequired":true,"valueName":"search_term_string"}}],"inLanguage":"es"},{"@type":"Person","@id":"https:\/\/www.copealcoy.es\/es\/#\/schema\/person\/e777c87fa024e57d40170af9df39882c","name":"Cope Alcoy","image":{"@type":"ImageObject","inLanguage":"es","@id":"https:\/\/secure.gravatar.com\/avatar\/bb65d0283347e303893ba14f0692005417c1e0e690a325a4c5d8bb2b3943ee14?s=96&d=mm&r=g","url":"https:\/\/secure.gravatar.com\/avatar\/bb65d0283347e303893ba14f0692005417c1e0e690a325a4c5d8bb2b3943ee14?s=96&d=mm&r=g","contentUrl":"https:\/\/secure.gravatar.com\/avatar\/bb65d0283347e303893ba14f0692005417c1e0e690a325a4c5d8bb2b3943ee14?s=96&d=mm&r=g","caption":"Cope Alcoy"}}]}},"_links":{"self":[{"href":"https:\/\/www.copealcoy.es\/es\/wp-json\/wp\/v2\/posts\/61312","targetHints":{"allow":["GET"]}}],"collection":[{"href":"https:\/\/www.copealcoy.es\/es\/wp-json\/wp\/v2\/posts"}],"about":[{"href":"https:\/\/www.copealcoy.es\/es\/wp-json\/wp\/v2\/types\/post"}],"author":[{"embeddable":true,"href":"https:\/\/www.copealcoy.es\/es\/wp-json\/wp\/v2\/users\/1"}],"replies":[{"embeddable":true,"href":"https:\/\/www.copealcoy.es\/es\/wp-json\/wp\/v2\/comments?post=61312"}],"version-history":[{"count":0,"href":"https:\/\/www.copealcoy.es\/es\/wp-json\/wp\/v2\/posts\/61312\/revisions"}],"wp:featuredmedia":[{"embeddable":true,"href":"https:\/\/www.copealcoy.es\/es\/wp-json\/wp\/v2\/media\/51091"}],"wp:attachment":[{"href":"https:\/\/www.copealcoy.es\/es\/wp-json\/wp\/v2\/media?parent=61312"}],"wp:term":[{"taxonomy":"category","embeddable":true,"href":"https:\/\/www.copealcoy.es\/es\/wp-json\/wp\/v2\/categories?post=61312"},{"taxonomy":"post_tag","embeddable":true,"href":"https:\/\/www.copealcoy.es\/es\/wp-json\/wp\/v2\/tags?post=61312"}],"curies":[{"name":"wp","href":"https:\/\/api.w.org\/{rel}","templated":true}]}}