{"id":61293,"date":"2020-03-30T15:41:22","date_gmt":"2020-03-30T15:41:22","guid":{"rendered":"https:\/\/www.copealcoy.es\/?p=61293"},"modified":"2020-03-30T15:41:22","modified_gmt":"2020-03-30T15:41:22","slug":"santi-segura-caritas-sigue-estando-al-lado-de-quien-mas-lo-necesita","status":"publish","type":"post","link":"https:\/\/www.copealcoy.es\/es\/santi-segura-caritas-sigue-estando-al-lado-de-quien-mas-lo-necesita\/","title":{"rendered":"Santi Segura: &#8220;C\u00e1ritas sigue estando al lado de quien m\u00e1s lo necesita&#8221;"},"content":{"rendered":"<p style=\"text-align: justify;\">C\u00e1ritas Alcoy ha adoptado tambi\u00e9n <strong>una serie de medidas<\/strong> para continuar con <strong>la atenci\u00f3n a las personas m\u00e1s vulnerables<\/strong> de la ciudad durante la crisis del Coronavirus.<\/p>\n<p style=\"text-align: justify;\">Desde este organismo explican que <strong>se ha cerrado el Economato<\/strong> porque <strong>no se puede realizar la atenci\u00f3n al p\u00fablico<\/strong> y detallan que este servicio <strong>se presta por medio de otras iniciativas<\/strong> <em>&#8220;hemos sustituido la entrega de alimentos por vales de compra que se env\u00edan directamente a los usuarios para que los canjeen en el supermercado<\/em>&#8220;, detallaba en COPE ALCOY Santi Segura; Delegado Arciprestal de C\u00e1ritas. Adem\u00e1s se est\u00e1 apostando por <strong>ayudar a la gente del barrio<\/strong> para acercarles productos de primera necesidad o acompa\u00f1arles en los d\u00edas de cuarentena &#8220;<em>les llamamos tambi\u00e9n por tel\u00e9fono para ver si se encuentran bien o precisan de alguna cosa. Si alguien tiene una necesidad puede ponerse\u00a0en contacto con su parroquia y a partir de ah\u00ed el engranaje se pone en marcha de inmediato<\/em>&#8220;, destaca Segura.<\/p>\n<p style=\"text-align: justify;\">Por \u00faltimo desde C\u00e1ritas Alcoy indican que <strong>si alguna persona quiere realizar alg\u00fan donativo<\/strong> lo puede hacer en su parroquia o en este n\u00famero de cuenta: ES95-0081-0267-8600-0671-2084.<\/p>\n","protected":false},"excerpt":{"rendered":"<p>C\u00e1ritas Alcoy ha adoptado tambi\u00e9n una serie de medidas para continuar con la atenci\u00f3n a las personas m\u00e1s vulnerables de&#8230;<\/p>\n","protected":false},"author":1,"featured_media":61294,"comment_status":"open","ping_status":"open","sticky":false,"template":"","format":"standard","meta":{"footnotes":""},"categories":[97,75],"tags":[1425,460,5306,1086],"class_list":["post-61293","post","type-post","status-publish","format-standard","has-post-thumbnail","hentry","category-alcoy","category-noticias","tag-atencion","tag-caritas","tag-santi-segura","tag-usuarios"],"yoast_head":"<!-- This site is optimized with the Yoast SEO plugin v27.3 - https:\/\/yoast.com\/product\/yoast-seo-wordpress\/ -->\n<title>Santi Segura: &quot;C\u00e1ritas sigue estando al lado de quien m\u00e1s lo necesita&quot; - COPE Alcoy<\/title>\n<meta name=\"robots\" content=\"index, follow, max-snippet:-1, max-image-preview:large, max-video-preview:-1\" \/>\n<link rel=\"canonical\" href=\"https:\/\/www.copealcoy.es\/es\/santi-segura-caritas-sigue-estando-al-lado-de-quien-mas-lo-necesita\/\" \/>\n<meta property=\"og:locale\" content=\"es_ES\" \/>\n<meta property=\"og:type\" content=\"article\" \/>\n<meta property=\"og:title\" content=\"Santi Segura: &quot;C\u00e1ritas sigue estando al lado de quien m\u00e1s lo necesita&quot; - COPE Alcoy\" \/>\n<meta property=\"og:description\" content=\"C\u00e1ritas Alcoy ha adoptado tambi\u00e9n una serie de medidas para continuar con la atenci\u00f3n a las personas m\u00e1s vulnerables de...\" \/>\n<meta property=\"og:url\" content=\"https:\/\/www.copealcoy.es\/es\/santi-segura-caritas-sigue-estando-al-lado-de-quien-mas-lo-necesita\/\" \/>\n<meta property=\"og:site_name\" content=\"COPE Alcoy\" \/>\n<meta property=\"article:published_time\" content=\"2020-03-30T15:41:22+00:00\" \/>\n<meta property=\"og:image\" content=\"https:\/\/www.copealcoy.es\/wp-content\/uploads\/2020\/03\/12472786_818540661622754_5303482671777601003_n-e1585581993925-1.jpg\" \/>\n\t<meta property=\"og:image:width\" content=\"763\" \/>\n\t<meta property=\"og:image:height\" content=\"460\" \/>\n\t<meta property=\"og:image:type\" content=\"image\/jpeg\" \/>\n<meta name=\"author\" content=\"Cope Alcoy\" \/>\n<meta name=\"twitter:label1\" content=\"Escrito por\" \/>\n\t<meta name=\"twitter:data1\" content=\"Cope Alcoy\" \/>\n\t<meta name=\"twitter:label2\" content=\"Tiempo de lectura\" \/>\n\t<meta name=\"twitter:data2\" content=\"1 minuto\" \/>\n<script type=\"application\/ld+json\" class=\"yoast-schema-graph\">{\"@context\":\"https:\\\/\\\/schema.org\",\"@graph\":[{\"@type\":\"Article\",\"@id\":\"https:\\\/\\\/www.copealcoy.es\\\/es\\\/santi-segura-caritas-sigue-estando-al-lado-de-quien-mas-lo-necesita\\\/#article\",\"isPartOf\":{\"@id\":\"https:\\\/\\\/www.copealcoy.es\\\/es\\\/santi-segura-caritas-sigue-estando-al-lado-de-quien-mas-lo-necesita\\\/\"},\"author\":{\"name\":\"Cope Alcoy\",\"@id\":\"https:\\\/\\\/www.copealcoy.es\\\/es\\\/#\\\/schema\\\/person\\\/e777c87fa024e57d40170af9df39882c\"},\"headline\":\"Santi Segura: &#8220;C\u00e1ritas sigue estando al lado de quien m\u00e1s lo necesita&#8221;\",\"datePublished\":\"2020-03-30T15:41:22+00:00\",\"mainEntityOfPage\":{\"@id\":\"https:\\\/\\\/www.copealcoy.es\\\/es\\\/santi-segura-caritas-sigue-estando-al-lado-de-quien-mas-lo-necesita\\\/\"},\"wordCount\":221,\"commentCount\":0,\"image\":{\"@id\":\"https:\\\/\\\/www.copealcoy.es\\\/es\\\/santi-segura-caritas-sigue-estando-al-lado-de-quien-mas-lo-necesita\\\/#primaryimage\"},\"thumbnailUrl\":\"https:\\\/\\\/www.copealcoy.es\\\/wp-content\\\/uploads\\\/2020\\\/03\\\/12472786_818540661622754_5303482671777601003_n-e1585581993925-1.jpg\",\"keywords\":[\"atenci\u00f3n\",\"C\u00e1ritas\",\"Santi Segura\",\"usuarios\"],\"articleSection\":[\"Alcoy\",\"Noticias\"],\"inLanguage\":\"es\"},{\"@type\":\"WebPage\",\"@id\":\"https:\\\/\\\/www.copealcoy.es\\\/es\\\/santi-segura-caritas-sigue-estando-al-lado-de-quien-mas-lo-necesita\\\/\",\"url\":\"https:\\\/\\\/www.copealcoy.es\\\/es\\\/santi-segura-caritas-sigue-estando-al-lado-de-quien-mas-lo-necesita\\\/\",\"name\":\"Santi Segura: \\\"C\u00e1ritas sigue estando al lado de quien m\u00e1s lo necesita\\\" - COPE Alcoy\",\"isPartOf\":{\"@id\":\"https:\\\/\\\/www.copealcoy.es\\\/es\\\/#website\"},\"primaryImageOfPage\":{\"@id\":\"https:\\\/\\\/www.copealcoy.es\\\/es\\\/santi-segura-caritas-sigue-estando-al-lado-de-quien-mas-lo-necesita\\\/#primaryimage\"},\"image\":{\"@id\":\"https:\\\/\\\/www.copealcoy.es\\\/es\\\/santi-segura-caritas-sigue-estando-al-lado-de-quien-mas-lo-necesita\\\/#primaryimage\"},\"thumbnailUrl\":\"https:\\\/\\\/www.copealcoy.es\\\/wp-content\\\/uploads\\\/2020\\\/03\\\/12472786_818540661622754_5303482671777601003_n-e1585581993925-1.jpg\",\"datePublished\":\"2020-03-30T15:41:22+00:00\",\"author\":{\"@id\":\"https:\\\/\\\/www.copealcoy.es\\\/es\\\/#\\\/schema\\\/person\\\/e777c87fa024e57d40170af9df39882c\"},\"breadcrumb\":{\"@id\":\"https:\\\/\\\/www.copealcoy.es\\\/es\\\/santi-segura-caritas-sigue-estando-al-lado-de-quien-mas-lo-necesita\\\/#breadcrumb\"},\"inLanguage\":\"es\",\"potentialAction\":[{\"@type\":\"ReadAction\",\"target\":[\"https:\\\/\\\/www.copealcoy.es\\\/es\\\/santi-segura-caritas-sigue-estando-al-lado-de-quien-mas-lo-necesita\\\/\"]}]},{\"@type\":\"ImageObject\",\"inLanguage\":\"es\",\"@id\":\"https:\\\/\\\/www.copealcoy.es\\\/es\\\/santi-segura-caritas-sigue-estando-al-lado-de-quien-mas-lo-necesita\\\/#primaryimage\",\"url\":\"https:\\\/\\\/www.copealcoy.es\\\/wp-content\\\/uploads\\\/2020\\\/03\\\/12472786_818540661622754_5303482671777601003_n-e1585581993925-1.jpg\",\"contentUrl\":\"https:\\\/\\\/www.copealcoy.es\\\/wp-content\\\/uploads\\\/2020\\\/03\\\/12472786_818540661622754_5303482671777601003_n-e1585581993925-1.jpg\",\"width\":763,\"height\":460,\"caption\":\"Santi Segura en una entrevista en Cope Alcoy \\\/ Foto: G. Pascual\"},{\"@type\":\"BreadcrumbList\",\"@id\":\"https:\\\/\\\/www.copealcoy.es\\\/es\\\/santi-segura-caritas-sigue-estando-al-lado-de-quien-mas-lo-necesita\\\/#breadcrumb\",\"itemListElement\":[{\"@type\":\"ListItem\",\"position\":1,\"name\":\"Portada\",\"item\":\"https:\\\/\\\/www.copealcoy.es\\\/es\\\/\"},{\"@type\":\"ListItem\",\"position\":2,\"name\":\"Santi Segura: &#8220;C\u00e1ritas sigue estando al lado de quien m\u00e1s lo necesita&#8221;\"}]},{\"@type\":\"WebSite\",\"@id\":\"https:\\\/\\\/www.copealcoy.es\\\/es\\\/#website\",\"url\":\"https:\\\/\\\/www.copealcoy.es\\\/es\\\/\",\"name\":\"COPE Alcoy\",\"description\":\"Emisora COPE de radio local con emisi\u00f3n online. Pont de Sant Jordi 8-10 03803 Alcoy\",\"potentialAction\":[{\"@type\":\"SearchAction\",\"target\":{\"@type\":\"EntryPoint\",\"urlTemplate\":\"https:\\\/\\\/www.copealcoy.es\\\/es\\\/?s={search_term_string}\"},\"query-input\":{\"@type\":\"PropertyValueSpecification\",\"valueRequired\":true,\"valueName\":\"search_term_string\"}}],\"inLanguage\":\"es\"},{\"@type\":\"Person\",\"@id\":\"https:\\\/\\\/www.copealcoy.es\\\/es\\\/#\\\/schema\\\/person\\\/e777c87fa024e57d40170af9df39882c\",\"name\":\"Cope Alcoy\",\"image\":{\"@type\":\"ImageObject\",\"inLanguage\":\"es\",\"@id\":\"https:\\\/\\\/secure.gravatar.com\\\/avatar\\\/bb65d0283347e303893ba14f0692005417c1e0e690a325a4c5d8bb2b3943ee14?s=96&d=mm&r=g\",\"url\":\"https:\\\/\\\/secure.gravatar.com\\\/avatar\\\/bb65d0283347e303893ba14f0692005417c1e0e690a325a4c5d8bb2b3943ee14?s=96&d=mm&r=g\",\"contentUrl\":\"https:\\\/\\\/secure.gravatar.com\\\/avatar\\\/bb65d0283347e303893ba14f0692005417c1e0e690a325a4c5d8bb2b3943ee14?s=96&d=mm&r=g\",\"caption\":\"Cope Alcoy\"}}]}<\/script>\n<!-- \/ Yoast SEO plugin. -->","yoast_head_json":{"title":"Santi Segura: \"C\u00e1ritas sigue estando al lado de quien m\u00e1s lo necesita\" - COPE Alcoy","robots":{"index":"index","follow":"follow","max-snippet":"max-snippet:-1","max-image-preview":"max-image-preview:large","max-video-preview":"max-video-preview:-1"},"canonical":"https:\/\/www.copealcoy.es\/es\/santi-segura-caritas-sigue-estando-al-lado-de-quien-mas-lo-necesita\/","og_locale":"es_ES","og_type":"article","og_title":"Santi Segura: \"C\u00e1ritas sigue estando al lado de quien m\u00e1s lo necesita\" - COPE Alcoy","og_description":"C\u00e1ritas Alcoy ha adoptado tambi\u00e9n una serie de medidas para continuar con la atenci\u00f3n a las personas m\u00e1s vulnerables de...","og_url":"https:\/\/www.copealcoy.es\/es\/santi-segura-caritas-sigue-estando-al-lado-de-quien-mas-lo-necesita\/","og_site_name":"COPE Alcoy","article_published_time":"2020-03-30T15:41:22+00:00","og_image":[{"width":763,"height":460,"url":"https:\/\/www.copealcoy.es\/wp-content\/uploads\/2020\/03\/12472786_818540661622754_5303482671777601003_n-e1585581993925-1.jpg","type":"image\/jpeg"}],"author":"Cope Alcoy","twitter_misc":{"Escrito por":"Cope Alcoy","Tiempo de lectura":"1 minuto"},"schema":{"@context":"https:\/\/schema.org","@graph":[{"@type":"Article","@id":"https:\/\/www.copealcoy.es\/es\/santi-segura-caritas-sigue-estando-al-lado-de-quien-mas-lo-necesita\/#article","isPartOf":{"@id":"https:\/\/www.copealcoy.es\/es\/santi-segura-caritas-sigue-estando-al-lado-de-quien-mas-lo-necesita\/"},"author":{"name":"Cope Alcoy","@id":"https:\/\/www.copealcoy.es\/es\/#\/schema\/person\/e777c87fa024e57d40170af9df39882c"},"headline":"Santi Segura: &#8220;C\u00e1ritas sigue estando al lado de quien m\u00e1s lo necesita&#8221;","datePublished":"2020-03-30T15:41:22+00:00","mainEntityOfPage":{"@id":"https:\/\/www.copealcoy.es\/es\/santi-segura-caritas-sigue-estando-al-lado-de-quien-mas-lo-necesita\/"},"wordCount":221,"commentCount":0,"image":{"@id":"https:\/\/www.copealcoy.es\/es\/santi-segura-caritas-sigue-estando-al-lado-de-quien-mas-lo-necesita\/#primaryimage"},"thumbnailUrl":"https:\/\/www.copealcoy.es\/wp-content\/uploads\/2020\/03\/12472786_818540661622754_5303482671777601003_n-e1585581993925-1.jpg","keywords":["atenci\u00f3n","C\u00e1ritas","Santi Segura","usuarios"],"articleSection":["Alcoy","Noticias"],"inLanguage":"es"},{"@type":"WebPage","@id":"https:\/\/www.copealcoy.es\/es\/santi-segura-caritas-sigue-estando-al-lado-de-quien-mas-lo-necesita\/","url":"https:\/\/www.copealcoy.es\/es\/santi-segura-caritas-sigue-estando-al-lado-de-quien-mas-lo-necesita\/","name":"Santi Segura: \"C\u00e1ritas sigue estando al lado de quien m\u00e1s lo necesita\" - COPE Alcoy","isPartOf":{"@id":"https:\/\/www.copealcoy.es\/es\/#website"},"primaryImageOfPage":{"@id":"https:\/\/www.copealcoy.es\/es\/santi-segura-caritas-sigue-estando-al-lado-de-quien-mas-lo-necesita\/#primaryimage"},"image":{"@id":"https:\/\/www.copealcoy.es\/es\/santi-segura-caritas-sigue-estando-al-lado-de-quien-mas-lo-necesita\/#primaryimage"},"thumbnailUrl":"https:\/\/www.copealcoy.es\/wp-content\/uploads\/2020\/03\/12472786_818540661622754_5303482671777601003_n-e1585581993925-1.jpg","datePublished":"2020-03-30T15:41:22+00:00","author":{"@id":"https:\/\/www.copealcoy.es\/es\/#\/schema\/person\/e777c87fa024e57d40170af9df39882c"},"breadcrumb":{"@id":"https:\/\/www.copealcoy.es\/es\/santi-segura-caritas-sigue-estando-al-lado-de-quien-mas-lo-necesita\/#breadcrumb"},"inLanguage":"es","potentialAction":[{"@type":"ReadAction","target":["https:\/\/www.copealcoy.es\/es\/santi-segura-caritas-sigue-estando-al-lado-de-quien-mas-lo-necesita\/"]}]},{"@type":"ImageObject","inLanguage":"es","@id":"https:\/\/www.copealcoy.es\/es\/santi-segura-caritas-sigue-estando-al-lado-de-quien-mas-lo-necesita\/#primaryimage","url":"https:\/\/www.copealcoy.es\/wp-content\/uploads\/2020\/03\/12472786_818540661622754_5303482671777601003_n-e1585581993925-1.jpg","contentUrl":"https:\/\/www.copealcoy.es\/wp-content\/uploads\/2020\/03\/12472786_818540661622754_5303482671777601003_n-e1585581993925-1.jpg","width":763,"height":460,"caption":"Santi Segura en una entrevista en Cope Alcoy \/ Foto: G. Pascual"},{"@type":"BreadcrumbList","@id":"https:\/\/www.copealcoy.es\/es\/santi-segura-caritas-sigue-estando-al-lado-de-quien-mas-lo-necesita\/#breadcrumb","itemListElement":[{"@type":"ListItem","position":1,"name":"Portada","item":"https:\/\/www.copealcoy.es\/es\/"},{"@type":"ListItem","position":2,"name":"Santi Segura: &#8220;C\u00e1ritas sigue estando al lado de quien m\u00e1s lo necesita&#8221;"}]},{"@type":"WebSite","@id":"https:\/\/www.copealcoy.es\/es\/#website","url":"https:\/\/www.copealcoy.es\/es\/","name":"COPE Alcoy","description":"Emisora COPE de radio local con emisi\u00f3n online. Pont de Sant Jordi 8-10 03803 Alcoy","potentialAction":[{"@type":"SearchAction","target":{"@type":"EntryPoint","urlTemplate":"https:\/\/www.copealcoy.es\/es\/?s={search_term_string}"},"query-input":{"@type":"PropertyValueSpecification","valueRequired":true,"valueName":"search_term_string"}}],"inLanguage":"es"},{"@type":"Person","@id":"https:\/\/www.copealcoy.es\/es\/#\/schema\/person\/e777c87fa024e57d40170af9df39882c","name":"Cope Alcoy","image":{"@type":"ImageObject","inLanguage":"es","@id":"https:\/\/secure.gravatar.com\/avatar\/bb65d0283347e303893ba14f0692005417c1e0e690a325a4c5d8bb2b3943ee14?s=96&d=mm&r=g","url":"https:\/\/secure.gravatar.com\/avatar\/bb65d0283347e303893ba14f0692005417c1e0e690a325a4c5d8bb2b3943ee14?s=96&d=mm&r=g","contentUrl":"https:\/\/secure.gravatar.com\/avatar\/bb65d0283347e303893ba14f0692005417c1e0e690a325a4c5d8bb2b3943ee14?s=96&d=mm&r=g","caption":"Cope Alcoy"}}]}},"_links":{"self":[{"href":"https:\/\/www.copealcoy.es\/es\/wp-json\/wp\/v2\/posts\/61293","targetHints":{"allow":["GET"]}}],"collection":[{"href":"https:\/\/www.copealcoy.es\/es\/wp-json\/wp\/v2\/posts"}],"about":[{"href":"https:\/\/www.copealcoy.es\/es\/wp-json\/wp\/v2\/types\/post"}],"author":[{"embeddable":true,"href":"https:\/\/www.copealcoy.es\/es\/wp-json\/wp\/v2\/users\/1"}],"replies":[{"embeddable":true,"href":"https:\/\/www.copealcoy.es\/es\/wp-json\/wp\/v2\/comments?post=61293"}],"version-history":[{"count":0,"href":"https:\/\/www.copealcoy.es\/es\/wp-json\/wp\/v2\/posts\/61293\/revisions"}],"wp:featuredmedia":[{"embeddable":true,"href":"https:\/\/www.copealcoy.es\/es\/wp-json\/wp\/v2\/media\/61294"}],"wp:attachment":[{"href":"https:\/\/www.copealcoy.es\/es\/wp-json\/wp\/v2\/media?parent=61293"}],"wp:term":[{"taxonomy":"category","embeddable":true,"href":"https:\/\/www.copealcoy.es\/es\/wp-json\/wp\/v2\/categories?post=61293"},{"taxonomy":"post_tag","embeddable":true,"href":"https:\/\/www.copealcoy.es\/es\/wp-json\/wp\/v2\/tags?post=61293"}],"curies":[{"name":"wp","href":"https:\/\/api.w.org\/{rel}","templated":true}]}}