{"id":61213,"date":"2020-03-26T17:43:05","date_gmt":"2020-03-26T17:43:05","guid":{"rendered":"https:\/\/www.copealcoy.es\/?p=61213"},"modified":"2020-03-26T17:43:05","modified_gmt":"2020-03-26T17:43:05","slug":"frances-se-ha-garantizado-la-comunicacion-directa-con-los-familiares-de-la-residencia","status":"publish","type":"post","link":"https:\/\/www.copealcoy.es\/es\/frances-se-ha-garantizado-la-comunicacion-directa-con-los-familiares-de-la-residencia\/","title":{"rendered":"Franc\u00e9s: &#8220;se ha garantizado la comunicaci\u00f3n directa con los familiares de la residencia&#8221;"},"content":{"rendered":"<p style=\"text-align: justify;\">El <strong>Ayuntamiento de Alcoy<\/strong> colabora en<strong> las tareas de desinfecci\u00f3n de la residencia geri\u00e1trica de Oliver<\/strong>, en la que se han registrado <strong>numerosos casos de contagio por Coronavirus y varios fallecimientos<\/strong>, al mismo tiempo que ha puesto a disposici\u00f3n de los familiares de los residentes\u00a0<strong>un servicio de atenci\u00f3n psicol\u00f3gica<\/strong> en estos momentos tan duros y dif\u00edciles.<\/p>\n<p style=\"text-align: justify;\">El alcalde, <strong>Antonio Franc\u00e9s<\/strong>, explicaba esta ma\u00f1ana en COPE ALCOY que <strong>se ha hecho efectiva tambi\u00e9n la petici\u00f3n<\/strong> que hizo el Consistorio a la Conselleria y a la Direcci\u00f3n del geri\u00e1trico para que <strong>se habilitara una l\u00ednea de comunicaci\u00f3n directa con los familiares de todos los mayores<\/strong> que est\u00e1n en Domus Vi. \u00a0Franc\u00e9s indicaba al respecto que con esta medida<strong> las familias podr\u00e1n estar informadas de la situaci\u00f3n<\/strong> &#8220;<em>tener esa posibilidad de hablar con los mayores tranquiliza a las familias en unos momentos tan complicados. Me consta que se est\u00e1 contactando con todos y que esa l\u00ednea directa va a mantenerse a partir de ahora atendiendo as\u00ed a la reivindicaci\u00f3n que hab\u00edan hecho los familiares<\/em>&#8220;, asever\u00f3.<\/p>\n<p style=\"text-align: justify;\">Recordar que la Conselleria de Sanitat ha informado hoy que <strong>siguen siendo 26 los fallecidos por Coronavirus en Domus Vi<\/strong> a pesar de que <strong>algunas informaciones<\/strong> apuntaban en las \u00faltimas horas a que el n\u00famero total era de 29.<\/p>\n<p>Aqu\u00ed <strong>puedes escuchar<\/strong> la entrevista con el alcalde de Alcoy:<\/p>\n<p><iframe loading=\"lazy\" title=\"La Ma\u00f1ana En Alcoy Jueves 26 De Marzo 2020 (12:50h)\" width=\"100%\" height=\"120\" src=\"https:\/\/www.mixcloud.com\/widget\/iframe\/?feed=https%3A%2F%2Fwww.mixcloud.com%2FCOPEAlcoy%2Fla-ma%25C3%25B1ana-en-alcoy-jueves-26-de-marzo-2020-1250h%2F&amp;hide_cover=1\" frameborder=\"0\"><\/iframe>    \t<\/p>\n","protected":false},"excerpt":{"rendered":"<p>El Ayuntamiento de Alcoy colabora en las tareas de desinfecci\u00f3n de la residencia geri\u00e1trica de Oliver, en la que se&#8230;<\/p>\n","protected":false},"author":1,"featured_media":51362,"comment_status":"open","ping_status":"open","sticky":false,"template":"","format":"standard","meta":{"footnotes":""},"categories":[97,75,79],"tags":[1494,1793,784,7328,2180,7334],"class_list":["post-61213","post","type-post","status-publish","format-standard","has-post-thumbnail","hentry","category-alcoy","category-noticias","category-politicayeconomia","tag-alcoy","tag-antonio-frances","tag-comunicacion","tag-domus-vi","tag-familias","tag-residentes"],"yoast_head":"<!-- This site is optimized with the Yoast SEO plugin v27.3 - https:\/\/yoast.com\/product\/yoast-seo-wordpress\/ -->\n<title>Franc\u00e9s: &quot;se ha garantizado la comunicaci\u00f3n directa con los familiares de la residencia&quot; - COPE Alcoy<\/title>\n<meta name=\"robots\" content=\"index, follow, max-snippet:-1, max-image-preview:large, max-video-preview:-1\" \/>\n<link rel=\"canonical\" href=\"https:\/\/www.copealcoy.es\/es\/frances-se-ha-garantizado-la-comunicacion-directa-con-los-familiares-de-la-residencia\/\" \/>\n<meta property=\"og:locale\" content=\"es_ES\" \/>\n<meta property=\"og:type\" content=\"article\" \/>\n<meta property=\"og:title\" content=\"Franc\u00e9s: &quot;se ha garantizado la comunicaci\u00f3n directa con los familiares de la residencia&quot; - COPE Alcoy\" \/>\n<meta property=\"og:description\" content=\"El Ayuntamiento de Alcoy colabora en las tareas de desinfecci\u00f3n de la residencia geri\u00e1trica de Oliver, en la que se...\" \/>\n<meta property=\"og:url\" content=\"https:\/\/www.copealcoy.es\/es\/frances-se-ha-garantizado-la-comunicacion-directa-con-los-familiares-de-la-residencia\/\" \/>\n<meta property=\"og:site_name\" content=\"COPE Alcoy\" \/>\n<meta property=\"article:published_time\" content=\"2020-03-26T17:43:05+00:00\" \/>\n<meta property=\"og:image\" content=\"https:\/\/www.copealcoy.es\/wp-content\/uploads\/2019\/05\/IMG_8371-e1558706987400-1-scaled.jpg\" \/>\n\t<meta property=\"og:image:width\" content=\"2560\" \/>\n\t<meta property=\"og:image:height\" content=\"1572\" \/>\n\t<meta property=\"og:image:type\" content=\"image\/jpeg\" \/>\n<meta name=\"author\" content=\"Cope Alcoy\" \/>\n<meta name=\"twitter:label1\" content=\"Escrito por\" \/>\n\t<meta name=\"twitter:data1\" content=\"Cope Alcoy\" \/>\n\t<meta name=\"twitter:label2\" content=\"Tiempo de lectura\" \/>\n\t<meta name=\"twitter:data2\" content=\"1 minuto\" \/>\n<script type=\"application\/ld+json\" class=\"yoast-schema-graph\">{\"@context\":\"https:\\\/\\\/schema.org\",\"@graph\":[{\"@type\":\"Article\",\"@id\":\"https:\\\/\\\/www.copealcoy.es\\\/es\\\/frances-se-ha-garantizado-la-comunicacion-directa-con-los-familiares-de-la-residencia\\\/#article\",\"isPartOf\":{\"@id\":\"https:\\\/\\\/www.copealcoy.es\\\/es\\\/frances-se-ha-garantizado-la-comunicacion-directa-con-los-familiares-de-la-residencia\\\/\"},\"author\":{\"name\":\"Cope Alcoy\",\"@id\":\"https:\\\/\\\/www.copealcoy.es\\\/es\\\/#\\\/schema\\\/person\\\/e777c87fa024e57d40170af9df39882c\"},\"headline\":\"Franc\u00e9s: &#8220;se ha garantizado la comunicaci\u00f3n directa con los familiares de la residencia&#8221;\",\"datePublished\":\"2020-03-26T17:43:05+00:00\",\"mainEntityOfPage\":{\"@id\":\"https:\\\/\\\/www.copealcoy.es\\\/es\\\/frances-se-ha-garantizado-la-comunicacion-directa-con-los-familiares-de-la-residencia\\\/\"},\"wordCount\":267,\"commentCount\":0,\"image\":{\"@id\":\"https:\\\/\\\/www.copealcoy.es\\\/es\\\/frances-se-ha-garantizado-la-comunicacion-directa-con-los-familiares-de-la-residencia\\\/#primaryimage\"},\"thumbnailUrl\":\"https:\\\/\\\/www.copealcoy.es\\\/wp-content\\\/uploads\\\/2019\\\/05\\\/IMG_8371-e1558706987400-1-scaled.jpg\",\"keywords\":[\"Alcoy\",\"Antonio Franc\u00e9s\",\"Comunicaci\u00f3n\",\"Domus Vi\",\"familias\",\"Residentes\"],\"articleSection\":[\"Alcoy\",\"Noticias\",\"Pol\u00edtica y Econom\u00eda\"],\"inLanguage\":\"es\"},{\"@type\":\"WebPage\",\"@id\":\"https:\\\/\\\/www.copealcoy.es\\\/es\\\/frances-se-ha-garantizado-la-comunicacion-directa-con-los-familiares-de-la-residencia\\\/\",\"url\":\"https:\\\/\\\/www.copealcoy.es\\\/es\\\/frances-se-ha-garantizado-la-comunicacion-directa-con-los-familiares-de-la-residencia\\\/\",\"name\":\"Franc\u00e9s: \\\"se ha garantizado la comunicaci\u00f3n directa con los familiares de la residencia\\\" - COPE Alcoy\",\"isPartOf\":{\"@id\":\"https:\\\/\\\/www.copealcoy.es\\\/es\\\/#website\"},\"primaryImageOfPage\":{\"@id\":\"https:\\\/\\\/www.copealcoy.es\\\/es\\\/frances-se-ha-garantizado-la-comunicacion-directa-con-los-familiares-de-la-residencia\\\/#primaryimage\"},\"image\":{\"@id\":\"https:\\\/\\\/www.copealcoy.es\\\/es\\\/frances-se-ha-garantizado-la-comunicacion-directa-con-los-familiares-de-la-residencia\\\/#primaryimage\"},\"thumbnailUrl\":\"https:\\\/\\\/www.copealcoy.es\\\/wp-content\\\/uploads\\\/2019\\\/05\\\/IMG_8371-e1558706987400-1-scaled.jpg\",\"datePublished\":\"2020-03-26T17:43:05+00:00\",\"author\":{\"@id\":\"https:\\\/\\\/www.copealcoy.es\\\/es\\\/#\\\/schema\\\/person\\\/e777c87fa024e57d40170af9df39882c\"},\"breadcrumb\":{\"@id\":\"https:\\\/\\\/www.copealcoy.es\\\/es\\\/frances-se-ha-garantizado-la-comunicacion-directa-con-los-familiares-de-la-residencia\\\/#breadcrumb\"},\"inLanguage\":\"es\",\"potentialAction\":[{\"@type\":\"ReadAction\",\"target\":[\"https:\\\/\\\/www.copealcoy.es\\\/es\\\/frances-se-ha-garantizado-la-comunicacion-directa-con-los-familiares-de-la-residencia\\\/\"]}]},{\"@type\":\"ImageObject\",\"inLanguage\":\"es\",\"@id\":\"https:\\\/\\\/www.copealcoy.es\\\/es\\\/frances-se-ha-garantizado-la-comunicacion-directa-con-los-familiares-de-la-residencia\\\/#primaryimage\",\"url\":\"https:\\\/\\\/www.copealcoy.es\\\/wp-content\\\/uploads\\\/2019\\\/05\\\/IMG_8371-e1558706987400-1-scaled.jpg\",\"contentUrl\":\"https:\\\/\\\/www.copealcoy.es\\\/wp-content\\\/uploads\\\/2019\\\/05\\\/IMG_8371-e1558706987400-1-scaled.jpg\",\"width\":2560,\"height\":1572,\"caption\":\"Antonio Franc\u00e9s en su entrevista en #LaMa\u00f1anaEnAlcoy \\\/ Foto: G. Pascual\"},{\"@type\":\"BreadcrumbList\",\"@id\":\"https:\\\/\\\/www.copealcoy.es\\\/es\\\/frances-se-ha-garantizado-la-comunicacion-directa-con-los-familiares-de-la-residencia\\\/#breadcrumb\",\"itemListElement\":[{\"@type\":\"ListItem\",\"position\":1,\"name\":\"Portada\",\"item\":\"https:\\\/\\\/www.copealcoy.es\\\/es\\\/\"},{\"@type\":\"ListItem\",\"position\":2,\"name\":\"Franc\u00e9s: &#8220;se ha garantizado la comunicaci\u00f3n directa con los familiares de la residencia&#8221;\"}]},{\"@type\":\"WebSite\",\"@id\":\"https:\\\/\\\/www.copealcoy.es\\\/es\\\/#website\",\"url\":\"https:\\\/\\\/www.copealcoy.es\\\/es\\\/\",\"name\":\"COPE Alcoy\",\"description\":\"Emisora COPE de radio local con emisi\u00f3n online. Pont de Sant Jordi 8-10 03803 Alcoy\",\"potentialAction\":[{\"@type\":\"SearchAction\",\"target\":{\"@type\":\"EntryPoint\",\"urlTemplate\":\"https:\\\/\\\/www.copealcoy.es\\\/es\\\/?s={search_term_string}\"},\"query-input\":{\"@type\":\"PropertyValueSpecification\",\"valueRequired\":true,\"valueName\":\"search_term_string\"}}],\"inLanguage\":\"es\"},{\"@type\":\"Person\",\"@id\":\"https:\\\/\\\/www.copealcoy.es\\\/es\\\/#\\\/schema\\\/person\\\/e777c87fa024e57d40170af9df39882c\",\"name\":\"Cope Alcoy\",\"image\":{\"@type\":\"ImageObject\",\"inLanguage\":\"es\",\"@id\":\"https:\\\/\\\/secure.gravatar.com\\\/avatar\\\/bb65d0283347e303893ba14f0692005417c1e0e690a325a4c5d8bb2b3943ee14?s=96&d=mm&r=g\",\"url\":\"https:\\\/\\\/secure.gravatar.com\\\/avatar\\\/bb65d0283347e303893ba14f0692005417c1e0e690a325a4c5d8bb2b3943ee14?s=96&d=mm&r=g\",\"contentUrl\":\"https:\\\/\\\/secure.gravatar.com\\\/avatar\\\/bb65d0283347e303893ba14f0692005417c1e0e690a325a4c5d8bb2b3943ee14?s=96&d=mm&r=g\",\"caption\":\"Cope Alcoy\"}}]}<\/script>\n<!-- \/ Yoast SEO plugin. -->","yoast_head_json":{"title":"Franc\u00e9s: \"se ha garantizado la comunicaci\u00f3n directa con los familiares de la residencia\" - COPE Alcoy","robots":{"index":"index","follow":"follow","max-snippet":"max-snippet:-1","max-image-preview":"max-image-preview:large","max-video-preview":"max-video-preview:-1"},"canonical":"https:\/\/www.copealcoy.es\/es\/frances-se-ha-garantizado-la-comunicacion-directa-con-los-familiares-de-la-residencia\/","og_locale":"es_ES","og_type":"article","og_title":"Franc\u00e9s: \"se ha garantizado la comunicaci\u00f3n directa con los familiares de la residencia\" - COPE Alcoy","og_description":"El Ayuntamiento de Alcoy colabora en las tareas de desinfecci\u00f3n de la residencia geri\u00e1trica de Oliver, en la que se...","og_url":"https:\/\/www.copealcoy.es\/es\/frances-se-ha-garantizado-la-comunicacion-directa-con-los-familiares-de-la-residencia\/","og_site_name":"COPE Alcoy","article_published_time":"2020-03-26T17:43:05+00:00","og_image":[{"width":2560,"height":1572,"url":"https:\/\/www.copealcoy.es\/wp-content\/uploads\/2019\/05\/IMG_8371-e1558706987400-1-scaled.jpg","type":"image\/jpeg"}],"author":"Cope Alcoy","twitter_misc":{"Escrito por":"Cope Alcoy","Tiempo de lectura":"1 minuto"},"schema":{"@context":"https:\/\/schema.org","@graph":[{"@type":"Article","@id":"https:\/\/www.copealcoy.es\/es\/frances-se-ha-garantizado-la-comunicacion-directa-con-los-familiares-de-la-residencia\/#article","isPartOf":{"@id":"https:\/\/www.copealcoy.es\/es\/frances-se-ha-garantizado-la-comunicacion-directa-con-los-familiares-de-la-residencia\/"},"author":{"name":"Cope Alcoy","@id":"https:\/\/www.copealcoy.es\/es\/#\/schema\/person\/e777c87fa024e57d40170af9df39882c"},"headline":"Franc\u00e9s: &#8220;se ha garantizado la comunicaci\u00f3n directa con los familiares de la residencia&#8221;","datePublished":"2020-03-26T17:43:05+00:00","mainEntityOfPage":{"@id":"https:\/\/www.copealcoy.es\/es\/frances-se-ha-garantizado-la-comunicacion-directa-con-los-familiares-de-la-residencia\/"},"wordCount":267,"commentCount":0,"image":{"@id":"https:\/\/www.copealcoy.es\/es\/frances-se-ha-garantizado-la-comunicacion-directa-con-los-familiares-de-la-residencia\/#primaryimage"},"thumbnailUrl":"https:\/\/www.copealcoy.es\/wp-content\/uploads\/2019\/05\/IMG_8371-e1558706987400-1-scaled.jpg","keywords":["Alcoy","Antonio Franc\u00e9s","Comunicaci\u00f3n","Domus Vi","familias","Residentes"],"articleSection":["Alcoy","Noticias","Pol\u00edtica y Econom\u00eda"],"inLanguage":"es"},{"@type":"WebPage","@id":"https:\/\/www.copealcoy.es\/es\/frances-se-ha-garantizado-la-comunicacion-directa-con-los-familiares-de-la-residencia\/","url":"https:\/\/www.copealcoy.es\/es\/frances-se-ha-garantizado-la-comunicacion-directa-con-los-familiares-de-la-residencia\/","name":"Franc\u00e9s: \"se ha garantizado la comunicaci\u00f3n directa con los familiares de la residencia\" - COPE Alcoy","isPartOf":{"@id":"https:\/\/www.copealcoy.es\/es\/#website"},"primaryImageOfPage":{"@id":"https:\/\/www.copealcoy.es\/es\/frances-se-ha-garantizado-la-comunicacion-directa-con-los-familiares-de-la-residencia\/#primaryimage"},"image":{"@id":"https:\/\/www.copealcoy.es\/es\/frances-se-ha-garantizado-la-comunicacion-directa-con-los-familiares-de-la-residencia\/#primaryimage"},"thumbnailUrl":"https:\/\/www.copealcoy.es\/wp-content\/uploads\/2019\/05\/IMG_8371-e1558706987400-1-scaled.jpg","datePublished":"2020-03-26T17:43:05+00:00","author":{"@id":"https:\/\/www.copealcoy.es\/es\/#\/schema\/person\/e777c87fa024e57d40170af9df39882c"},"breadcrumb":{"@id":"https:\/\/www.copealcoy.es\/es\/frances-se-ha-garantizado-la-comunicacion-directa-con-los-familiares-de-la-residencia\/#breadcrumb"},"inLanguage":"es","potentialAction":[{"@type":"ReadAction","target":["https:\/\/www.copealcoy.es\/es\/frances-se-ha-garantizado-la-comunicacion-directa-con-los-familiares-de-la-residencia\/"]}]},{"@type":"ImageObject","inLanguage":"es","@id":"https:\/\/www.copealcoy.es\/es\/frances-se-ha-garantizado-la-comunicacion-directa-con-los-familiares-de-la-residencia\/#primaryimage","url":"https:\/\/www.copealcoy.es\/wp-content\/uploads\/2019\/05\/IMG_8371-e1558706987400-1-scaled.jpg","contentUrl":"https:\/\/www.copealcoy.es\/wp-content\/uploads\/2019\/05\/IMG_8371-e1558706987400-1-scaled.jpg","width":2560,"height":1572,"caption":"Antonio Franc\u00e9s en su entrevista en #LaMa\u00f1anaEnAlcoy \/ Foto: G. Pascual"},{"@type":"BreadcrumbList","@id":"https:\/\/www.copealcoy.es\/es\/frances-se-ha-garantizado-la-comunicacion-directa-con-los-familiares-de-la-residencia\/#breadcrumb","itemListElement":[{"@type":"ListItem","position":1,"name":"Portada","item":"https:\/\/www.copealcoy.es\/es\/"},{"@type":"ListItem","position":2,"name":"Franc\u00e9s: &#8220;se ha garantizado la comunicaci\u00f3n directa con los familiares de la residencia&#8221;"}]},{"@type":"WebSite","@id":"https:\/\/www.copealcoy.es\/es\/#website","url":"https:\/\/www.copealcoy.es\/es\/","name":"COPE Alcoy","description":"Emisora COPE de radio local con emisi\u00f3n online. Pont de Sant Jordi 8-10 03803 Alcoy","potentialAction":[{"@type":"SearchAction","target":{"@type":"EntryPoint","urlTemplate":"https:\/\/www.copealcoy.es\/es\/?s={search_term_string}"},"query-input":{"@type":"PropertyValueSpecification","valueRequired":true,"valueName":"search_term_string"}}],"inLanguage":"es"},{"@type":"Person","@id":"https:\/\/www.copealcoy.es\/es\/#\/schema\/person\/e777c87fa024e57d40170af9df39882c","name":"Cope Alcoy","image":{"@type":"ImageObject","inLanguage":"es","@id":"https:\/\/secure.gravatar.com\/avatar\/bb65d0283347e303893ba14f0692005417c1e0e690a325a4c5d8bb2b3943ee14?s=96&d=mm&r=g","url":"https:\/\/secure.gravatar.com\/avatar\/bb65d0283347e303893ba14f0692005417c1e0e690a325a4c5d8bb2b3943ee14?s=96&d=mm&r=g","contentUrl":"https:\/\/secure.gravatar.com\/avatar\/bb65d0283347e303893ba14f0692005417c1e0e690a325a4c5d8bb2b3943ee14?s=96&d=mm&r=g","caption":"Cope Alcoy"}}]}},"_links":{"self":[{"href":"https:\/\/www.copealcoy.es\/es\/wp-json\/wp\/v2\/posts\/61213","targetHints":{"allow":["GET"]}}],"collection":[{"href":"https:\/\/www.copealcoy.es\/es\/wp-json\/wp\/v2\/posts"}],"about":[{"href":"https:\/\/www.copealcoy.es\/es\/wp-json\/wp\/v2\/types\/post"}],"author":[{"embeddable":true,"href":"https:\/\/www.copealcoy.es\/es\/wp-json\/wp\/v2\/users\/1"}],"replies":[{"embeddable":true,"href":"https:\/\/www.copealcoy.es\/es\/wp-json\/wp\/v2\/comments?post=61213"}],"version-history":[{"count":0,"href":"https:\/\/www.copealcoy.es\/es\/wp-json\/wp\/v2\/posts\/61213\/revisions"}],"wp:featuredmedia":[{"embeddable":true,"href":"https:\/\/www.copealcoy.es\/es\/wp-json\/wp\/v2\/media\/51362"}],"wp:attachment":[{"href":"https:\/\/www.copealcoy.es\/es\/wp-json\/wp\/v2\/media?parent=61213"}],"wp:term":[{"taxonomy":"category","embeddable":true,"href":"https:\/\/www.copealcoy.es\/es\/wp-json\/wp\/v2\/categories?post=61213"},{"taxonomy":"post_tag","embeddable":true,"href":"https:\/\/www.copealcoy.es\/es\/wp-json\/wp\/v2\/tags?post=61213"}],"curies":[{"name":"wp","href":"https:\/\/api.w.org\/{rel}","templated":true}]}}