{"id":61079,"date":"2020-03-23T18:09:36","date_gmt":"2020-03-23T18:09:36","guid":{"rendered":"https:\/\/www.copealcoy.es\/?p=61079"},"modified":"2020-03-23T18:09:36","modified_gmt":"2020-03-23T18:09:36","slug":"cotes-baixes-dona-50-gafas-de-proteccion-al-centro-de-salud-la-bassa-de-alcoy","status":"publish","type":"post","link":"https:\/\/www.copealcoy.es\/es\/cotes-baixes-dona-50-gafas-de-proteccion-al-centro-de-salud-la-bassa-de-alcoy\/","title":{"rendered":"Cotes Baixes dona 50 gafas de protecci\u00f3n al Centro de Salud La Bassa de Alcoy"},"content":{"rendered":"<p style=\"text-align: justify;\">El <strong>IES Cotes Baixes de Alcoy<\/strong> ha realizado una donaci\u00f3n de <strong>cincuenta gafas<\/strong> de protecci\u00f3n al <strong>Centro de Salud La Bassa de Alcoy<\/strong>. El centro educativo ha querido responder de esta manera a <strong>la petici\u00f3n realizada desde el citado Centro de Salud<\/strong> ante la falta de material preventivo que <strong>garantice la seguridad de los profesionales sanitarios<\/strong> en estos momentos de crisis mundial causada por la propagaci\u00f3n del coronavirus.<\/p>\n<p style=\"text-align: justify;\">El director del IES Cotes Baixes, <strong>Fernando Sansaloni<\/strong>, ha indicado que &#8220;<em>uno de los pilares de nuestro modelo educativo es ser sensibles con los problemas y demandas sociales. En una situaci\u00f3n normal, todos nuestros proyectos tienen una vertiente social. En este momento de excepcionalidad es la ocasi\u00f3n de poner en pr\u00e1ctica todo lo que ense\u00f1amos en las aulas, no pod\u00edamos quedarnos al margen y en la medida de nuestras posibilidades, tratamos de contribuir con lo que podemos y ponemos todo nuestro conocimiento al servicio de la sociedad<\/em>&#8220;.<\/p>\n<p style=\"text-align: justify;\"><span style=\"font-size: inherit;\">El IES Cotes Baixes se encuentra, como el resto de centros educativos de Espa\u00f1a, trabajando en remoto desde este mismo lunes. Todos l<strong>os profesores han organizado por cursos y aulas de actividades<\/strong> que han de ir realizando los alumnos y mantienen contacto con ellos a trav\u00e9s de diferentes canales digitales.<\/span><\/p>\n","protected":false},"excerpt":{"rendered":"<p>El IES Cotes Baixes de Alcoy ha realizado una donaci\u00f3n de cincuenta gafas de protecci\u00f3n al Centro de Salud La&#8230;<\/p>\n","protected":false},"author":1,"featured_media":61080,"comment_status":"open","ping_status":"open","sticky":false,"template":"","format":"standard","meta":{"footnotes":""},"categories":[97,900,75],"tags":[7345,1022,7346,7347],"class_list":["post-61079","post","type-post","status-publish","format-standard","has-post-thumbnail","hentry","category-alcoy","category-educacion","category-noticias","tag-50-gafas-de-proteccion","tag-centro-de-salud","tag-centro-de-salud-la-bassa-de-alcoy","tag-la-bassa"],"yoast_head":"<!-- This site is optimized with the Yoast SEO plugin v27.3 - https:\/\/yoast.com\/product\/yoast-seo-wordpress\/ -->\n<title>Cotes Baixes dona 50 gafas de protecci\u00f3n al Centro de Salud La Bassa de Alcoy - COPE Alcoy<\/title>\n<meta name=\"robots\" content=\"index, follow, max-snippet:-1, max-image-preview:large, max-video-preview:-1\" \/>\n<link rel=\"canonical\" href=\"https:\/\/www.copealcoy.es\/es\/cotes-baixes-dona-50-gafas-de-proteccion-al-centro-de-salud-la-bassa-de-alcoy\/\" \/>\n<meta property=\"og:locale\" content=\"es_ES\" \/>\n<meta property=\"og:type\" content=\"article\" \/>\n<meta property=\"og:title\" content=\"Cotes Baixes dona 50 gafas de protecci\u00f3n al Centro de Salud La Bassa de Alcoy - COPE Alcoy\" \/>\n<meta property=\"og:description\" content=\"El IES Cotes Baixes de Alcoy ha realizado una donaci\u00f3n de cincuenta gafas de protecci\u00f3n al Centro de Salud La...\" \/>\n<meta property=\"og:url\" content=\"https:\/\/www.copealcoy.es\/es\/cotes-baixes-dona-50-gafas-de-proteccion-al-centro-de-salud-la-bassa-de-alcoy\/\" \/>\n<meta property=\"og:site_name\" content=\"COPE Alcoy\" \/>\n<meta property=\"article:published_time\" content=\"2020-03-23T18:09:36+00:00\" \/>\n<meta property=\"og:image\" content=\"https:\/\/www.copealcoy.es\/wp-content\/uploads\/2020\/03\/donacio-sanitat-1-1.jpg\" \/>\n\t<meta property=\"og:image:width\" content=\"2048\" \/>\n\t<meta property=\"og:image:height\" content=\"1536\" \/>\n\t<meta property=\"og:image:type\" content=\"image\/jpeg\" \/>\n<meta name=\"author\" content=\"Cope Alcoy\" \/>\n<meta name=\"twitter:label1\" content=\"Escrito por\" \/>\n\t<meta name=\"twitter:data1\" content=\"Cope Alcoy\" \/>\n\t<meta name=\"twitter:label2\" content=\"Tiempo de lectura\" \/>\n\t<meta name=\"twitter:data2\" content=\"1 minuto\" \/>\n<script type=\"application\/ld+json\" class=\"yoast-schema-graph\">{\"@context\":\"https:\\\/\\\/schema.org\",\"@graph\":[{\"@type\":\"Article\",\"@id\":\"https:\\\/\\\/www.copealcoy.es\\\/es\\\/cotes-baixes-dona-50-gafas-de-proteccion-al-centro-de-salud-la-bassa-de-alcoy\\\/#article\",\"isPartOf\":{\"@id\":\"https:\\\/\\\/www.copealcoy.es\\\/es\\\/cotes-baixes-dona-50-gafas-de-proteccion-al-centro-de-salud-la-bassa-de-alcoy\\\/\"},\"author\":{\"name\":\"Cope Alcoy\",\"@id\":\"https:\\\/\\\/www.copealcoy.es\\\/es\\\/#\\\/schema\\\/person\\\/e777c87fa024e57d40170af9df39882c\"},\"headline\":\"Cotes Baixes dona 50 gafas de protecci\u00f3n al Centro de Salud La Bassa de Alcoy\",\"datePublished\":\"2020-03-23T18:09:36+00:00\",\"mainEntityOfPage\":{\"@id\":\"https:\\\/\\\/www.copealcoy.es\\\/es\\\/cotes-baixes-dona-50-gafas-de-proteccion-al-centro-de-salud-la-bassa-de-alcoy\\\/\"},\"wordCount\":231,\"commentCount\":0,\"image\":{\"@id\":\"https:\\\/\\\/www.copealcoy.es\\\/es\\\/cotes-baixes-dona-50-gafas-de-proteccion-al-centro-de-salud-la-bassa-de-alcoy\\\/#primaryimage\"},\"thumbnailUrl\":\"https:\\\/\\\/www.copealcoy.es\\\/wp-content\\\/uploads\\\/2020\\\/03\\\/donacio-sanitat-1-1.jpg\",\"keywords\":[\"50 gafas de protecci\u00f3n\",\"Centro de Salud\",\"Centro de Salud La Bassa de Alcoy\",\"La Bassa\"],\"articleSection\":[\"Alcoy\",\"Educaci\u00f3n\",\"Noticias\"],\"inLanguage\":\"es\"},{\"@type\":\"WebPage\",\"@id\":\"https:\\\/\\\/www.copealcoy.es\\\/es\\\/cotes-baixes-dona-50-gafas-de-proteccion-al-centro-de-salud-la-bassa-de-alcoy\\\/\",\"url\":\"https:\\\/\\\/www.copealcoy.es\\\/es\\\/cotes-baixes-dona-50-gafas-de-proteccion-al-centro-de-salud-la-bassa-de-alcoy\\\/\",\"name\":\"Cotes Baixes dona 50 gafas de protecci\u00f3n al Centro de Salud La Bassa de Alcoy - COPE Alcoy\",\"isPartOf\":{\"@id\":\"https:\\\/\\\/www.copealcoy.es\\\/es\\\/#website\"},\"primaryImageOfPage\":{\"@id\":\"https:\\\/\\\/www.copealcoy.es\\\/es\\\/cotes-baixes-dona-50-gafas-de-proteccion-al-centro-de-salud-la-bassa-de-alcoy\\\/#primaryimage\"},\"image\":{\"@id\":\"https:\\\/\\\/www.copealcoy.es\\\/es\\\/cotes-baixes-dona-50-gafas-de-proteccion-al-centro-de-salud-la-bassa-de-alcoy\\\/#primaryimage\"},\"thumbnailUrl\":\"https:\\\/\\\/www.copealcoy.es\\\/wp-content\\\/uploads\\\/2020\\\/03\\\/donacio-sanitat-1-1.jpg\",\"datePublished\":\"2020-03-23T18:09:36+00:00\",\"author\":{\"@id\":\"https:\\\/\\\/www.copealcoy.es\\\/es\\\/#\\\/schema\\\/person\\\/e777c87fa024e57d40170af9df39882c\"},\"breadcrumb\":{\"@id\":\"https:\\\/\\\/www.copealcoy.es\\\/es\\\/cotes-baixes-dona-50-gafas-de-proteccion-al-centro-de-salud-la-bassa-de-alcoy\\\/#breadcrumb\"},\"inLanguage\":\"es\",\"potentialAction\":[{\"@type\":\"ReadAction\",\"target\":[\"https:\\\/\\\/www.copealcoy.es\\\/es\\\/cotes-baixes-dona-50-gafas-de-proteccion-al-centro-de-salud-la-bassa-de-alcoy\\\/\"]}]},{\"@type\":\"ImageObject\",\"inLanguage\":\"es\",\"@id\":\"https:\\\/\\\/www.copealcoy.es\\\/es\\\/cotes-baixes-dona-50-gafas-de-proteccion-al-centro-de-salud-la-bassa-de-alcoy\\\/#primaryimage\",\"url\":\"https:\\\/\\\/www.copealcoy.es\\\/wp-content\\\/uploads\\\/2020\\\/03\\\/donacio-sanitat-1-1.jpg\",\"contentUrl\":\"https:\\\/\\\/www.copealcoy.es\\\/wp-content\\\/uploads\\\/2020\\\/03\\\/donacio-sanitat-1-1.jpg\",\"width\":2048,\"height\":1536,\"caption\":\"Las gafas han sido entregadas al Centro de Salud La Bassa\"},{\"@type\":\"BreadcrumbList\",\"@id\":\"https:\\\/\\\/www.copealcoy.es\\\/es\\\/cotes-baixes-dona-50-gafas-de-proteccion-al-centro-de-salud-la-bassa-de-alcoy\\\/#breadcrumb\",\"itemListElement\":[{\"@type\":\"ListItem\",\"position\":1,\"name\":\"Portada\",\"item\":\"https:\\\/\\\/www.copealcoy.es\\\/es\\\/\"},{\"@type\":\"ListItem\",\"position\":2,\"name\":\"Cotes Baixes dona 50 gafas de protecci\u00f3n al Centro de Salud La Bassa de Alcoy\"}]},{\"@type\":\"WebSite\",\"@id\":\"https:\\\/\\\/www.copealcoy.es\\\/es\\\/#website\",\"url\":\"https:\\\/\\\/www.copealcoy.es\\\/es\\\/\",\"name\":\"COPE Alcoy\",\"description\":\"Emisora COPE de radio local con emisi\u00f3n online. Pont de Sant Jordi 8-10 03803 Alcoy\",\"potentialAction\":[{\"@type\":\"SearchAction\",\"target\":{\"@type\":\"EntryPoint\",\"urlTemplate\":\"https:\\\/\\\/www.copealcoy.es\\\/es\\\/?s={search_term_string}\"},\"query-input\":{\"@type\":\"PropertyValueSpecification\",\"valueRequired\":true,\"valueName\":\"search_term_string\"}}],\"inLanguage\":\"es\"},{\"@type\":\"Person\",\"@id\":\"https:\\\/\\\/www.copealcoy.es\\\/es\\\/#\\\/schema\\\/person\\\/e777c87fa024e57d40170af9df39882c\",\"name\":\"Cope Alcoy\",\"image\":{\"@type\":\"ImageObject\",\"inLanguage\":\"es\",\"@id\":\"https:\\\/\\\/secure.gravatar.com\\\/avatar\\\/bb65d0283347e303893ba14f0692005417c1e0e690a325a4c5d8bb2b3943ee14?s=96&d=mm&r=g\",\"url\":\"https:\\\/\\\/secure.gravatar.com\\\/avatar\\\/bb65d0283347e303893ba14f0692005417c1e0e690a325a4c5d8bb2b3943ee14?s=96&d=mm&r=g\",\"contentUrl\":\"https:\\\/\\\/secure.gravatar.com\\\/avatar\\\/bb65d0283347e303893ba14f0692005417c1e0e690a325a4c5d8bb2b3943ee14?s=96&d=mm&r=g\",\"caption\":\"Cope Alcoy\"}}]}<\/script>\n<!-- \/ Yoast SEO plugin. -->","yoast_head_json":{"title":"Cotes Baixes dona 50 gafas de protecci\u00f3n al Centro de Salud La Bassa de Alcoy - COPE Alcoy","robots":{"index":"index","follow":"follow","max-snippet":"max-snippet:-1","max-image-preview":"max-image-preview:large","max-video-preview":"max-video-preview:-1"},"canonical":"https:\/\/www.copealcoy.es\/es\/cotes-baixes-dona-50-gafas-de-proteccion-al-centro-de-salud-la-bassa-de-alcoy\/","og_locale":"es_ES","og_type":"article","og_title":"Cotes Baixes dona 50 gafas de protecci\u00f3n al Centro de Salud La Bassa de Alcoy - COPE Alcoy","og_description":"El IES Cotes Baixes de Alcoy ha realizado una donaci\u00f3n de cincuenta gafas de protecci\u00f3n al Centro de Salud La...","og_url":"https:\/\/www.copealcoy.es\/es\/cotes-baixes-dona-50-gafas-de-proteccion-al-centro-de-salud-la-bassa-de-alcoy\/","og_site_name":"COPE Alcoy","article_published_time":"2020-03-23T18:09:36+00:00","og_image":[{"width":2048,"height":1536,"url":"https:\/\/www.copealcoy.es\/wp-content\/uploads\/2020\/03\/donacio-sanitat-1-1.jpg","type":"image\/jpeg"}],"author":"Cope Alcoy","twitter_misc":{"Escrito por":"Cope Alcoy","Tiempo de lectura":"1 minuto"},"schema":{"@context":"https:\/\/schema.org","@graph":[{"@type":"Article","@id":"https:\/\/www.copealcoy.es\/es\/cotes-baixes-dona-50-gafas-de-proteccion-al-centro-de-salud-la-bassa-de-alcoy\/#article","isPartOf":{"@id":"https:\/\/www.copealcoy.es\/es\/cotes-baixes-dona-50-gafas-de-proteccion-al-centro-de-salud-la-bassa-de-alcoy\/"},"author":{"name":"Cope Alcoy","@id":"https:\/\/www.copealcoy.es\/es\/#\/schema\/person\/e777c87fa024e57d40170af9df39882c"},"headline":"Cotes Baixes dona 50 gafas de protecci\u00f3n al Centro de Salud La Bassa de Alcoy","datePublished":"2020-03-23T18:09:36+00:00","mainEntityOfPage":{"@id":"https:\/\/www.copealcoy.es\/es\/cotes-baixes-dona-50-gafas-de-proteccion-al-centro-de-salud-la-bassa-de-alcoy\/"},"wordCount":231,"commentCount":0,"image":{"@id":"https:\/\/www.copealcoy.es\/es\/cotes-baixes-dona-50-gafas-de-proteccion-al-centro-de-salud-la-bassa-de-alcoy\/#primaryimage"},"thumbnailUrl":"https:\/\/www.copealcoy.es\/wp-content\/uploads\/2020\/03\/donacio-sanitat-1-1.jpg","keywords":["50 gafas de protecci\u00f3n","Centro de Salud","Centro de Salud La Bassa de Alcoy","La Bassa"],"articleSection":["Alcoy","Educaci\u00f3n","Noticias"],"inLanguage":"es"},{"@type":"WebPage","@id":"https:\/\/www.copealcoy.es\/es\/cotes-baixes-dona-50-gafas-de-proteccion-al-centro-de-salud-la-bassa-de-alcoy\/","url":"https:\/\/www.copealcoy.es\/es\/cotes-baixes-dona-50-gafas-de-proteccion-al-centro-de-salud-la-bassa-de-alcoy\/","name":"Cotes Baixes dona 50 gafas de protecci\u00f3n al Centro de Salud La Bassa de Alcoy - COPE Alcoy","isPartOf":{"@id":"https:\/\/www.copealcoy.es\/es\/#website"},"primaryImageOfPage":{"@id":"https:\/\/www.copealcoy.es\/es\/cotes-baixes-dona-50-gafas-de-proteccion-al-centro-de-salud-la-bassa-de-alcoy\/#primaryimage"},"image":{"@id":"https:\/\/www.copealcoy.es\/es\/cotes-baixes-dona-50-gafas-de-proteccion-al-centro-de-salud-la-bassa-de-alcoy\/#primaryimage"},"thumbnailUrl":"https:\/\/www.copealcoy.es\/wp-content\/uploads\/2020\/03\/donacio-sanitat-1-1.jpg","datePublished":"2020-03-23T18:09:36+00:00","author":{"@id":"https:\/\/www.copealcoy.es\/es\/#\/schema\/person\/e777c87fa024e57d40170af9df39882c"},"breadcrumb":{"@id":"https:\/\/www.copealcoy.es\/es\/cotes-baixes-dona-50-gafas-de-proteccion-al-centro-de-salud-la-bassa-de-alcoy\/#breadcrumb"},"inLanguage":"es","potentialAction":[{"@type":"ReadAction","target":["https:\/\/www.copealcoy.es\/es\/cotes-baixes-dona-50-gafas-de-proteccion-al-centro-de-salud-la-bassa-de-alcoy\/"]}]},{"@type":"ImageObject","inLanguage":"es","@id":"https:\/\/www.copealcoy.es\/es\/cotes-baixes-dona-50-gafas-de-proteccion-al-centro-de-salud-la-bassa-de-alcoy\/#primaryimage","url":"https:\/\/www.copealcoy.es\/wp-content\/uploads\/2020\/03\/donacio-sanitat-1-1.jpg","contentUrl":"https:\/\/www.copealcoy.es\/wp-content\/uploads\/2020\/03\/donacio-sanitat-1-1.jpg","width":2048,"height":1536,"caption":"Las gafas han sido entregadas al Centro de Salud La Bassa"},{"@type":"BreadcrumbList","@id":"https:\/\/www.copealcoy.es\/es\/cotes-baixes-dona-50-gafas-de-proteccion-al-centro-de-salud-la-bassa-de-alcoy\/#breadcrumb","itemListElement":[{"@type":"ListItem","position":1,"name":"Portada","item":"https:\/\/www.copealcoy.es\/es\/"},{"@type":"ListItem","position":2,"name":"Cotes Baixes dona 50 gafas de protecci\u00f3n al Centro de Salud La Bassa de Alcoy"}]},{"@type":"WebSite","@id":"https:\/\/www.copealcoy.es\/es\/#website","url":"https:\/\/www.copealcoy.es\/es\/","name":"COPE Alcoy","description":"Emisora COPE de radio local con emisi\u00f3n online. Pont de Sant Jordi 8-10 03803 Alcoy","potentialAction":[{"@type":"SearchAction","target":{"@type":"EntryPoint","urlTemplate":"https:\/\/www.copealcoy.es\/es\/?s={search_term_string}"},"query-input":{"@type":"PropertyValueSpecification","valueRequired":true,"valueName":"search_term_string"}}],"inLanguage":"es"},{"@type":"Person","@id":"https:\/\/www.copealcoy.es\/es\/#\/schema\/person\/e777c87fa024e57d40170af9df39882c","name":"Cope Alcoy","image":{"@type":"ImageObject","inLanguage":"es","@id":"https:\/\/secure.gravatar.com\/avatar\/bb65d0283347e303893ba14f0692005417c1e0e690a325a4c5d8bb2b3943ee14?s=96&d=mm&r=g","url":"https:\/\/secure.gravatar.com\/avatar\/bb65d0283347e303893ba14f0692005417c1e0e690a325a4c5d8bb2b3943ee14?s=96&d=mm&r=g","contentUrl":"https:\/\/secure.gravatar.com\/avatar\/bb65d0283347e303893ba14f0692005417c1e0e690a325a4c5d8bb2b3943ee14?s=96&d=mm&r=g","caption":"Cope Alcoy"}}]}},"_links":{"self":[{"href":"https:\/\/www.copealcoy.es\/es\/wp-json\/wp\/v2\/posts\/61079","targetHints":{"allow":["GET"]}}],"collection":[{"href":"https:\/\/www.copealcoy.es\/es\/wp-json\/wp\/v2\/posts"}],"about":[{"href":"https:\/\/www.copealcoy.es\/es\/wp-json\/wp\/v2\/types\/post"}],"author":[{"embeddable":true,"href":"https:\/\/www.copealcoy.es\/es\/wp-json\/wp\/v2\/users\/1"}],"replies":[{"embeddable":true,"href":"https:\/\/www.copealcoy.es\/es\/wp-json\/wp\/v2\/comments?post=61079"}],"version-history":[{"count":0,"href":"https:\/\/www.copealcoy.es\/es\/wp-json\/wp\/v2\/posts\/61079\/revisions"}],"wp:featuredmedia":[{"embeddable":true,"href":"https:\/\/www.copealcoy.es\/es\/wp-json\/wp\/v2\/media\/61080"}],"wp:attachment":[{"href":"https:\/\/www.copealcoy.es\/es\/wp-json\/wp\/v2\/media?parent=61079"}],"wp:term":[{"taxonomy":"category","embeddable":true,"href":"https:\/\/www.copealcoy.es\/es\/wp-json\/wp\/v2\/categories?post=61079"},{"taxonomy":"post_tag","embeddable":true,"href":"https:\/\/www.copealcoy.es\/es\/wp-json\/wp\/v2\/tags?post=61079"}],"curies":[{"name":"wp","href":"https:\/\/api.w.org\/{rel}","templated":true}]}}