{"id":61021,"date":"2020-03-20T20:24:42","date_gmt":"2020-03-20T20:24:42","guid":{"rendered":"https:\/\/www.copealcoy.es\/?p=61021"},"modified":"2020-03-20T20:24:42","modified_gmt":"2020-03-20T20:24:42","slug":"familiares-de-los-residentes-de-domus-vi-reclaman-mas-informacion","status":"publish","type":"post","link":"https:\/\/www.copealcoy.es\/es\/familiares-de-los-residentes-de-domus-vi-reclaman-mas-informacion\/","title":{"rendered":"Familiares de los residentes de Domus Vi reclaman m\u00e1s informaci\u00f3n"},"content":{"rendered":"<p style=\"text-align: justify;\">La <strong>Plataforma de Residentes del Centro de Mayores Domus Vi de Alcoy<\/strong> reclama<strong> m\u00e1s informaci\u00f3n<\/strong>\u00a0a las instituciones p\u00fablicas sobre la situaci\u00f3n en la que se encuentran <strong>los usuarios del geri\u00e1trico<\/strong> afectados por Coronavirus.<\/p>\n<p style=\"text-align: justify;\">Desde el colectivo afirman que los familiares <strong>est\u00e1n viviendo una situaci\u00f3n de angustia<\/strong> y aseguran que existe <strong>una gran incertidumbre<\/strong> sobre el <strong>n\u00famero de fallecidos<\/strong> a causa de la pandemia. Tambi\u00e9n lamentan que con el decreto de Estado de Alarma <strong>los familiares de las personas que nos han dejado en los \u00faltimos d\u00edas<\/strong> no han podido despedir como deseaban a sus seres queridos, un hecho que incrementa el dolor ante la p\u00e9rdida. La Plataforma <strong>agradece el refuerzo de la plantilla<\/strong> anunciado por la Conselleria y dicen que esto permitir\u00e1 <strong>mejorar la atenci\u00f3n a los afectados<\/strong> &#8220;<em>nosotros llevamos ya meses denunciando la situaci\u00f3n por la que atraviesan los trabajadores del Centro, unos hechos que tambi\u00e9n han tenido repercusi\u00f3n en la atenci\u00f3n a los usuarios. Hemos remitido\u00a0<\/em><span style=\"font-size: inherit;\"><em>una solicitud urgente a la Generalitat Valenciana pidiendo que informe puntualmente a los familiares de enfermos con sintomatolog\u00eda del Covid-19<\/em>&#8220;,\u00a0<\/span>afirma <strong>Jos\u00e9 Lu\u00eds Garc\u00eda<\/strong>; miembro de este colectivo.\u00a0Por \u00faltimo desde la <strong>Plataforma de Residentes del Centro de Mayores Domus Vi de Alcoy<\/strong>\u00a0creen que, ante el n\u00famero de contagios existentes, podr\u00edan darse m\u00e1s fallecimientos en los pr\u00f3ximos d\u00edas.<\/p>\n<p style=\"text-align: justify;\">A\u00f1adir que la Conselleria de Sanidad ha puesto en marcha este fin de semana el tel\u00e9fono gratuito\u00a0<strong>900 45 65 85\u00a0<\/strong>para facilitar la atenci\u00f3n a las familias. Asimismo <strong>la Consellera Ana Barcel\u00f3<\/strong> indic\u00f3 ayer que este lunes <strong>se dar\u00e1 m\u00e1s informaci\u00f3n<\/strong> sobre los contagiados en las residencias de ancianos.<\/p>\n<p>Aqu\u00ed <strong>puedes escuchar<\/strong> la entrevista con la plataforma de residentes:<\/p>\n<p><iframe loading=\"lazy\" title=\"La Ma\u00f1ana En Alcoy Viernes 20 De Marzo 2020 (12:50h)\" width=\"100%\" height=\"120\" src=\"https:\/\/www.mixcloud.com\/widget\/iframe\/?feed=https%3A%2F%2Fwww.mixcloud.com%2FCOPEAlcoy%2Fla-ma%25C3%25B1ana-en-alcoy-viernes-20-de-marzo-2020-1250h%2F&amp;hide_cover=1\" frameborder=\"0\"><\/iframe>    \t<\/p>\n","protected":false},"excerpt":{"rendered":"<p>La Plataforma de Residentes del Centro de Mayores Domus Vi de Alcoy reclama m\u00e1s informaci\u00f3n\u00a0a las instituciones p\u00fablicas sobre la&#8230;<\/p>\n","protected":false},"author":1,"featured_media":60902,"comment_status":"open","ping_status":"open","sticky":false,"template":"","format":"standard","meta":{"footnotes":""},"categories":[97,75,125],"tags":[1494,7328,7332,990,7333,7334],"class_list":["post-61021","post","type-post","status-publish","format-standard","has-post-thumbnail","hentry","category-alcoy","category-noticias","category-portada","tag-alcoy","tag-domus-vi","tag-familiares","tag-informacion","tag-reclaman","tag-residentes"],"yoast_head":"<!-- This site is optimized with the Yoast SEO plugin v27.3 - https:\/\/yoast.com\/product\/yoast-seo-wordpress\/ -->\n<title>Familiares de los residentes de Domus Vi reclaman m\u00e1s informaci\u00f3n - COPE Alcoy<\/title>\n<meta name=\"robots\" content=\"index, follow, max-snippet:-1, max-image-preview:large, max-video-preview:-1\" \/>\n<link rel=\"canonical\" href=\"https:\/\/www.copealcoy.es\/es\/familiares-de-los-residentes-de-domus-vi-reclaman-mas-informacion\/\" \/>\n<meta property=\"og:locale\" content=\"es_ES\" \/>\n<meta property=\"og:type\" content=\"article\" \/>\n<meta property=\"og:title\" content=\"Familiares de los residentes de Domus Vi reclaman m\u00e1s informaci\u00f3n - COPE Alcoy\" \/>\n<meta property=\"og:description\" content=\"La Plataforma de Residentes del Centro de Mayores Domus Vi de Alcoy reclama m\u00e1s informaci\u00f3n\u00a0a las instituciones p\u00fablicas sobre la...\" \/>\n<meta property=\"og:url\" content=\"https:\/\/www.copealcoy.es\/es\/familiares-de-los-residentes-de-domus-vi-reclaman-mas-informacion\/\" \/>\n<meta property=\"og:site_name\" content=\"COPE Alcoy\" \/>\n<meta property=\"article:published_time\" content=\"2020-03-20T20:24:42+00:00\" \/>\n<meta property=\"og:image\" content=\"https:\/\/www.copealcoy.es\/wp-content\/uploads\/2020\/03\/DomusVi-Alcoi-fachada1-1.jpg\" \/>\n\t<meta property=\"og:image:width\" content=\"650\" \/>\n\t<meta property=\"og:image:height\" content=\"433\" \/>\n\t<meta property=\"og:image:type\" content=\"image\/jpeg\" \/>\n<meta name=\"author\" content=\"Cope Alcoy\" \/>\n<meta name=\"twitter:label1\" content=\"Escrito por\" \/>\n\t<meta name=\"twitter:data1\" content=\"Cope Alcoy\" \/>\n\t<meta name=\"twitter:label2\" content=\"Tiempo de lectura\" \/>\n\t<meta name=\"twitter:data2\" content=\"2 minutos\" \/>\n<script type=\"application\/ld+json\" class=\"yoast-schema-graph\">{\"@context\":\"https:\\\/\\\/schema.org\",\"@graph\":[{\"@type\":\"Article\",\"@id\":\"https:\\\/\\\/www.copealcoy.es\\\/es\\\/familiares-de-los-residentes-de-domus-vi-reclaman-mas-informacion\\\/#article\",\"isPartOf\":{\"@id\":\"https:\\\/\\\/www.copealcoy.es\\\/es\\\/familiares-de-los-residentes-de-domus-vi-reclaman-mas-informacion\\\/\"},\"author\":{\"name\":\"Cope Alcoy\",\"@id\":\"https:\\\/\\\/www.copealcoy.es\\\/es\\\/#\\\/schema\\\/person\\\/e777c87fa024e57d40170af9df39882c\"},\"headline\":\"Familiares de los residentes de Domus Vi reclaman m\u00e1s informaci\u00f3n\",\"datePublished\":\"2020-03-20T20:24:42+00:00\",\"mainEntityOfPage\":{\"@id\":\"https:\\\/\\\/www.copealcoy.es\\\/es\\\/familiares-de-los-residentes-de-domus-vi-reclaman-mas-informacion\\\/\"},\"wordCount\":325,\"commentCount\":0,\"image\":{\"@id\":\"https:\\\/\\\/www.copealcoy.es\\\/es\\\/familiares-de-los-residentes-de-domus-vi-reclaman-mas-informacion\\\/#primaryimage\"},\"thumbnailUrl\":\"https:\\\/\\\/www.copealcoy.es\\\/wp-content\\\/uploads\\\/2020\\\/03\\\/DomusVi-Alcoi-fachada1-1.jpg\",\"keywords\":[\"Alcoy\",\"Domus Vi\",\"Familiares\",\"Informaci\u00f3n\",\"reclaman\",\"Residentes\"],\"articleSection\":[\"Alcoy\",\"Noticias\",\"Portada\"],\"inLanguage\":\"es\"},{\"@type\":\"WebPage\",\"@id\":\"https:\\\/\\\/www.copealcoy.es\\\/es\\\/familiares-de-los-residentes-de-domus-vi-reclaman-mas-informacion\\\/\",\"url\":\"https:\\\/\\\/www.copealcoy.es\\\/es\\\/familiares-de-los-residentes-de-domus-vi-reclaman-mas-informacion\\\/\",\"name\":\"Familiares de los residentes de Domus Vi reclaman m\u00e1s informaci\u00f3n - COPE Alcoy\",\"isPartOf\":{\"@id\":\"https:\\\/\\\/www.copealcoy.es\\\/es\\\/#website\"},\"primaryImageOfPage\":{\"@id\":\"https:\\\/\\\/www.copealcoy.es\\\/es\\\/familiares-de-los-residentes-de-domus-vi-reclaman-mas-informacion\\\/#primaryimage\"},\"image\":{\"@id\":\"https:\\\/\\\/www.copealcoy.es\\\/es\\\/familiares-de-los-residentes-de-domus-vi-reclaman-mas-informacion\\\/#primaryimage\"},\"thumbnailUrl\":\"https:\\\/\\\/www.copealcoy.es\\\/wp-content\\\/uploads\\\/2020\\\/03\\\/DomusVi-Alcoi-fachada1-1.jpg\",\"datePublished\":\"2020-03-20T20:24:42+00:00\",\"author\":{\"@id\":\"https:\\\/\\\/www.copealcoy.es\\\/es\\\/#\\\/schema\\\/person\\\/e777c87fa024e57d40170af9df39882c\"},\"breadcrumb\":{\"@id\":\"https:\\\/\\\/www.copealcoy.es\\\/es\\\/familiares-de-los-residentes-de-domus-vi-reclaman-mas-informacion\\\/#breadcrumb\"},\"inLanguage\":\"es\",\"potentialAction\":[{\"@type\":\"ReadAction\",\"target\":[\"https:\\\/\\\/www.copealcoy.es\\\/es\\\/familiares-de-los-residentes-de-domus-vi-reclaman-mas-informacion\\\/\"]}]},{\"@type\":\"ImageObject\",\"inLanguage\":\"es\",\"@id\":\"https:\\\/\\\/www.copealcoy.es\\\/es\\\/familiares-de-los-residentes-de-domus-vi-reclaman-mas-informacion\\\/#primaryimage\",\"url\":\"https:\\\/\\\/www.copealcoy.es\\\/wp-content\\\/uploads\\\/2020\\\/03\\\/DomusVi-Alcoi-fachada1-1.jpg\",\"contentUrl\":\"https:\\\/\\\/www.copealcoy.es\\\/wp-content\\\/uploads\\\/2020\\\/03\\\/DomusVi-Alcoi-fachada1-1.jpg\",\"width\":650,\"height\":433,\"caption\":\"Imagen exterior de la residencia de mayores \\\/ Foto: Domus Vi\"},{\"@type\":\"BreadcrumbList\",\"@id\":\"https:\\\/\\\/www.copealcoy.es\\\/es\\\/familiares-de-los-residentes-de-domus-vi-reclaman-mas-informacion\\\/#breadcrumb\",\"itemListElement\":[{\"@type\":\"ListItem\",\"position\":1,\"name\":\"Portada\",\"item\":\"https:\\\/\\\/www.copealcoy.es\\\/es\\\/\"},{\"@type\":\"ListItem\",\"position\":2,\"name\":\"Familiares de los residentes de Domus Vi reclaman m\u00e1s informaci\u00f3n\"}]},{\"@type\":\"WebSite\",\"@id\":\"https:\\\/\\\/www.copealcoy.es\\\/es\\\/#website\",\"url\":\"https:\\\/\\\/www.copealcoy.es\\\/es\\\/\",\"name\":\"COPE Alcoy\",\"description\":\"Emisora COPE de radio local con emisi\u00f3n online. Pont de Sant Jordi 8-10 03803 Alcoy\",\"potentialAction\":[{\"@type\":\"SearchAction\",\"target\":{\"@type\":\"EntryPoint\",\"urlTemplate\":\"https:\\\/\\\/www.copealcoy.es\\\/es\\\/?s={search_term_string}\"},\"query-input\":{\"@type\":\"PropertyValueSpecification\",\"valueRequired\":true,\"valueName\":\"search_term_string\"}}],\"inLanguage\":\"es\"},{\"@type\":\"Person\",\"@id\":\"https:\\\/\\\/www.copealcoy.es\\\/es\\\/#\\\/schema\\\/person\\\/e777c87fa024e57d40170af9df39882c\",\"name\":\"Cope Alcoy\",\"image\":{\"@type\":\"ImageObject\",\"inLanguage\":\"es\",\"@id\":\"https:\\\/\\\/secure.gravatar.com\\\/avatar\\\/bb65d0283347e303893ba14f0692005417c1e0e690a325a4c5d8bb2b3943ee14?s=96&d=mm&r=g\",\"url\":\"https:\\\/\\\/secure.gravatar.com\\\/avatar\\\/bb65d0283347e303893ba14f0692005417c1e0e690a325a4c5d8bb2b3943ee14?s=96&d=mm&r=g\",\"contentUrl\":\"https:\\\/\\\/secure.gravatar.com\\\/avatar\\\/bb65d0283347e303893ba14f0692005417c1e0e690a325a4c5d8bb2b3943ee14?s=96&d=mm&r=g\",\"caption\":\"Cope Alcoy\"}}]}<\/script>\n<!-- \/ Yoast SEO plugin. -->","yoast_head_json":{"title":"Familiares de los residentes de Domus Vi reclaman m\u00e1s informaci\u00f3n - COPE Alcoy","robots":{"index":"index","follow":"follow","max-snippet":"max-snippet:-1","max-image-preview":"max-image-preview:large","max-video-preview":"max-video-preview:-1"},"canonical":"https:\/\/www.copealcoy.es\/es\/familiares-de-los-residentes-de-domus-vi-reclaman-mas-informacion\/","og_locale":"es_ES","og_type":"article","og_title":"Familiares de los residentes de Domus Vi reclaman m\u00e1s informaci\u00f3n - COPE Alcoy","og_description":"La Plataforma de Residentes del Centro de Mayores Domus Vi de Alcoy reclama m\u00e1s informaci\u00f3n\u00a0a las instituciones p\u00fablicas sobre la...","og_url":"https:\/\/www.copealcoy.es\/es\/familiares-de-los-residentes-de-domus-vi-reclaman-mas-informacion\/","og_site_name":"COPE Alcoy","article_published_time":"2020-03-20T20:24:42+00:00","og_image":[{"width":650,"height":433,"url":"https:\/\/www.copealcoy.es\/wp-content\/uploads\/2020\/03\/DomusVi-Alcoi-fachada1-1.jpg","type":"image\/jpeg"}],"author":"Cope Alcoy","twitter_misc":{"Escrito por":"Cope Alcoy","Tiempo de lectura":"2 minutos"},"schema":{"@context":"https:\/\/schema.org","@graph":[{"@type":"Article","@id":"https:\/\/www.copealcoy.es\/es\/familiares-de-los-residentes-de-domus-vi-reclaman-mas-informacion\/#article","isPartOf":{"@id":"https:\/\/www.copealcoy.es\/es\/familiares-de-los-residentes-de-domus-vi-reclaman-mas-informacion\/"},"author":{"name":"Cope Alcoy","@id":"https:\/\/www.copealcoy.es\/es\/#\/schema\/person\/e777c87fa024e57d40170af9df39882c"},"headline":"Familiares de los residentes de Domus Vi reclaman m\u00e1s informaci\u00f3n","datePublished":"2020-03-20T20:24:42+00:00","mainEntityOfPage":{"@id":"https:\/\/www.copealcoy.es\/es\/familiares-de-los-residentes-de-domus-vi-reclaman-mas-informacion\/"},"wordCount":325,"commentCount":0,"image":{"@id":"https:\/\/www.copealcoy.es\/es\/familiares-de-los-residentes-de-domus-vi-reclaman-mas-informacion\/#primaryimage"},"thumbnailUrl":"https:\/\/www.copealcoy.es\/wp-content\/uploads\/2020\/03\/DomusVi-Alcoi-fachada1-1.jpg","keywords":["Alcoy","Domus Vi","Familiares","Informaci\u00f3n","reclaman","Residentes"],"articleSection":["Alcoy","Noticias","Portada"],"inLanguage":"es"},{"@type":"WebPage","@id":"https:\/\/www.copealcoy.es\/es\/familiares-de-los-residentes-de-domus-vi-reclaman-mas-informacion\/","url":"https:\/\/www.copealcoy.es\/es\/familiares-de-los-residentes-de-domus-vi-reclaman-mas-informacion\/","name":"Familiares de los residentes de Domus Vi reclaman m\u00e1s informaci\u00f3n - COPE Alcoy","isPartOf":{"@id":"https:\/\/www.copealcoy.es\/es\/#website"},"primaryImageOfPage":{"@id":"https:\/\/www.copealcoy.es\/es\/familiares-de-los-residentes-de-domus-vi-reclaman-mas-informacion\/#primaryimage"},"image":{"@id":"https:\/\/www.copealcoy.es\/es\/familiares-de-los-residentes-de-domus-vi-reclaman-mas-informacion\/#primaryimage"},"thumbnailUrl":"https:\/\/www.copealcoy.es\/wp-content\/uploads\/2020\/03\/DomusVi-Alcoi-fachada1-1.jpg","datePublished":"2020-03-20T20:24:42+00:00","author":{"@id":"https:\/\/www.copealcoy.es\/es\/#\/schema\/person\/e777c87fa024e57d40170af9df39882c"},"breadcrumb":{"@id":"https:\/\/www.copealcoy.es\/es\/familiares-de-los-residentes-de-domus-vi-reclaman-mas-informacion\/#breadcrumb"},"inLanguage":"es","potentialAction":[{"@type":"ReadAction","target":["https:\/\/www.copealcoy.es\/es\/familiares-de-los-residentes-de-domus-vi-reclaman-mas-informacion\/"]}]},{"@type":"ImageObject","inLanguage":"es","@id":"https:\/\/www.copealcoy.es\/es\/familiares-de-los-residentes-de-domus-vi-reclaman-mas-informacion\/#primaryimage","url":"https:\/\/www.copealcoy.es\/wp-content\/uploads\/2020\/03\/DomusVi-Alcoi-fachada1-1.jpg","contentUrl":"https:\/\/www.copealcoy.es\/wp-content\/uploads\/2020\/03\/DomusVi-Alcoi-fachada1-1.jpg","width":650,"height":433,"caption":"Imagen exterior de la residencia de mayores \/ Foto: Domus Vi"},{"@type":"BreadcrumbList","@id":"https:\/\/www.copealcoy.es\/es\/familiares-de-los-residentes-de-domus-vi-reclaman-mas-informacion\/#breadcrumb","itemListElement":[{"@type":"ListItem","position":1,"name":"Portada","item":"https:\/\/www.copealcoy.es\/es\/"},{"@type":"ListItem","position":2,"name":"Familiares de los residentes de Domus Vi reclaman m\u00e1s informaci\u00f3n"}]},{"@type":"WebSite","@id":"https:\/\/www.copealcoy.es\/es\/#website","url":"https:\/\/www.copealcoy.es\/es\/","name":"COPE Alcoy","description":"Emisora COPE de radio local con emisi\u00f3n online. Pont de Sant Jordi 8-10 03803 Alcoy","potentialAction":[{"@type":"SearchAction","target":{"@type":"EntryPoint","urlTemplate":"https:\/\/www.copealcoy.es\/es\/?s={search_term_string}"},"query-input":{"@type":"PropertyValueSpecification","valueRequired":true,"valueName":"search_term_string"}}],"inLanguage":"es"},{"@type":"Person","@id":"https:\/\/www.copealcoy.es\/es\/#\/schema\/person\/e777c87fa024e57d40170af9df39882c","name":"Cope Alcoy","image":{"@type":"ImageObject","inLanguage":"es","@id":"https:\/\/secure.gravatar.com\/avatar\/bb65d0283347e303893ba14f0692005417c1e0e690a325a4c5d8bb2b3943ee14?s=96&d=mm&r=g","url":"https:\/\/secure.gravatar.com\/avatar\/bb65d0283347e303893ba14f0692005417c1e0e690a325a4c5d8bb2b3943ee14?s=96&d=mm&r=g","contentUrl":"https:\/\/secure.gravatar.com\/avatar\/bb65d0283347e303893ba14f0692005417c1e0e690a325a4c5d8bb2b3943ee14?s=96&d=mm&r=g","caption":"Cope Alcoy"}}]}},"_links":{"self":[{"href":"https:\/\/www.copealcoy.es\/es\/wp-json\/wp\/v2\/posts\/61021","targetHints":{"allow":["GET"]}}],"collection":[{"href":"https:\/\/www.copealcoy.es\/es\/wp-json\/wp\/v2\/posts"}],"about":[{"href":"https:\/\/www.copealcoy.es\/es\/wp-json\/wp\/v2\/types\/post"}],"author":[{"embeddable":true,"href":"https:\/\/www.copealcoy.es\/es\/wp-json\/wp\/v2\/users\/1"}],"replies":[{"embeddable":true,"href":"https:\/\/www.copealcoy.es\/es\/wp-json\/wp\/v2\/comments?post=61021"}],"version-history":[{"count":0,"href":"https:\/\/www.copealcoy.es\/es\/wp-json\/wp\/v2\/posts\/61021\/revisions"}],"wp:featuredmedia":[{"embeddable":true,"href":"https:\/\/www.copealcoy.es\/es\/wp-json\/wp\/v2\/media\/60902"}],"wp:attachment":[{"href":"https:\/\/www.copealcoy.es\/es\/wp-json\/wp\/v2\/media?parent=61021"}],"wp:term":[{"taxonomy":"category","embeddable":true,"href":"https:\/\/www.copealcoy.es\/es\/wp-json\/wp\/v2\/categories?post=61021"},{"taxonomy":"post_tag","embeddable":true,"href":"https:\/\/www.copealcoy.es\/es\/wp-json\/wp\/v2\/tags?post=61021"}],"curies":[{"name":"wp","href":"https:\/\/api.w.org\/{rel}","templated":true}]}}