{"id":60915,"date":"2020-03-17T16:47:36","date_gmt":"2020-03-17T16:47:36","guid":{"rendered":"https:\/\/www.copealcoy.es\/?p=60915"},"modified":"2020-03-17T16:47:36","modified_gmt":"2020-03-17T16:47:36","slug":"servicios-sociales-adopta-medidas-ante-la-crisis-del-covid-19","status":"publish","type":"post","link":"https:\/\/www.copealcoy.es\/es\/servicios-sociales-adopta-medidas-ante-la-crisis-del-covid-19\/","title":{"rendered":"Servicios Sociales adopta medidas ante la crisis del Covid-19"},"content":{"rendered":"<p style=\"text-align: justify;\"><span lang=\"ES\">El <strong>Departamento de Pol\u00edticas Sociales del Ayuntamiento de Alcoy<\/strong> ha adoptado <strong>una serie de medidas<\/strong> frente a la Crisis del Coronavirus.\u00a0 <\/span><\/p>\n<p style=\"text-align: justify;\"><span lang=\"ES\">Desde el Consistorio explican que los menores que tienen la beca de comedor <strong>ver\u00e1n sustituida esta por un catering<\/strong> que se les llevar\u00e1 a casa, garantizando de este modo <strong>una alimentaci\u00f3n saludable y equilibrada<\/strong> \u00a0en estos d\u00edas complicados. Tambi\u00e9n <strong>se hace seguimiento a los menores en riesgo<\/strong>, tanto telef\u00f3nicamente como con visitas domiciliarias. Para las familias que son consideradas como vulnerables<strong> se estudia en cada caso la posibilidad de facilitarles alimentos no perecederos<\/strong> en coordinaci\u00f3n con C\u00e1ritas y Cruz Roja. <\/span><\/p>\n<p style=\"text-align: justify;\"><span lang=\"ES\">Adem\u00e1s de esto a las personas mayores, las personas que viven solas y disponen de escasos recursos, personas con dolencia mental y con dependencia, <strong>se les facilita ayuda psicol\u00f3gica telef\u00f3nica, as\u00ed como ayuda para comprar alimentos, productos b\u00e1sicos y medicamentos<\/strong>. Se estudian los casos de manera individual para determinar las necesidades. El Ayuntamiento tambi\u00e9n informa que el Servicio de Ayuda Domiciliaria (SAD) <strong>funciona con normalidad<\/strong> mientras que se hace seguimiento del programa Viogen destinado a los casos de mujeres maltratadas. Por \u00faltimo el Punt Dona <strong>presta servicio 24 horas y funciona el tel\u00e9fono 016 para atenci\u00f3n a las v\u00edctimas<\/strong>.\u00a0<\/span><\/p>\n<p style=\"text-align: justify;\">Recordar que el Ayuntamiento de Alcoy <strong>ha habilitado el n\u00famero de tel\u00e9fono 900 75 00 71<\/strong> \u00a0para atender dudas de la ciudadan\u00eda, ofrecer informaci\u00f3n y gestionar citas previas de tr\u00e1mites.<\/p>\n<p><iframe loading=\"lazy\" title=\"RP Alcalde Toni Franc\u00e9s Coronavis Covid 19. 17 de mar\u00e7\" width=\"1200\" height=\"675\" src=\"https:\/\/www.youtube.com\/embed\/FKHRBwpbSbo?feature=oembed\" frameborder=\"0\" allow=\"accelerometer; autoplay; encrypted-media; gyroscope; picture-in-picture\" allowfullscreen><\/iframe>    \t<\/p>\n","protected":false},"excerpt":{"rendered":"<p>El Departamento de Pol\u00edticas Sociales del Ayuntamiento de Alcoy ha adoptado una serie de medidas frente a la Crisis del&#8230;<\/p>\n","protected":false},"author":1,"featured_media":13024,"comment_status":"open","ping_status":"open","sticky":false,"template":"","format":"standard","meta":{"footnotes":""},"categories":[97,75],"tags":[1494,7281,2822,695],"class_list":["post-60915","post","type-post","status-publish","format-standard","has-post-thumbnail","hentry","category-alcoy","category-noticias","tag-alcoy","tag-coronavirus","tag-medidas","tag-servicios-sociales"],"yoast_head":"<!-- This site is optimized with the Yoast SEO plugin v27.3 - https:\/\/yoast.com\/product\/yoast-seo-wordpress\/ -->\n<title>Servicios Sociales adopta medidas ante la crisis del Covid-19 - COPE Alcoy<\/title>\n<meta name=\"robots\" content=\"index, follow, max-snippet:-1, max-image-preview:large, max-video-preview:-1\" \/>\n<link rel=\"canonical\" href=\"https:\/\/www.copealcoy.es\/es\/servicios-sociales-adopta-medidas-ante-la-crisis-del-covid-19\/\" \/>\n<meta property=\"og:locale\" content=\"es_ES\" \/>\n<meta property=\"og:type\" content=\"article\" \/>\n<meta property=\"og:title\" content=\"Servicios Sociales adopta medidas ante la crisis del Covid-19 - COPE Alcoy\" \/>\n<meta property=\"og:description\" content=\"El Departamento de Pol\u00edticas Sociales del Ayuntamiento de Alcoy ha adoptado una serie de medidas frente a la Crisis del...\" \/>\n<meta property=\"og:url\" content=\"https:\/\/www.copealcoy.es\/es\/servicios-sociales-adopta-medidas-ante-la-crisis-del-covid-19\/\" \/>\n<meta property=\"og:site_name\" content=\"COPE Alcoy\" \/>\n<meta property=\"article:published_time\" content=\"2020-03-17T16:47:36+00:00\" \/>\n<meta property=\"og:image\" content=\"https:\/\/www.copealcoy.es\/wp-content\/uploads\/2015\/05\/13387-alcoy-001-1-jpg.jpeg\" \/>\n\t<meta property=\"og:image:width\" content=\"1400\" \/>\n\t<meta property=\"og:image:height\" content=\"1050\" \/>\n\t<meta property=\"og:image:type\" content=\"image\/jpeg\" \/>\n<meta name=\"author\" content=\"Cope Alcoy\" \/>\n<meta name=\"twitter:label1\" content=\"Escrito por\" \/>\n\t<meta name=\"twitter:data1\" content=\"Cope Alcoy\" \/>\n\t<meta name=\"twitter:label2\" content=\"Tiempo de lectura\" \/>\n\t<meta name=\"twitter:data2\" content=\"1 minuto\" \/>\n<script type=\"application\/ld+json\" class=\"yoast-schema-graph\">{\"@context\":\"https:\\\/\\\/schema.org\",\"@graph\":[{\"@type\":\"Article\",\"@id\":\"https:\\\/\\\/www.copealcoy.es\\\/es\\\/servicios-sociales-adopta-medidas-ante-la-crisis-del-covid-19\\\/#article\",\"isPartOf\":{\"@id\":\"https:\\\/\\\/www.copealcoy.es\\\/es\\\/servicios-sociales-adopta-medidas-ante-la-crisis-del-covid-19\\\/\"},\"author\":{\"name\":\"Cope Alcoy\",\"@id\":\"https:\\\/\\\/www.copealcoy.es\\\/es\\\/#\\\/schema\\\/person\\\/e777c87fa024e57d40170af9df39882c\"},\"headline\":\"Servicios Sociales adopta medidas ante la crisis del Covid-19\",\"datePublished\":\"2020-03-17T16:47:36+00:00\",\"mainEntityOfPage\":{\"@id\":\"https:\\\/\\\/www.copealcoy.es\\\/es\\\/servicios-sociales-adopta-medidas-ante-la-crisis-del-covid-19\\\/\"},\"wordCount\":258,\"commentCount\":0,\"image\":{\"@id\":\"https:\\\/\\\/www.copealcoy.es\\\/es\\\/servicios-sociales-adopta-medidas-ante-la-crisis-del-covid-19\\\/#primaryimage\"},\"thumbnailUrl\":\"https:\\\/\\\/www.copealcoy.es\\\/wp-content\\\/uploads\\\/2015\\\/05\\\/13387-alcoy-001-1-jpg.jpeg\",\"keywords\":[\"Alcoy\",\"Coronavirus\",\"medidas\",\"Servicios sociales\"],\"articleSection\":[\"Alcoy\",\"Noticias\"],\"inLanguage\":\"es\"},{\"@type\":\"WebPage\",\"@id\":\"https:\\\/\\\/www.copealcoy.es\\\/es\\\/servicios-sociales-adopta-medidas-ante-la-crisis-del-covid-19\\\/\",\"url\":\"https:\\\/\\\/www.copealcoy.es\\\/es\\\/servicios-sociales-adopta-medidas-ante-la-crisis-del-covid-19\\\/\",\"name\":\"Servicios Sociales adopta medidas ante la crisis del Covid-19 - COPE Alcoy\",\"isPartOf\":{\"@id\":\"https:\\\/\\\/www.copealcoy.es\\\/es\\\/#website\"},\"primaryImageOfPage\":{\"@id\":\"https:\\\/\\\/www.copealcoy.es\\\/es\\\/servicios-sociales-adopta-medidas-ante-la-crisis-del-covid-19\\\/#primaryimage\"},\"image\":{\"@id\":\"https:\\\/\\\/www.copealcoy.es\\\/es\\\/servicios-sociales-adopta-medidas-ante-la-crisis-del-covid-19\\\/#primaryimage\"},\"thumbnailUrl\":\"https:\\\/\\\/www.copealcoy.es\\\/wp-content\\\/uploads\\\/2015\\\/05\\\/13387-alcoy-001-1-jpg.jpeg\",\"datePublished\":\"2020-03-17T16:47:36+00:00\",\"author\":{\"@id\":\"https:\\\/\\\/www.copealcoy.es\\\/es\\\/#\\\/schema\\\/person\\\/e777c87fa024e57d40170af9df39882c\"},\"breadcrumb\":{\"@id\":\"https:\\\/\\\/www.copealcoy.es\\\/es\\\/servicios-sociales-adopta-medidas-ante-la-crisis-del-covid-19\\\/#breadcrumb\"},\"inLanguage\":\"es\",\"potentialAction\":[{\"@type\":\"ReadAction\",\"target\":[\"https:\\\/\\\/www.copealcoy.es\\\/es\\\/servicios-sociales-adopta-medidas-ante-la-crisis-del-covid-19\\\/\"]}]},{\"@type\":\"ImageObject\",\"inLanguage\":\"es\",\"@id\":\"https:\\\/\\\/www.copealcoy.es\\\/es\\\/servicios-sociales-adopta-medidas-ante-la-crisis-del-covid-19\\\/#primaryimage\",\"url\":\"https:\\\/\\\/www.copealcoy.es\\\/wp-content\\\/uploads\\\/2015\\\/05\\\/13387-alcoy-001-1-jpg.jpeg\",\"contentUrl\":\"https:\\\/\\\/www.copealcoy.es\\\/wp-content\\\/uploads\\\/2015\\\/05\\\/13387-alcoy-001-1-jpg.jpeg\",\"width\":1400,\"height\":1050,\"caption\":\"Ayuntamiento de Alcoy\"},{\"@type\":\"BreadcrumbList\",\"@id\":\"https:\\\/\\\/www.copealcoy.es\\\/es\\\/servicios-sociales-adopta-medidas-ante-la-crisis-del-covid-19\\\/#breadcrumb\",\"itemListElement\":[{\"@type\":\"ListItem\",\"position\":1,\"name\":\"Portada\",\"item\":\"https:\\\/\\\/www.copealcoy.es\\\/es\\\/\"},{\"@type\":\"ListItem\",\"position\":2,\"name\":\"Servicios Sociales adopta medidas ante la crisis del Covid-19\"}]},{\"@type\":\"WebSite\",\"@id\":\"https:\\\/\\\/www.copealcoy.es\\\/es\\\/#website\",\"url\":\"https:\\\/\\\/www.copealcoy.es\\\/es\\\/\",\"name\":\"COPE Alcoy\",\"description\":\"Emisora COPE de radio local con emisi\u00f3n online. Pont de Sant Jordi 8-10 03803 Alcoy\",\"potentialAction\":[{\"@type\":\"SearchAction\",\"target\":{\"@type\":\"EntryPoint\",\"urlTemplate\":\"https:\\\/\\\/www.copealcoy.es\\\/es\\\/?s={search_term_string}\"},\"query-input\":{\"@type\":\"PropertyValueSpecification\",\"valueRequired\":true,\"valueName\":\"search_term_string\"}}],\"inLanguage\":\"es\"},{\"@type\":\"Person\",\"@id\":\"https:\\\/\\\/www.copealcoy.es\\\/es\\\/#\\\/schema\\\/person\\\/e777c87fa024e57d40170af9df39882c\",\"name\":\"Cope Alcoy\",\"image\":{\"@type\":\"ImageObject\",\"inLanguage\":\"es\",\"@id\":\"https:\\\/\\\/secure.gravatar.com\\\/avatar\\\/bb65d0283347e303893ba14f0692005417c1e0e690a325a4c5d8bb2b3943ee14?s=96&d=mm&r=g\",\"url\":\"https:\\\/\\\/secure.gravatar.com\\\/avatar\\\/bb65d0283347e303893ba14f0692005417c1e0e690a325a4c5d8bb2b3943ee14?s=96&d=mm&r=g\",\"contentUrl\":\"https:\\\/\\\/secure.gravatar.com\\\/avatar\\\/bb65d0283347e303893ba14f0692005417c1e0e690a325a4c5d8bb2b3943ee14?s=96&d=mm&r=g\",\"caption\":\"Cope Alcoy\"}}]}<\/script>\n<!-- \/ Yoast SEO plugin. -->","yoast_head_json":{"title":"Servicios Sociales adopta medidas ante la crisis del Covid-19 - COPE Alcoy","robots":{"index":"index","follow":"follow","max-snippet":"max-snippet:-1","max-image-preview":"max-image-preview:large","max-video-preview":"max-video-preview:-1"},"canonical":"https:\/\/www.copealcoy.es\/es\/servicios-sociales-adopta-medidas-ante-la-crisis-del-covid-19\/","og_locale":"es_ES","og_type":"article","og_title":"Servicios Sociales adopta medidas ante la crisis del Covid-19 - COPE Alcoy","og_description":"El Departamento de Pol\u00edticas Sociales del Ayuntamiento de Alcoy ha adoptado una serie de medidas frente a la Crisis del...","og_url":"https:\/\/www.copealcoy.es\/es\/servicios-sociales-adopta-medidas-ante-la-crisis-del-covid-19\/","og_site_name":"COPE Alcoy","article_published_time":"2020-03-17T16:47:36+00:00","og_image":[{"width":1400,"height":1050,"url":"https:\/\/www.copealcoy.es\/wp-content\/uploads\/2015\/05\/13387-alcoy-001-1-jpg.jpeg","type":"image\/jpeg"}],"author":"Cope Alcoy","twitter_misc":{"Escrito por":"Cope Alcoy","Tiempo de lectura":"1 minuto"},"schema":{"@context":"https:\/\/schema.org","@graph":[{"@type":"Article","@id":"https:\/\/www.copealcoy.es\/es\/servicios-sociales-adopta-medidas-ante-la-crisis-del-covid-19\/#article","isPartOf":{"@id":"https:\/\/www.copealcoy.es\/es\/servicios-sociales-adopta-medidas-ante-la-crisis-del-covid-19\/"},"author":{"name":"Cope Alcoy","@id":"https:\/\/www.copealcoy.es\/es\/#\/schema\/person\/e777c87fa024e57d40170af9df39882c"},"headline":"Servicios Sociales adopta medidas ante la crisis del Covid-19","datePublished":"2020-03-17T16:47:36+00:00","mainEntityOfPage":{"@id":"https:\/\/www.copealcoy.es\/es\/servicios-sociales-adopta-medidas-ante-la-crisis-del-covid-19\/"},"wordCount":258,"commentCount":0,"image":{"@id":"https:\/\/www.copealcoy.es\/es\/servicios-sociales-adopta-medidas-ante-la-crisis-del-covid-19\/#primaryimage"},"thumbnailUrl":"https:\/\/www.copealcoy.es\/wp-content\/uploads\/2015\/05\/13387-alcoy-001-1-jpg.jpeg","keywords":["Alcoy","Coronavirus","medidas","Servicios sociales"],"articleSection":["Alcoy","Noticias"],"inLanguage":"es"},{"@type":"WebPage","@id":"https:\/\/www.copealcoy.es\/es\/servicios-sociales-adopta-medidas-ante-la-crisis-del-covid-19\/","url":"https:\/\/www.copealcoy.es\/es\/servicios-sociales-adopta-medidas-ante-la-crisis-del-covid-19\/","name":"Servicios Sociales adopta medidas ante la crisis del Covid-19 - COPE Alcoy","isPartOf":{"@id":"https:\/\/www.copealcoy.es\/es\/#website"},"primaryImageOfPage":{"@id":"https:\/\/www.copealcoy.es\/es\/servicios-sociales-adopta-medidas-ante-la-crisis-del-covid-19\/#primaryimage"},"image":{"@id":"https:\/\/www.copealcoy.es\/es\/servicios-sociales-adopta-medidas-ante-la-crisis-del-covid-19\/#primaryimage"},"thumbnailUrl":"https:\/\/www.copealcoy.es\/wp-content\/uploads\/2015\/05\/13387-alcoy-001-1-jpg.jpeg","datePublished":"2020-03-17T16:47:36+00:00","author":{"@id":"https:\/\/www.copealcoy.es\/es\/#\/schema\/person\/e777c87fa024e57d40170af9df39882c"},"breadcrumb":{"@id":"https:\/\/www.copealcoy.es\/es\/servicios-sociales-adopta-medidas-ante-la-crisis-del-covid-19\/#breadcrumb"},"inLanguage":"es","potentialAction":[{"@type":"ReadAction","target":["https:\/\/www.copealcoy.es\/es\/servicios-sociales-adopta-medidas-ante-la-crisis-del-covid-19\/"]}]},{"@type":"ImageObject","inLanguage":"es","@id":"https:\/\/www.copealcoy.es\/es\/servicios-sociales-adopta-medidas-ante-la-crisis-del-covid-19\/#primaryimage","url":"https:\/\/www.copealcoy.es\/wp-content\/uploads\/2015\/05\/13387-alcoy-001-1-jpg.jpeg","contentUrl":"https:\/\/www.copealcoy.es\/wp-content\/uploads\/2015\/05\/13387-alcoy-001-1-jpg.jpeg","width":1400,"height":1050,"caption":"Ayuntamiento de Alcoy"},{"@type":"BreadcrumbList","@id":"https:\/\/www.copealcoy.es\/es\/servicios-sociales-adopta-medidas-ante-la-crisis-del-covid-19\/#breadcrumb","itemListElement":[{"@type":"ListItem","position":1,"name":"Portada","item":"https:\/\/www.copealcoy.es\/es\/"},{"@type":"ListItem","position":2,"name":"Servicios Sociales adopta medidas ante la crisis del Covid-19"}]},{"@type":"WebSite","@id":"https:\/\/www.copealcoy.es\/es\/#website","url":"https:\/\/www.copealcoy.es\/es\/","name":"COPE Alcoy","description":"Emisora COPE de radio local con emisi\u00f3n online. Pont de Sant Jordi 8-10 03803 Alcoy","potentialAction":[{"@type":"SearchAction","target":{"@type":"EntryPoint","urlTemplate":"https:\/\/www.copealcoy.es\/es\/?s={search_term_string}"},"query-input":{"@type":"PropertyValueSpecification","valueRequired":true,"valueName":"search_term_string"}}],"inLanguage":"es"},{"@type":"Person","@id":"https:\/\/www.copealcoy.es\/es\/#\/schema\/person\/e777c87fa024e57d40170af9df39882c","name":"Cope Alcoy","image":{"@type":"ImageObject","inLanguage":"es","@id":"https:\/\/secure.gravatar.com\/avatar\/bb65d0283347e303893ba14f0692005417c1e0e690a325a4c5d8bb2b3943ee14?s=96&d=mm&r=g","url":"https:\/\/secure.gravatar.com\/avatar\/bb65d0283347e303893ba14f0692005417c1e0e690a325a4c5d8bb2b3943ee14?s=96&d=mm&r=g","contentUrl":"https:\/\/secure.gravatar.com\/avatar\/bb65d0283347e303893ba14f0692005417c1e0e690a325a4c5d8bb2b3943ee14?s=96&d=mm&r=g","caption":"Cope Alcoy"}}]}},"_links":{"self":[{"href":"https:\/\/www.copealcoy.es\/es\/wp-json\/wp\/v2\/posts\/60915","targetHints":{"allow":["GET"]}}],"collection":[{"href":"https:\/\/www.copealcoy.es\/es\/wp-json\/wp\/v2\/posts"}],"about":[{"href":"https:\/\/www.copealcoy.es\/es\/wp-json\/wp\/v2\/types\/post"}],"author":[{"embeddable":true,"href":"https:\/\/www.copealcoy.es\/es\/wp-json\/wp\/v2\/users\/1"}],"replies":[{"embeddable":true,"href":"https:\/\/www.copealcoy.es\/es\/wp-json\/wp\/v2\/comments?post=60915"}],"version-history":[{"count":0,"href":"https:\/\/www.copealcoy.es\/es\/wp-json\/wp\/v2\/posts\/60915\/revisions"}],"wp:featuredmedia":[{"embeddable":true,"href":"https:\/\/www.copealcoy.es\/es\/wp-json\/wp\/v2\/media\/13024"}],"wp:attachment":[{"href":"https:\/\/www.copealcoy.es\/es\/wp-json\/wp\/v2\/media?parent=60915"}],"wp:term":[{"taxonomy":"category","embeddable":true,"href":"https:\/\/www.copealcoy.es\/es\/wp-json\/wp\/v2\/categories?post=60915"},{"taxonomy":"post_tag","embeddable":true,"href":"https:\/\/www.copealcoy.es\/es\/wp-json\/wp\/v2\/tags?post=60915"}],"curies":[{"name":"wp","href":"https:\/\/api.w.org\/{rel}","templated":true}]}}