{"id":60838,"date":"2020-03-16T16:46:17","date_gmt":"2020-03-16T16:46:17","guid":{"rendered":"https:\/\/www.copealcoy.es\/?p=60838"},"modified":"2020-03-16T16:46:17","modified_gmt":"2020-03-16T16:46:17","slug":"la-semana-santa-de-alcoy-tambien-queda-suspendida","status":"publish","type":"post","link":"https:\/\/www.copealcoy.es\/es\/la-semana-santa-de-alcoy-tambien-queda-suspendida\/","title":{"rendered":"La Semana Santa de Alcoy tambi\u00e9n queda suspendida"},"content":{"rendered":"<p style=\"text-align: justify;\">La concejal\u00eda de Fiestas del Ayuntamiento de Alcoy, junto a la Comunidad Cristiana local y las Cofrad\u00edas de la ciudad, <strong>han decidido la supresi\u00f3n de las procesiones de la Semana Santa Alcoyana<\/strong> que iban a tener lugar entre el 5 y el 12 de abril.<\/p>\n<p style=\"text-align: justify;\">De esta forma la crisis del Coronavirus <strong>impedir\u00e1 que salgan a la calle actos singulares<\/strong> como por ejemplo la Procesi\u00f3n de La Burreta del Domingo de Ramos, el V\u00eda Crucis del Mi\u00e9rcoles Santo, la Procesi\u00f3n del Silencio del Jueves Santo, la Procesion del Santo Entierro del Viernes Santo o la emblem\u00e1tica Procesi\u00f3n Matinal de &#8216;Els Xiulitets&#8217; del Domingo de Pascua de Resurecci\u00f3n. Falta por conocer <strong>las indicaciones que d\u00e9 el Arzobispado de Valencia para la celebraci\u00f3n de las misas y los ritos propios del Triduo Pascual<\/strong> <em>&#8220;viendo que las Fiestas de San Jorge han quedado suspendidas, lo m\u00e1s l\u00f3gico era adoptar esta decisi\u00f3n y m\u00e1s viendo que el Papa Francisco tambi\u00e9n ha decidido suprimir los actos propios de estas fechas que se celebran en el Vaticano<\/em>&#8220;, explicaba en COPE ALCOY este lunes la edil de Fiestas; <strong>Carol Ortiz<\/strong>.<\/p>\n<p style=\"text-align: justify;\">Recordar que <strong>en la Di\u00f3cesis de Valencia se han suspendido las misas con fieles<\/strong>. Pueden seguir la Eucarist\u00eda diaria por<a href=\"http:\/\/www.laocho.tv\/es\/\"><span style=\"color: #0000ff;\"><strong> la Ocho Mediterr\u00e1neo<\/strong><\/span><\/a>, a las 10:30h desde la Bas\u00edlica de la Virgen de los Desamparados, o partir de las 11:00 por <span style=\"color: #0000ff;\"><a style=\"color: #0000ff;\" href=\"http:\/\/www.trecetv.es\"><strong>TRECE<\/strong><\/a><\/span>. Los domingos<strong> en COPE<\/strong>\u00a0la misa se transmite a las 9 de la ma\u00f1ana.<\/p>\n","protected":false},"excerpt":{"rendered":"<p>La concejal\u00eda de Fiestas del Ayuntamiento de Alcoy, junto a la Comunidad Cristiana local y las Cofrad\u00edas de la ciudad,&#8230;<\/p>\n","protected":false},"author":1,"featured_media":40671,"comment_status":"open","ping_status":"open","sticky":false,"template":"","format":"standard","meta":{"footnotes":""},"categories":[97,78,75],"tags":[7305,1494,6975,915,745],"class_list":["post-60838","post","type-post","status-publish","format-standard","has-post-thumbnail","hentry","category-alcoy","category-fiestaycultura","category-noticias","tag-actividad-suspendida","tag-alcoy","tag-carol-ortiz","tag-procesiones","tag-semana-santa"],"yoast_head":"<!-- This site is optimized with the Yoast SEO plugin v27.3 - https:\/\/yoast.com\/product\/yoast-seo-wordpress\/ -->\n<title>La Semana Santa de Alcoy tambi\u00e9n queda suspendida - COPE Alcoy<\/title>\n<meta name=\"robots\" content=\"index, follow, max-snippet:-1, max-image-preview:large, max-video-preview:-1\" \/>\n<link rel=\"canonical\" href=\"https:\/\/www.copealcoy.es\/es\/la-semana-santa-de-alcoy-tambien-queda-suspendida\/\" \/>\n<meta property=\"og:locale\" content=\"es_ES\" \/>\n<meta property=\"og:type\" content=\"article\" \/>\n<meta property=\"og:title\" content=\"La Semana Santa de Alcoy tambi\u00e9n queda suspendida - COPE Alcoy\" \/>\n<meta property=\"og:description\" content=\"La concejal\u00eda de Fiestas del Ayuntamiento de Alcoy, junto a la Comunidad Cristiana local y las Cofrad\u00edas de la ciudad,...\" \/>\n<meta property=\"og:url\" content=\"https:\/\/www.copealcoy.es\/es\/la-semana-santa-de-alcoy-tambien-queda-suspendida\/\" \/>\n<meta property=\"og:site_name\" content=\"COPE Alcoy\" \/>\n<meta property=\"article:published_time\" content=\"2020-03-16T16:46:17+00:00\" \/>\n<meta property=\"og:image\" content=\"https:\/\/www.copealcoy.es\/wp-content\/uploads\/2018\/03\/Procesion-Silencio.jpg\" \/>\n\t<meta property=\"og:image:width\" content=\"660\" \/>\n\t<meta property=\"og:image:height\" content=\"330\" \/>\n\t<meta property=\"og:image:type\" content=\"image\/jpeg\" \/>\n<meta name=\"author\" content=\"Cope Alcoy\" \/>\n<meta name=\"twitter:label1\" content=\"Escrito por\" \/>\n\t<meta name=\"twitter:data1\" content=\"Cope Alcoy\" \/>\n\t<meta name=\"twitter:label2\" content=\"Tiempo de lectura\" \/>\n\t<meta name=\"twitter:data2\" content=\"1 minuto\" \/>\n<script type=\"application\/ld+json\" class=\"yoast-schema-graph\">{\"@context\":\"https:\\\/\\\/schema.org\",\"@graph\":[{\"@type\":\"Article\",\"@id\":\"https:\\\/\\\/www.copealcoy.es\\\/es\\\/la-semana-santa-de-alcoy-tambien-queda-suspendida\\\/#article\",\"isPartOf\":{\"@id\":\"https:\\\/\\\/www.copealcoy.es\\\/es\\\/la-semana-santa-de-alcoy-tambien-queda-suspendida\\\/\"},\"author\":{\"name\":\"Cope Alcoy\",\"@id\":\"https:\\\/\\\/www.copealcoy.es\\\/es\\\/#\\\/schema\\\/person\\\/e777c87fa024e57d40170af9df39882c\"},\"headline\":\"La Semana Santa de Alcoy tambi\u00e9n queda suspendida\",\"datePublished\":\"2020-03-16T16:46:17+00:00\",\"mainEntityOfPage\":{\"@id\":\"https:\\\/\\\/www.copealcoy.es\\\/es\\\/la-semana-santa-de-alcoy-tambien-queda-suspendida\\\/\"},\"wordCount\":265,\"commentCount\":0,\"image\":{\"@id\":\"https:\\\/\\\/www.copealcoy.es\\\/es\\\/la-semana-santa-de-alcoy-tambien-queda-suspendida\\\/#primaryimage\"},\"thumbnailUrl\":\"https:\\\/\\\/www.copealcoy.es\\\/wp-content\\\/uploads\\\/2018\\\/03\\\/Procesion-Silencio-e1648666112612.jpg\",\"keywords\":[\"actividad suspendida\",\"Alcoy\",\"Carol Ortiz\",\"Procesiones\",\"Semana Santa\"],\"articleSection\":[\"Alcoy\",\"Fiesta y Cultura\",\"Noticias\"],\"inLanguage\":\"es\"},{\"@type\":\"WebPage\",\"@id\":\"https:\\\/\\\/www.copealcoy.es\\\/es\\\/la-semana-santa-de-alcoy-tambien-queda-suspendida\\\/\",\"url\":\"https:\\\/\\\/www.copealcoy.es\\\/es\\\/la-semana-santa-de-alcoy-tambien-queda-suspendida\\\/\",\"name\":\"La Semana Santa de Alcoy tambi\u00e9n queda suspendida - COPE Alcoy\",\"isPartOf\":{\"@id\":\"https:\\\/\\\/www.copealcoy.es\\\/es\\\/#website\"},\"primaryImageOfPage\":{\"@id\":\"https:\\\/\\\/www.copealcoy.es\\\/es\\\/la-semana-santa-de-alcoy-tambien-queda-suspendida\\\/#primaryimage\"},\"image\":{\"@id\":\"https:\\\/\\\/www.copealcoy.es\\\/es\\\/la-semana-santa-de-alcoy-tambien-queda-suspendida\\\/#primaryimage\"},\"thumbnailUrl\":\"https:\\\/\\\/www.copealcoy.es\\\/wp-content\\\/uploads\\\/2018\\\/03\\\/Procesion-Silencio-e1648666112612.jpg\",\"datePublished\":\"2020-03-16T16:46:17+00:00\",\"author\":{\"@id\":\"https:\\\/\\\/www.copealcoy.es\\\/es\\\/#\\\/schema\\\/person\\\/e777c87fa024e57d40170af9df39882c\"},\"breadcrumb\":{\"@id\":\"https:\\\/\\\/www.copealcoy.es\\\/es\\\/la-semana-santa-de-alcoy-tambien-queda-suspendida\\\/#breadcrumb\"},\"inLanguage\":\"es\",\"potentialAction\":[{\"@type\":\"ReadAction\",\"target\":[\"https:\\\/\\\/www.copealcoy.es\\\/es\\\/la-semana-santa-de-alcoy-tambien-queda-suspendida\\\/\"]}]},{\"@type\":\"ImageObject\",\"inLanguage\":\"es\",\"@id\":\"https:\\\/\\\/www.copealcoy.es\\\/es\\\/la-semana-santa-de-alcoy-tambien-queda-suspendida\\\/#primaryimage\",\"url\":\"https:\\\/\\\/www.copealcoy.es\\\/wp-content\\\/uploads\\\/2018\\\/03\\\/Procesion-Silencio-e1648666112612.jpg\",\"contentUrl\":\"https:\\\/\\\/www.copealcoy.es\\\/wp-content\\\/uploads\\\/2018\\\/03\\\/Procesion-Silencio-e1648666112612.jpg\",\"width\":640,\"height\":320,\"caption\":\"El Cristo Agonizante ha recorrido las calles de la Zona Alta de Alcoy \\\/ Foto: G. Pascual\"},{\"@type\":\"BreadcrumbList\",\"@id\":\"https:\\\/\\\/www.copealcoy.es\\\/es\\\/la-semana-santa-de-alcoy-tambien-queda-suspendida\\\/#breadcrumb\",\"itemListElement\":[{\"@type\":\"ListItem\",\"position\":1,\"name\":\"Portada\",\"item\":\"https:\\\/\\\/www.copealcoy.es\\\/es\\\/\"},{\"@type\":\"ListItem\",\"position\":2,\"name\":\"La Semana Santa de Alcoy tambi\u00e9n queda suspendida\"}]},{\"@type\":\"WebSite\",\"@id\":\"https:\\\/\\\/www.copealcoy.es\\\/es\\\/#website\",\"url\":\"https:\\\/\\\/www.copealcoy.es\\\/es\\\/\",\"name\":\"COPE Alcoy\",\"description\":\"Emisora COPE de radio local con emisi\u00f3n online. Pont de Sant Jordi 8-10 03803 Alcoy\",\"potentialAction\":[{\"@type\":\"SearchAction\",\"target\":{\"@type\":\"EntryPoint\",\"urlTemplate\":\"https:\\\/\\\/www.copealcoy.es\\\/es\\\/?s={search_term_string}\"},\"query-input\":{\"@type\":\"PropertyValueSpecification\",\"valueRequired\":true,\"valueName\":\"search_term_string\"}}],\"inLanguage\":\"es\"},{\"@type\":\"Person\",\"@id\":\"https:\\\/\\\/www.copealcoy.es\\\/es\\\/#\\\/schema\\\/person\\\/e777c87fa024e57d40170af9df39882c\",\"name\":\"Cope Alcoy\",\"image\":{\"@type\":\"ImageObject\",\"inLanguage\":\"es\",\"@id\":\"https:\\\/\\\/secure.gravatar.com\\\/avatar\\\/bb65d0283347e303893ba14f0692005417c1e0e690a325a4c5d8bb2b3943ee14?s=96&d=mm&r=g\",\"url\":\"https:\\\/\\\/secure.gravatar.com\\\/avatar\\\/bb65d0283347e303893ba14f0692005417c1e0e690a325a4c5d8bb2b3943ee14?s=96&d=mm&r=g\",\"contentUrl\":\"https:\\\/\\\/secure.gravatar.com\\\/avatar\\\/bb65d0283347e303893ba14f0692005417c1e0e690a325a4c5d8bb2b3943ee14?s=96&d=mm&r=g\",\"caption\":\"Cope Alcoy\"}}]}<\/script>\n<!-- \/ Yoast SEO plugin. -->","yoast_head_json":{"title":"La Semana Santa de Alcoy tambi\u00e9n queda suspendida - COPE Alcoy","robots":{"index":"index","follow":"follow","max-snippet":"max-snippet:-1","max-image-preview":"max-image-preview:large","max-video-preview":"max-video-preview:-1"},"canonical":"https:\/\/www.copealcoy.es\/es\/la-semana-santa-de-alcoy-tambien-queda-suspendida\/","og_locale":"es_ES","og_type":"article","og_title":"La Semana Santa de Alcoy tambi\u00e9n queda suspendida - COPE Alcoy","og_description":"La concejal\u00eda de Fiestas del Ayuntamiento de Alcoy, junto a la Comunidad Cristiana local y las Cofrad\u00edas de la ciudad,...","og_url":"https:\/\/www.copealcoy.es\/es\/la-semana-santa-de-alcoy-tambien-queda-suspendida\/","og_site_name":"COPE Alcoy","article_published_time":"2020-03-16T16:46:17+00:00","og_image":[{"width":660,"height":330,"url":"https:\/\/www.copealcoy.es\/wp-content\/uploads\/2018\/03\/Procesion-Silencio.jpg","type":"image\/jpeg"}],"author":"Cope Alcoy","twitter_misc":{"Escrito por":"Cope Alcoy","Tiempo de lectura":"1 minuto"},"schema":{"@context":"https:\/\/schema.org","@graph":[{"@type":"Article","@id":"https:\/\/www.copealcoy.es\/es\/la-semana-santa-de-alcoy-tambien-queda-suspendida\/#article","isPartOf":{"@id":"https:\/\/www.copealcoy.es\/es\/la-semana-santa-de-alcoy-tambien-queda-suspendida\/"},"author":{"name":"Cope Alcoy","@id":"https:\/\/www.copealcoy.es\/es\/#\/schema\/person\/e777c87fa024e57d40170af9df39882c"},"headline":"La Semana Santa de Alcoy tambi\u00e9n queda suspendida","datePublished":"2020-03-16T16:46:17+00:00","mainEntityOfPage":{"@id":"https:\/\/www.copealcoy.es\/es\/la-semana-santa-de-alcoy-tambien-queda-suspendida\/"},"wordCount":265,"commentCount":0,"image":{"@id":"https:\/\/www.copealcoy.es\/es\/la-semana-santa-de-alcoy-tambien-queda-suspendida\/#primaryimage"},"thumbnailUrl":"https:\/\/www.copealcoy.es\/wp-content\/uploads\/2018\/03\/Procesion-Silencio-e1648666112612.jpg","keywords":["actividad suspendida","Alcoy","Carol Ortiz","Procesiones","Semana Santa"],"articleSection":["Alcoy","Fiesta y Cultura","Noticias"],"inLanguage":"es"},{"@type":"WebPage","@id":"https:\/\/www.copealcoy.es\/es\/la-semana-santa-de-alcoy-tambien-queda-suspendida\/","url":"https:\/\/www.copealcoy.es\/es\/la-semana-santa-de-alcoy-tambien-queda-suspendida\/","name":"La Semana Santa de Alcoy tambi\u00e9n queda suspendida - COPE Alcoy","isPartOf":{"@id":"https:\/\/www.copealcoy.es\/es\/#website"},"primaryImageOfPage":{"@id":"https:\/\/www.copealcoy.es\/es\/la-semana-santa-de-alcoy-tambien-queda-suspendida\/#primaryimage"},"image":{"@id":"https:\/\/www.copealcoy.es\/es\/la-semana-santa-de-alcoy-tambien-queda-suspendida\/#primaryimage"},"thumbnailUrl":"https:\/\/www.copealcoy.es\/wp-content\/uploads\/2018\/03\/Procesion-Silencio-e1648666112612.jpg","datePublished":"2020-03-16T16:46:17+00:00","author":{"@id":"https:\/\/www.copealcoy.es\/es\/#\/schema\/person\/e777c87fa024e57d40170af9df39882c"},"breadcrumb":{"@id":"https:\/\/www.copealcoy.es\/es\/la-semana-santa-de-alcoy-tambien-queda-suspendida\/#breadcrumb"},"inLanguage":"es","potentialAction":[{"@type":"ReadAction","target":["https:\/\/www.copealcoy.es\/es\/la-semana-santa-de-alcoy-tambien-queda-suspendida\/"]}]},{"@type":"ImageObject","inLanguage":"es","@id":"https:\/\/www.copealcoy.es\/es\/la-semana-santa-de-alcoy-tambien-queda-suspendida\/#primaryimage","url":"https:\/\/www.copealcoy.es\/wp-content\/uploads\/2018\/03\/Procesion-Silencio-e1648666112612.jpg","contentUrl":"https:\/\/www.copealcoy.es\/wp-content\/uploads\/2018\/03\/Procesion-Silencio-e1648666112612.jpg","width":640,"height":320,"caption":"El Cristo Agonizante ha recorrido las calles de la Zona Alta de Alcoy \/ Foto: G. Pascual"},{"@type":"BreadcrumbList","@id":"https:\/\/www.copealcoy.es\/es\/la-semana-santa-de-alcoy-tambien-queda-suspendida\/#breadcrumb","itemListElement":[{"@type":"ListItem","position":1,"name":"Portada","item":"https:\/\/www.copealcoy.es\/es\/"},{"@type":"ListItem","position":2,"name":"La Semana Santa de Alcoy tambi\u00e9n queda suspendida"}]},{"@type":"WebSite","@id":"https:\/\/www.copealcoy.es\/es\/#website","url":"https:\/\/www.copealcoy.es\/es\/","name":"COPE Alcoy","description":"Emisora COPE de radio local con emisi\u00f3n online. Pont de Sant Jordi 8-10 03803 Alcoy","potentialAction":[{"@type":"SearchAction","target":{"@type":"EntryPoint","urlTemplate":"https:\/\/www.copealcoy.es\/es\/?s={search_term_string}"},"query-input":{"@type":"PropertyValueSpecification","valueRequired":true,"valueName":"search_term_string"}}],"inLanguage":"es"},{"@type":"Person","@id":"https:\/\/www.copealcoy.es\/es\/#\/schema\/person\/e777c87fa024e57d40170af9df39882c","name":"Cope Alcoy","image":{"@type":"ImageObject","inLanguage":"es","@id":"https:\/\/secure.gravatar.com\/avatar\/bb65d0283347e303893ba14f0692005417c1e0e690a325a4c5d8bb2b3943ee14?s=96&d=mm&r=g","url":"https:\/\/secure.gravatar.com\/avatar\/bb65d0283347e303893ba14f0692005417c1e0e690a325a4c5d8bb2b3943ee14?s=96&d=mm&r=g","contentUrl":"https:\/\/secure.gravatar.com\/avatar\/bb65d0283347e303893ba14f0692005417c1e0e690a325a4c5d8bb2b3943ee14?s=96&d=mm&r=g","caption":"Cope Alcoy"}}]}},"_links":{"self":[{"href":"https:\/\/www.copealcoy.es\/es\/wp-json\/wp\/v2\/posts\/60838","targetHints":{"allow":["GET"]}}],"collection":[{"href":"https:\/\/www.copealcoy.es\/es\/wp-json\/wp\/v2\/posts"}],"about":[{"href":"https:\/\/www.copealcoy.es\/es\/wp-json\/wp\/v2\/types\/post"}],"author":[{"embeddable":true,"href":"https:\/\/www.copealcoy.es\/es\/wp-json\/wp\/v2\/users\/1"}],"replies":[{"embeddable":true,"href":"https:\/\/www.copealcoy.es\/es\/wp-json\/wp\/v2\/comments?post=60838"}],"version-history":[{"count":0,"href":"https:\/\/www.copealcoy.es\/es\/wp-json\/wp\/v2\/posts\/60838\/revisions"}],"wp:featuredmedia":[{"embeddable":true,"href":"https:\/\/www.copealcoy.es\/es\/wp-json\/wp\/v2\/media\/40671"}],"wp:attachment":[{"href":"https:\/\/www.copealcoy.es\/es\/wp-json\/wp\/v2\/media?parent=60838"}],"wp:term":[{"taxonomy":"category","embeddable":true,"href":"https:\/\/www.copealcoy.es\/es\/wp-json\/wp\/v2\/categories?post=60838"},{"taxonomy":"post_tag","embeddable":true,"href":"https:\/\/www.copealcoy.es\/es\/wp-json\/wp\/v2\/tags?post=60838"}],"curies":[{"name":"wp","href":"https:\/\/api.w.org\/{rel}","templated":true}]}}