{"id":60807,"date":"2020-03-14T22:18:39","date_gmt":"2020-03-14T22:18:39","guid":{"rendered":"https:\/\/www.copealcoy.es\/?p=60807"},"modified":"2020-03-14T22:18:39","modified_gmt":"2020-03-14T22:18:39","slug":"la-archidiocesis-de-valencia-comunica-la-suspension-de-la-celebracion-publica-de-la-misa","status":"publish","type":"post","link":"https:\/\/www.copealcoy.es\/es\/la-archidiocesis-de-valencia-comunica-la-suspension-de-la-celebracion-publica-de-la-misa\/","title":{"rendered":"La Archidi\u00f3cesis de Valencia comunica la suspensi\u00f3n de la celebraci\u00f3n p\u00fablica de la Misa"},"content":{"rendered":"<p style=\"text-align: justify;\">El Cardenal Arzobispo de Valencia, <strong>Don Antonio Ca\u00f1izares<\/strong>, tras las medidas ordenadas por el Gobierno Central; comunica <strong>la necesaria adopci\u00f3n de nuevas disposiciones de urgencia<\/strong> siguiendo las indicaciones de las autoridades gubernamentales, para frenar la pandemia del COVID-19.<\/p>\n<p style=\"text-align: justify;\">Ante esta situaci\u00f3n, la Archidi\u00f3cesis de Valencia comunica que<strong> quedan suspendidas las celebraciones p\u00fablicas de la Santa Misa<\/strong> con fieles en todas las iglesias.\u00a0Asimismo, apelando a la responsabilidad se considera necesario <strong>suspender todos los actos p\u00fablicos previos as\u00ed como las procesiones de Semana Santa<\/strong>, atendiendo a la excepcional situaci\u00f3n que compartimos todos, y agradeciendo la comprensi\u00f3n de todos los fieles.<\/p>\n<p style=\"text-align: justify;\">Se reitera, como se indic\u00f3 en la comunicaci\u00f3n del Cardenal Arzobispo remitida en el d\u00eda de ayer, <strong>la petici\u00f3n de que los fieles sigan la Santa Misa a trav\u00e9s de los medios de comunicaci\u00f3n<\/strong> y otros canales de distribuci\u00f3n, como <strong>La 8 Mediterr\u00e1neo Televisi\u00f3n, el Canal Youtube de la Catedral de Valencia, COPE, La 13, RNE y TVE<\/strong>, y que los fieles que participen de la Eucarist\u00eda, a trav\u00e9s de estos medios, de forma no presencial, <strong>hagan la comuni\u00f3n espiritual<\/strong>, recuperando la pr\u00e1ctica tradicional de la Iglesia como medio de comuni\u00f3n eclesial.<\/p>\n<p style=\"text-align: justify;\">A los sacerdotes, que celebrar\u00e1n en privado la Eucarist\u00eda, que <strong>incluyan peticiones para la erradicaci\u00f3n de la pandemia<\/strong>, y por los fallecidos, enfermos y sus familias, y tambi\u00e9n por los profesionales sanitarios abnegados, y dedicados a costa de sus propias vidas a salvaguardar las nuestras pensando en el bien com\u00fan.\u00a0Asimismo, se transmite a los fieles que <strong>los sacerdotes permanecer\u00e1n siempre disponibles para la atenci\u00f3n espiritual<\/strong>, especialmente para los enfermos y necesitados de consuelo espiritual.<\/p>\n<p style=\"text-align: justify;\">Como tambi\u00e9n se indicaba, respecto a <strong>las celebraciones f\u00fanebres<\/strong>, en los funerales se realizar\u00e1n con la celebraci\u00f3n de la Palabra posponi\u00e9ndose las Misas Exequiales.<\/p>\n<p style=\"text-align: justify;\">En cuanto a <strong>los bautizos y bodas programados<\/strong>, que se realicen siguiendo las directrices de las autoridades sanitarias, y los que no est\u00e9n programados, que se pospongan, -en el caso de los bautizos, exceptuando el peligro de muerte.<\/p>\n<p style=\"text-align: justify;\">Como indic\u00f3 el Cardenal Arzobispo de Valencia &#8220;l<em>a gran manifestaci\u00f3n de solidaridad y cercan\u00eda con la totalidad de nuestro pueblo, es que elevemos nuestra plegaria y clamemos desde lo hondo al Se\u00f1or, infinito en su compasi\u00f3n, que tenga piedad y nos bendiga. Su bendici\u00f3n es comprensi\u00f3n, colaboraci\u00f3n, y verdad que se realiza en el amor. Supliquemos a Dios y a la Sant\u00edsima Virgen, Madre de los Desamparados, implorando su auxilio&#8221;, <\/em>dijo.<\/p>\n","protected":false},"excerpt":{"rendered":"<p>El Cardenal Arzobispo de Valencia, Don Antonio Ca\u00f1izares, tras las medidas ordenadas por el Gobierno Central; comunica la necesaria adopci\u00f3n&#8230;<\/p>\n","protected":false},"author":1,"featured_media":60808,"comment_status":"open","ping_status":"open","sticky":false,"template":"","format":"standard","meta":{"footnotes":""},"categories":[97,78,75],"tags":[7294,7281,7295,6984],"class_list":["post-60807","post","type-post","status-publish","format-standard","has-post-thumbnail","hentry","category-alcoy","category-fiestaycultura","category-noticias","tag-archidiocesis-de-valencia","tag-coronavirus","tag-misas","tag-suspension"],"yoast_head":"<!-- This site is optimized with the Yoast SEO plugin v27.3 - https:\/\/yoast.com\/product\/yoast-seo-wordpress\/ -->\n<title>La Archidi\u00f3cesis de Valencia comunica la suspensi\u00f3n de la celebraci\u00f3n p\u00fablica de la Misa - COPE Alcoy<\/title>\n<meta name=\"robots\" content=\"index, follow, max-snippet:-1, max-image-preview:large, max-video-preview:-1\" \/>\n<link rel=\"canonical\" href=\"https:\/\/www.copealcoy.es\/es\/la-archidiocesis-de-valencia-comunica-la-suspension-de-la-celebracion-publica-de-la-misa\/\" \/>\n<meta property=\"og:locale\" content=\"es_ES\" \/>\n<meta property=\"og:type\" content=\"article\" \/>\n<meta property=\"og:title\" content=\"La Archidi\u00f3cesis de Valencia comunica la suspensi\u00f3n de la celebraci\u00f3n p\u00fablica de la Misa - COPE Alcoy\" \/>\n<meta property=\"og:description\" content=\"El Cardenal Arzobispo de Valencia, Don Antonio Ca\u00f1izares, tras las medidas ordenadas por el Gobierno Central; comunica la necesaria adopci\u00f3n...\" \/>\n<meta property=\"og:url\" content=\"https:\/\/www.copealcoy.es\/es\/la-archidiocesis-de-valencia-comunica-la-suspension-de-la-celebracion-publica-de-la-misa\/\" \/>\n<meta property=\"og:site_name\" content=\"COPE Alcoy\" \/>\n<meta property=\"article:published_time\" content=\"2020-03-14T22:18:39+00:00\" \/>\n<meta property=\"og:image\" content=\"https:\/\/www.copealcoy.es\/wp-content\/uploads\/2020\/03\/73513619_1803193046490839_8740626697855959040_n-1.jpg\" \/>\n\t<meta property=\"og:image:width\" content=\"960\" \/>\n\t<meta property=\"og:image:height\" content=\"541\" \/>\n\t<meta property=\"og:image:type\" content=\"image\/jpeg\" \/>\n<meta name=\"author\" content=\"Cope Alcoy\" \/>\n<meta name=\"twitter:label1\" content=\"Escrito por\" \/>\n\t<meta name=\"twitter:data1\" content=\"Cope Alcoy\" \/>\n\t<meta name=\"twitter:label2\" content=\"Tiempo de lectura\" \/>\n\t<meta name=\"twitter:data2\" content=\"2 minutos\" \/>\n<script type=\"application\/ld+json\" class=\"yoast-schema-graph\">{\"@context\":\"https:\\\/\\\/schema.org\",\"@graph\":[{\"@type\":\"Article\",\"@id\":\"https:\\\/\\\/www.copealcoy.es\\\/es\\\/la-archidiocesis-de-valencia-comunica-la-suspension-de-la-celebracion-publica-de-la-misa\\\/#article\",\"isPartOf\":{\"@id\":\"https:\\\/\\\/www.copealcoy.es\\\/es\\\/la-archidiocesis-de-valencia-comunica-la-suspension-de-la-celebracion-publica-de-la-misa\\\/\"},\"author\":{\"name\":\"Cope Alcoy\",\"@id\":\"https:\\\/\\\/www.copealcoy.es\\\/es\\\/#\\\/schema\\\/person\\\/e777c87fa024e57d40170af9df39882c\"},\"headline\":\"La Archidi\u00f3cesis de Valencia comunica la suspensi\u00f3n de la celebraci\u00f3n p\u00fablica de la Misa\",\"datePublished\":\"2020-03-14T22:18:39+00:00\",\"mainEntityOfPage\":{\"@id\":\"https:\\\/\\\/www.copealcoy.es\\\/es\\\/la-archidiocesis-de-valencia-comunica-la-suspension-de-la-celebracion-publica-de-la-misa\\\/\"},\"wordCount\":457,\"commentCount\":0,\"image\":{\"@id\":\"https:\\\/\\\/www.copealcoy.es\\\/es\\\/la-archidiocesis-de-valencia-comunica-la-suspension-de-la-celebracion-publica-de-la-misa\\\/#primaryimage\"},\"thumbnailUrl\":\"https:\\\/\\\/www.copealcoy.es\\\/wp-content\\\/uploads\\\/2020\\\/03\\\/73513619_1803193046490839_8740626697855959040_n-1.jpg\",\"keywords\":[\"Archidi\u00f3cesis de Valencia\",\"Coronavirus\",\"misas\",\"suspensi\u00f3n\"],\"articleSection\":[\"Alcoy\",\"Fiesta y Cultura\",\"Noticias\"],\"inLanguage\":\"es\"},{\"@type\":\"WebPage\",\"@id\":\"https:\\\/\\\/www.copealcoy.es\\\/es\\\/la-archidiocesis-de-valencia-comunica-la-suspension-de-la-celebracion-publica-de-la-misa\\\/\",\"url\":\"https:\\\/\\\/www.copealcoy.es\\\/es\\\/la-archidiocesis-de-valencia-comunica-la-suspension-de-la-celebracion-publica-de-la-misa\\\/\",\"name\":\"La Archidi\u00f3cesis de Valencia comunica la suspensi\u00f3n de la celebraci\u00f3n p\u00fablica de la Misa - COPE Alcoy\",\"isPartOf\":{\"@id\":\"https:\\\/\\\/www.copealcoy.es\\\/es\\\/#website\"},\"primaryImageOfPage\":{\"@id\":\"https:\\\/\\\/www.copealcoy.es\\\/es\\\/la-archidiocesis-de-valencia-comunica-la-suspension-de-la-celebracion-publica-de-la-misa\\\/#primaryimage\"},\"image\":{\"@id\":\"https:\\\/\\\/www.copealcoy.es\\\/es\\\/la-archidiocesis-de-valencia-comunica-la-suspension-de-la-celebracion-publica-de-la-misa\\\/#primaryimage\"},\"thumbnailUrl\":\"https:\\\/\\\/www.copealcoy.es\\\/wp-content\\\/uploads\\\/2020\\\/03\\\/73513619_1803193046490839_8740626697855959040_n-1.jpg\",\"datePublished\":\"2020-03-14T22:18:39+00:00\",\"author\":{\"@id\":\"https:\\\/\\\/www.copealcoy.es\\\/es\\\/#\\\/schema\\\/person\\\/e777c87fa024e57d40170af9df39882c\"},\"breadcrumb\":{\"@id\":\"https:\\\/\\\/www.copealcoy.es\\\/es\\\/la-archidiocesis-de-valencia-comunica-la-suspension-de-la-celebracion-publica-de-la-misa\\\/#breadcrumb\"},\"inLanguage\":\"es\",\"potentialAction\":[{\"@type\":\"ReadAction\",\"target\":[\"https:\\\/\\\/www.copealcoy.es\\\/es\\\/la-archidiocesis-de-valencia-comunica-la-suspension-de-la-celebracion-publica-de-la-misa\\\/\"]}]},{\"@type\":\"ImageObject\",\"inLanguage\":\"es\",\"@id\":\"https:\\\/\\\/www.copealcoy.es\\\/es\\\/la-archidiocesis-de-valencia-comunica-la-suspension-de-la-celebracion-publica-de-la-misa\\\/#primaryimage\",\"url\":\"https:\\\/\\\/www.copealcoy.es\\\/wp-content\\\/uploads\\\/2020\\\/03\\\/73513619_1803193046490839_8740626697855959040_n-1.jpg\",\"contentUrl\":\"https:\\\/\\\/www.copealcoy.es\\\/wp-content\\\/uploads\\\/2020\\\/03\\\/73513619_1803193046490839_8740626697855959040_n-1.jpg\",\"width\":960,\"height\":541},{\"@type\":\"BreadcrumbList\",\"@id\":\"https:\\\/\\\/www.copealcoy.es\\\/es\\\/la-archidiocesis-de-valencia-comunica-la-suspension-de-la-celebracion-publica-de-la-misa\\\/#breadcrumb\",\"itemListElement\":[{\"@type\":\"ListItem\",\"position\":1,\"name\":\"Portada\",\"item\":\"https:\\\/\\\/www.copealcoy.es\\\/es\\\/\"},{\"@type\":\"ListItem\",\"position\":2,\"name\":\"La Archidi\u00f3cesis de Valencia comunica la suspensi\u00f3n de la celebraci\u00f3n p\u00fablica de la Misa\"}]},{\"@type\":\"WebSite\",\"@id\":\"https:\\\/\\\/www.copealcoy.es\\\/es\\\/#website\",\"url\":\"https:\\\/\\\/www.copealcoy.es\\\/es\\\/\",\"name\":\"COPE Alcoy\",\"description\":\"Emisora COPE de radio local con emisi\u00f3n online. Pont de Sant Jordi 8-10 03803 Alcoy\",\"potentialAction\":[{\"@type\":\"SearchAction\",\"target\":{\"@type\":\"EntryPoint\",\"urlTemplate\":\"https:\\\/\\\/www.copealcoy.es\\\/es\\\/?s={search_term_string}\"},\"query-input\":{\"@type\":\"PropertyValueSpecification\",\"valueRequired\":true,\"valueName\":\"search_term_string\"}}],\"inLanguage\":\"es\"},{\"@type\":\"Person\",\"@id\":\"https:\\\/\\\/www.copealcoy.es\\\/es\\\/#\\\/schema\\\/person\\\/e777c87fa024e57d40170af9df39882c\",\"name\":\"Cope Alcoy\",\"image\":{\"@type\":\"ImageObject\",\"inLanguage\":\"es\",\"@id\":\"https:\\\/\\\/secure.gravatar.com\\\/avatar\\\/bb65d0283347e303893ba14f0692005417c1e0e690a325a4c5d8bb2b3943ee14?s=96&d=mm&r=g\",\"url\":\"https:\\\/\\\/secure.gravatar.com\\\/avatar\\\/bb65d0283347e303893ba14f0692005417c1e0e690a325a4c5d8bb2b3943ee14?s=96&d=mm&r=g\",\"contentUrl\":\"https:\\\/\\\/secure.gravatar.com\\\/avatar\\\/bb65d0283347e303893ba14f0692005417c1e0e690a325a4c5d8bb2b3943ee14?s=96&d=mm&r=g\",\"caption\":\"Cope Alcoy\"}}]}<\/script>\n<!-- \/ Yoast SEO plugin. -->","yoast_head_json":{"title":"La Archidi\u00f3cesis de Valencia comunica la suspensi\u00f3n de la celebraci\u00f3n p\u00fablica de la Misa - COPE Alcoy","robots":{"index":"index","follow":"follow","max-snippet":"max-snippet:-1","max-image-preview":"max-image-preview:large","max-video-preview":"max-video-preview:-1"},"canonical":"https:\/\/www.copealcoy.es\/es\/la-archidiocesis-de-valencia-comunica-la-suspension-de-la-celebracion-publica-de-la-misa\/","og_locale":"es_ES","og_type":"article","og_title":"La Archidi\u00f3cesis de Valencia comunica la suspensi\u00f3n de la celebraci\u00f3n p\u00fablica de la Misa - COPE Alcoy","og_description":"El Cardenal Arzobispo de Valencia, Don Antonio Ca\u00f1izares, tras las medidas ordenadas por el Gobierno Central; comunica la necesaria adopci\u00f3n...","og_url":"https:\/\/www.copealcoy.es\/es\/la-archidiocesis-de-valencia-comunica-la-suspension-de-la-celebracion-publica-de-la-misa\/","og_site_name":"COPE Alcoy","article_published_time":"2020-03-14T22:18:39+00:00","og_image":[{"width":960,"height":541,"url":"https:\/\/www.copealcoy.es\/wp-content\/uploads\/2020\/03\/73513619_1803193046490839_8740626697855959040_n-1.jpg","type":"image\/jpeg"}],"author":"Cope Alcoy","twitter_misc":{"Escrito por":"Cope Alcoy","Tiempo de lectura":"2 minutos"},"schema":{"@context":"https:\/\/schema.org","@graph":[{"@type":"Article","@id":"https:\/\/www.copealcoy.es\/es\/la-archidiocesis-de-valencia-comunica-la-suspension-de-la-celebracion-publica-de-la-misa\/#article","isPartOf":{"@id":"https:\/\/www.copealcoy.es\/es\/la-archidiocesis-de-valencia-comunica-la-suspension-de-la-celebracion-publica-de-la-misa\/"},"author":{"name":"Cope Alcoy","@id":"https:\/\/www.copealcoy.es\/es\/#\/schema\/person\/e777c87fa024e57d40170af9df39882c"},"headline":"La Archidi\u00f3cesis de Valencia comunica la suspensi\u00f3n de la celebraci\u00f3n p\u00fablica de la Misa","datePublished":"2020-03-14T22:18:39+00:00","mainEntityOfPage":{"@id":"https:\/\/www.copealcoy.es\/es\/la-archidiocesis-de-valencia-comunica-la-suspension-de-la-celebracion-publica-de-la-misa\/"},"wordCount":457,"commentCount":0,"image":{"@id":"https:\/\/www.copealcoy.es\/es\/la-archidiocesis-de-valencia-comunica-la-suspension-de-la-celebracion-publica-de-la-misa\/#primaryimage"},"thumbnailUrl":"https:\/\/www.copealcoy.es\/wp-content\/uploads\/2020\/03\/73513619_1803193046490839_8740626697855959040_n-1.jpg","keywords":["Archidi\u00f3cesis de Valencia","Coronavirus","misas","suspensi\u00f3n"],"articleSection":["Alcoy","Fiesta y Cultura","Noticias"],"inLanguage":"es"},{"@type":"WebPage","@id":"https:\/\/www.copealcoy.es\/es\/la-archidiocesis-de-valencia-comunica-la-suspension-de-la-celebracion-publica-de-la-misa\/","url":"https:\/\/www.copealcoy.es\/es\/la-archidiocesis-de-valencia-comunica-la-suspension-de-la-celebracion-publica-de-la-misa\/","name":"La Archidi\u00f3cesis de Valencia comunica la suspensi\u00f3n de la celebraci\u00f3n p\u00fablica de la Misa - COPE Alcoy","isPartOf":{"@id":"https:\/\/www.copealcoy.es\/es\/#website"},"primaryImageOfPage":{"@id":"https:\/\/www.copealcoy.es\/es\/la-archidiocesis-de-valencia-comunica-la-suspension-de-la-celebracion-publica-de-la-misa\/#primaryimage"},"image":{"@id":"https:\/\/www.copealcoy.es\/es\/la-archidiocesis-de-valencia-comunica-la-suspension-de-la-celebracion-publica-de-la-misa\/#primaryimage"},"thumbnailUrl":"https:\/\/www.copealcoy.es\/wp-content\/uploads\/2020\/03\/73513619_1803193046490839_8740626697855959040_n-1.jpg","datePublished":"2020-03-14T22:18:39+00:00","author":{"@id":"https:\/\/www.copealcoy.es\/es\/#\/schema\/person\/e777c87fa024e57d40170af9df39882c"},"breadcrumb":{"@id":"https:\/\/www.copealcoy.es\/es\/la-archidiocesis-de-valencia-comunica-la-suspension-de-la-celebracion-publica-de-la-misa\/#breadcrumb"},"inLanguage":"es","potentialAction":[{"@type":"ReadAction","target":["https:\/\/www.copealcoy.es\/es\/la-archidiocesis-de-valencia-comunica-la-suspension-de-la-celebracion-publica-de-la-misa\/"]}]},{"@type":"ImageObject","inLanguage":"es","@id":"https:\/\/www.copealcoy.es\/es\/la-archidiocesis-de-valencia-comunica-la-suspension-de-la-celebracion-publica-de-la-misa\/#primaryimage","url":"https:\/\/www.copealcoy.es\/wp-content\/uploads\/2020\/03\/73513619_1803193046490839_8740626697855959040_n-1.jpg","contentUrl":"https:\/\/www.copealcoy.es\/wp-content\/uploads\/2020\/03\/73513619_1803193046490839_8740626697855959040_n-1.jpg","width":960,"height":541},{"@type":"BreadcrumbList","@id":"https:\/\/www.copealcoy.es\/es\/la-archidiocesis-de-valencia-comunica-la-suspension-de-la-celebracion-publica-de-la-misa\/#breadcrumb","itemListElement":[{"@type":"ListItem","position":1,"name":"Portada","item":"https:\/\/www.copealcoy.es\/es\/"},{"@type":"ListItem","position":2,"name":"La Archidi\u00f3cesis de Valencia comunica la suspensi\u00f3n de la celebraci\u00f3n p\u00fablica de la Misa"}]},{"@type":"WebSite","@id":"https:\/\/www.copealcoy.es\/es\/#website","url":"https:\/\/www.copealcoy.es\/es\/","name":"COPE Alcoy","description":"Emisora COPE de radio local con emisi\u00f3n online. Pont de Sant Jordi 8-10 03803 Alcoy","potentialAction":[{"@type":"SearchAction","target":{"@type":"EntryPoint","urlTemplate":"https:\/\/www.copealcoy.es\/es\/?s={search_term_string}"},"query-input":{"@type":"PropertyValueSpecification","valueRequired":true,"valueName":"search_term_string"}}],"inLanguage":"es"},{"@type":"Person","@id":"https:\/\/www.copealcoy.es\/es\/#\/schema\/person\/e777c87fa024e57d40170af9df39882c","name":"Cope Alcoy","image":{"@type":"ImageObject","inLanguage":"es","@id":"https:\/\/secure.gravatar.com\/avatar\/bb65d0283347e303893ba14f0692005417c1e0e690a325a4c5d8bb2b3943ee14?s=96&d=mm&r=g","url":"https:\/\/secure.gravatar.com\/avatar\/bb65d0283347e303893ba14f0692005417c1e0e690a325a4c5d8bb2b3943ee14?s=96&d=mm&r=g","contentUrl":"https:\/\/secure.gravatar.com\/avatar\/bb65d0283347e303893ba14f0692005417c1e0e690a325a4c5d8bb2b3943ee14?s=96&d=mm&r=g","caption":"Cope Alcoy"}}]}},"_links":{"self":[{"href":"https:\/\/www.copealcoy.es\/es\/wp-json\/wp\/v2\/posts\/60807","targetHints":{"allow":["GET"]}}],"collection":[{"href":"https:\/\/www.copealcoy.es\/es\/wp-json\/wp\/v2\/posts"}],"about":[{"href":"https:\/\/www.copealcoy.es\/es\/wp-json\/wp\/v2\/types\/post"}],"author":[{"embeddable":true,"href":"https:\/\/www.copealcoy.es\/es\/wp-json\/wp\/v2\/users\/1"}],"replies":[{"embeddable":true,"href":"https:\/\/www.copealcoy.es\/es\/wp-json\/wp\/v2\/comments?post=60807"}],"version-history":[{"count":0,"href":"https:\/\/www.copealcoy.es\/es\/wp-json\/wp\/v2\/posts\/60807\/revisions"}],"wp:featuredmedia":[{"embeddable":true,"href":"https:\/\/www.copealcoy.es\/es\/wp-json\/wp\/v2\/media\/60808"}],"wp:attachment":[{"href":"https:\/\/www.copealcoy.es\/es\/wp-json\/wp\/v2\/media?parent=60807"}],"wp:term":[{"taxonomy":"category","embeddable":true,"href":"https:\/\/www.copealcoy.es\/es\/wp-json\/wp\/v2\/categories?post=60807"},{"taxonomy":"post_tag","embeddable":true,"href":"https:\/\/www.copealcoy.es\/es\/wp-json\/wp\/v2\/tags?post=60807"}],"curies":[{"name":"wp","href":"https:\/\/api.w.org\/{rel}","templated":true}]}}