{"id":60667,"date":"2020-03-09T12:02:52","date_gmt":"2020-03-09T12:02:52","guid":{"rendered":"https:\/\/www.copealcoy.es\/?p=60667"},"modified":"2020-03-09T12:02:52","modified_gmt":"2020-03-09T12:02:52","slug":"avanza-la-implantacion-de-la-administracion-electronica-en-el-ayuntamiento","status":"publish","type":"post","link":"https:\/\/www.copealcoy.es\/es\/avanza-la-implantacion-de-la-administracion-electronica-en-el-ayuntamiento\/","title":{"rendered":"Avanza la implantaci\u00f3n de la administraci\u00f3n electr\u00f3nica en el Ayuntamiento"},"content":{"rendered":"<p style=\"text-align: justify;\"><span lang=\"ES\">El <strong>Ayuntamiento de Alcoy<\/strong> ha culminado ya <strong>la primera fase<\/strong> para la <strong>implantaci\u00f3n de la administraci\u00f3n electr\u00f3nica<\/strong>, un servicio que ha conllevado <strong>una inversi\u00f3n de unos 235.000 euros<\/strong> y que permite que los ciudadanos puedan hacer todos sus tr\u00e1mites de manera online.<\/span><\/p>\n<p style=\"text-align: justify;\"><span lang=\"ES\">Este proyecto ha supuesto la implantaci\u00f3n de un registro electr\u00f3nico que da la posibilidad a la ciudadan\u00eda de tener <strong>un cat\u00e1logo de procedimientos<\/strong> en la sede electr\u00f3nica para presentar una solicitud online. La soluci\u00f3n adquirida de administraci\u00f3n electr\u00f3nica tambi\u00e9n incluye <strong>un gestor de expedientes, un gestor documental y la creaci\u00f3n de una sede electr\u00f3nica<\/strong>. Asimismo se prev\u00e9\u00a0<\/span><strong>ampliar los servicios proporcionados en la sede electr\u00f3nica del Ayuntamiento<\/strong> e <strong>integrarla<\/strong> con los sistemas ya implantados en el Ayuntamiento, el registro electr\u00f3nico, la notificaci\u00f3n electr\u00f3nica y la carpeta del ciudadano, dotando a los ciudadanos de tr\u00e1mites online &#8220;<em>el Ayuntamiento de Alcoy ha realizado con \u00e9xito la migraci\u00f3n a una administraci\u00f3n electr\u00f3nica en aquello que consideramos una primera fase. Esperemos poder seguir avanzando, incorporando nuevos aspectos y ofreciendo la oportunidad a los ciudadanos de realizar sus gestiones con el Ayuntamiento de Alcoy a trav\u00e9s de internet las 24 horas del d\u00eda y los 365 d\u00edas del a\u00f1o<\/em>&#8220;, apunta el concejal de Modernizaci\u00f3n de la Administraci\u00f3n; <strong>Alberto Belda<\/strong>.<\/p>\n<p style=\"text-align: justify;\"><span lang=\"ES\">La iniciativa, co-financiada por Fondos Feder de la Uni\u00f3n Europea, <strong>est\u00e1 dentro de la estrategia DUSI (Desarrollo Urbano Sostenible e Integrado)<\/strong> en su parte de ciudad inteligente.\u00a0<\/span><\/p>\n","protected":false},"excerpt":{"rendered":"<p>El Ayuntamiento de Alcoy ha culminado ya la primera fase para la implantaci\u00f3n de la administraci\u00f3n electr\u00f3nica, un servicio que&#8230;<\/p>\n","protected":false},"author":1,"featured_media":13024,"comment_status":"open","ping_status":"open","sticky":false,"template":"","format":"standard","meta":{"footnotes":""},"categories":[97,75],"tags":[4830,1494,229,2885],"class_list":["post-60667","post","type-post","status-publish","format-standard","has-post-thumbnail","hentry","category-alcoy","category-noticias","tag-administracion-electronica","tag-alcoy","tag-ayuntamiento","tag-implantacion"],"yoast_head":"<!-- This site is optimized with the Yoast SEO plugin v27.3 - https:\/\/yoast.com\/product\/yoast-seo-wordpress\/ -->\n<title>Avanza la implantaci\u00f3n de la administraci\u00f3n electr\u00f3nica en el Ayuntamiento - COPE Alcoy<\/title>\n<meta name=\"robots\" content=\"index, follow, max-snippet:-1, max-image-preview:large, max-video-preview:-1\" \/>\n<link rel=\"canonical\" href=\"https:\/\/www.copealcoy.es\/es\/avanza-la-implantacion-de-la-administracion-electronica-en-el-ayuntamiento\/\" \/>\n<meta property=\"og:locale\" content=\"es_ES\" \/>\n<meta property=\"og:type\" content=\"article\" \/>\n<meta property=\"og:title\" content=\"Avanza la implantaci\u00f3n de la administraci\u00f3n electr\u00f3nica en el Ayuntamiento - COPE Alcoy\" \/>\n<meta property=\"og:description\" content=\"El Ayuntamiento de Alcoy ha culminado ya la primera fase para la implantaci\u00f3n de la administraci\u00f3n electr\u00f3nica, un servicio que...\" \/>\n<meta property=\"og:url\" content=\"https:\/\/www.copealcoy.es\/es\/avanza-la-implantacion-de-la-administracion-electronica-en-el-ayuntamiento\/\" \/>\n<meta property=\"og:site_name\" content=\"COPE Alcoy\" \/>\n<meta property=\"article:published_time\" content=\"2020-03-09T12:02:52+00:00\" \/>\n<meta property=\"og:image\" content=\"https:\/\/www.copealcoy.es\/wp-content\/uploads\/2015\/05\/13387-alcoy-001-1-jpg.jpeg\" \/>\n\t<meta property=\"og:image:width\" content=\"1400\" \/>\n\t<meta property=\"og:image:height\" content=\"1050\" \/>\n\t<meta property=\"og:image:type\" content=\"image\/jpeg\" \/>\n<meta name=\"author\" content=\"Cope Alcoy\" \/>\n<meta name=\"twitter:label1\" content=\"Escrito por\" \/>\n\t<meta name=\"twitter:data1\" content=\"Cope Alcoy\" \/>\n\t<meta name=\"twitter:label2\" content=\"Tiempo de lectura\" \/>\n\t<meta name=\"twitter:data2\" content=\"1 minuto\" \/>\n<script type=\"application\/ld+json\" class=\"yoast-schema-graph\">{\"@context\":\"https:\\\/\\\/schema.org\",\"@graph\":[{\"@type\":\"Article\",\"@id\":\"https:\\\/\\\/www.copealcoy.es\\\/es\\\/avanza-la-implantacion-de-la-administracion-electronica-en-el-ayuntamiento\\\/#article\",\"isPartOf\":{\"@id\":\"https:\\\/\\\/www.copealcoy.es\\\/es\\\/avanza-la-implantacion-de-la-administracion-electronica-en-el-ayuntamiento\\\/\"},\"author\":{\"name\":\"Cope Alcoy\",\"@id\":\"https:\\\/\\\/www.copealcoy.es\\\/es\\\/#\\\/schema\\\/person\\\/e777c87fa024e57d40170af9df39882c\"},\"headline\":\"Avanza la implantaci\u00f3n de la administraci\u00f3n electr\u00f3nica en el Ayuntamiento\",\"datePublished\":\"2020-03-09T12:02:52+00:00\",\"mainEntityOfPage\":{\"@id\":\"https:\\\/\\\/www.copealcoy.es\\\/es\\\/avanza-la-implantacion-de-la-administracion-electronica-en-el-ayuntamiento\\\/\"},\"wordCount\":274,\"commentCount\":0,\"image\":{\"@id\":\"https:\\\/\\\/www.copealcoy.es\\\/es\\\/avanza-la-implantacion-de-la-administracion-electronica-en-el-ayuntamiento\\\/#primaryimage\"},\"thumbnailUrl\":\"https:\\\/\\\/www.copealcoy.es\\\/wp-content\\\/uploads\\\/2015\\\/05\\\/13387-alcoy-001-1-jpg.jpeg\",\"keywords\":[\"administraci\u00f3n electr\u00f3nica\",\"Alcoy\",\"Ayuntamiento\",\"implantaci\u00f3n\"],\"articleSection\":[\"Alcoy\",\"Noticias\"],\"inLanguage\":\"es\"},{\"@type\":\"WebPage\",\"@id\":\"https:\\\/\\\/www.copealcoy.es\\\/es\\\/avanza-la-implantacion-de-la-administracion-electronica-en-el-ayuntamiento\\\/\",\"url\":\"https:\\\/\\\/www.copealcoy.es\\\/es\\\/avanza-la-implantacion-de-la-administracion-electronica-en-el-ayuntamiento\\\/\",\"name\":\"Avanza la implantaci\u00f3n de la administraci\u00f3n electr\u00f3nica en el Ayuntamiento - COPE Alcoy\",\"isPartOf\":{\"@id\":\"https:\\\/\\\/www.copealcoy.es\\\/es\\\/#website\"},\"primaryImageOfPage\":{\"@id\":\"https:\\\/\\\/www.copealcoy.es\\\/es\\\/avanza-la-implantacion-de-la-administracion-electronica-en-el-ayuntamiento\\\/#primaryimage\"},\"image\":{\"@id\":\"https:\\\/\\\/www.copealcoy.es\\\/es\\\/avanza-la-implantacion-de-la-administracion-electronica-en-el-ayuntamiento\\\/#primaryimage\"},\"thumbnailUrl\":\"https:\\\/\\\/www.copealcoy.es\\\/wp-content\\\/uploads\\\/2015\\\/05\\\/13387-alcoy-001-1-jpg.jpeg\",\"datePublished\":\"2020-03-09T12:02:52+00:00\",\"author\":{\"@id\":\"https:\\\/\\\/www.copealcoy.es\\\/es\\\/#\\\/schema\\\/person\\\/e777c87fa024e57d40170af9df39882c\"},\"breadcrumb\":{\"@id\":\"https:\\\/\\\/www.copealcoy.es\\\/es\\\/avanza-la-implantacion-de-la-administracion-electronica-en-el-ayuntamiento\\\/#breadcrumb\"},\"inLanguage\":\"es\",\"potentialAction\":[{\"@type\":\"ReadAction\",\"target\":[\"https:\\\/\\\/www.copealcoy.es\\\/es\\\/avanza-la-implantacion-de-la-administracion-electronica-en-el-ayuntamiento\\\/\"]}]},{\"@type\":\"ImageObject\",\"inLanguage\":\"es\",\"@id\":\"https:\\\/\\\/www.copealcoy.es\\\/es\\\/avanza-la-implantacion-de-la-administracion-electronica-en-el-ayuntamiento\\\/#primaryimage\",\"url\":\"https:\\\/\\\/www.copealcoy.es\\\/wp-content\\\/uploads\\\/2015\\\/05\\\/13387-alcoy-001-1-jpg.jpeg\",\"contentUrl\":\"https:\\\/\\\/www.copealcoy.es\\\/wp-content\\\/uploads\\\/2015\\\/05\\\/13387-alcoy-001-1-jpg.jpeg\",\"width\":1400,\"height\":1050,\"caption\":\"Ayuntamiento de Alcoy\"},{\"@type\":\"BreadcrumbList\",\"@id\":\"https:\\\/\\\/www.copealcoy.es\\\/es\\\/avanza-la-implantacion-de-la-administracion-electronica-en-el-ayuntamiento\\\/#breadcrumb\",\"itemListElement\":[{\"@type\":\"ListItem\",\"position\":1,\"name\":\"Portada\",\"item\":\"https:\\\/\\\/www.copealcoy.es\\\/es\\\/\"},{\"@type\":\"ListItem\",\"position\":2,\"name\":\"Avanza la implantaci\u00f3n de la administraci\u00f3n electr\u00f3nica en el Ayuntamiento\"}]},{\"@type\":\"WebSite\",\"@id\":\"https:\\\/\\\/www.copealcoy.es\\\/es\\\/#website\",\"url\":\"https:\\\/\\\/www.copealcoy.es\\\/es\\\/\",\"name\":\"COPE Alcoy\",\"description\":\"Emisora COPE de radio local con emisi\u00f3n online. Pont de Sant Jordi 8-10 03803 Alcoy\",\"potentialAction\":[{\"@type\":\"SearchAction\",\"target\":{\"@type\":\"EntryPoint\",\"urlTemplate\":\"https:\\\/\\\/www.copealcoy.es\\\/es\\\/?s={search_term_string}\"},\"query-input\":{\"@type\":\"PropertyValueSpecification\",\"valueRequired\":true,\"valueName\":\"search_term_string\"}}],\"inLanguage\":\"es\"},{\"@type\":\"Person\",\"@id\":\"https:\\\/\\\/www.copealcoy.es\\\/es\\\/#\\\/schema\\\/person\\\/e777c87fa024e57d40170af9df39882c\",\"name\":\"Cope Alcoy\",\"image\":{\"@type\":\"ImageObject\",\"inLanguage\":\"es\",\"@id\":\"https:\\\/\\\/secure.gravatar.com\\\/avatar\\\/bb65d0283347e303893ba14f0692005417c1e0e690a325a4c5d8bb2b3943ee14?s=96&d=mm&r=g\",\"url\":\"https:\\\/\\\/secure.gravatar.com\\\/avatar\\\/bb65d0283347e303893ba14f0692005417c1e0e690a325a4c5d8bb2b3943ee14?s=96&d=mm&r=g\",\"contentUrl\":\"https:\\\/\\\/secure.gravatar.com\\\/avatar\\\/bb65d0283347e303893ba14f0692005417c1e0e690a325a4c5d8bb2b3943ee14?s=96&d=mm&r=g\",\"caption\":\"Cope Alcoy\"}}]}<\/script>\n<!-- \/ Yoast SEO plugin. -->","yoast_head_json":{"title":"Avanza la implantaci\u00f3n de la administraci\u00f3n electr\u00f3nica en el Ayuntamiento - COPE Alcoy","robots":{"index":"index","follow":"follow","max-snippet":"max-snippet:-1","max-image-preview":"max-image-preview:large","max-video-preview":"max-video-preview:-1"},"canonical":"https:\/\/www.copealcoy.es\/es\/avanza-la-implantacion-de-la-administracion-electronica-en-el-ayuntamiento\/","og_locale":"es_ES","og_type":"article","og_title":"Avanza la implantaci\u00f3n de la administraci\u00f3n electr\u00f3nica en el Ayuntamiento - COPE Alcoy","og_description":"El Ayuntamiento de Alcoy ha culminado ya la primera fase para la implantaci\u00f3n de la administraci\u00f3n electr\u00f3nica, un servicio que...","og_url":"https:\/\/www.copealcoy.es\/es\/avanza-la-implantacion-de-la-administracion-electronica-en-el-ayuntamiento\/","og_site_name":"COPE Alcoy","article_published_time":"2020-03-09T12:02:52+00:00","og_image":[{"width":1400,"height":1050,"url":"https:\/\/www.copealcoy.es\/wp-content\/uploads\/2015\/05\/13387-alcoy-001-1-jpg.jpeg","type":"image\/jpeg"}],"author":"Cope Alcoy","twitter_misc":{"Escrito por":"Cope Alcoy","Tiempo de lectura":"1 minuto"},"schema":{"@context":"https:\/\/schema.org","@graph":[{"@type":"Article","@id":"https:\/\/www.copealcoy.es\/es\/avanza-la-implantacion-de-la-administracion-electronica-en-el-ayuntamiento\/#article","isPartOf":{"@id":"https:\/\/www.copealcoy.es\/es\/avanza-la-implantacion-de-la-administracion-electronica-en-el-ayuntamiento\/"},"author":{"name":"Cope Alcoy","@id":"https:\/\/www.copealcoy.es\/es\/#\/schema\/person\/e777c87fa024e57d40170af9df39882c"},"headline":"Avanza la implantaci\u00f3n de la administraci\u00f3n electr\u00f3nica en el Ayuntamiento","datePublished":"2020-03-09T12:02:52+00:00","mainEntityOfPage":{"@id":"https:\/\/www.copealcoy.es\/es\/avanza-la-implantacion-de-la-administracion-electronica-en-el-ayuntamiento\/"},"wordCount":274,"commentCount":0,"image":{"@id":"https:\/\/www.copealcoy.es\/es\/avanza-la-implantacion-de-la-administracion-electronica-en-el-ayuntamiento\/#primaryimage"},"thumbnailUrl":"https:\/\/www.copealcoy.es\/wp-content\/uploads\/2015\/05\/13387-alcoy-001-1-jpg.jpeg","keywords":["administraci\u00f3n electr\u00f3nica","Alcoy","Ayuntamiento","implantaci\u00f3n"],"articleSection":["Alcoy","Noticias"],"inLanguage":"es"},{"@type":"WebPage","@id":"https:\/\/www.copealcoy.es\/es\/avanza-la-implantacion-de-la-administracion-electronica-en-el-ayuntamiento\/","url":"https:\/\/www.copealcoy.es\/es\/avanza-la-implantacion-de-la-administracion-electronica-en-el-ayuntamiento\/","name":"Avanza la implantaci\u00f3n de la administraci\u00f3n electr\u00f3nica en el Ayuntamiento - COPE Alcoy","isPartOf":{"@id":"https:\/\/www.copealcoy.es\/es\/#website"},"primaryImageOfPage":{"@id":"https:\/\/www.copealcoy.es\/es\/avanza-la-implantacion-de-la-administracion-electronica-en-el-ayuntamiento\/#primaryimage"},"image":{"@id":"https:\/\/www.copealcoy.es\/es\/avanza-la-implantacion-de-la-administracion-electronica-en-el-ayuntamiento\/#primaryimage"},"thumbnailUrl":"https:\/\/www.copealcoy.es\/wp-content\/uploads\/2015\/05\/13387-alcoy-001-1-jpg.jpeg","datePublished":"2020-03-09T12:02:52+00:00","author":{"@id":"https:\/\/www.copealcoy.es\/es\/#\/schema\/person\/e777c87fa024e57d40170af9df39882c"},"breadcrumb":{"@id":"https:\/\/www.copealcoy.es\/es\/avanza-la-implantacion-de-la-administracion-electronica-en-el-ayuntamiento\/#breadcrumb"},"inLanguage":"es","potentialAction":[{"@type":"ReadAction","target":["https:\/\/www.copealcoy.es\/es\/avanza-la-implantacion-de-la-administracion-electronica-en-el-ayuntamiento\/"]}]},{"@type":"ImageObject","inLanguage":"es","@id":"https:\/\/www.copealcoy.es\/es\/avanza-la-implantacion-de-la-administracion-electronica-en-el-ayuntamiento\/#primaryimage","url":"https:\/\/www.copealcoy.es\/wp-content\/uploads\/2015\/05\/13387-alcoy-001-1-jpg.jpeg","contentUrl":"https:\/\/www.copealcoy.es\/wp-content\/uploads\/2015\/05\/13387-alcoy-001-1-jpg.jpeg","width":1400,"height":1050,"caption":"Ayuntamiento de Alcoy"},{"@type":"BreadcrumbList","@id":"https:\/\/www.copealcoy.es\/es\/avanza-la-implantacion-de-la-administracion-electronica-en-el-ayuntamiento\/#breadcrumb","itemListElement":[{"@type":"ListItem","position":1,"name":"Portada","item":"https:\/\/www.copealcoy.es\/es\/"},{"@type":"ListItem","position":2,"name":"Avanza la implantaci\u00f3n de la administraci\u00f3n electr\u00f3nica en el Ayuntamiento"}]},{"@type":"WebSite","@id":"https:\/\/www.copealcoy.es\/es\/#website","url":"https:\/\/www.copealcoy.es\/es\/","name":"COPE Alcoy","description":"Emisora COPE de radio local con emisi\u00f3n online. Pont de Sant Jordi 8-10 03803 Alcoy","potentialAction":[{"@type":"SearchAction","target":{"@type":"EntryPoint","urlTemplate":"https:\/\/www.copealcoy.es\/es\/?s={search_term_string}"},"query-input":{"@type":"PropertyValueSpecification","valueRequired":true,"valueName":"search_term_string"}}],"inLanguage":"es"},{"@type":"Person","@id":"https:\/\/www.copealcoy.es\/es\/#\/schema\/person\/e777c87fa024e57d40170af9df39882c","name":"Cope Alcoy","image":{"@type":"ImageObject","inLanguage":"es","@id":"https:\/\/secure.gravatar.com\/avatar\/bb65d0283347e303893ba14f0692005417c1e0e690a325a4c5d8bb2b3943ee14?s=96&d=mm&r=g","url":"https:\/\/secure.gravatar.com\/avatar\/bb65d0283347e303893ba14f0692005417c1e0e690a325a4c5d8bb2b3943ee14?s=96&d=mm&r=g","contentUrl":"https:\/\/secure.gravatar.com\/avatar\/bb65d0283347e303893ba14f0692005417c1e0e690a325a4c5d8bb2b3943ee14?s=96&d=mm&r=g","caption":"Cope Alcoy"}}]}},"_links":{"self":[{"href":"https:\/\/www.copealcoy.es\/es\/wp-json\/wp\/v2\/posts\/60667","targetHints":{"allow":["GET"]}}],"collection":[{"href":"https:\/\/www.copealcoy.es\/es\/wp-json\/wp\/v2\/posts"}],"about":[{"href":"https:\/\/www.copealcoy.es\/es\/wp-json\/wp\/v2\/types\/post"}],"author":[{"embeddable":true,"href":"https:\/\/www.copealcoy.es\/es\/wp-json\/wp\/v2\/users\/1"}],"replies":[{"embeddable":true,"href":"https:\/\/www.copealcoy.es\/es\/wp-json\/wp\/v2\/comments?post=60667"}],"version-history":[{"count":0,"href":"https:\/\/www.copealcoy.es\/es\/wp-json\/wp\/v2\/posts\/60667\/revisions"}],"wp:featuredmedia":[{"embeddable":true,"href":"https:\/\/www.copealcoy.es\/es\/wp-json\/wp\/v2\/media\/13024"}],"wp:attachment":[{"href":"https:\/\/www.copealcoy.es\/es\/wp-json\/wp\/v2\/media?parent=60667"}],"wp:term":[{"taxonomy":"category","embeddable":true,"href":"https:\/\/www.copealcoy.es\/es\/wp-json\/wp\/v2\/categories?post=60667"},{"taxonomy":"post_tag","embeddable":true,"href":"https:\/\/www.copealcoy.es\/es\/wp-json\/wp\/v2\/tags?post=60667"}],"curies":[{"name":"wp","href":"https:\/\/api.w.org\/{rel}","templated":true}]}}