{"id":60594,"date":"2020-03-06T12:36:39","date_gmt":"2020-03-06T12:36:39","guid":{"rendered":"https:\/\/www.copealcoy.es\/?p=60594"},"modified":"2020-03-06T12:36:39","modified_gmt":"2020-03-06T12:36:39","slug":"telo-teatre-rindio-su-particular-homenaje-a-la-mareta","status":"publish","type":"post","link":"https:\/\/www.copealcoy.es\/es\/telo-teatre-rindio-su-particular-homenaje-a-la-mareta\/","title":{"rendered":"Tel\u00f3 Teatre rindi\u00f3 su particular homenaje a la Mareta"},"content":{"rendered":"<p style=\"text-align: justify;\">El grupo <strong>Tel\u00f3 Teatre<\/strong> de Cocentaina tambi\u00e9n se ha volcado con <strong>las celebraciones del V Centenario del milagro de la Mare de D\u00e9u<\/strong> y por este motivo el pasado s\u00e1bado <strong>puso en escena un original montaje<\/strong> centrado en la patrona contestana.<\/p>\n<p style=\"text-align: justify;\">Los actores y las actrices de Tel\u00f3 Teatre <strong>representaron la obra titulada \u2018Dol\u00e7a Mareta. Les ll\u00e0grimes de Mar\u00eda\u2019<\/strong>, una cuidada propuesta escrita por <strong>el historiador local Pablo Le\u00f3n Vidal<\/strong> y que cont\u00f3 con<strong> la direcci\u00f3n musical de Francisco Valor Llorens<\/strong> y <strong>la direcci\u00f3n art\u00edstica de Paco Insa<\/strong>. Precisamente<strong> la m\u00fasica tuvo un papel destacado<\/strong> en la representaci\u00f3n y para ello se cont\u00f3 con<strong> la presencia de la Colla Mal Passet<\/strong>, con el fin de hacer sonar las composiciones creadas para la ocasi\u00f3n, mientras que <strong>la cantante Berta \u00cd\u00f1iguez<\/strong> interpret\u00f3 en solitario varios temas. Hay que destacar que <strong>el montaje recre\u00f3 la vida de la entonces Villa Condal<\/strong> en los meses anteriores al milagro de la Mareta del 19 de abril de 1520, en el contexto de las llamada Guerra de las German\u00edas, y <strong>los papeles principales<\/strong> del mismo fueron representados por Milagro Sell\u00e9s, Dani Mart\u00ednez o Lu\u00eds Reche.<\/p>\n<p style=\"text-align: justify;\">Unos <strong>catorce actores<\/strong>, junto a los m\u00fasicos, estuvieron sobre el escenario del Centre Cultural El Teular durante esta puesta en escena que <strong>se pudo ver en sesiones de seis y media de la tarde as\u00ed como nueve de la noche<\/strong> \u201c<em>estamos muy contentos por la acogida que ha tenido la propuesta y mucha gente que se ha quedado sin poder venir nos ha preguntado ya si la volveremos a ofrecer al p\u00fablico. Por el momento no lo contemplamos porque es una obra que se ha hecho con motivo de la efem\u00e9ride que celebra nuestro pueblo este a\u00f1o<\/em>\u201d, afirmaba <strong>Gil Jord\u00e0<\/strong>, miembro de la Comisi\u00f3n de Cultura del citado V Centenario.<\/p>\n<p style=\"text-align: justify;\">Recordar que en el marco de esta celebraci\u00f3n, <strong>Cocentaina acoger\u00e1 este domingo el D\u00eda Juniors de Zona<\/strong> con la participaci\u00f3n de Centros procedentes de Alcoy, Muro y parte de nuestras comarcas.<\/p>\n","protected":false},"excerpt":{"rendered":"<p>El grupo Tel\u00f3 Teatre de Cocentaina tambi\u00e9n se ha volcado con las celebraciones del V Centenario del milagro de la&#8230;<\/p>\n","protected":false},"author":1,"featured_media":60595,"comment_status":"open","ping_status":"open","sticky":false,"template":"","format":"standard","meta":{"footnotes":""},"categories":[98,75],"tags":[132,901,864,630,1985],"class_list":["post-60594","post","type-post","status-publish","format-standard","has-post-thumbnail","hentry","category-comarcas","category-noticias","tag-cocentaina","tag-homenaje","tag-mareta","tag-telo-teatre","tag-v-centenario"],"yoast_head":"<!-- This site is optimized with the Yoast SEO plugin v27.3 - https:\/\/yoast.com\/product\/yoast-seo-wordpress\/ -->\n<title>Tel\u00f3 Teatre rindi\u00f3 su particular homenaje a la Mareta - COPE Alcoy<\/title>\n<meta name=\"robots\" content=\"index, follow, max-snippet:-1, max-image-preview:large, max-video-preview:-1\" \/>\n<link rel=\"canonical\" href=\"https:\/\/www.copealcoy.es\/es\/telo-teatre-rindio-su-particular-homenaje-a-la-mareta\/\" \/>\n<meta property=\"og:locale\" content=\"es_ES\" \/>\n<meta property=\"og:type\" content=\"article\" \/>\n<meta property=\"og:title\" content=\"Tel\u00f3 Teatre rindi\u00f3 su particular homenaje a la Mareta - COPE Alcoy\" \/>\n<meta property=\"og:description\" content=\"El grupo Tel\u00f3 Teatre de Cocentaina tambi\u00e9n se ha volcado con las celebraciones del V Centenario del milagro de la...\" \/>\n<meta property=\"og:url\" content=\"https:\/\/www.copealcoy.es\/es\/telo-teatre-rindio-su-particular-homenaje-a-la-mareta\/\" \/>\n<meta property=\"og:site_name\" content=\"COPE Alcoy\" \/>\n<meta property=\"article:published_time\" content=\"2020-03-06T12:36:39+00:00\" \/>\n<meta property=\"og:image\" content=\"https:\/\/www.copealcoy.es\/wp-content\/uploads\/2020\/03\/4-La-representaci\u00f3n-tuvo-lugar-el-pasado-s\u00e1bado-29-de-febrero-Foto-Tel\u00f3-Teatre-1.jpg\" \/>\n\t<meta property=\"og:image:width\" content=\"960\" \/>\n\t<meta property=\"og:image:height\" content=\"454\" \/>\n\t<meta property=\"og:image:type\" content=\"image\/jpeg\" \/>\n<meta name=\"author\" content=\"Cope Alcoy\" \/>\n<meta name=\"twitter:label1\" content=\"Escrito por\" \/>\n\t<meta name=\"twitter:data1\" content=\"Cope Alcoy\" \/>\n\t<meta name=\"twitter:label2\" content=\"Tiempo de lectura\" \/>\n\t<meta name=\"twitter:data2\" content=\"2 minutos\" \/>\n<script type=\"application\/ld+json\" class=\"yoast-schema-graph\">{\"@context\":\"https:\\\/\\\/schema.org\",\"@graph\":[{\"@type\":\"Article\",\"@id\":\"https:\\\/\\\/www.copealcoy.es\\\/es\\\/telo-teatre-rindio-su-particular-homenaje-a-la-mareta\\\/#article\",\"isPartOf\":{\"@id\":\"https:\\\/\\\/www.copealcoy.es\\\/es\\\/telo-teatre-rindio-su-particular-homenaje-a-la-mareta\\\/\"},\"author\":{\"name\":\"Cope Alcoy\",\"@id\":\"https:\\\/\\\/www.copealcoy.es\\\/es\\\/#\\\/schema\\\/person\\\/e777c87fa024e57d40170af9df39882c\"},\"headline\":\"Tel\u00f3 Teatre rindi\u00f3 su particular homenaje a la Mareta\",\"datePublished\":\"2020-03-06T12:36:39+00:00\",\"mainEntityOfPage\":{\"@id\":\"https:\\\/\\\/www.copealcoy.es\\\/es\\\/telo-teatre-rindio-su-particular-homenaje-a-la-mareta\\\/\"},\"wordCount\":362,\"commentCount\":0,\"image\":{\"@id\":\"https:\\\/\\\/www.copealcoy.es\\\/es\\\/telo-teatre-rindio-su-particular-homenaje-a-la-mareta\\\/#primaryimage\"},\"thumbnailUrl\":\"https:\\\/\\\/www.copealcoy.es\\\/wp-content\\\/uploads\\\/2020\\\/03\\\/4-La-representaci\u00f3n-tuvo-lugar-el-pasado-s\u00e1bado-29-de-febrero-Foto-Tel\u00f3-Teatre-1.jpg\",\"keywords\":[\"Cocentaina\",\"Homenaje\",\"Mareta\",\"Tel\u00f3 Teatre\",\"V Centenario\"],\"articleSection\":[\"Comarcas\",\"Noticias\"],\"inLanguage\":\"es\"},{\"@type\":\"WebPage\",\"@id\":\"https:\\\/\\\/www.copealcoy.es\\\/es\\\/telo-teatre-rindio-su-particular-homenaje-a-la-mareta\\\/\",\"url\":\"https:\\\/\\\/www.copealcoy.es\\\/es\\\/telo-teatre-rindio-su-particular-homenaje-a-la-mareta\\\/\",\"name\":\"Tel\u00f3 Teatre rindi\u00f3 su particular homenaje a la Mareta - COPE Alcoy\",\"isPartOf\":{\"@id\":\"https:\\\/\\\/www.copealcoy.es\\\/es\\\/#website\"},\"primaryImageOfPage\":{\"@id\":\"https:\\\/\\\/www.copealcoy.es\\\/es\\\/telo-teatre-rindio-su-particular-homenaje-a-la-mareta\\\/#primaryimage\"},\"image\":{\"@id\":\"https:\\\/\\\/www.copealcoy.es\\\/es\\\/telo-teatre-rindio-su-particular-homenaje-a-la-mareta\\\/#primaryimage\"},\"thumbnailUrl\":\"https:\\\/\\\/www.copealcoy.es\\\/wp-content\\\/uploads\\\/2020\\\/03\\\/4-La-representaci\u00f3n-tuvo-lugar-el-pasado-s\u00e1bado-29-de-febrero-Foto-Tel\u00f3-Teatre-1.jpg\",\"datePublished\":\"2020-03-06T12:36:39+00:00\",\"author\":{\"@id\":\"https:\\\/\\\/www.copealcoy.es\\\/es\\\/#\\\/schema\\\/person\\\/e777c87fa024e57d40170af9df39882c\"},\"breadcrumb\":{\"@id\":\"https:\\\/\\\/www.copealcoy.es\\\/es\\\/telo-teatre-rindio-su-particular-homenaje-a-la-mareta\\\/#breadcrumb\"},\"inLanguage\":\"es\",\"potentialAction\":[{\"@type\":\"ReadAction\",\"target\":[\"https:\\\/\\\/www.copealcoy.es\\\/es\\\/telo-teatre-rindio-su-particular-homenaje-a-la-mareta\\\/\"]}]},{\"@type\":\"ImageObject\",\"inLanguage\":\"es\",\"@id\":\"https:\\\/\\\/www.copealcoy.es\\\/es\\\/telo-teatre-rindio-su-particular-homenaje-a-la-mareta\\\/#primaryimage\",\"url\":\"https:\\\/\\\/www.copealcoy.es\\\/wp-content\\\/uploads\\\/2020\\\/03\\\/4-La-representaci\u00f3n-tuvo-lugar-el-pasado-s\u00e1bado-29-de-febrero-Foto-Tel\u00f3-Teatre-1.jpg\",\"contentUrl\":\"https:\\\/\\\/www.copealcoy.es\\\/wp-content\\\/uploads\\\/2020\\\/03\\\/4-La-representaci\u00f3n-tuvo-lugar-el-pasado-s\u00e1bado-29-de-febrero-Foto-Tel\u00f3-Teatre-1.jpg\",\"width\":960,\"height\":454,\"caption\":\"La representaci\u00f3n tuvo lugar el pasado s\u00e1bado 29 de febrero \\\/ Foto Tel\u00f3 Teatre\"},{\"@type\":\"BreadcrumbList\",\"@id\":\"https:\\\/\\\/www.copealcoy.es\\\/es\\\/telo-teatre-rindio-su-particular-homenaje-a-la-mareta\\\/#breadcrumb\",\"itemListElement\":[{\"@type\":\"ListItem\",\"position\":1,\"name\":\"Portada\",\"item\":\"https:\\\/\\\/www.copealcoy.es\\\/es\\\/\"},{\"@type\":\"ListItem\",\"position\":2,\"name\":\"Tel\u00f3 Teatre rindi\u00f3 su particular homenaje a la Mareta\"}]},{\"@type\":\"WebSite\",\"@id\":\"https:\\\/\\\/www.copealcoy.es\\\/es\\\/#website\",\"url\":\"https:\\\/\\\/www.copealcoy.es\\\/es\\\/\",\"name\":\"COPE Alcoy\",\"description\":\"Emisora COPE de radio local con emisi\u00f3n online. Pont de Sant Jordi 8-10 03803 Alcoy\",\"potentialAction\":[{\"@type\":\"SearchAction\",\"target\":{\"@type\":\"EntryPoint\",\"urlTemplate\":\"https:\\\/\\\/www.copealcoy.es\\\/es\\\/?s={search_term_string}\"},\"query-input\":{\"@type\":\"PropertyValueSpecification\",\"valueRequired\":true,\"valueName\":\"search_term_string\"}}],\"inLanguage\":\"es\"},{\"@type\":\"Person\",\"@id\":\"https:\\\/\\\/www.copealcoy.es\\\/es\\\/#\\\/schema\\\/person\\\/e777c87fa024e57d40170af9df39882c\",\"name\":\"Cope Alcoy\",\"image\":{\"@type\":\"ImageObject\",\"inLanguage\":\"es\",\"@id\":\"https:\\\/\\\/secure.gravatar.com\\\/avatar\\\/bb65d0283347e303893ba14f0692005417c1e0e690a325a4c5d8bb2b3943ee14?s=96&d=mm&r=g\",\"url\":\"https:\\\/\\\/secure.gravatar.com\\\/avatar\\\/bb65d0283347e303893ba14f0692005417c1e0e690a325a4c5d8bb2b3943ee14?s=96&d=mm&r=g\",\"contentUrl\":\"https:\\\/\\\/secure.gravatar.com\\\/avatar\\\/bb65d0283347e303893ba14f0692005417c1e0e690a325a4c5d8bb2b3943ee14?s=96&d=mm&r=g\",\"caption\":\"Cope Alcoy\"}}]}<\/script>\n<!-- \/ Yoast SEO plugin. -->","yoast_head_json":{"title":"Tel\u00f3 Teatre rindi\u00f3 su particular homenaje a la Mareta - COPE Alcoy","robots":{"index":"index","follow":"follow","max-snippet":"max-snippet:-1","max-image-preview":"max-image-preview:large","max-video-preview":"max-video-preview:-1"},"canonical":"https:\/\/www.copealcoy.es\/es\/telo-teatre-rindio-su-particular-homenaje-a-la-mareta\/","og_locale":"es_ES","og_type":"article","og_title":"Tel\u00f3 Teatre rindi\u00f3 su particular homenaje a la Mareta - COPE Alcoy","og_description":"El grupo Tel\u00f3 Teatre de Cocentaina tambi\u00e9n se ha volcado con las celebraciones del V Centenario del milagro de la...","og_url":"https:\/\/www.copealcoy.es\/es\/telo-teatre-rindio-su-particular-homenaje-a-la-mareta\/","og_site_name":"COPE Alcoy","article_published_time":"2020-03-06T12:36:39+00:00","og_image":[{"width":960,"height":454,"url":"https:\/\/www.copealcoy.es\/wp-content\/uploads\/2020\/03\/4-La-representaci\u00f3n-tuvo-lugar-el-pasado-s\u00e1bado-29-de-febrero-Foto-Tel\u00f3-Teatre-1.jpg","type":"image\/jpeg"}],"author":"Cope Alcoy","twitter_misc":{"Escrito por":"Cope Alcoy","Tiempo de lectura":"2 minutos"},"schema":{"@context":"https:\/\/schema.org","@graph":[{"@type":"Article","@id":"https:\/\/www.copealcoy.es\/es\/telo-teatre-rindio-su-particular-homenaje-a-la-mareta\/#article","isPartOf":{"@id":"https:\/\/www.copealcoy.es\/es\/telo-teatre-rindio-su-particular-homenaje-a-la-mareta\/"},"author":{"name":"Cope Alcoy","@id":"https:\/\/www.copealcoy.es\/es\/#\/schema\/person\/e777c87fa024e57d40170af9df39882c"},"headline":"Tel\u00f3 Teatre rindi\u00f3 su particular homenaje a la Mareta","datePublished":"2020-03-06T12:36:39+00:00","mainEntityOfPage":{"@id":"https:\/\/www.copealcoy.es\/es\/telo-teatre-rindio-su-particular-homenaje-a-la-mareta\/"},"wordCount":362,"commentCount":0,"image":{"@id":"https:\/\/www.copealcoy.es\/es\/telo-teatre-rindio-su-particular-homenaje-a-la-mareta\/#primaryimage"},"thumbnailUrl":"https:\/\/www.copealcoy.es\/wp-content\/uploads\/2020\/03\/4-La-representaci\u00f3n-tuvo-lugar-el-pasado-s\u00e1bado-29-de-febrero-Foto-Tel\u00f3-Teatre-1.jpg","keywords":["Cocentaina","Homenaje","Mareta","Tel\u00f3 Teatre","V Centenario"],"articleSection":["Comarcas","Noticias"],"inLanguage":"es"},{"@type":"WebPage","@id":"https:\/\/www.copealcoy.es\/es\/telo-teatre-rindio-su-particular-homenaje-a-la-mareta\/","url":"https:\/\/www.copealcoy.es\/es\/telo-teatre-rindio-su-particular-homenaje-a-la-mareta\/","name":"Tel\u00f3 Teatre rindi\u00f3 su particular homenaje a la Mareta - COPE Alcoy","isPartOf":{"@id":"https:\/\/www.copealcoy.es\/es\/#website"},"primaryImageOfPage":{"@id":"https:\/\/www.copealcoy.es\/es\/telo-teatre-rindio-su-particular-homenaje-a-la-mareta\/#primaryimage"},"image":{"@id":"https:\/\/www.copealcoy.es\/es\/telo-teatre-rindio-su-particular-homenaje-a-la-mareta\/#primaryimage"},"thumbnailUrl":"https:\/\/www.copealcoy.es\/wp-content\/uploads\/2020\/03\/4-La-representaci\u00f3n-tuvo-lugar-el-pasado-s\u00e1bado-29-de-febrero-Foto-Tel\u00f3-Teatre-1.jpg","datePublished":"2020-03-06T12:36:39+00:00","author":{"@id":"https:\/\/www.copealcoy.es\/es\/#\/schema\/person\/e777c87fa024e57d40170af9df39882c"},"breadcrumb":{"@id":"https:\/\/www.copealcoy.es\/es\/telo-teatre-rindio-su-particular-homenaje-a-la-mareta\/#breadcrumb"},"inLanguage":"es","potentialAction":[{"@type":"ReadAction","target":["https:\/\/www.copealcoy.es\/es\/telo-teatre-rindio-su-particular-homenaje-a-la-mareta\/"]}]},{"@type":"ImageObject","inLanguage":"es","@id":"https:\/\/www.copealcoy.es\/es\/telo-teatre-rindio-su-particular-homenaje-a-la-mareta\/#primaryimage","url":"https:\/\/www.copealcoy.es\/wp-content\/uploads\/2020\/03\/4-La-representaci\u00f3n-tuvo-lugar-el-pasado-s\u00e1bado-29-de-febrero-Foto-Tel\u00f3-Teatre-1.jpg","contentUrl":"https:\/\/www.copealcoy.es\/wp-content\/uploads\/2020\/03\/4-La-representaci\u00f3n-tuvo-lugar-el-pasado-s\u00e1bado-29-de-febrero-Foto-Tel\u00f3-Teatre-1.jpg","width":960,"height":454,"caption":"La representaci\u00f3n tuvo lugar el pasado s\u00e1bado 29 de febrero \/ Foto Tel\u00f3 Teatre"},{"@type":"BreadcrumbList","@id":"https:\/\/www.copealcoy.es\/es\/telo-teatre-rindio-su-particular-homenaje-a-la-mareta\/#breadcrumb","itemListElement":[{"@type":"ListItem","position":1,"name":"Portada","item":"https:\/\/www.copealcoy.es\/es\/"},{"@type":"ListItem","position":2,"name":"Tel\u00f3 Teatre rindi\u00f3 su particular homenaje a la Mareta"}]},{"@type":"WebSite","@id":"https:\/\/www.copealcoy.es\/es\/#website","url":"https:\/\/www.copealcoy.es\/es\/","name":"COPE Alcoy","description":"Emisora COPE de radio local con emisi\u00f3n online. Pont de Sant Jordi 8-10 03803 Alcoy","potentialAction":[{"@type":"SearchAction","target":{"@type":"EntryPoint","urlTemplate":"https:\/\/www.copealcoy.es\/es\/?s={search_term_string}"},"query-input":{"@type":"PropertyValueSpecification","valueRequired":true,"valueName":"search_term_string"}}],"inLanguage":"es"},{"@type":"Person","@id":"https:\/\/www.copealcoy.es\/es\/#\/schema\/person\/e777c87fa024e57d40170af9df39882c","name":"Cope Alcoy","image":{"@type":"ImageObject","inLanguage":"es","@id":"https:\/\/secure.gravatar.com\/avatar\/bb65d0283347e303893ba14f0692005417c1e0e690a325a4c5d8bb2b3943ee14?s=96&d=mm&r=g","url":"https:\/\/secure.gravatar.com\/avatar\/bb65d0283347e303893ba14f0692005417c1e0e690a325a4c5d8bb2b3943ee14?s=96&d=mm&r=g","contentUrl":"https:\/\/secure.gravatar.com\/avatar\/bb65d0283347e303893ba14f0692005417c1e0e690a325a4c5d8bb2b3943ee14?s=96&d=mm&r=g","caption":"Cope Alcoy"}}]}},"_links":{"self":[{"href":"https:\/\/www.copealcoy.es\/es\/wp-json\/wp\/v2\/posts\/60594","targetHints":{"allow":["GET"]}}],"collection":[{"href":"https:\/\/www.copealcoy.es\/es\/wp-json\/wp\/v2\/posts"}],"about":[{"href":"https:\/\/www.copealcoy.es\/es\/wp-json\/wp\/v2\/types\/post"}],"author":[{"embeddable":true,"href":"https:\/\/www.copealcoy.es\/es\/wp-json\/wp\/v2\/users\/1"}],"replies":[{"embeddable":true,"href":"https:\/\/www.copealcoy.es\/es\/wp-json\/wp\/v2\/comments?post=60594"}],"version-history":[{"count":0,"href":"https:\/\/www.copealcoy.es\/es\/wp-json\/wp\/v2\/posts\/60594\/revisions"}],"wp:featuredmedia":[{"embeddable":true,"href":"https:\/\/www.copealcoy.es\/es\/wp-json\/wp\/v2\/media\/60595"}],"wp:attachment":[{"href":"https:\/\/www.copealcoy.es\/es\/wp-json\/wp\/v2\/media?parent=60594"}],"wp:term":[{"taxonomy":"category","embeddable":true,"href":"https:\/\/www.copealcoy.es\/es\/wp-json\/wp\/v2\/categories?post=60594"},{"taxonomy":"post_tag","embeddable":true,"href":"https:\/\/www.copealcoy.es\/es\/wp-json\/wp\/v2\/tags?post=60594"}],"curies":[{"name":"wp","href":"https:\/\/api.w.org\/{rel}","templated":true}]}}