{"id":60439,"date":"2020-03-03T12:00:48","date_gmt":"2020-03-03T12:00:48","guid":{"rendered":"https:\/\/www.copealcoy.es\/?p=60439"},"modified":"2020-03-03T12:00:48","modified_gmt":"2020-03-03T12:00:48","slug":"cocentaina-sigue-mejorando-la-accesibilidad-del-casco-antiguo","status":"publish","type":"post","link":"https:\/\/www.copealcoy.es\/es\/cocentaina-sigue-mejorando-la-accesibilidad-del-casco-antiguo\/","title":{"rendered":"Cocentaina sigue mejorando la accesibilidad del casco antiguo"},"content":{"rendered":"<p style=\"text-align: justify;\">Cocentaina inicia <strong>la segunda fase de las obras para mejorar la accesibilidad en el Casco Antiguo<\/strong>, un proyecto que afectar\u00e1 ahora a <strong>la Placeta del Carme<\/strong> as\u00ed como <strong>las calles \u00c0ngel y Travadell<\/strong>. Los trabajos contemplan <strong>una inversi\u00f3n de 130.000 euros<\/strong>, a cargo de la Diputaci\u00f3n de Alicante, y se centrar\u00e1n en<strong> la supresi\u00f3n de las aceras elevadas para mejorar la movilidad<\/strong> &#8220;<em>vamos a seguir con esta din\u00e1mica de mejorar el casco antiguo y tenemos que agradecer a la Diputaci\u00f3n la financiaci\u00f3n de este importante proyecto<\/em>&#8220;, asevera la concejala de Obras y Servicios, <strong>Mariona Carbonell<\/strong>.<\/p>\n<p style=\"text-align: justify;\">En abril, una vez concluyan las Fiestas Patronales de la Mare de D\u00e9u del Miracle, <strong>arrancar\u00e1 una tercera fase<\/strong> que comprender\u00e1 las calles San Hip\u00f3lito, Pere Cetina y Mare de D\u00e9u del Miracle.<\/p>\n","protected":false},"excerpt":{"rendered":"<p>Cocentaina inicia la segunda fase de las obras para mejorar la accesibilidad en el Casco Antiguo, un proyecto que afectar\u00e1&#8230;<\/p>\n","protected":false},"author":1,"featured_media":45502,"comment_status":"open","ping_status":"open","sticky":false,"template":"","format":"standard","meta":{"footnotes":""},"categories":[98,75],"tags":[2456,5455,132,2828,139],"class_list":["post-60439","post","type-post","status-publish","format-standard","has-post-thumbnail","hentry","category-comarcas","category-noticias","tag-accesibilidad","tag-casco-antiguo","tag-cocentaina","tag-mariona-carbonell","tag-mejora"],"yoast_head":"<!-- This site is optimized with the Yoast SEO plugin v27.3 - https:\/\/yoast.com\/product\/yoast-seo-wordpress\/ -->\n<title>Cocentaina sigue mejorando la accesibilidad del casco antiguo - COPE Alcoy<\/title>\n<meta name=\"robots\" content=\"index, follow, max-snippet:-1, max-image-preview:large, max-video-preview:-1\" \/>\n<link rel=\"canonical\" href=\"https:\/\/www.copealcoy.es\/es\/cocentaina-sigue-mejorando-la-accesibilidad-del-casco-antiguo\/\" \/>\n<meta property=\"og:locale\" content=\"es_ES\" \/>\n<meta property=\"og:type\" content=\"article\" \/>\n<meta property=\"og:title\" content=\"Cocentaina sigue mejorando la accesibilidad del casco antiguo - COPE Alcoy\" \/>\n<meta property=\"og:description\" content=\"Cocentaina inicia la segunda fase de las obras para mejorar la accesibilidad en el Casco Antiguo, un proyecto que afectar\u00e1...\" \/>\n<meta property=\"og:url\" content=\"https:\/\/www.copealcoy.es\/es\/cocentaina-sigue-mejorando-la-accesibilidad-del-casco-antiguo\/\" \/>\n<meta property=\"og:site_name\" content=\"COPE Alcoy\" \/>\n<meta property=\"article:published_time\" content=\"2020-03-03T12:00:48+00:00\" \/>\n<meta property=\"og:image\" content=\"https:\/\/www.copealcoy.es\/wp-content\/uploads\/2018\/09\/5-Aspecto-que-presenta-la-calle-Sant-Crist\u00f2fol-Foto-Gabriel-Pascual-1024x768.jpg\" \/>\n\t<meta property=\"og:image:width\" content=\"1024\" \/>\n\t<meta property=\"og:image:height\" content=\"768\" \/>\n\t<meta property=\"og:image:type\" content=\"image\/jpeg\" \/>\n<meta name=\"author\" content=\"Cope Alcoy\" \/>\n<meta name=\"twitter:label1\" content=\"Escrito por\" \/>\n\t<meta name=\"twitter:data1\" content=\"Cope Alcoy\" \/>\n\t<meta name=\"twitter:label2\" content=\"Tiempo de lectura\" \/>\n\t<meta name=\"twitter:data2\" content=\"1 minuto\" \/>\n<script type=\"application\/ld+json\" class=\"yoast-schema-graph\">{\"@context\":\"https:\\\/\\\/schema.org\",\"@graph\":[{\"@type\":\"Article\",\"@id\":\"https:\\\/\\\/www.copealcoy.es\\\/es\\\/cocentaina-sigue-mejorando-la-accesibilidad-del-casco-antiguo\\\/#article\",\"isPartOf\":{\"@id\":\"https:\\\/\\\/www.copealcoy.es\\\/es\\\/cocentaina-sigue-mejorando-la-accesibilidad-del-casco-antiguo\\\/\"},\"author\":{\"name\":\"Cope Alcoy\",\"@id\":\"https:\\\/\\\/www.copealcoy.es\\\/es\\\/#\\\/schema\\\/person\\\/e777c87fa024e57d40170af9df39882c\"},\"headline\":\"Cocentaina sigue mejorando la accesibilidad del casco antiguo\",\"datePublished\":\"2020-03-03T12:00:48+00:00\",\"mainEntityOfPage\":{\"@id\":\"https:\\\/\\\/www.copealcoy.es\\\/es\\\/cocentaina-sigue-mejorando-la-accesibilidad-del-casco-antiguo\\\/\"},\"wordCount\":145,\"commentCount\":0,\"image\":{\"@id\":\"https:\\\/\\\/www.copealcoy.es\\\/es\\\/cocentaina-sigue-mejorando-la-accesibilidad-del-casco-antiguo\\\/#primaryimage\"},\"thumbnailUrl\":\"https:\\\/\\\/www.copealcoy.es\\\/wp-content\\\/uploads\\\/2018\\\/09\\\/5-Aspecto-que-presenta-la-calle-Sant-Crist\u00f2fol-Foto-Gabriel-Pascual.jpg\",\"keywords\":[\"Accesibilidad\",\"casco antiguo\",\"Cocentaina\",\"Mariona Carbonell\",\"Mejora\"],\"articleSection\":[\"Comarcas\",\"Noticias\"],\"inLanguage\":\"es\"},{\"@type\":\"WebPage\",\"@id\":\"https:\\\/\\\/www.copealcoy.es\\\/es\\\/cocentaina-sigue-mejorando-la-accesibilidad-del-casco-antiguo\\\/\",\"url\":\"https:\\\/\\\/www.copealcoy.es\\\/es\\\/cocentaina-sigue-mejorando-la-accesibilidad-del-casco-antiguo\\\/\",\"name\":\"Cocentaina sigue mejorando la accesibilidad del casco antiguo - COPE Alcoy\",\"isPartOf\":{\"@id\":\"https:\\\/\\\/www.copealcoy.es\\\/es\\\/#website\"},\"primaryImageOfPage\":{\"@id\":\"https:\\\/\\\/www.copealcoy.es\\\/es\\\/cocentaina-sigue-mejorando-la-accesibilidad-del-casco-antiguo\\\/#primaryimage\"},\"image\":{\"@id\":\"https:\\\/\\\/www.copealcoy.es\\\/es\\\/cocentaina-sigue-mejorando-la-accesibilidad-del-casco-antiguo\\\/#primaryimage\"},\"thumbnailUrl\":\"https:\\\/\\\/www.copealcoy.es\\\/wp-content\\\/uploads\\\/2018\\\/09\\\/5-Aspecto-que-presenta-la-calle-Sant-Crist\u00f2fol-Foto-Gabriel-Pascual.jpg\",\"datePublished\":\"2020-03-03T12:00:48+00:00\",\"author\":{\"@id\":\"https:\\\/\\\/www.copealcoy.es\\\/es\\\/#\\\/schema\\\/person\\\/e777c87fa024e57d40170af9df39882c\"},\"breadcrumb\":{\"@id\":\"https:\\\/\\\/www.copealcoy.es\\\/es\\\/cocentaina-sigue-mejorando-la-accesibilidad-del-casco-antiguo\\\/#breadcrumb\"},\"inLanguage\":\"es\",\"potentialAction\":[{\"@type\":\"ReadAction\",\"target\":[\"https:\\\/\\\/www.copealcoy.es\\\/es\\\/cocentaina-sigue-mejorando-la-accesibilidad-del-casco-antiguo\\\/\"]}]},{\"@type\":\"ImageObject\",\"inLanguage\":\"es\",\"@id\":\"https:\\\/\\\/www.copealcoy.es\\\/es\\\/cocentaina-sigue-mejorando-la-accesibilidad-del-casco-antiguo\\\/#primaryimage\",\"url\":\"https:\\\/\\\/www.copealcoy.es\\\/wp-content\\\/uploads\\\/2018\\\/09\\\/5-Aspecto-que-presenta-la-calle-Sant-Crist\u00f2fol-Foto-Gabriel-Pascual.jpg\",\"contentUrl\":\"https:\\\/\\\/www.copealcoy.es\\\/wp-content\\\/uploads\\\/2018\\\/09\\\/5-Aspecto-que-presenta-la-calle-Sant-Crist\u00f2fol-Foto-Gabriel-Pascual.jpg\",\"width\":4032,\"height\":3024,\"caption\":\"Aspecto que presenta la calle Sant Crist\u00f2fol \\\/ Foto: G. Pascual\"},{\"@type\":\"BreadcrumbList\",\"@id\":\"https:\\\/\\\/www.copealcoy.es\\\/es\\\/cocentaina-sigue-mejorando-la-accesibilidad-del-casco-antiguo\\\/#breadcrumb\",\"itemListElement\":[{\"@type\":\"ListItem\",\"position\":1,\"name\":\"Portada\",\"item\":\"https:\\\/\\\/www.copealcoy.es\\\/es\\\/\"},{\"@type\":\"ListItem\",\"position\":2,\"name\":\"Cocentaina sigue mejorando la accesibilidad del casco antiguo\"}]},{\"@type\":\"WebSite\",\"@id\":\"https:\\\/\\\/www.copealcoy.es\\\/es\\\/#website\",\"url\":\"https:\\\/\\\/www.copealcoy.es\\\/es\\\/\",\"name\":\"COPE Alcoy\",\"description\":\"Emisora COPE de radio local con emisi\u00f3n online. Pont de Sant Jordi 8-10 03803 Alcoy\",\"potentialAction\":[{\"@type\":\"SearchAction\",\"target\":{\"@type\":\"EntryPoint\",\"urlTemplate\":\"https:\\\/\\\/www.copealcoy.es\\\/es\\\/?s={search_term_string}\"},\"query-input\":{\"@type\":\"PropertyValueSpecification\",\"valueRequired\":true,\"valueName\":\"search_term_string\"}}],\"inLanguage\":\"es\"},{\"@type\":\"Person\",\"@id\":\"https:\\\/\\\/www.copealcoy.es\\\/es\\\/#\\\/schema\\\/person\\\/e777c87fa024e57d40170af9df39882c\",\"name\":\"Cope Alcoy\",\"image\":{\"@type\":\"ImageObject\",\"inLanguage\":\"es\",\"@id\":\"https:\\\/\\\/secure.gravatar.com\\\/avatar\\\/bb65d0283347e303893ba14f0692005417c1e0e690a325a4c5d8bb2b3943ee14?s=96&d=mm&r=g\",\"url\":\"https:\\\/\\\/secure.gravatar.com\\\/avatar\\\/bb65d0283347e303893ba14f0692005417c1e0e690a325a4c5d8bb2b3943ee14?s=96&d=mm&r=g\",\"contentUrl\":\"https:\\\/\\\/secure.gravatar.com\\\/avatar\\\/bb65d0283347e303893ba14f0692005417c1e0e690a325a4c5d8bb2b3943ee14?s=96&d=mm&r=g\",\"caption\":\"Cope Alcoy\"}}]}<\/script>\n<!-- \/ Yoast SEO plugin. -->","yoast_head_json":{"title":"Cocentaina sigue mejorando la accesibilidad del casco antiguo - COPE Alcoy","robots":{"index":"index","follow":"follow","max-snippet":"max-snippet:-1","max-image-preview":"max-image-preview:large","max-video-preview":"max-video-preview:-1"},"canonical":"https:\/\/www.copealcoy.es\/es\/cocentaina-sigue-mejorando-la-accesibilidad-del-casco-antiguo\/","og_locale":"es_ES","og_type":"article","og_title":"Cocentaina sigue mejorando la accesibilidad del casco antiguo - COPE Alcoy","og_description":"Cocentaina inicia la segunda fase de las obras para mejorar la accesibilidad en el Casco Antiguo, un proyecto que afectar\u00e1...","og_url":"https:\/\/www.copealcoy.es\/es\/cocentaina-sigue-mejorando-la-accesibilidad-del-casco-antiguo\/","og_site_name":"COPE Alcoy","article_published_time":"2020-03-03T12:00:48+00:00","og_image":[{"width":1024,"height":768,"url":"https:\/\/www.copealcoy.es\/wp-content\/uploads\/2018\/09\/5-Aspecto-que-presenta-la-calle-Sant-Crist\u00f2fol-Foto-Gabriel-Pascual-1024x768.jpg","type":"image\/jpeg"}],"author":"Cope Alcoy","twitter_misc":{"Escrito por":"Cope Alcoy","Tiempo de lectura":"1 minuto"},"schema":{"@context":"https:\/\/schema.org","@graph":[{"@type":"Article","@id":"https:\/\/www.copealcoy.es\/es\/cocentaina-sigue-mejorando-la-accesibilidad-del-casco-antiguo\/#article","isPartOf":{"@id":"https:\/\/www.copealcoy.es\/es\/cocentaina-sigue-mejorando-la-accesibilidad-del-casco-antiguo\/"},"author":{"name":"Cope Alcoy","@id":"https:\/\/www.copealcoy.es\/es\/#\/schema\/person\/e777c87fa024e57d40170af9df39882c"},"headline":"Cocentaina sigue mejorando la accesibilidad del casco antiguo","datePublished":"2020-03-03T12:00:48+00:00","mainEntityOfPage":{"@id":"https:\/\/www.copealcoy.es\/es\/cocentaina-sigue-mejorando-la-accesibilidad-del-casco-antiguo\/"},"wordCount":145,"commentCount":0,"image":{"@id":"https:\/\/www.copealcoy.es\/es\/cocentaina-sigue-mejorando-la-accesibilidad-del-casco-antiguo\/#primaryimage"},"thumbnailUrl":"https:\/\/www.copealcoy.es\/wp-content\/uploads\/2018\/09\/5-Aspecto-que-presenta-la-calle-Sant-Crist\u00f2fol-Foto-Gabriel-Pascual.jpg","keywords":["Accesibilidad","casco antiguo","Cocentaina","Mariona Carbonell","Mejora"],"articleSection":["Comarcas","Noticias"],"inLanguage":"es"},{"@type":"WebPage","@id":"https:\/\/www.copealcoy.es\/es\/cocentaina-sigue-mejorando-la-accesibilidad-del-casco-antiguo\/","url":"https:\/\/www.copealcoy.es\/es\/cocentaina-sigue-mejorando-la-accesibilidad-del-casco-antiguo\/","name":"Cocentaina sigue mejorando la accesibilidad del casco antiguo - COPE Alcoy","isPartOf":{"@id":"https:\/\/www.copealcoy.es\/es\/#website"},"primaryImageOfPage":{"@id":"https:\/\/www.copealcoy.es\/es\/cocentaina-sigue-mejorando-la-accesibilidad-del-casco-antiguo\/#primaryimage"},"image":{"@id":"https:\/\/www.copealcoy.es\/es\/cocentaina-sigue-mejorando-la-accesibilidad-del-casco-antiguo\/#primaryimage"},"thumbnailUrl":"https:\/\/www.copealcoy.es\/wp-content\/uploads\/2018\/09\/5-Aspecto-que-presenta-la-calle-Sant-Crist\u00f2fol-Foto-Gabriel-Pascual.jpg","datePublished":"2020-03-03T12:00:48+00:00","author":{"@id":"https:\/\/www.copealcoy.es\/es\/#\/schema\/person\/e777c87fa024e57d40170af9df39882c"},"breadcrumb":{"@id":"https:\/\/www.copealcoy.es\/es\/cocentaina-sigue-mejorando-la-accesibilidad-del-casco-antiguo\/#breadcrumb"},"inLanguage":"es","potentialAction":[{"@type":"ReadAction","target":["https:\/\/www.copealcoy.es\/es\/cocentaina-sigue-mejorando-la-accesibilidad-del-casco-antiguo\/"]}]},{"@type":"ImageObject","inLanguage":"es","@id":"https:\/\/www.copealcoy.es\/es\/cocentaina-sigue-mejorando-la-accesibilidad-del-casco-antiguo\/#primaryimage","url":"https:\/\/www.copealcoy.es\/wp-content\/uploads\/2018\/09\/5-Aspecto-que-presenta-la-calle-Sant-Crist\u00f2fol-Foto-Gabriel-Pascual.jpg","contentUrl":"https:\/\/www.copealcoy.es\/wp-content\/uploads\/2018\/09\/5-Aspecto-que-presenta-la-calle-Sant-Crist\u00f2fol-Foto-Gabriel-Pascual.jpg","width":4032,"height":3024,"caption":"Aspecto que presenta la calle Sant Crist\u00f2fol \/ Foto: G. Pascual"},{"@type":"BreadcrumbList","@id":"https:\/\/www.copealcoy.es\/es\/cocentaina-sigue-mejorando-la-accesibilidad-del-casco-antiguo\/#breadcrumb","itemListElement":[{"@type":"ListItem","position":1,"name":"Portada","item":"https:\/\/www.copealcoy.es\/es\/"},{"@type":"ListItem","position":2,"name":"Cocentaina sigue mejorando la accesibilidad del casco antiguo"}]},{"@type":"WebSite","@id":"https:\/\/www.copealcoy.es\/es\/#website","url":"https:\/\/www.copealcoy.es\/es\/","name":"COPE Alcoy","description":"Emisora COPE de radio local con emisi\u00f3n online. Pont de Sant Jordi 8-10 03803 Alcoy","potentialAction":[{"@type":"SearchAction","target":{"@type":"EntryPoint","urlTemplate":"https:\/\/www.copealcoy.es\/es\/?s={search_term_string}"},"query-input":{"@type":"PropertyValueSpecification","valueRequired":true,"valueName":"search_term_string"}}],"inLanguage":"es"},{"@type":"Person","@id":"https:\/\/www.copealcoy.es\/es\/#\/schema\/person\/e777c87fa024e57d40170af9df39882c","name":"Cope Alcoy","image":{"@type":"ImageObject","inLanguage":"es","@id":"https:\/\/secure.gravatar.com\/avatar\/bb65d0283347e303893ba14f0692005417c1e0e690a325a4c5d8bb2b3943ee14?s=96&d=mm&r=g","url":"https:\/\/secure.gravatar.com\/avatar\/bb65d0283347e303893ba14f0692005417c1e0e690a325a4c5d8bb2b3943ee14?s=96&d=mm&r=g","contentUrl":"https:\/\/secure.gravatar.com\/avatar\/bb65d0283347e303893ba14f0692005417c1e0e690a325a4c5d8bb2b3943ee14?s=96&d=mm&r=g","caption":"Cope Alcoy"}}]}},"_links":{"self":[{"href":"https:\/\/www.copealcoy.es\/es\/wp-json\/wp\/v2\/posts\/60439","targetHints":{"allow":["GET"]}}],"collection":[{"href":"https:\/\/www.copealcoy.es\/es\/wp-json\/wp\/v2\/posts"}],"about":[{"href":"https:\/\/www.copealcoy.es\/es\/wp-json\/wp\/v2\/types\/post"}],"author":[{"embeddable":true,"href":"https:\/\/www.copealcoy.es\/es\/wp-json\/wp\/v2\/users\/1"}],"replies":[{"embeddable":true,"href":"https:\/\/www.copealcoy.es\/es\/wp-json\/wp\/v2\/comments?post=60439"}],"version-history":[{"count":0,"href":"https:\/\/www.copealcoy.es\/es\/wp-json\/wp\/v2\/posts\/60439\/revisions"}],"wp:featuredmedia":[{"embeddable":true,"href":"https:\/\/www.copealcoy.es\/es\/wp-json\/wp\/v2\/media\/45502"}],"wp:attachment":[{"href":"https:\/\/www.copealcoy.es\/es\/wp-json\/wp\/v2\/media?parent=60439"}],"wp:term":[{"taxonomy":"category","embeddable":true,"href":"https:\/\/www.copealcoy.es\/es\/wp-json\/wp\/v2\/categories?post=60439"},{"taxonomy":"post_tag","embeddable":true,"href":"https:\/\/www.copealcoy.es\/es\/wp-json\/wp\/v2\/tags?post=60439"}],"curies":[{"name":"wp","href":"https:\/\/api.w.org\/{rel}","templated":true}]}}