{"id":60407,"date":"2020-02-27T17:33:32","date_gmt":"2020-02-27T17:33:32","guid":{"rendered":"https:\/\/www.copealcoy.es\/?p=60407"},"modified":"2020-02-27T17:33:32","modified_gmt":"2020-02-27T17:33:32","slug":"cocentaina-incorpora-el-portal-de-empleo-de-la-manco-a-la-web-municipal","status":"publish","type":"post","link":"https:\/\/www.copealcoy.es\/es\/cocentaina-incorpora-el-portal-de-empleo-de-la-manco-a-la-web-municipal\/","title":{"rendered":"Cocentaina incorpora el portal de empleo de la Manco a la web municipal"},"content":{"rendered":"<p style=\"text-align: justify;\">El Ayuntamiento de Cocentaina <strong>ha incorporado a la web municipal<\/strong> el reci\u00e9n creado <strong>portal de empleo<\/strong> de la Mancomunidad de l&#8217;Alcoi\u00e0 y el Comtat.<\/p>\n<p style=\"text-align: justify;\">Este portal de car\u00e1cter supramunicipal, ha sido lanzado con <strong>la intenci\u00f3n de dar visibilidad a las diferentes ofertas laborales<\/strong> que surgen por parte de organismos y empresas. De esta forma <strong>se pretende facilitar que estas puedan encontrar las personas candidatas<\/strong> <strong>adecuadas<\/strong> a los puestos de trabajos que requieren &#8220;<em>para Cocentaina, as\u00ed como para todos los municipios de la Mancomunidad, la disposici\u00f3n de un portal de empleo es una herramienta fundamental para ayudar a la gente de nuestro territorio a encontrar trabajo de una forma m\u00e1s r\u00e1pida y sencilla. La carencia de este servicio ocasionaba que muchos de los puestos de trabajo que se ofrec\u00edan a escala comarcal no ten\u00edan la suficiente visibilidad y eran desconocidos para la gente: este servicio trata de poner soluci\u00f3n a este problem<\/em>a&#8221;, afirman los ediles <strong>Ivan Jover y Antonio Hern\u00e1ndez<\/strong>.<\/p>\n<p style=\"text-align: justify;\">La plataforma cuenta <strong>con diferentes secciones dirigidas a empresas, emprendedores y demandantes de empleo<\/strong> y, adem\u00e1s, ofrece <strong>un asesoramiento personalizado<\/strong> por parte del Agente de Desarrollo Local (ADL) que ha sido incorporada recientemente.<\/p>\n","protected":false},"excerpt":{"rendered":"<p>El Ayuntamiento de Cocentaina ha incorporado a la web municipal el reci\u00e9n creado portal de empleo de la Mancomunidad de&#8230;<\/p>\n","protected":false},"author":1,"featured_media":39078,"comment_status":"open","ping_status":"open","sticky":false,"template":"","format":"standard","meta":{"footnotes":""},"categories":[98,75],"tags":[132,1745,7220],"class_list":["post-60407","post","type-post","status-publish","format-standard","has-post-thumbnail","hentry","category-comarcas","category-noticias","tag-cocentaina","tag-mancomunitat","tag-portal-de-empleo"],"yoast_head":"<!-- This site is optimized with the Yoast SEO plugin v27.3 - https:\/\/yoast.com\/product\/yoast-seo-wordpress\/ -->\n<title>Cocentaina incorpora el portal de empleo de la Manco a la web municipal - COPE Alcoy<\/title>\n<meta name=\"robots\" content=\"index, follow, max-snippet:-1, max-image-preview:large, max-video-preview:-1\" \/>\n<link rel=\"canonical\" href=\"https:\/\/www.copealcoy.es\/es\/cocentaina-incorpora-el-portal-de-empleo-de-la-manco-a-la-web-municipal\/\" \/>\n<meta property=\"og:locale\" content=\"es_ES\" \/>\n<meta property=\"og:type\" content=\"article\" \/>\n<meta property=\"og:title\" content=\"Cocentaina incorpora el portal de empleo de la Manco a la web municipal - COPE Alcoy\" \/>\n<meta property=\"og:description\" content=\"El Ayuntamiento de Cocentaina ha incorporado a la web municipal el reci\u00e9n creado portal de empleo de la Mancomunidad de...\" \/>\n<meta property=\"og:url\" content=\"https:\/\/www.copealcoy.es\/es\/cocentaina-incorpora-el-portal-de-empleo-de-la-manco-a-la-web-municipal\/\" \/>\n<meta property=\"og:site_name\" content=\"COPE Alcoy\" \/>\n<meta property=\"article:published_time\" content=\"2020-02-27T17:33:32+00:00\" \/>\n<meta property=\"og:image\" content=\"https:\/\/www.copealcoy.es\/wp-content\/uploads\/2018\/02\/Web-Cocentaina.jpg\" \/>\n\t<meta property=\"og:image:width\" content=\"660\" \/>\n\t<meta property=\"og:image:height\" content=\"330\" \/>\n\t<meta property=\"og:image:type\" content=\"image\/jpeg\" \/>\n<meta name=\"author\" content=\"Cope Alcoy\" \/>\n<meta name=\"twitter:label1\" content=\"Escrito por\" \/>\n\t<meta name=\"twitter:data1\" content=\"Cope Alcoy\" \/>\n\t<meta name=\"twitter:label2\" content=\"Tiempo de lectura\" \/>\n\t<meta name=\"twitter:data2\" content=\"1 minuto\" \/>\n<script type=\"application\/ld+json\" class=\"yoast-schema-graph\">{\"@context\":\"https:\\\/\\\/schema.org\",\"@graph\":[{\"@type\":\"Article\",\"@id\":\"https:\\\/\\\/www.copealcoy.es\\\/es\\\/cocentaina-incorpora-el-portal-de-empleo-de-la-manco-a-la-web-municipal\\\/#article\",\"isPartOf\":{\"@id\":\"https:\\\/\\\/www.copealcoy.es\\\/es\\\/cocentaina-incorpora-el-portal-de-empleo-de-la-manco-a-la-web-municipal\\\/\"},\"author\":{\"name\":\"Cope Alcoy\",\"@id\":\"https:\\\/\\\/www.copealcoy.es\\\/es\\\/#\\\/schema\\\/person\\\/e777c87fa024e57d40170af9df39882c\"},\"headline\":\"Cocentaina incorpora el portal de empleo de la Manco a la web municipal\",\"datePublished\":\"2020-02-27T17:33:32+00:00\",\"mainEntityOfPage\":{\"@id\":\"https:\\\/\\\/www.copealcoy.es\\\/es\\\/cocentaina-incorpora-el-portal-de-empleo-de-la-manco-a-la-web-municipal\\\/\"},\"wordCount\":217,\"commentCount\":0,\"image\":{\"@id\":\"https:\\\/\\\/www.copealcoy.es\\\/es\\\/cocentaina-incorpora-el-portal-de-empleo-de-la-manco-a-la-web-municipal\\\/#primaryimage\"},\"thumbnailUrl\":\"https:\\\/\\\/www.copealcoy.es\\\/wp-content\\\/uploads\\\/2018\\\/02\\\/Web-Cocentaina.jpg\",\"keywords\":[\"Cocentaina\",\"Mancomunitat\",\"portal de empleo\"],\"articleSection\":[\"Comarcas\",\"Noticias\"],\"inLanguage\":\"es\"},{\"@type\":\"WebPage\",\"@id\":\"https:\\\/\\\/www.copealcoy.es\\\/es\\\/cocentaina-incorpora-el-portal-de-empleo-de-la-manco-a-la-web-municipal\\\/\",\"url\":\"https:\\\/\\\/www.copealcoy.es\\\/es\\\/cocentaina-incorpora-el-portal-de-empleo-de-la-manco-a-la-web-municipal\\\/\",\"name\":\"Cocentaina incorpora el portal de empleo de la Manco a la web municipal - COPE Alcoy\",\"isPartOf\":{\"@id\":\"https:\\\/\\\/www.copealcoy.es\\\/es\\\/#website\"},\"primaryImageOfPage\":{\"@id\":\"https:\\\/\\\/www.copealcoy.es\\\/es\\\/cocentaina-incorpora-el-portal-de-empleo-de-la-manco-a-la-web-municipal\\\/#primaryimage\"},\"image\":{\"@id\":\"https:\\\/\\\/www.copealcoy.es\\\/es\\\/cocentaina-incorpora-el-portal-de-empleo-de-la-manco-a-la-web-municipal\\\/#primaryimage\"},\"thumbnailUrl\":\"https:\\\/\\\/www.copealcoy.es\\\/wp-content\\\/uploads\\\/2018\\\/02\\\/Web-Cocentaina.jpg\",\"datePublished\":\"2020-02-27T17:33:32+00:00\",\"author\":{\"@id\":\"https:\\\/\\\/www.copealcoy.es\\\/es\\\/#\\\/schema\\\/person\\\/e777c87fa024e57d40170af9df39882c\"},\"breadcrumb\":{\"@id\":\"https:\\\/\\\/www.copealcoy.es\\\/es\\\/cocentaina-incorpora-el-portal-de-empleo-de-la-manco-a-la-web-municipal\\\/#breadcrumb\"},\"inLanguage\":\"es\",\"potentialAction\":[{\"@type\":\"ReadAction\",\"target\":[\"https:\\\/\\\/www.copealcoy.es\\\/es\\\/cocentaina-incorpora-el-portal-de-empleo-de-la-manco-a-la-web-municipal\\\/\"]}]},{\"@type\":\"ImageObject\",\"inLanguage\":\"es\",\"@id\":\"https:\\\/\\\/www.copealcoy.es\\\/es\\\/cocentaina-incorpora-el-portal-de-empleo-de-la-manco-a-la-web-municipal\\\/#primaryimage\",\"url\":\"https:\\\/\\\/www.copealcoy.es\\\/wp-content\\\/uploads\\\/2018\\\/02\\\/Web-Cocentaina.jpg\",\"contentUrl\":\"https:\\\/\\\/www.copealcoy.es\\\/wp-content\\\/uploads\\\/2018\\\/02\\\/Web-Cocentaina.jpg\",\"width\":660,\"height\":330,\"caption\":\"Detalle de la nueva web del Ayuntamiento \\\/ Foto: Ajuntament de Cocentaina\"},{\"@type\":\"BreadcrumbList\",\"@id\":\"https:\\\/\\\/www.copealcoy.es\\\/es\\\/cocentaina-incorpora-el-portal-de-empleo-de-la-manco-a-la-web-municipal\\\/#breadcrumb\",\"itemListElement\":[{\"@type\":\"ListItem\",\"position\":1,\"name\":\"Portada\",\"item\":\"https:\\\/\\\/www.copealcoy.es\\\/es\\\/\"},{\"@type\":\"ListItem\",\"position\":2,\"name\":\"Cocentaina incorpora el portal de empleo de la Manco a la web municipal\"}]},{\"@type\":\"WebSite\",\"@id\":\"https:\\\/\\\/www.copealcoy.es\\\/es\\\/#website\",\"url\":\"https:\\\/\\\/www.copealcoy.es\\\/es\\\/\",\"name\":\"COPE Alcoy\",\"description\":\"Emisora COPE de radio local con emisi\u00f3n online. Pont de Sant Jordi 8-10 03803 Alcoy\",\"potentialAction\":[{\"@type\":\"SearchAction\",\"target\":{\"@type\":\"EntryPoint\",\"urlTemplate\":\"https:\\\/\\\/www.copealcoy.es\\\/es\\\/?s={search_term_string}\"},\"query-input\":{\"@type\":\"PropertyValueSpecification\",\"valueRequired\":true,\"valueName\":\"search_term_string\"}}],\"inLanguage\":\"es\"},{\"@type\":\"Person\",\"@id\":\"https:\\\/\\\/www.copealcoy.es\\\/es\\\/#\\\/schema\\\/person\\\/e777c87fa024e57d40170af9df39882c\",\"name\":\"Cope Alcoy\",\"image\":{\"@type\":\"ImageObject\",\"inLanguage\":\"es\",\"@id\":\"https:\\\/\\\/secure.gravatar.com\\\/avatar\\\/bb65d0283347e303893ba14f0692005417c1e0e690a325a4c5d8bb2b3943ee14?s=96&d=mm&r=g\",\"url\":\"https:\\\/\\\/secure.gravatar.com\\\/avatar\\\/bb65d0283347e303893ba14f0692005417c1e0e690a325a4c5d8bb2b3943ee14?s=96&d=mm&r=g\",\"contentUrl\":\"https:\\\/\\\/secure.gravatar.com\\\/avatar\\\/bb65d0283347e303893ba14f0692005417c1e0e690a325a4c5d8bb2b3943ee14?s=96&d=mm&r=g\",\"caption\":\"Cope Alcoy\"}}]}<\/script>\n<!-- \/ Yoast SEO plugin. -->","yoast_head_json":{"title":"Cocentaina incorpora el portal de empleo de la Manco a la web municipal - COPE Alcoy","robots":{"index":"index","follow":"follow","max-snippet":"max-snippet:-1","max-image-preview":"max-image-preview:large","max-video-preview":"max-video-preview:-1"},"canonical":"https:\/\/www.copealcoy.es\/es\/cocentaina-incorpora-el-portal-de-empleo-de-la-manco-a-la-web-municipal\/","og_locale":"es_ES","og_type":"article","og_title":"Cocentaina incorpora el portal de empleo de la Manco a la web municipal - COPE Alcoy","og_description":"El Ayuntamiento de Cocentaina ha incorporado a la web municipal el reci\u00e9n creado portal de empleo de la Mancomunidad de...","og_url":"https:\/\/www.copealcoy.es\/es\/cocentaina-incorpora-el-portal-de-empleo-de-la-manco-a-la-web-municipal\/","og_site_name":"COPE Alcoy","article_published_time":"2020-02-27T17:33:32+00:00","og_image":[{"width":660,"height":330,"url":"https:\/\/www.copealcoy.es\/wp-content\/uploads\/2018\/02\/Web-Cocentaina.jpg","type":"image\/jpeg"}],"author":"Cope Alcoy","twitter_misc":{"Escrito por":"Cope Alcoy","Tiempo de lectura":"1 minuto"},"schema":{"@context":"https:\/\/schema.org","@graph":[{"@type":"Article","@id":"https:\/\/www.copealcoy.es\/es\/cocentaina-incorpora-el-portal-de-empleo-de-la-manco-a-la-web-municipal\/#article","isPartOf":{"@id":"https:\/\/www.copealcoy.es\/es\/cocentaina-incorpora-el-portal-de-empleo-de-la-manco-a-la-web-municipal\/"},"author":{"name":"Cope Alcoy","@id":"https:\/\/www.copealcoy.es\/es\/#\/schema\/person\/e777c87fa024e57d40170af9df39882c"},"headline":"Cocentaina incorpora el portal de empleo de la Manco a la web municipal","datePublished":"2020-02-27T17:33:32+00:00","mainEntityOfPage":{"@id":"https:\/\/www.copealcoy.es\/es\/cocentaina-incorpora-el-portal-de-empleo-de-la-manco-a-la-web-municipal\/"},"wordCount":217,"commentCount":0,"image":{"@id":"https:\/\/www.copealcoy.es\/es\/cocentaina-incorpora-el-portal-de-empleo-de-la-manco-a-la-web-municipal\/#primaryimage"},"thumbnailUrl":"https:\/\/www.copealcoy.es\/wp-content\/uploads\/2018\/02\/Web-Cocentaina.jpg","keywords":["Cocentaina","Mancomunitat","portal de empleo"],"articleSection":["Comarcas","Noticias"],"inLanguage":"es"},{"@type":"WebPage","@id":"https:\/\/www.copealcoy.es\/es\/cocentaina-incorpora-el-portal-de-empleo-de-la-manco-a-la-web-municipal\/","url":"https:\/\/www.copealcoy.es\/es\/cocentaina-incorpora-el-portal-de-empleo-de-la-manco-a-la-web-municipal\/","name":"Cocentaina incorpora el portal de empleo de la Manco a la web municipal - COPE Alcoy","isPartOf":{"@id":"https:\/\/www.copealcoy.es\/es\/#website"},"primaryImageOfPage":{"@id":"https:\/\/www.copealcoy.es\/es\/cocentaina-incorpora-el-portal-de-empleo-de-la-manco-a-la-web-municipal\/#primaryimage"},"image":{"@id":"https:\/\/www.copealcoy.es\/es\/cocentaina-incorpora-el-portal-de-empleo-de-la-manco-a-la-web-municipal\/#primaryimage"},"thumbnailUrl":"https:\/\/www.copealcoy.es\/wp-content\/uploads\/2018\/02\/Web-Cocentaina.jpg","datePublished":"2020-02-27T17:33:32+00:00","author":{"@id":"https:\/\/www.copealcoy.es\/es\/#\/schema\/person\/e777c87fa024e57d40170af9df39882c"},"breadcrumb":{"@id":"https:\/\/www.copealcoy.es\/es\/cocentaina-incorpora-el-portal-de-empleo-de-la-manco-a-la-web-municipal\/#breadcrumb"},"inLanguage":"es","potentialAction":[{"@type":"ReadAction","target":["https:\/\/www.copealcoy.es\/es\/cocentaina-incorpora-el-portal-de-empleo-de-la-manco-a-la-web-municipal\/"]}]},{"@type":"ImageObject","inLanguage":"es","@id":"https:\/\/www.copealcoy.es\/es\/cocentaina-incorpora-el-portal-de-empleo-de-la-manco-a-la-web-municipal\/#primaryimage","url":"https:\/\/www.copealcoy.es\/wp-content\/uploads\/2018\/02\/Web-Cocentaina.jpg","contentUrl":"https:\/\/www.copealcoy.es\/wp-content\/uploads\/2018\/02\/Web-Cocentaina.jpg","width":660,"height":330,"caption":"Detalle de la nueva web del Ayuntamiento \/ Foto: Ajuntament de Cocentaina"},{"@type":"BreadcrumbList","@id":"https:\/\/www.copealcoy.es\/es\/cocentaina-incorpora-el-portal-de-empleo-de-la-manco-a-la-web-municipal\/#breadcrumb","itemListElement":[{"@type":"ListItem","position":1,"name":"Portada","item":"https:\/\/www.copealcoy.es\/es\/"},{"@type":"ListItem","position":2,"name":"Cocentaina incorpora el portal de empleo de la Manco a la web municipal"}]},{"@type":"WebSite","@id":"https:\/\/www.copealcoy.es\/es\/#website","url":"https:\/\/www.copealcoy.es\/es\/","name":"COPE Alcoy","description":"Emisora COPE de radio local con emisi\u00f3n online. Pont de Sant Jordi 8-10 03803 Alcoy","potentialAction":[{"@type":"SearchAction","target":{"@type":"EntryPoint","urlTemplate":"https:\/\/www.copealcoy.es\/es\/?s={search_term_string}"},"query-input":{"@type":"PropertyValueSpecification","valueRequired":true,"valueName":"search_term_string"}}],"inLanguage":"es"},{"@type":"Person","@id":"https:\/\/www.copealcoy.es\/es\/#\/schema\/person\/e777c87fa024e57d40170af9df39882c","name":"Cope Alcoy","image":{"@type":"ImageObject","inLanguage":"es","@id":"https:\/\/secure.gravatar.com\/avatar\/bb65d0283347e303893ba14f0692005417c1e0e690a325a4c5d8bb2b3943ee14?s=96&d=mm&r=g","url":"https:\/\/secure.gravatar.com\/avatar\/bb65d0283347e303893ba14f0692005417c1e0e690a325a4c5d8bb2b3943ee14?s=96&d=mm&r=g","contentUrl":"https:\/\/secure.gravatar.com\/avatar\/bb65d0283347e303893ba14f0692005417c1e0e690a325a4c5d8bb2b3943ee14?s=96&d=mm&r=g","caption":"Cope Alcoy"}}]}},"_links":{"self":[{"href":"https:\/\/www.copealcoy.es\/es\/wp-json\/wp\/v2\/posts\/60407","targetHints":{"allow":["GET"]}}],"collection":[{"href":"https:\/\/www.copealcoy.es\/es\/wp-json\/wp\/v2\/posts"}],"about":[{"href":"https:\/\/www.copealcoy.es\/es\/wp-json\/wp\/v2\/types\/post"}],"author":[{"embeddable":true,"href":"https:\/\/www.copealcoy.es\/es\/wp-json\/wp\/v2\/users\/1"}],"replies":[{"embeddable":true,"href":"https:\/\/www.copealcoy.es\/es\/wp-json\/wp\/v2\/comments?post=60407"}],"version-history":[{"count":0,"href":"https:\/\/www.copealcoy.es\/es\/wp-json\/wp\/v2\/posts\/60407\/revisions"}],"wp:featuredmedia":[{"embeddable":true,"href":"https:\/\/www.copealcoy.es\/es\/wp-json\/wp\/v2\/media\/39078"}],"wp:attachment":[{"href":"https:\/\/www.copealcoy.es\/es\/wp-json\/wp\/v2\/media?parent=60407"}],"wp:term":[{"taxonomy":"category","embeddable":true,"href":"https:\/\/www.copealcoy.es\/es\/wp-json\/wp\/v2\/categories?post=60407"},{"taxonomy":"post_tag","embeddable":true,"href":"https:\/\/www.copealcoy.es\/es\/wp-json\/wp\/v2\/tags?post=60407"}],"curies":[{"name":"wp","href":"https:\/\/api.w.org\/{rel}","templated":true}]}}