{"id":60391,"date":"2020-02-28T10:04:21","date_gmt":"2020-02-28T10:04:21","guid":{"rendered":"https:\/\/www.copealcoy.es\/?p=60391"},"modified":"2020-02-28T10:04:21","modified_gmt":"2020-02-28T10:04:21","slug":"agora-emprenedors-atendio-a-51-personas-en-el-segundo-semestre-de-2019","status":"publish","type":"post","link":"https:\/\/www.copealcoy.es\/es\/agora-emprenedors-atendio-a-51-personas-en-el-segundo-semestre-de-2019\/","title":{"rendered":"&#8220;\u00c0gora Emprenedors&#8221; atendi\u00f3 a 51 personas en el segundo semestre de 2019"},"content":{"rendered":"<p style=\"text-align: justify;\">El <strong>Programa \u2018\u00c0gora Emprenedors\u2019<\/strong>, realizado conjuntamente por <strong>el CEEI Alcoy-Valencia y la concejal\u00eda de Empleo y Empresa<\/strong> del Ayuntamiento, atendi\u00f3\u00a0en el segundo semestre del 2019 <strong>a un total de 51 personas<\/strong>, interesadas en obtener informaci\u00f3n de cara a iniciar un negocio. Por edades, <strong>el mayor grupo corresponde a los mayores de 41 a\u00f1os<\/strong>, que <strong>representan un 53% del total<\/strong>. Las actividades en las que quieren iniciar negocio <strong>son de lo m\u00e1s variadas<\/strong> y van desde <strong>las iniciativas m\u00e1s tecnol\u00f3gicas<\/strong> como los productos 3D pasando por <strong>la consultor\u00eda<\/strong>, <strong>los productos agro- pecuarios<\/strong>, <strong>los negocios online<\/strong>, <strong>las profesiones liberales<\/strong>, <strong>la hosteler\u00eda o la moda<\/strong>, entre muchos otros.<\/p>\n<p style=\"text-align: justify;\">El concejal de Empresa, <strong>Alberto Belda<\/strong>, destaca <strong>la importancia de esta informaci\u00f3n estad\u00edstica<\/strong> para seguir desarrollando <strong>pol\u00edticas eficaces de emprendimiento<\/strong>. Adem\u00e1s valora positivamente <strong>el trabajo que se realiza en el \u00c1gora<\/strong> &#8220;<em>hemos atendido, en el segundo semestre del 2019, a m\u00e1s de 50 emprendedores, personas en su mayor\u00eda de entre 41 y 50 a\u00f1os que destacan la motivaci\u00f3n como el motivo de querer iniciar un negocio. Unos datos importantes, fruto del trabajo realizado, cuyo estudio nos permite saber donde hay que concentrar los esfuerzo e las pol\u00edticas de emprendimiento y c\u00f3mo podemos ayudar a un n\u00famero mayor de personas a iniciar un proyecto empresarial<\/em>&#8220;, afirma.<\/p>\n<p style=\"text-align: justify;\">Indicar que, entre los datos, se revela que\u00a0<strong>el principal motivo por lo que estas personas quieren emprender<\/strong>, en la mayor\u00eda de los casos, un 70% destaca la motivaci\u00f3n, un 20% asegura, en cambio, que es por oportunidad y solo un 10% indica que es por necesidad.<\/p>\n","protected":false},"excerpt":{"rendered":"<p>El Programa \u2018\u00c0gora Emprenedors\u2019, realizado conjuntamente por el CEEI Alcoy-Valencia y la concejal\u00eda de Empleo y Empresa del Ayuntamiento, atendi\u00f3\u00a0en&#8230;<\/p>\n","protected":false},"author":1,"featured_media":17655,"comment_status":"open","ping_status":"open","sticky":false,"template":"","format":"standard","meta":{"footnotes":""},"categories":[97,75,79],"tags":[7225,7226,1752,1494,7227],"class_list":["post-60391","post","type-post","status-publish","format-standard","has-post-thumbnail","hentry","category-alcoy","category-noticias","category-politicayeconomia","tag-51-personas","tag-agora-emprenedors","tag-alberto-belda","tag-alcoy","tag-segundo-semestre-2019"],"yoast_head":"<!-- This site is optimized with the Yoast SEO plugin v27.3 - https:\/\/yoast.com\/product\/yoast-seo-wordpress\/ -->\n<title>&quot;\u00c0gora Emprenedors&quot; atendi\u00f3 a 51 personas en el segundo semestre de 2019 - COPE Alcoy<\/title>\n<meta name=\"robots\" content=\"index, follow, max-snippet:-1, max-image-preview:large, max-video-preview:-1\" \/>\n<link rel=\"canonical\" href=\"https:\/\/www.copealcoy.es\/es\/agora-emprenedors-atendio-a-51-personas-en-el-segundo-semestre-de-2019\/\" \/>\n<meta property=\"og:locale\" content=\"es_ES\" \/>\n<meta property=\"og:type\" content=\"article\" \/>\n<meta property=\"og:title\" content=\"&quot;\u00c0gora Emprenedors&quot; atendi\u00f3 a 51 personas en el segundo semestre de 2019 - COPE Alcoy\" \/>\n<meta property=\"og:description\" content=\"El Programa \u2018\u00c0gora Emprenedors\u2019, realizado conjuntamente por el CEEI Alcoy-Valencia y la concejal\u00eda de Empleo y Empresa del Ayuntamiento, atendi\u00f3\u00a0en...\" \/>\n<meta property=\"og:url\" content=\"https:\/\/www.copealcoy.es\/es\/agora-emprenedors-atendio-a-51-personas-en-el-segundo-semestre-de-2019\/\" \/>\n<meta property=\"og:site_name\" content=\"COPE Alcoy\" \/>\n<meta property=\"article:published_time\" content=\"2020-02-28T10:04:21+00:00\" \/>\n<meta property=\"og:image\" content=\"https:\/\/www.copealcoy.es\/wp-content\/uploads\/2015\/12\/agora-alcoi-1.jpg\" \/>\n\t<meta property=\"og:image:width\" content=\"960\" \/>\n\t<meta property=\"og:image:height\" content=\"600\" \/>\n\t<meta property=\"og:image:type\" content=\"image\/jpeg\" \/>\n<meta name=\"author\" content=\"Cope Alcoy\" \/>\n<meta name=\"twitter:label1\" content=\"Escrito por\" \/>\n\t<meta name=\"twitter:data1\" content=\"Cope Alcoy\" \/>\n\t<meta name=\"twitter:label2\" content=\"Tiempo de lectura\" \/>\n\t<meta name=\"twitter:data2\" content=\"1 minuto\" \/>\n<script type=\"application\/ld+json\" class=\"yoast-schema-graph\">{\"@context\":\"https:\\\/\\\/schema.org\",\"@graph\":[{\"@type\":\"Article\",\"@id\":\"https:\\\/\\\/www.copealcoy.es\\\/es\\\/agora-emprenedors-atendio-a-51-personas-en-el-segundo-semestre-de-2019\\\/#article\",\"isPartOf\":{\"@id\":\"https:\\\/\\\/www.copealcoy.es\\\/es\\\/agora-emprenedors-atendio-a-51-personas-en-el-segundo-semestre-de-2019\\\/\"},\"author\":{\"name\":\"Cope Alcoy\",\"@id\":\"https:\\\/\\\/www.copealcoy.es\\\/es\\\/#\\\/schema\\\/person\\\/e777c87fa024e57d40170af9df39882c\"},\"headline\":\"&#8220;\u00c0gora Emprenedors&#8221; atendi\u00f3 a 51 personas en el segundo semestre de 2019\",\"datePublished\":\"2020-02-28T10:04:21+00:00\",\"mainEntityOfPage\":{\"@id\":\"https:\\\/\\\/www.copealcoy.es\\\/es\\\/agora-emprenedors-atendio-a-51-personas-en-el-segundo-semestre-de-2019\\\/\"},\"wordCount\":278,\"commentCount\":0,\"image\":{\"@id\":\"https:\\\/\\\/www.copealcoy.es\\\/es\\\/agora-emprenedors-atendio-a-51-personas-en-el-segundo-semestre-de-2019\\\/#primaryimage\"},\"thumbnailUrl\":\"https:\\\/\\\/www.copealcoy.es\\\/wp-content\\\/uploads\\\/2015\\\/12\\\/agora-alcoi-1.jpg\",\"keywords\":[\"51 personas\",\"\u00c0gora Emprenedors\",\"Alberto Belda\",\"Alcoy\",\"segundo semestre 2019\"],\"articleSection\":[\"Alcoy\",\"Noticias\",\"Pol\u00edtica y Econom\u00eda\"],\"inLanguage\":\"es\"},{\"@type\":\"WebPage\",\"@id\":\"https:\\\/\\\/www.copealcoy.es\\\/es\\\/agora-emprenedors-atendio-a-51-personas-en-el-segundo-semestre-de-2019\\\/\",\"url\":\"https:\\\/\\\/www.copealcoy.es\\\/es\\\/agora-emprenedors-atendio-a-51-personas-en-el-segundo-semestre-de-2019\\\/\",\"name\":\"\\\"\u00c0gora Emprenedors\\\" atendi\u00f3 a 51 personas en el segundo semestre de 2019 - COPE Alcoy\",\"isPartOf\":{\"@id\":\"https:\\\/\\\/www.copealcoy.es\\\/es\\\/#website\"},\"primaryImageOfPage\":{\"@id\":\"https:\\\/\\\/www.copealcoy.es\\\/es\\\/agora-emprenedors-atendio-a-51-personas-en-el-segundo-semestre-de-2019\\\/#primaryimage\"},\"image\":{\"@id\":\"https:\\\/\\\/www.copealcoy.es\\\/es\\\/agora-emprenedors-atendio-a-51-personas-en-el-segundo-semestre-de-2019\\\/#primaryimage\"},\"thumbnailUrl\":\"https:\\\/\\\/www.copealcoy.es\\\/wp-content\\\/uploads\\\/2015\\\/12\\\/agora-alcoi-1.jpg\",\"datePublished\":\"2020-02-28T10:04:21+00:00\",\"author\":{\"@id\":\"https:\\\/\\\/www.copealcoy.es\\\/es\\\/#\\\/schema\\\/person\\\/e777c87fa024e57d40170af9df39882c\"},\"breadcrumb\":{\"@id\":\"https:\\\/\\\/www.copealcoy.es\\\/es\\\/agora-emprenedors-atendio-a-51-personas-en-el-segundo-semestre-de-2019\\\/#breadcrumb\"},\"inLanguage\":\"es\",\"potentialAction\":[{\"@type\":\"ReadAction\",\"target\":[\"https:\\\/\\\/www.copealcoy.es\\\/es\\\/agora-emprenedors-atendio-a-51-personas-en-el-segundo-semestre-de-2019\\\/\"]}]},{\"@type\":\"ImageObject\",\"inLanguage\":\"es\",\"@id\":\"https:\\\/\\\/www.copealcoy.es\\\/es\\\/agora-emprenedors-atendio-a-51-personas-en-el-segundo-semestre-de-2019\\\/#primaryimage\",\"url\":\"https:\\\/\\\/www.copealcoy.es\\\/wp-content\\\/uploads\\\/2015\\\/12\\\/agora-alcoi-1.jpg\",\"contentUrl\":\"https:\\\/\\\/www.copealcoy.es\\\/wp-content\\\/uploads\\\/2015\\\/12\\\/agora-alcoi-1.jpg\",\"width\":960,\"height\":600},{\"@type\":\"BreadcrumbList\",\"@id\":\"https:\\\/\\\/www.copealcoy.es\\\/es\\\/agora-emprenedors-atendio-a-51-personas-en-el-segundo-semestre-de-2019\\\/#breadcrumb\",\"itemListElement\":[{\"@type\":\"ListItem\",\"position\":1,\"name\":\"Portada\",\"item\":\"https:\\\/\\\/www.copealcoy.es\\\/es\\\/\"},{\"@type\":\"ListItem\",\"position\":2,\"name\":\"&#8220;\u00c0gora Emprenedors&#8221; atendi\u00f3 a 51 personas en el segundo semestre de 2019\"}]},{\"@type\":\"WebSite\",\"@id\":\"https:\\\/\\\/www.copealcoy.es\\\/es\\\/#website\",\"url\":\"https:\\\/\\\/www.copealcoy.es\\\/es\\\/\",\"name\":\"COPE Alcoy\",\"description\":\"Emisora COPE de radio local con emisi\u00f3n online. Pont de Sant Jordi 8-10 03803 Alcoy\",\"potentialAction\":[{\"@type\":\"SearchAction\",\"target\":{\"@type\":\"EntryPoint\",\"urlTemplate\":\"https:\\\/\\\/www.copealcoy.es\\\/es\\\/?s={search_term_string}\"},\"query-input\":{\"@type\":\"PropertyValueSpecification\",\"valueRequired\":true,\"valueName\":\"search_term_string\"}}],\"inLanguage\":\"es\"},{\"@type\":\"Person\",\"@id\":\"https:\\\/\\\/www.copealcoy.es\\\/es\\\/#\\\/schema\\\/person\\\/e777c87fa024e57d40170af9df39882c\",\"name\":\"Cope Alcoy\",\"image\":{\"@type\":\"ImageObject\",\"inLanguage\":\"es\",\"@id\":\"https:\\\/\\\/secure.gravatar.com\\\/avatar\\\/bb65d0283347e303893ba14f0692005417c1e0e690a325a4c5d8bb2b3943ee14?s=96&d=mm&r=g\",\"url\":\"https:\\\/\\\/secure.gravatar.com\\\/avatar\\\/bb65d0283347e303893ba14f0692005417c1e0e690a325a4c5d8bb2b3943ee14?s=96&d=mm&r=g\",\"contentUrl\":\"https:\\\/\\\/secure.gravatar.com\\\/avatar\\\/bb65d0283347e303893ba14f0692005417c1e0e690a325a4c5d8bb2b3943ee14?s=96&d=mm&r=g\",\"caption\":\"Cope Alcoy\"}}]}<\/script>\n<!-- \/ Yoast SEO plugin. -->","yoast_head_json":{"title":"\"\u00c0gora Emprenedors\" atendi\u00f3 a 51 personas en el segundo semestre de 2019 - COPE Alcoy","robots":{"index":"index","follow":"follow","max-snippet":"max-snippet:-1","max-image-preview":"max-image-preview:large","max-video-preview":"max-video-preview:-1"},"canonical":"https:\/\/www.copealcoy.es\/es\/agora-emprenedors-atendio-a-51-personas-en-el-segundo-semestre-de-2019\/","og_locale":"es_ES","og_type":"article","og_title":"\"\u00c0gora Emprenedors\" atendi\u00f3 a 51 personas en el segundo semestre de 2019 - COPE Alcoy","og_description":"El Programa \u2018\u00c0gora Emprenedors\u2019, realizado conjuntamente por el CEEI Alcoy-Valencia y la concejal\u00eda de Empleo y Empresa del Ayuntamiento, atendi\u00f3\u00a0en...","og_url":"https:\/\/www.copealcoy.es\/es\/agora-emprenedors-atendio-a-51-personas-en-el-segundo-semestre-de-2019\/","og_site_name":"COPE Alcoy","article_published_time":"2020-02-28T10:04:21+00:00","og_image":[{"width":960,"height":600,"url":"https:\/\/www.copealcoy.es\/wp-content\/uploads\/2015\/12\/agora-alcoi-1.jpg","type":"image\/jpeg"}],"author":"Cope Alcoy","twitter_misc":{"Escrito por":"Cope Alcoy","Tiempo de lectura":"1 minuto"},"schema":{"@context":"https:\/\/schema.org","@graph":[{"@type":"Article","@id":"https:\/\/www.copealcoy.es\/es\/agora-emprenedors-atendio-a-51-personas-en-el-segundo-semestre-de-2019\/#article","isPartOf":{"@id":"https:\/\/www.copealcoy.es\/es\/agora-emprenedors-atendio-a-51-personas-en-el-segundo-semestre-de-2019\/"},"author":{"name":"Cope Alcoy","@id":"https:\/\/www.copealcoy.es\/es\/#\/schema\/person\/e777c87fa024e57d40170af9df39882c"},"headline":"&#8220;\u00c0gora Emprenedors&#8221; atendi\u00f3 a 51 personas en el segundo semestre de 2019","datePublished":"2020-02-28T10:04:21+00:00","mainEntityOfPage":{"@id":"https:\/\/www.copealcoy.es\/es\/agora-emprenedors-atendio-a-51-personas-en-el-segundo-semestre-de-2019\/"},"wordCount":278,"commentCount":0,"image":{"@id":"https:\/\/www.copealcoy.es\/es\/agora-emprenedors-atendio-a-51-personas-en-el-segundo-semestre-de-2019\/#primaryimage"},"thumbnailUrl":"https:\/\/www.copealcoy.es\/wp-content\/uploads\/2015\/12\/agora-alcoi-1.jpg","keywords":["51 personas","\u00c0gora Emprenedors","Alberto Belda","Alcoy","segundo semestre 2019"],"articleSection":["Alcoy","Noticias","Pol\u00edtica y Econom\u00eda"],"inLanguage":"es"},{"@type":"WebPage","@id":"https:\/\/www.copealcoy.es\/es\/agora-emprenedors-atendio-a-51-personas-en-el-segundo-semestre-de-2019\/","url":"https:\/\/www.copealcoy.es\/es\/agora-emprenedors-atendio-a-51-personas-en-el-segundo-semestre-de-2019\/","name":"\"\u00c0gora Emprenedors\" atendi\u00f3 a 51 personas en el segundo semestre de 2019 - COPE Alcoy","isPartOf":{"@id":"https:\/\/www.copealcoy.es\/es\/#website"},"primaryImageOfPage":{"@id":"https:\/\/www.copealcoy.es\/es\/agora-emprenedors-atendio-a-51-personas-en-el-segundo-semestre-de-2019\/#primaryimage"},"image":{"@id":"https:\/\/www.copealcoy.es\/es\/agora-emprenedors-atendio-a-51-personas-en-el-segundo-semestre-de-2019\/#primaryimage"},"thumbnailUrl":"https:\/\/www.copealcoy.es\/wp-content\/uploads\/2015\/12\/agora-alcoi-1.jpg","datePublished":"2020-02-28T10:04:21+00:00","author":{"@id":"https:\/\/www.copealcoy.es\/es\/#\/schema\/person\/e777c87fa024e57d40170af9df39882c"},"breadcrumb":{"@id":"https:\/\/www.copealcoy.es\/es\/agora-emprenedors-atendio-a-51-personas-en-el-segundo-semestre-de-2019\/#breadcrumb"},"inLanguage":"es","potentialAction":[{"@type":"ReadAction","target":["https:\/\/www.copealcoy.es\/es\/agora-emprenedors-atendio-a-51-personas-en-el-segundo-semestre-de-2019\/"]}]},{"@type":"ImageObject","inLanguage":"es","@id":"https:\/\/www.copealcoy.es\/es\/agora-emprenedors-atendio-a-51-personas-en-el-segundo-semestre-de-2019\/#primaryimage","url":"https:\/\/www.copealcoy.es\/wp-content\/uploads\/2015\/12\/agora-alcoi-1.jpg","contentUrl":"https:\/\/www.copealcoy.es\/wp-content\/uploads\/2015\/12\/agora-alcoi-1.jpg","width":960,"height":600},{"@type":"BreadcrumbList","@id":"https:\/\/www.copealcoy.es\/es\/agora-emprenedors-atendio-a-51-personas-en-el-segundo-semestre-de-2019\/#breadcrumb","itemListElement":[{"@type":"ListItem","position":1,"name":"Portada","item":"https:\/\/www.copealcoy.es\/es\/"},{"@type":"ListItem","position":2,"name":"&#8220;\u00c0gora Emprenedors&#8221; atendi\u00f3 a 51 personas en el segundo semestre de 2019"}]},{"@type":"WebSite","@id":"https:\/\/www.copealcoy.es\/es\/#website","url":"https:\/\/www.copealcoy.es\/es\/","name":"COPE Alcoy","description":"Emisora COPE de radio local con emisi\u00f3n online. Pont de Sant Jordi 8-10 03803 Alcoy","potentialAction":[{"@type":"SearchAction","target":{"@type":"EntryPoint","urlTemplate":"https:\/\/www.copealcoy.es\/es\/?s={search_term_string}"},"query-input":{"@type":"PropertyValueSpecification","valueRequired":true,"valueName":"search_term_string"}}],"inLanguage":"es"},{"@type":"Person","@id":"https:\/\/www.copealcoy.es\/es\/#\/schema\/person\/e777c87fa024e57d40170af9df39882c","name":"Cope Alcoy","image":{"@type":"ImageObject","inLanguage":"es","@id":"https:\/\/secure.gravatar.com\/avatar\/bb65d0283347e303893ba14f0692005417c1e0e690a325a4c5d8bb2b3943ee14?s=96&d=mm&r=g","url":"https:\/\/secure.gravatar.com\/avatar\/bb65d0283347e303893ba14f0692005417c1e0e690a325a4c5d8bb2b3943ee14?s=96&d=mm&r=g","contentUrl":"https:\/\/secure.gravatar.com\/avatar\/bb65d0283347e303893ba14f0692005417c1e0e690a325a4c5d8bb2b3943ee14?s=96&d=mm&r=g","caption":"Cope Alcoy"}}]}},"_links":{"self":[{"href":"https:\/\/www.copealcoy.es\/es\/wp-json\/wp\/v2\/posts\/60391","targetHints":{"allow":["GET"]}}],"collection":[{"href":"https:\/\/www.copealcoy.es\/es\/wp-json\/wp\/v2\/posts"}],"about":[{"href":"https:\/\/www.copealcoy.es\/es\/wp-json\/wp\/v2\/types\/post"}],"author":[{"embeddable":true,"href":"https:\/\/www.copealcoy.es\/es\/wp-json\/wp\/v2\/users\/1"}],"replies":[{"embeddable":true,"href":"https:\/\/www.copealcoy.es\/es\/wp-json\/wp\/v2\/comments?post=60391"}],"version-history":[{"count":0,"href":"https:\/\/www.copealcoy.es\/es\/wp-json\/wp\/v2\/posts\/60391\/revisions"}],"wp:featuredmedia":[{"embeddable":true,"href":"https:\/\/www.copealcoy.es\/es\/wp-json\/wp\/v2\/media\/17655"}],"wp:attachment":[{"href":"https:\/\/www.copealcoy.es\/es\/wp-json\/wp\/v2\/media?parent=60391"}],"wp:term":[{"taxonomy":"category","embeddable":true,"href":"https:\/\/www.copealcoy.es\/es\/wp-json\/wp\/v2\/categories?post=60391"},{"taxonomy":"post_tag","embeddable":true,"href":"https:\/\/www.copealcoy.es\/es\/wp-json\/wp\/v2\/tags?post=60391"}],"curies":[{"name":"wp","href":"https:\/\/api.w.org\/{rel}","templated":true}]}}