{"id":60382,"date":"2020-02-28T16:54:28","date_gmt":"2020-02-28T16:54:28","guid":{"rendered":"https:\/\/www.copealcoy.es\/?p=60382"},"modified":"2020-02-28T16:54:28","modified_gmt":"2020-02-28T16:54:28","slug":"la-cofradia-de-la-dolorosa-coordina-la-semana-santa-contestana","status":"publish","type":"post","link":"https:\/\/www.copealcoy.es\/es\/la-cofradia-de-la-dolorosa-coordina-la-semana-santa-contestana\/","title":{"rendered":"La Cofrad\u00eda de La Dolorosa coordina la Semana Santa Contestana"},"content":{"rendered":"<p style=\"text-align: justify;\">La <strong>Cofrad\u00eda de la Virgen de los Dolores de Cocentaina<\/strong> es la que se encarga este a\u00f1o de <strong>coordinar la organizaci\u00f3n de los actos de la Semana Santa<\/strong>, una programaci\u00f3n que <strong>se dio a conocer esta semana<\/strong> coincidiendo con el <strong>Mi\u00e9rcoles de Ceniza<\/strong> y que se alargar\u00e1 hasta el Domingo de Pascua.<\/p>\n<p style=\"text-align: justify;\">Entre las actividades destacan <strong>las oraciones ante los pasos<\/strong> que se realizar\u00e1n los viernes de Cuaresma en cada iglesia o <strong>los diferentes actos religiosos previos a la Semana Santa<\/strong> que llevar\u00e1n a cabo las cofrad\u00edas de la Villa Condal. Adem\u00e1s el 14 de marzo la Parroquia del Salvador, sede de La Dolorosa, <strong>acoger\u00e1 el Preg\u00f3n<\/strong> a cargo de Pablo Le\u00f3n Vidal, junto a <strong>la presentaci\u00f3n del cartel anunciador<\/strong> elaborado por N\u00faria Pascual.\u00a0 Al d\u00eda siguiente la iglesia de Santa Mar\u00eda ser\u00e1 escenario del <strong>concierto \u2018Stabat Mater de Steve Dobrogosz\u2019<\/strong> a cargo del Cor de Cambra Discantus y la Orquesta Arsis dirigidos ambos por Josep Robert Sell\u00e9s i Camps.<\/p>\n<p style=\"text-align: justify;\">Como novedad, <strong>la Cofrad\u00eda del Crist dels Llauradors ha preparado un V\u00eda Crucis<\/strong> para la tarde del domingo 29 de marzo que <strong>discurrir\u00e1 por varias calles del barrio de La Vila<\/strong> hasta llegar al Monasterio de la Mare de D\u00e9u del Miracle. Esta iniciativa <strong>se celebra con car\u00e1cter extraordinario con motivo del V Centenario del milagro de la patrona contestana<\/strong> que se est\u00e1 conmemorando en el municipio durante este a\u00f1o. El s\u00e1bado 4 de marzo <strong>la representaci\u00f3n de La Pasi\u00f3n<\/strong> saldr\u00e1 por las calles a cargo del Grup El Patronat y al d\u00eda siguiente se realizar\u00e1n <strong>las habituales celebraciones del Domingo de Ramos<\/strong> antes de dar paso a los d\u00edas centrales de la Semana Santa Contestana.<\/p>\n<p style=\"text-align: justify;\">En estas jornadas, como\u00a0 es tradicional, destacan <strong>los oficios religiosos y procesiones<\/strong> como <strong>la del Nazareno el Mi\u00e9rcoles Santo<\/strong>, <strong>la del Silencio el Jueves Santo a medianoche<\/strong> o <strong>la del Santo Entierro el Viernes Santo<\/strong> con la participaci\u00f3n de las ocho cofrad\u00edas locales. Por \u00faltimo el S\u00e1bado Santo, tras la Vigilia Pascual, tendr\u00e1 lugar <strong>el Encuentro Glorioso en El Pla<\/strong> con las im\u00e1genes de La Dolorosa, San Juan y Cristo Resucitado.<\/p>\n","protected":false},"excerpt":{"rendered":"<p>La Cofrad\u00eda de la Virgen de los Dolores de Cocentaina es la que se encarga este a\u00f1o de coordinar la&#8230;<\/p>\n","protected":false},"author":1,"featured_media":49680,"comment_status":"open","ping_status":"open","sticky":false,"template":"","format":"standard","meta":{"footnotes":""},"categories":[98,75],"tags":[746,132,3939,2029,747,745],"class_list":["post-60382","post","type-post","status-publish","format-standard","has-post-thumbnail","hentry","category-comarcas","category-noticias","tag-actos","tag-cocentaina","tag-cofradia","tag-dolorosa","tag-programacion","tag-semana-santa"],"yoast_head":"<!-- This site is optimized with the Yoast SEO plugin v27.3 - https:\/\/yoast.com\/product\/yoast-seo-wordpress\/ -->\n<title>La Cofrad\u00eda de La Dolorosa coordina la Semana Santa Contestana - COPE Alcoy<\/title>\n<meta name=\"robots\" content=\"index, follow, max-snippet:-1, max-image-preview:large, max-video-preview:-1\" \/>\n<link rel=\"canonical\" href=\"https:\/\/www.copealcoy.es\/es\/la-cofradia-de-la-dolorosa-coordina-la-semana-santa-contestana\/\" \/>\n<meta property=\"og:locale\" content=\"es_ES\" \/>\n<meta property=\"og:type\" content=\"article\" \/>\n<meta property=\"og:title\" content=\"La Cofrad\u00eda de La Dolorosa coordina la Semana Santa Contestana - COPE Alcoy\" \/>\n<meta property=\"og:description\" content=\"La Cofrad\u00eda de la Virgen de los Dolores de Cocentaina es la que se encarga este a\u00f1o de coordinar la...\" \/>\n<meta property=\"og:url\" content=\"https:\/\/www.copealcoy.es\/es\/la-cofradia-de-la-dolorosa-coordina-la-semana-santa-contestana\/\" \/>\n<meta property=\"og:site_name\" content=\"COPE Alcoy\" \/>\n<meta property=\"article:published_time\" content=\"2020-02-28T16:54:28+00:00\" \/>\n<meta property=\"og:image\" content=\"https:\/\/www.copealcoy.es\/wp-content\/uploads\/2019\/04\/57183762_2214867275274640_3272067615517835264_n-1.jpg\" \/>\n\t<meta property=\"og:image:width\" content=\"960\" \/>\n\t<meta property=\"og:image:height\" content=\"541\" \/>\n\t<meta property=\"og:image:type\" content=\"image\/jpeg\" \/>\n<meta name=\"author\" content=\"Cope Alcoy\" \/>\n<meta name=\"twitter:label1\" content=\"Escrito por\" \/>\n\t<meta name=\"twitter:data1\" content=\"Cope Alcoy\" \/>\n\t<meta name=\"twitter:label2\" content=\"Tiempo de lectura\" \/>\n\t<meta name=\"twitter:data2\" content=\"2 minutos\" \/>\n<script type=\"application\/ld+json\" class=\"yoast-schema-graph\">{\"@context\":\"https:\\\/\\\/schema.org\",\"@graph\":[{\"@type\":\"Article\",\"@id\":\"https:\\\/\\\/www.copealcoy.es\\\/es\\\/la-cofradia-de-la-dolorosa-coordina-la-semana-santa-contestana\\\/#article\",\"isPartOf\":{\"@id\":\"https:\\\/\\\/www.copealcoy.es\\\/es\\\/la-cofradia-de-la-dolorosa-coordina-la-semana-santa-contestana\\\/\"},\"author\":{\"name\":\"Cope Alcoy\",\"@id\":\"https:\\\/\\\/www.copealcoy.es\\\/es\\\/#\\\/schema\\\/person\\\/e777c87fa024e57d40170af9df39882c\"},\"headline\":\"La Cofrad\u00eda de La Dolorosa coordina la Semana Santa Contestana\",\"datePublished\":\"2020-02-28T16:54:28+00:00\",\"mainEntityOfPage\":{\"@id\":\"https:\\\/\\\/www.copealcoy.es\\\/es\\\/la-cofradia-de-la-dolorosa-coordina-la-semana-santa-contestana\\\/\"},\"wordCount\":387,\"commentCount\":0,\"image\":{\"@id\":\"https:\\\/\\\/www.copealcoy.es\\\/es\\\/la-cofradia-de-la-dolorosa-coordina-la-semana-santa-contestana\\\/#primaryimage\"},\"thumbnailUrl\":\"https:\\\/\\\/www.copealcoy.es\\\/wp-content\\\/uploads\\\/2019\\\/04\\\/57183762_2214867275274640_3272067615517835264_n-1.jpg\",\"keywords\":[\"Actos\",\"Cocentaina\",\"Cofrad\u00eda\",\"Dolorosa\",\"Programaci\u00f3n\",\"Semana Santa\"],\"articleSection\":[\"Comarcas\",\"Noticias\"],\"inLanguage\":\"es\"},{\"@type\":\"WebPage\",\"@id\":\"https:\\\/\\\/www.copealcoy.es\\\/es\\\/la-cofradia-de-la-dolorosa-coordina-la-semana-santa-contestana\\\/\",\"url\":\"https:\\\/\\\/www.copealcoy.es\\\/es\\\/la-cofradia-de-la-dolorosa-coordina-la-semana-santa-contestana\\\/\",\"name\":\"La Cofrad\u00eda de La Dolorosa coordina la Semana Santa Contestana - COPE Alcoy\",\"isPartOf\":{\"@id\":\"https:\\\/\\\/www.copealcoy.es\\\/es\\\/#website\"},\"primaryImageOfPage\":{\"@id\":\"https:\\\/\\\/www.copealcoy.es\\\/es\\\/la-cofradia-de-la-dolorosa-coordina-la-semana-santa-contestana\\\/#primaryimage\"},\"image\":{\"@id\":\"https:\\\/\\\/www.copealcoy.es\\\/es\\\/la-cofradia-de-la-dolorosa-coordina-la-semana-santa-contestana\\\/#primaryimage\"},\"thumbnailUrl\":\"https:\\\/\\\/www.copealcoy.es\\\/wp-content\\\/uploads\\\/2019\\\/04\\\/57183762_2214867275274640_3272067615517835264_n-1.jpg\",\"datePublished\":\"2020-02-28T16:54:28+00:00\",\"author\":{\"@id\":\"https:\\\/\\\/www.copealcoy.es\\\/es\\\/#\\\/schema\\\/person\\\/e777c87fa024e57d40170af9df39882c\"},\"breadcrumb\":{\"@id\":\"https:\\\/\\\/www.copealcoy.es\\\/es\\\/la-cofradia-de-la-dolorosa-coordina-la-semana-santa-contestana\\\/#breadcrumb\"},\"inLanguage\":\"es\",\"potentialAction\":[{\"@type\":\"ReadAction\",\"target\":[\"https:\\\/\\\/www.copealcoy.es\\\/es\\\/la-cofradia-de-la-dolorosa-coordina-la-semana-santa-contestana\\\/\"]}]},{\"@type\":\"ImageObject\",\"inLanguage\":\"es\",\"@id\":\"https:\\\/\\\/www.copealcoy.es\\\/es\\\/la-cofradia-de-la-dolorosa-coordina-la-semana-santa-contestana\\\/#primaryimage\",\"url\":\"https:\\\/\\\/www.copealcoy.es\\\/wp-content\\\/uploads\\\/2019\\\/04\\\/57183762_2214867275274640_3272067615517835264_n-1.jpg\",\"contentUrl\":\"https:\\\/\\\/www.copealcoy.es\\\/wp-content\\\/uploads\\\/2019\\\/04\\\/57183762_2214867275274640_3272067615517835264_n-1.jpg\",\"width\":960,\"height\":541,\"caption\":\"La procesi\u00f3n de anoche por las calles del Raval \\\/ Foto: Rafa Grau\"},{\"@type\":\"BreadcrumbList\",\"@id\":\"https:\\\/\\\/www.copealcoy.es\\\/es\\\/la-cofradia-de-la-dolorosa-coordina-la-semana-santa-contestana\\\/#breadcrumb\",\"itemListElement\":[{\"@type\":\"ListItem\",\"position\":1,\"name\":\"Portada\",\"item\":\"https:\\\/\\\/www.copealcoy.es\\\/es\\\/\"},{\"@type\":\"ListItem\",\"position\":2,\"name\":\"La Cofrad\u00eda de La Dolorosa coordina la Semana Santa Contestana\"}]},{\"@type\":\"WebSite\",\"@id\":\"https:\\\/\\\/www.copealcoy.es\\\/es\\\/#website\",\"url\":\"https:\\\/\\\/www.copealcoy.es\\\/es\\\/\",\"name\":\"COPE Alcoy\",\"description\":\"Emisora COPE de radio local con emisi\u00f3n online. Pont de Sant Jordi 8-10 03803 Alcoy\",\"potentialAction\":[{\"@type\":\"SearchAction\",\"target\":{\"@type\":\"EntryPoint\",\"urlTemplate\":\"https:\\\/\\\/www.copealcoy.es\\\/es\\\/?s={search_term_string}\"},\"query-input\":{\"@type\":\"PropertyValueSpecification\",\"valueRequired\":true,\"valueName\":\"search_term_string\"}}],\"inLanguage\":\"es\"},{\"@type\":\"Person\",\"@id\":\"https:\\\/\\\/www.copealcoy.es\\\/es\\\/#\\\/schema\\\/person\\\/e777c87fa024e57d40170af9df39882c\",\"name\":\"Cope Alcoy\",\"image\":{\"@type\":\"ImageObject\",\"inLanguage\":\"es\",\"@id\":\"https:\\\/\\\/secure.gravatar.com\\\/avatar\\\/bb65d0283347e303893ba14f0692005417c1e0e690a325a4c5d8bb2b3943ee14?s=96&d=mm&r=g\",\"url\":\"https:\\\/\\\/secure.gravatar.com\\\/avatar\\\/bb65d0283347e303893ba14f0692005417c1e0e690a325a4c5d8bb2b3943ee14?s=96&d=mm&r=g\",\"contentUrl\":\"https:\\\/\\\/secure.gravatar.com\\\/avatar\\\/bb65d0283347e303893ba14f0692005417c1e0e690a325a4c5d8bb2b3943ee14?s=96&d=mm&r=g\",\"caption\":\"Cope Alcoy\"}}]}<\/script>\n<!-- \/ Yoast SEO plugin. -->","yoast_head_json":{"title":"La Cofrad\u00eda de La Dolorosa coordina la Semana Santa Contestana - COPE Alcoy","robots":{"index":"index","follow":"follow","max-snippet":"max-snippet:-1","max-image-preview":"max-image-preview:large","max-video-preview":"max-video-preview:-1"},"canonical":"https:\/\/www.copealcoy.es\/es\/la-cofradia-de-la-dolorosa-coordina-la-semana-santa-contestana\/","og_locale":"es_ES","og_type":"article","og_title":"La Cofrad\u00eda de La Dolorosa coordina la Semana Santa Contestana - COPE Alcoy","og_description":"La Cofrad\u00eda de la Virgen de los Dolores de Cocentaina es la que se encarga este a\u00f1o de coordinar la...","og_url":"https:\/\/www.copealcoy.es\/es\/la-cofradia-de-la-dolorosa-coordina-la-semana-santa-contestana\/","og_site_name":"COPE Alcoy","article_published_time":"2020-02-28T16:54:28+00:00","og_image":[{"width":960,"height":541,"url":"https:\/\/www.copealcoy.es\/wp-content\/uploads\/2019\/04\/57183762_2214867275274640_3272067615517835264_n-1.jpg","type":"image\/jpeg"}],"author":"Cope Alcoy","twitter_misc":{"Escrito por":"Cope Alcoy","Tiempo de lectura":"2 minutos"},"schema":{"@context":"https:\/\/schema.org","@graph":[{"@type":"Article","@id":"https:\/\/www.copealcoy.es\/es\/la-cofradia-de-la-dolorosa-coordina-la-semana-santa-contestana\/#article","isPartOf":{"@id":"https:\/\/www.copealcoy.es\/es\/la-cofradia-de-la-dolorosa-coordina-la-semana-santa-contestana\/"},"author":{"name":"Cope Alcoy","@id":"https:\/\/www.copealcoy.es\/es\/#\/schema\/person\/e777c87fa024e57d40170af9df39882c"},"headline":"La Cofrad\u00eda de La Dolorosa coordina la Semana Santa Contestana","datePublished":"2020-02-28T16:54:28+00:00","mainEntityOfPage":{"@id":"https:\/\/www.copealcoy.es\/es\/la-cofradia-de-la-dolorosa-coordina-la-semana-santa-contestana\/"},"wordCount":387,"commentCount":0,"image":{"@id":"https:\/\/www.copealcoy.es\/es\/la-cofradia-de-la-dolorosa-coordina-la-semana-santa-contestana\/#primaryimage"},"thumbnailUrl":"https:\/\/www.copealcoy.es\/wp-content\/uploads\/2019\/04\/57183762_2214867275274640_3272067615517835264_n-1.jpg","keywords":["Actos","Cocentaina","Cofrad\u00eda","Dolorosa","Programaci\u00f3n","Semana Santa"],"articleSection":["Comarcas","Noticias"],"inLanguage":"es"},{"@type":"WebPage","@id":"https:\/\/www.copealcoy.es\/es\/la-cofradia-de-la-dolorosa-coordina-la-semana-santa-contestana\/","url":"https:\/\/www.copealcoy.es\/es\/la-cofradia-de-la-dolorosa-coordina-la-semana-santa-contestana\/","name":"La Cofrad\u00eda de La Dolorosa coordina la Semana Santa Contestana - COPE Alcoy","isPartOf":{"@id":"https:\/\/www.copealcoy.es\/es\/#website"},"primaryImageOfPage":{"@id":"https:\/\/www.copealcoy.es\/es\/la-cofradia-de-la-dolorosa-coordina-la-semana-santa-contestana\/#primaryimage"},"image":{"@id":"https:\/\/www.copealcoy.es\/es\/la-cofradia-de-la-dolorosa-coordina-la-semana-santa-contestana\/#primaryimage"},"thumbnailUrl":"https:\/\/www.copealcoy.es\/wp-content\/uploads\/2019\/04\/57183762_2214867275274640_3272067615517835264_n-1.jpg","datePublished":"2020-02-28T16:54:28+00:00","author":{"@id":"https:\/\/www.copealcoy.es\/es\/#\/schema\/person\/e777c87fa024e57d40170af9df39882c"},"breadcrumb":{"@id":"https:\/\/www.copealcoy.es\/es\/la-cofradia-de-la-dolorosa-coordina-la-semana-santa-contestana\/#breadcrumb"},"inLanguage":"es","potentialAction":[{"@type":"ReadAction","target":["https:\/\/www.copealcoy.es\/es\/la-cofradia-de-la-dolorosa-coordina-la-semana-santa-contestana\/"]}]},{"@type":"ImageObject","inLanguage":"es","@id":"https:\/\/www.copealcoy.es\/es\/la-cofradia-de-la-dolorosa-coordina-la-semana-santa-contestana\/#primaryimage","url":"https:\/\/www.copealcoy.es\/wp-content\/uploads\/2019\/04\/57183762_2214867275274640_3272067615517835264_n-1.jpg","contentUrl":"https:\/\/www.copealcoy.es\/wp-content\/uploads\/2019\/04\/57183762_2214867275274640_3272067615517835264_n-1.jpg","width":960,"height":541,"caption":"La procesi\u00f3n de anoche por las calles del Raval \/ Foto: Rafa Grau"},{"@type":"BreadcrumbList","@id":"https:\/\/www.copealcoy.es\/es\/la-cofradia-de-la-dolorosa-coordina-la-semana-santa-contestana\/#breadcrumb","itemListElement":[{"@type":"ListItem","position":1,"name":"Portada","item":"https:\/\/www.copealcoy.es\/es\/"},{"@type":"ListItem","position":2,"name":"La Cofrad\u00eda de La Dolorosa coordina la Semana Santa Contestana"}]},{"@type":"WebSite","@id":"https:\/\/www.copealcoy.es\/es\/#website","url":"https:\/\/www.copealcoy.es\/es\/","name":"COPE Alcoy","description":"Emisora COPE de radio local con emisi\u00f3n online. Pont de Sant Jordi 8-10 03803 Alcoy","potentialAction":[{"@type":"SearchAction","target":{"@type":"EntryPoint","urlTemplate":"https:\/\/www.copealcoy.es\/es\/?s={search_term_string}"},"query-input":{"@type":"PropertyValueSpecification","valueRequired":true,"valueName":"search_term_string"}}],"inLanguage":"es"},{"@type":"Person","@id":"https:\/\/www.copealcoy.es\/es\/#\/schema\/person\/e777c87fa024e57d40170af9df39882c","name":"Cope Alcoy","image":{"@type":"ImageObject","inLanguage":"es","@id":"https:\/\/secure.gravatar.com\/avatar\/bb65d0283347e303893ba14f0692005417c1e0e690a325a4c5d8bb2b3943ee14?s=96&d=mm&r=g","url":"https:\/\/secure.gravatar.com\/avatar\/bb65d0283347e303893ba14f0692005417c1e0e690a325a4c5d8bb2b3943ee14?s=96&d=mm&r=g","contentUrl":"https:\/\/secure.gravatar.com\/avatar\/bb65d0283347e303893ba14f0692005417c1e0e690a325a4c5d8bb2b3943ee14?s=96&d=mm&r=g","caption":"Cope Alcoy"}}]}},"_links":{"self":[{"href":"https:\/\/www.copealcoy.es\/es\/wp-json\/wp\/v2\/posts\/60382","targetHints":{"allow":["GET"]}}],"collection":[{"href":"https:\/\/www.copealcoy.es\/es\/wp-json\/wp\/v2\/posts"}],"about":[{"href":"https:\/\/www.copealcoy.es\/es\/wp-json\/wp\/v2\/types\/post"}],"author":[{"embeddable":true,"href":"https:\/\/www.copealcoy.es\/es\/wp-json\/wp\/v2\/users\/1"}],"replies":[{"embeddable":true,"href":"https:\/\/www.copealcoy.es\/es\/wp-json\/wp\/v2\/comments?post=60382"}],"version-history":[{"count":0,"href":"https:\/\/www.copealcoy.es\/es\/wp-json\/wp\/v2\/posts\/60382\/revisions"}],"wp:featuredmedia":[{"embeddable":true,"href":"https:\/\/www.copealcoy.es\/es\/wp-json\/wp\/v2\/media\/49680"}],"wp:attachment":[{"href":"https:\/\/www.copealcoy.es\/es\/wp-json\/wp\/v2\/media?parent=60382"}],"wp:term":[{"taxonomy":"category","embeddable":true,"href":"https:\/\/www.copealcoy.es\/es\/wp-json\/wp\/v2\/categories?post=60382"},{"taxonomy":"post_tag","embeddable":true,"href":"https:\/\/www.copealcoy.es\/es\/wp-json\/wp\/v2\/tags?post=60382"}],"curies":[{"name":"wp","href":"https:\/\/api.w.org\/{rel}","templated":true}]}}