{"id":60339,"date":"2020-02-27T16:11:14","date_gmt":"2020-02-27T16:11:14","guid":{"rendered":"https:\/\/www.copealcoy.es\/?p=60339"},"modified":"2020-02-27T16:11:14","modified_gmt":"2020-02-27T16:11:14","slug":"aprobados-410-000-euros-para-subsanar-los-danos-del-temporal-en-el-centro","status":"publish","type":"post","link":"https:\/\/www.copealcoy.es\/es\/aprobados-410-000-euros-para-subsanar-los-danos-del-temporal-en-el-centro\/","title":{"rendered":"410.000 euros para subsanar los da\u00f1os del temporal en el Centro"},"content":{"rendered":"<p style=\"text-align: justify;\">El <strong>Pleno Extraordinario del Ayuntamiento de Alcoy<\/strong> aprob\u00f3 el pasado lunes\u00a0<strong>dos modificaciones de cr\u00e9dito<\/strong> que incluyen partidas para que el Consistorio pueda reparar <strong>las consecuencias<\/strong> que sufri\u00f3 el Centro Hist\u00f3rico con <strong>la Borrasca Gloria<\/strong> as\u00ed como reforzar las medidas de vivienda.<\/p>\n<p style=\"text-align: justify;\">Las citadas modificaciones de cr\u00e9dito, <strong>seg\u00fan informa el Consistorio<\/strong>, incluyen partidas por <strong>la adquisici\u00f3n de inmuebles<\/strong> y la mejora de <strong>edificaciones municipales<\/strong>. Estas dos modificaciones<strong> fueron propuestas de Podem Alcoi<\/strong>\u00a0mientras que <strong>Ciudadanos propuso aumentar la partida dedicada a la demolici\u00f3n de inmuebles<\/strong> a cuenta de terceros. En total habr\u00e1 <strong>410.000 euros<\/strong> para llevar adelante estas iniciativas adem\u00e1s del Observatorio de la Vivienda.<\/p>\n<p style=\"text-align: justify;\">La \u00a0edil de Vivienda en el Consistorio alcoyano, <strong>Mar\u00eda Baca<\/strong>, agradece \u00a0<strong>la predisposici\u00f3n de Podem Alcoi y Ciudadanos<\/strong> de cara a aprobar estas medidas que persiguen <strong>impulsar acciones<\/strong> para la regeneraci\u00f3n del Centro de la ciudad. Adem\u00e1s recuerda algunas de las iniciativas que se han realizado en los \u00faltimos a\u00f1os para la recuperaci\u00f3n de <strong>la barriada<\/strong> &#8220;<em>para nosotros el centro hist\u00f3rico es muy importante, de hecho es una prioridad para nuestro gobierno y por eso hemos llevado adelante muchas iniciativas para mejorarlo, desde llevar instituciones como los Juzgados o la Polic\u00eda Nacional, abrir espacios culturales como el IVAM CADA Alcoi, crear ayudas para el comercio, o llevar adelante otros como el ARRU para la rehabilitaci\u00f3n de edificios, adem\u00e1s de las muchas bonificaciones que tenemos en varios impuestos como el ICIO, licencias de apertura, etc<\/em>.&#8221;, \u00a0afirma la concejala.<\/p>\n<p style=\"text-align: justify;\">Recordar que estas modificaciones <strong>fueron aprobadas por PSOE, Podem y Ciudadanos<\/strong>\u00a0mientras que tuvieron <strong>la abstenci\u00f3n<\/strong> de PP, Comprom\u00eds, Guanyar y Vox.<\/p>\n","protected":false},"excerpt":{"rendered":"<p>El Pleno Extraordinario del Ayuntamiento de Alcoy aprob\u00f3 el pasado lunes\u00a0dos modificaciones de cr\u00e9dito que incluyen partidas para que el&#8230;<\/p>\n","protected":false},"author":1,"featured_media":60249,"comment_status":"open","ping_status":"open","sticky":false,"template":"","format":"standard","meta":{"footnotes":""},"categories":[97,75,125],"tags":[7218,1494,295,189,2297,7219,574],"class_list":["post-60339","post","type-post","status-publish","format-standard","has-post-thumbnail","hentry","category-alcoy","category-noticias","category-portada","tag-410-000-euros","tag-alcoy","tag-centro","tag-danos","tag-maria-baca","tag-subsanar","tag-temporal"],"yoast_head":"<!-- This site is optimized with the Yoast SEO plugin v27.3 - https:\/\/yoast.com\/product\/yoast-seo-wordpress\/ -->\n<title>410.000 euros para subsanar los da\u00f1os del temporal en el Centro - COPE Alcoy<\/title>\n<meta name=\"robots\" content=\"index, follow, max-snippet:-1, max-image-preview:large, max-video-preview:-1\" \/>\n<link rel=\"canonical\" href=\"https:\/\/www.copealcoy.es\/es\/aprobados-410-000-euros-para-subsanar-los-danos-del-temporal-en-el-centro\/\" \/>\n<meta property=\"og:locale\" content=\"es_ES\" \/>\n<meta property=\"og:type\" content=\"article\" \/>\n<meta property=\"og:title\" content=\"410.000 euros para subsanar los da\u00f1os del temporal en el Centro - COPE Alcoy\" \/>\n<meta property=\"og:description\" content=\"El Pleno Extraordinario del Ayuntamiento de Alcoy aprob\u00f3 el pasado lunes\u00a0dos modificaciones de cr\u00e9dito que incluyen partidas para que el...\" \/>\n<meta property=\"og:url\" content=\"https:\/\/www.copealcoy.es\/es\/aprobados-410-000-euros-para-subsanar-los-danos-del-temporal-en-el-centro\/\" \/>\n<meta property=\"og:site_name\" content=\"COPE Alcoy\" \/>\n<meta property=\"article:published_time\" content=\"2020-02-27T16:11:14+00:00\" \/>\n<meta property=\"og:image\" content=\"https:\/\/www.copealcoy.es\/wp-content\/uploads\/2020\/02\/87516244_4089847464374740_8518366877636886528_o-1.jpg\" \/>\n\t<meta property=\"og:image:width\" content=\"960\" \/>\n\t<meta property=\"og:image:height\" content=\"466\" \/>\n\t<meta property=\"og:image:type\" content=\"image\/jpeg\" \/>\n<meta name=\"author\" content=\"Cope Alcoy\" \/>\n<meta name=\"twitter:label1\" content=\"Escrito por\" \/>\n\t<meta name=\"twitter:data1\" content=\"Cope Alcoy\" \/>\n\t<meta name=\"twitter:label2\" content=\"Tiempo de lectura\" \/>\n\t<meta name=\"twitter:data2\" content=\"1 minuto\" \/>\n<script type=\"application\/ld+json\" class=\"yoast-schema-graph\">{\"@context\":\"https:\\\/\\\/schema.org\",\"@graph\":[{\"@type\":\"Article\",\"@id\":\"https:\\\/\\\/www.copealcoy.es\\\/es\\\/aprobados-410-000-euros-para-subsanar-los-danos-del-temporal-en-el-centro\\\/#article\",\"isPartOf\":{\"@id\":\"https:\\\/\\\/www.copealcoy.es\\\/es\\\/aprobados-410-000-euros-para-subsanar-los-danos-del-temporal-en-el-centro\\\/\"},\"author\":{\"name\":\"Cope Alcoy\",\"@id\":\"https:\\\/\\\/www.copealcoy.es\\\/es\\\/#\\\/schema\\\/person\\\/e777c87fa024e57d40170af9df39882c\"},\"headline\":\"410.000 euros para subsanar los da\u00f1os del temporal en el Centro\",\"datePublished\":\"2020-02-27T16:11:14+00:00\",\"mainEntityOfPage\":{\"@id\":\"https:\\\/\\\/www.copealcoy.es\\\/es\\\/aprobados-410-000-euros-para-subsanar-los-danos-del-temporal-en-el-centro\\\/\"},\"wordCount\":293,\"commentCount\":0,\"image\":{\"@id\":\"https:\\\/\\\/www.copealcoy.es\\\/es\\\/aprobados-410-000-euros-para-subsanar-los-danos-del-temporal-en-el-centro\\\/#primaryimage\"},\"thumbnailUrl\":\"https:\\\/\\\/www.copealcoy.es\\\/wp-content\\\/uploads\\\/2020\\\/02\\\/87516244_4089847464374740_8518366877636886528_o-1.jpg\",\"keywords\":[\"410.000 euros\",\"Alcoy\",\"Centro\",\"Da\u00f1os\",\"Mar\u00eda Baca\",\"subsanar\",\"Temporal\"],\"articleSection\":[\"Alcoy\",\"Noticias\",\"Portada\"],\"inLanguage\":\"es\"},{\"@type\":\"WebPage\",\"@id\":\"https:\\\/\\\/www.copealcoy.es\\\/es\\\/aprobados-410-000-euros-para-subsanar-los-danos-del-temporal-en-el-centro\\\/\",\"url\":\"https:\\\/\\\/www.copealcoy.es\\\/es\\\/aprobados-410-000-euros-para-subsanar-los-danos-del-temporal-en-el-centro\\\/\",\"name\":\"410.000 euros para subsanar los da\u00f1os del temporal en el Centro - COPE Alcoy\",\"isPartOf\":{\"@id\":\"https:\\\/\\\/www.copealcoy.es\\\/es\\\/#website\"},\"primaryImageOfPage\":{\"@id\":\"https:\\\/\\\/www.copealcoy.es\\\/es\\\/aprobados-410-000-euros-para-subsanar-los-danos-del-temporal-en-el-centro\\\/#primaryimage\"},\"image\":{\"@id\":\"https:\\\/\\\/www.copealcoy.es\\\/es\\\/aprobados-410-000-euros-para-subsanar-los-danos-del-temporal-en-el-centro\\\/#primaryimage\"},\"thumbnailUrl\":\"https:\\\/\\\/www.copealcoy.es\\\/wp-content\\\/uploads\\\/2020\\\/02\\\/87516244_4089847464374740_8518366877636886528_o-1.jpg\",\"datePublished\":\"2020-02-27T16:11:14+00:00\",\"author\":{\"@id\":\"https:\\\/\\\/www.copealcoy.es\\\/es\\\/#\\\/schema\\\/person\\\/e777c87fa024e57d40170af9df39882c\"},\"breadcrumb\":{\"@id\":\"https:\\\/\\\/www.copealcoy.es\\\/es\\\/aprobados-410-000-euros-para-subsanar-los-danos-del-temporal-en-el-centro\\\/#breadcrumb\"},\"inLanguage\":\"es\",\"potentialAction\":[{\"@type\":\"ReadAction\",\"target\":[\"https:\\\/\\\/www.copealcoy.es\\\/es\\\/aprobados-410-000-euros-para-subsanar-los-danos-del-temporal-en-el-centro\\\/\"]}]},{\"@type\":\"ImageObject\",\"inLanguage\":\"es\",\"@id\":\"https:\\\/\\\/www.copealcoy.es\\\/es\\\/aprobados-410-000-euros-para-subsanar-los-danos-del-temporal-en-el-centro\\\/#primaryimage\",\"url\":\"https:\\\/\\\/www.copealcoy.es\\\/wp-content\\\/uploads\\\/2020\\\/02\\\/87516244_4089847464374740_8518366877636886528_o-1.jpg\",\"contentUrl\":\"https:\\\/\\\/www.copealcoy.es\\\/wp-content\\\/uploads\\\/2020\\\/02\\\/87516244_4089847464374740_8518366877636886528_o-1.jpg\",\"width\":960,\"height\":466,\"caption\":\"El Pleno ha tenido lugar esta ma\u00f1ana \\\/ Foto: Ajuntament d'Alcoi\"},{\"@type\":\"BreadcrumbList\",\"@id\":\"https:\\\/\\\/www.copealcoy.es\\\/es\\\/aprobados-410-000-euros-para-subsanar-los-danos-del-temporal-en-el-centro\\\/#breadcrumb\",\"itemListElement\":[{\"@type\":\"ListItem\",\"position\":1,\"name\":\"Portada\",\"item\":\"https:\\\/\\\/www.copealcoy.es\\\/es\\\/\"},{\"@type\":\"ListItem\",\"position\":2,\"name\":\"410.000 euros para subsanar los da\u00f1os del temporal en el Centro\"}]},{\"@type\":\"WebSite\",\"@id\":\"https:\\\/\\\/www.copealcoy.es\\\/es\\\/#website\",\"url\":\"https:\\\/\\\/www.copealcoy.es\\\/es\\\/\",\"name\":\"COPE Alcoy\",\"description\":\"Emisora COPE de radio local con emisi\u00f3n online. Pont de Sant Jordi 8-10 03803 Alcoy\",\"potentialAction\":[{\"@type\":\"SearchAction\",\"target\":{\"@type\":\"EntryPoint\",\"urlTemplate\":\"https:\\\/\\\/www.copealcoy.es\\\/es\\\/?s={search_term_string}\"},\"query-input\":{\"@type\":\"PropertyValueSpecification\",\"valueRequired\":true,\"valueName\":\"search_term_string\"}}],\"inLanguage\":\"es\"},{\"@type\":\"Person\",\"@id\":\"https:\\\/\\\/www.copealcoy.es\\\/es\\\/#\\\/schema\\\/person\\\/e777c87fa024e57d40170af9df39882c\",\"name\":\"Cope Alcoy\",\"image\":{\"@type\":\"ImageObject\",\"inLanguage\":\"es\",\"@id\":\"https:\\\/\\\/secure.gravatar.com\\\/avatar\\\/bb65d0283347e303893ba14f0692005417c1e0e690a325a4c5d8bb2b3943ee14?s=96&d=mm&r=g\",\"url\":\"https:\\\/\\\/secure.gravatar.com\\\/avatar\\\/bb65d0283347e303893ba14f0692005417c1e0e690a325a4c5d8bb2b3943ee14?s=96&d=mm&r=g\",\"contentUrl\":\"https:\\\/\\\/secure.gravatar.com\\\/avatar\\\/bb65d0283347e303893ba14f0692005417c1e0e690a325a4c5d8bb2b3943ee14?s=96&d=mm&r=g\",\"caption\":\"Cope Alcoy\"}}]}<\/script>\n<!-- \/ Yoast SEO plugin. -->","yoast_head_json":{"title":"410.000 euros para subsanar los da\u00f1os del temporal en el Centro - COPE Alcoy","robots":{"index":"index","follow":"follow","max-snippet":"max-snippet:-1","max-image-preview":"max-image-preview:large","max-video-preview":"max-video-preview:-1"},"canonical":"https:\/\/www.copealcoy.es\/es\/aprobados-410-000-euros-para-subsanar-los-danos-del-temporal-en-el-centro\/","og_locale":"es_ES","og_type":"article","og_title":"410.000 euros para subsanar los da\u00f1os del temporal en el Centro - COPE Alcoy","og_description":"El Pleno Extraordinario del Ayuntamiento de Alcoy aprob\u00f3 el pasado lunes\u00a0dos modificaciones de cr\u00e9dito que incluyen partidas para que el...","og_url":"https:\/\/www.copealcoy.es\/es\/aprobados-410-000-euros-para-subsanar-los-danos-del-temporal-en-el-centro\/","og_site_name":"COPE Alcoy","article_published_time":"2020-02-27T16:11:14+00:00","og_image":[{"width":960,"height":466,"url":"https:\/\/www.copealcoy.es\/wp-content\/uploads\/2020\/02\/87516244_4089847464374740_8518366877636886528_o-1.jpg","type":"image\/jpeg"}],"author":"Cope Alcoy","twitter_misc":{"Escrito por":"Cope Alcoy","Tiempo de lectura":"1 minuto"},"schema":{"@context":"https:\/\/schema.org","@graph":[{"@type":"Article","@id":"https:\/\/www.copealcoy.es\/es\/aprobados-410-000-euros-para-subsanar-los-danos-del-temporal-en-el-centro\/#article","isPartOf":{"@id":"https:\/\/www.copealcoy.es\/es\/aprobados-410-000-euros-para-subsanar-los-danos-del-temporal-en-el-centro\/"},"author":{"name":"Cope Alcoy","@id":"https:\/\/www.copealcoy.es\/es\/#\/schema\/person\/e777c87fa024e57d40170af9df39882c"},"headline":"410.000 euros para subsanar los da\u00f1os del temporal en el Centro","datePublished":"2020-02-27T16:11:14+00:00","mainEntityOfPage":{"@id":"https:\/\/www.copealcoy.es\/es\/aprobados-410-000-euros-para-subsanar-los-danos-del-temporal-en-el-centro\/"},"wordCount":293,"commentCount":0,"image":{"@id":"https:\/\/www.copealcoy.es\/es\/aprobados-410-000-euros-para-subsanar-los-danos-del-temporal-en-el-centro\/#primaryimage"},"thumbnailUrl":"https:\/\/www.copealcoy.es\/wp-content\/uploads\/2020\/02\/87516244_4089847464374740_8518366877636886528_o-1.jpg","keywords":["410.000 euros","Alcoy","Centro","Da\u00f1os","Mar\u00eda Baca","subsanar","Temporal"],"articleSection":["Alcoy","Noticias","Portada"],"inLanguage":"es"},{"@type":"WebPage","@id":"https:\/\/www.copealcoy.es\/es\/aprobados-410-000-euros-para-subsanar-los-danos-del-temporal-en-el-centro\/","url":"https:\/\/www.copealcoy.es\/es\/aprobados-410-000-euros-para-subsanar-los-danos-del-temporal-en-el-centro\/","name":"410.000 euros para subsanar los da\u00f1os del temporal en el Centro - COPE Alcoy","isPartOf":{"@id":"https:\/\/www.copealcoy.es\/es\/#website"},"primaryImageOfPage":{"@id":"https:\/\/www.copealcoy.es\/es\/aprobados-410-000-euros-para-subsanar-los-danos-del-temporal-en-el-centro\/#primaryimage"},"image":{"@id":"https:\/\/www.copealcoy.es\/es\/aprobados-410-000-euros-para-subsanar-los-danos-del-temporal-en-el-centro\/#primaryimage"},"thumbnailUrl":"https:\/\/www.copealcoy.es\/wp-content\/uploads\/2020\/02\/87516244_4089847464374740_8518366877636886528_o-1.jpg","datePublished":"2020-02-27T16:11:14+00:00","author":{"@id":"https:\/\/www.copealcoy.es\/es\/#\/schema\/person\/e777c87fa024e57d40170af9df39882c"},"breadcrumb":{"@id":"https:\/\/www.copealcoy.es\/es\/aprobados-410-000-euros-para-subsanar-los-danos-del-temporal-en-el-centro\/#breadcrumb"},"inLanguage":"es","potentialAction":[{"@type":"ReadAction","target":["https:\/\/www.copealcoy.es\/es\/aprobados-410-000-euros-para-subsanar-los-danos-del-temporal-en-el-centro\/"]}]},{"@type":"ImageObject","inLanguage":"es","@id":"https:\/\/www.copealcoy.es\/es\/aprobados-410-000-euros-para-subsanar-los-danos-del-temporal-en-el-centro\/#primaryimage","url":"https:\/\/www.copealcoy.es\/wp-content\/uploads\/2020\/02\/87516244_4089847464374740_8518366877636886528_o-1.jpg","contentUrl":"https:\/\/www.copealcoy.es\/wp-content\/uploads\/2020\/02\/87516244_4089847464374740_8518366877636886528_o-1.jpg","width":960,"height":466,"caption":"El Pleno ha tenido lugar esta ma\u00f1ana \/ Foto: Ajuntament d'Alcoi"},{"@type":"BreadcrumbList","@id":"https:\/\/www.copealcoy.es\/es\/aprobados-410-000-euros-para-subsanar-los-danos-del-temporal-en-el-centro\/#breadcrumb","itemListElement":[{"@type":"ListItem","position":1,"name":"Portada","item":"https:\/\/www.copealcoy.es\/es\/"},{"@type":"ListItem","position":2,"name":"410.000 euros para subsanar los da\u00f1os del temporal en el Centro"}]},{"@type":"WebSite","@id":"https:\/\/www.copealcoy.es\/es\/#website","url":"https:\/\/www.copealcoy.es\/es\/","name":"COPE Alcoy","description":"Emisora COPE de radio local con emisi\u00f3n online. Pont de Sant Jordi 8-10 03803 Alcoy","potentialAction":[{"@type":"SearchAction","target":{"@type":"EntryPoint","urlTemplate":"https:\/\/www.copealcoy.es\/es\/?s={search_term_string}"},"query-input":{"@type":"PropertyValueSpecification","valueRequired":true,"valueName":"search_term_string"}}],"inLanguage":"es"},{"@type":"Person","@id":"https:\/\/www.copealcoy.es\/es\/#\/schema\/person\/e777c87fa024e57d40170af9df39882c","name":"Cope Alcoy","image":{"@type":"ImageObject","inLanguage":"es","@id":"https:\/\/secure.gravatar.com\/avatar\/bb65d0283347e303893ba14f0692005417c1e0e690a325a4c5d8bb2b3943ee14?s=96&d=mm&r=g","url":"https:\/\/secure.gravatar.com\/avatar\/bb65d0283347e303893ba14f0692005417c1e0e690a325a4c5d8bb2b3943ee14?s=96&d=mm&r=g","contentUrl":"https:\/\/secure.gravatar.com\/avatar\/bb65d0283347e303893ba14f0692005417c1e0e690a325a4c5d8bb2b3943ee14?s=96&d=mm&r=g","caption":"Cope Alcoy"}}]}},"_links":{"self":[{"href":"https:\/\/www.copealcoy.es\/es\/wp-json\/wp\/v2\/posts\/60339","targetHints":{"allow":["GET"]}}],"collection":[{"href":"https:\/\/www.copealcoy.es\/es\/wp-json\/wp\/v2\/posts"}],"about":[{"href":"https:\/\/www.copealcoy.es\/es\/wp-json\/wp\/v2\/types\/post"}],"author":[{"embeddable":true,"href":"https:\/\/www.copealcoy.es\/es\/wp-json\/wp\/v2\/users\/1"}],"replies":[{"embeddable":true,"href":"https:\/\/www.copealcoy.es\/es\/wp-json\/wp\/v2\/comments?post=60339"}],"version-history":[{"count":0,"href":"https:\/\/www.copealcoy.es\/es\/wp-json\/wp\/v2\/posts\/60339\/revisions"}],"wp:featuredmedia":[{"embeddable":true,"href":"https:\/\/www.copealcoy.es\/es\/wp-json\/wp\/v2\/media\/60249"}],"wp:attachment":[{"href":"https:\/\/www.copealcoy.es\/es\/wp-json\/wp\/v2\/media?parent=60339"}],"wp:term":[{"taxonomy":"category","embeddable":true,"href":"https:\/\/www.copealcoy.es\/es\/wp-json\/wp\/v2\/categories?post=60339"},{"taxonomy":"post_tag","embeddable":true,"href":"https:\/\/www.copealcoy.es\/es\/wp-json\/wp\/v2\/tags?post=60339"}],"curies":[{"name":"wp","href":"https:\/\/api.w.org\/{rel}","templated":true}]}}