{"id":60312,"date":"2020-02-26T15:26:54","date_gmt":"2020-02-26T15:26:54","guid":{"rendered":"https:\/\/www.copealcoy.es\/?p=60312"},"modified":"2020-02-26T15:26:54","modified_gmt":"2020-02-26T15:26:54","slug":"exito-de-la-primera-ruta-urbana-voltant-alcoi","status":"publish","type":"post","link":"https:\/\/www.copealcoy.es\/es\/exito-de-la-primera-ruta-urbana-voltant-alcoi\/","title":{"rendered":"\u00c9xito de la primera ruta urbana &#8216;Voltant Alcoi&#8217;"},"content":{"rendered":"<p style=\"text-align: justify;\">Un total de <strong>170 personas<\/strong> disfrutaron el pasado domingo de<strong> la primera de las excursiones<\/strong> enmarcadas dentro del ciclo &#8216;<strong>10 rutes voltant Alcoi&#8217;<\/strong>, una cita que <strong>discurri\u00f3 por los espacios urbanos de la Guerra Civil<\/strong> y que corri\u00f3 a cargo de los historiadores <strong>\u00c0ngel Beneito as\u00ed como Paco Blay<\/strong>. Los asistentes recorrieron <strong>los refugios de Cervantes y Santo Tom\u00e1s\u00a0<\/strong> adem\u00e1s de conocer las huellas que la contienda dej\u00f3 <strong>en varios edificios<\/strong> de la ciudad. Indicar que la pr\u00f3xima cita <strong>tendr\u00e1 lugar el 29 de marzo<\/strong> y en esta caso se har\u00e1 <strong>un recorrido por la arquitectura modernista<\/strong> de la mano del historiador <strong>Jorge Dom\u00e9nech<\/strong>.<\/p>\n","protected":false},"excerpt":{"rendered":"<p>Un total de 170 personas disfrutaron el pasado domingo de la primera de las excursiones enmarcadas dentro del ciclo &#8216;10&#8230;<\/p>\n","protected":false},"author":1,"featured_media":60313,"comment_status":"open","ping_status":"open","sticky":false,"template":"","format":"standard","meta":{"footnotes":""},"categories":[97,78,75],"tags":[7211,1494,2650,6792,5689],"class_list":["post-60312","post","type-post","status-publish","format-standard","has-post-thumbnail","hentry","category-alcoy","category-fiestaycultura","category-noticias","tag-voltant-alcoi","tag-alcoy","tag-exito","tag-guerra-civil","tag-ruta-urbana"],"yoast_head":"<!-- This site is optimized with the Yoast SEO plugin v27.3 - https:\/\/yoast.com\/product\/yoast-seo-wordpress\/ -->\n<title>\u00c9xito de la primera ruta urbana &#039;Voltant Alcoi&#039; - COPE Alcoy<\/title>\n<meta name=\"robots\" content=\"index, follow, max-snippet:-1, max-image-preview:large, max-video-preview:-1\" \/>\n<link rel=\"canonical\" href=\"https:\/\/www.copealcoy.es\/es\/exito-de-la-primera-ruta-urbana-voltant-alcoi\/\" \/>\n<meta property=\"og:locale\" content=\"es_ES\" \/>\n<meta property=\"og:type\" content=\"article\" \/>\n<meta property=\"og:title\" content=\"\u00c9xito de la primera ruta urbana &#039;Voltant Alcoi&#039; - COPE Alcoy\" \/>\n<meta property=\"og:description\" content=\"Un total de 170 personas disfrutaron el pasado domingo de la primera de las excursiones enmarcadas dentro del ciclo &#8216;10...\" \/>\n<meta property=\"og:url\" content=\"https:\/\/www.copealcoy.es\/es\/exito-de-la-primera-ruta-urbana-voltant-alcoi\/\" \/>\n<meta property=\"og:site_name\" content=\"COPE Alcoy\" \/>\n<meta property=\"article:published_time\" content=\"2020-02-26T15:26:54+00:00\" \/>\n<meta property=\"og:image\" content=\"https:\/\/www.copealcoy.es\/wp-content\/uploads\/2020\/02\/0-1.jpeg\" \/>\n\t<meta property=\"og:image:width\" content=\"972\" \/>\n\t<meta property=\"og:image:height\" content=\"729\" \/>\n\t<meta property=\"og:image:type\" content=\"image\/jpeg\" \/>\n<meta name=\"author\" content=\"Cope Alcoy\" \/>\n<meta name=\"twitter:label1\" content=\"Escrito por\" \/>\n\t<meta name=\"twitter:data1\" content=\"Cope Alcoy\" \/>\n\t<meta name=\"twitter:label2\" content=\"Tiempo de lectura\" \/>\n\t<meta name=\"twitter:data2\" content=\"1 minuto\" \/>\n<script type=\"application\/ld+json\" class=\"yoast-schema-graph\">{\"@context\":\"https:\\\/\\\/schema.org\",\"@graph\":[{\"@type\":\"Article\",\"@id\":\"https:\\\/\\\/www.copealcoy.es\\\/es\\\/exito-de-la-primera-ruta-urbana-voltant-alcoi\\\/#article\",\"isPartOf\":{\"@id\":\"https:\\\/\\\/www.copealcoy.es\\\/es\\\/exito-de-la-primera-ruta-urbana-voltant-alcoi\\\/\"},\"author\":{\"name\":\"Cope Alcoy\",\"@id\":\"https:\\\/\\\/www.copealcoy.es\\\/es\\\/#\\\/schema\\\/person\\\/e777c87fa024e57d40170af9df39882c\"},\"headline\":\"\u00c9xito de la primera ruta urbana &#8216;Voltant Alcoi&#8217;\",\"datePublished\":\"2020-02-26T15:26:54+00:00\",\"mainEntityOfPage\":{\"@id\":\"https:\\\/\\\/www.copealcoy.es\\\/es\\\/exito-de-la-primera-ruta-urbana-voltant-alcoi\\\/\"},\"wordCount\":113,\"commentCount\":0,\"image\":{\"@id\":\"https:\\\/\\\/www.copealcoy.es\\\/es\\\/exito-de-la-primera-ruta-urbana-voltant-alcoi\\\/#primaryimage\"},\"thumbnailUrl\":\"https:\\\/\\\/www.copealcoy.es\\\/wp-content\\\/uploads\\\/2020\\\/02\\\/0-1.jpeg\",\"keywords\":[\"'Voltant Alcoi'\",\"Alcoy\",\"\u00c9xito\",\"Guerra Civil\",\"ruta urbana\"],\"articleSection\":[\"Alcoy\",\"Fiesta y Cultura\",\"Noticias\"],\"inLanguage\":\"es\"},{\"@type\":\"WebPage\",\"@id\":\"https:\\\/\\\/www.copealcoy.es\\\/es\\\/exito-de-la-primera-ruta-urbana-voltant-alcoi\\\/\",\"url\":\"https:\\\/\\\/www.copealcoy.es\\\/es\\\/exito-de-la-primera-ruta-urbana-voltant-alcoi\\\/\",\"name\":\"\u00c9xito de la primera ruta urbana 'Voltant Alcoi' - COPE Alcoy\",\"isPartOf\":{\"@id\":\"https:\\\/\\\/www.copealcoy.es\\\/es\\\/#website\"},\"primaryImageOfPage\":{\"@id\":\"https:\\\/\\\/www.copealcoy.es\\\/es\\\/exito-de-la-primera-ruta-urbana-voltant-alcoi\\\/#primaryimage\"},\"image\":{\"@id\":\"https:\\\/\\\/www.copealcoy.es\\\/es\\\/exito-de-la-primera-ruta-urbana-voltant-alcoi\\\/#primaryimage\"},\"thumbnailUrl\":\"https:\\\/\\\/www.copealcoy.es\\\/wp-content\\\/uploads\\\/2020\\\/02\\\/0-1.jpeg\",\"datePublished\":\"2020-02-26T15:26:54+00:00\",\"author\":{\"@id\":\"https:\\\/\\\/www.copealcoy.es\\\/es\\\/#\\\/schema\\\/person\\\/e777c87fa024e57d40170af9df39882c\"},\"breadcrumb\":{\"@id\":\"https:\\\/\\\/www.copealcoy.es\\\/es\\\/exito-de-la-primera-ruta-urbana-voltant-alcoi\\\/#breadcrumb\"},\"inLanguage\":\"es\",\"potentialAction\":[{\"@type\":\"ReadAction\",\"target\":[\"https:\\\/\\\/www.copealcoy.es\\\/es\\\/exito-de-la-primera-ruta-urbana-voltant-alcoi\\\/\"]}]},{\"@type\":\"ImageObject\",\"inLanguage\":\"es\",\"@id\":\"https:\\\/\\\/www.copealcoy.es\\\/es\\\/exito-de-la-primera-ruta-urbana-voltant-alcoi\\\/#primaryimage\",\"url\":\"https:\\\/\\\/www.copealcoy.es\\\/wp-content\\\/uploads\\\/2020\\\/02\\\/0-1.jpeg\",\"contentUrl\":\"https:\\\/\\\/www.copealcoy.es\\\/wp-content\\\/uploads\\\/2020\\\/02\\\/0-1.jpeg\",\"width\":972,\"height\":729,\"caption\":\"La ruta tuvo lugar el pasado domingo \\\/ Foto: CAEHA\"},{\"@type\":\"BreadcrumbList\",\"@id\":\"https:\\\/\\\/www.copealcoy.es\\\/es\\\/exito-de-la-primera-ruta-urbana-voltant-alcoi\\\/#breadcrumb\",\"itemListElement\":[{\"@type\":\"ListItem\",\"position\":1,\"name\":\"Portada\",\"item\":\"https:\\\/\\\/www.copealcoy.es\\\/es\\\/\"},{\"@type\":\"ListItem\",\"position\":2,\"name\":\"\u00c9xito de la primera ruta urbana &#8216;Voltant Alcoi&#8217;\"}]},{\"@type\":\"WebSite\",\"@id\":\"https:\\\/\\\/www.copealcoy.es\\\/es\\\/#website\",\"url\":\"https:\\\/\\\/www.copealcoy.es\\\/es\\\/\",\"name\":\"COPE Alcoy\",\"description\":\"Emisora COPE de radio local con emisi\u00f3n online. Pont de Sant Jordi 8-10 03803 Alcoy\",\"potentialAction\":[{\"@type\":\"SearchAction\",\"target\":{\"@type\":\"EntryPoint\",\"urlTemplate\":\"https:\\\/\\\/www.copealcoy.es\\\/es\\\/?s={search_term_string}\"},\"query-input\":{\"@type\":\"PropertyValueSpecification\",\"valueRequired\":true,\"valueName\":\"search_term_string\"}}],\"inLanguage\":\"es\"},{\"@type\":\"Person\",\"@id\":\"https:\\\/\\\/www.copealcoy.es\\\/es\\\/#\\\/schema\\\/person\\\/e777c87fa024e57d40170af9df39882c\",\"name\":\"Cope Alcoy\",\"image\":{\"@type\":\"ImageObject\",\"inLanguage\":\"es\",\"@id\":\"https:\\\/\\\/secure.gravatar.com\\\/avatar\\\/bb65d0283347e303893ba14f0692005417c1e0e690a325a4c5d8bb2b3943ee14?s=96&d=mm&r=g\",\"url\":\"https:\\\/\\\/secure.gravatar.com\\\/avatar\\\/bb65d0283347e303893ba14f0692005417c1e0e690a325a4c5d8bb2b3943ee14?s=96&d=mm&r=g\",\"contentUrl\":\"https:\\\/\\\/secure.gravatar.com\\\/avatar\\\/bb65d0283347e303893ba14f0692005417c1e0e690a325a4c5d8bb2b3943ee14?s=96&d=mm&r=g\",\"caption\":\"Cope Alcoy\"}}]}<\/script>\n<!-- \/ Yoast SEO plugin. -->","yoast_head_json":{"title":"\u00c9xito de la primera ruta urbana 'Voltant Alcoi' - COPE Alcoy","robots":{"index":"index","follow":"follow","max-snippet":"max-snippet:-1","max-image-preview":"max-image-preview:large","max-video-preview":"max-video-preview:-1"},"canonical":"https:\/\/www.copealcoy.es\/es\/exito-de-la-primera-ruta-urbana-voltant-alcoi\/","og_locale":"es_ES","og_type":"article","og_title":"\u00c9xito de la primera ruta urbana 'Voltant Alcoi' - COPE Alcoy","og_description":"Un total de 170 personas disfrutaron el pasado domingo de la primera de las excursiones enmarcadas dentro del ciclo &#8216;10...","og_url":"https:\/\/www.copealcoy.es\/es\/exito-de-la-primera-ruta-urbana-voltant-alcoi\/","og_site_name":"COPE Alcoy","article_published_time":"2020-02-26T15:26:54+00:00","og_image":[{"width":972,"height":729,"url":"https:\/\/www.copealcoy.es\/wp-content\/uploads\/2020\/02\/0-1.jpeg","type":"image\/jpeg"}],"author":"Cope Alcoy","twitter_misc":{"Escrito por":"Cope Alcoy","Tiempo de lectura":"1 minuto"},"schema":{"@context":"https:\/\/schema.org","@graph":[{"@type":"Article","@id":"https:\/\/www.copealcoy.es\/es\/exito-de-la-primera-ruta-urbana-voltant-alcoi\/#article","isPartOf":{"@id":"https:\/\/www.copealcoy.es\/es\/exito-de-la-primera-ruta-urbana-voltant-alcoi\/"},"author":{"name":"Cope Alcoy","@id":"https:\/\/www.copealcoy.es\/es\/#\/schema\/person\/e777c87fa024e57d40170af9df39882c"},"headline":"\u00c9xito de la primera ruta urbana &#8216;Voltant Alcoi&#8217;","datePublished":"2020-02-26T15:26:54+00:00","mainEntityOfPage":{"@id":"https:\/\/www.copealcoy.es\/es\/exito-de-la-primera-ruta-urbana-voltant-alcoi\/"},"wordCount":113,"commentCount":0,"image":{"@id":"https:\/\/www.copealcoy.es\/es\/exito-de-la-primera-ruta-urbana-voltant-alcoi\/#primaryimage"},"thumbnailUrl":"https:\/\/www.copealcoy.es\/wp-content\/uploads\/2020\/02\/0-1.jpeg","keywords":["'Voltant Alcoi'","Alcoy","\u00c9xito","Guerra Civil","ruta urbana"],"articleSection":["Alcoy","Fiesta y Cultura","Noticias"],"inLanguage":"es"},{"@type":"WebPage","@id":"https:\/\/www.copealcoy.es\/es\/exito-de-la-primera-ruta-urbana-voltant-alcoi\/","url":"https:\/\/www.copealcoy.es\/es\/exito-de-la-primera-ruta-urbana-voltant-alcoi\/","name":"\u00c9xito de la primera ruta urbana 'Voltant Alcoi' - COPE Alcoy","isPartOf":{"@id":"https:\/\/www.copealcoy.es\/es\/#website"},"primaryImageOfPage":{"@id":"https:\/\/www.copealcoy.es\/es\/exito-de-la-primera-ruta-urbana-voltant-alcoi\/#primaryimage"},"image":{"@id":"https:\/\/www.copealcoy.es\/es\/exito-de-la-primera-ruta-urbana-voltant-alcoi\/#primaryimage"},"thumbnailUrl":"https:\/\/www.copealcoy.es\/wp-content\/uploads\/2020\/02\/0-1.jpeg","datePublished":"2020-02-26T15:26:54+00:00","author":{"@id":"https:\/\/www.copealcoy.es\/es\/#\/schema\/person\/e777c87fa024e57d40170af9df39882c"},"breadcrumb":{"@id":"https:\/\/www.copealcoy.es\/es\/exito-de-la-primera-ruta-urbana-voltant-alcoi\/#breadcrumb"},"inLanguage":"es","potentialAction":[{"@type":"ReadAction","target":["https:\/\/www.copealcoy.es\/es\/exito-de-la-primera-ruta-urbana-voltant-alcoi\/"]}]},{"@type":"ImageObject","inLanguage":"es","@id":"https:\/\/www.copealcoy.es\/es\/exito-de-la-primera-ruta-urbana-voltant-alcoi\/#primaryimage","url":"https:\/\/www.copealcoy.es\/wp-content\/uploads\/2020\/02\/0-1.jpeg","contentUrl":"https:\/\/www.copealcoy.es\/wp-content\/uploads\/2020\/02\/0-1.jpeg","width":972,"height":729,"caption":"La ruta tuvo lugar el pasado domingo \/ Foto: CAEHA"},{"@type":"BreadcrumbList","@id":"https:\/\/www.copealcoy.es\/es\/exito-de-la-primera-ruta-urbana-voltant-alcoi\/#breadcrumb","itemListElement":[{"@type":"ListItem","position":1,"name":"Portada","item":"https:\/\/www.copealcoy.es\/es\/"},{"@type":"ListItem","position":2,"name":"\u00c9xito de la primera ruta urbana &#8216;Voltant Alcoi&#8217;"}]},{"@type":"WebSite","@id":"https:\/\/www.copealcoy.es\/es\/#website","url":"https:\/\/www.copealcoy.es\/es\/","name":"COPE Alcoy","description":"Emisora COPE de radio local con emisi\u00f3n online. Pont de Sant Jordi 8-10 03803 Alcoy","potentialAction":[{"@type":"SearchAction","target":{"@type":"EntryPoint","urlTemplate":"https:\/\/www.copealcoy.es\/es\/?s={search_term_string}"},"query-input":{"@type":"PropertyValueSpecification","valueRequired":true,"valueName":"search_term_string"}}],"inLanguage":"es"},{"@type":"Person","@id":"https:\/\/www.copealcoy.es\/es\/#\/schema\/person\/e777c87fa024e57d40170af9df39882c","name":"Cope Alcoy","image":{"@type":"ImageObject","inLanguage":"es","@id":"https:\/\/secure.gravatar.com\/avatar\/bb65d0283347e303893ba14f0692005417c1e0e690a325a4c5d8bb2b3943ee14?s=96&d=mm&r=g","url":"https:\/\/secure.gravatar.com\/avatar\/bb65d0283347e303893ba14f0692005417c1e0e690a325a4c5d8bb2b3943ee14?s=96&d=mm&r=g","contentUrl":"https:\/\/secure.gravatar.com\/avatar\/bb65d0283347e303893ba14f0692005417c1e0e690a325a4c5d8bb2b3943ee14?s=96&d=mm&r=g","caption":"Cope Alcoy"}}]}},"_links":{"self":[{"href":"https:\/\/www.copealcoy.es\/es\/wp-json\/wp\/v2\/posts\/60312","targetHints":{"allow":["GET"]}}],"collection":[{"href":"https:\/\/www.copealcoy.es\/es\/wp-json\/wp\/v2\/posts"}],"about":[{"href":"https:\/\/www.copealcoy.es\/es\/wp-json\/wp\/v2\/types\/post"}],"author":[{"embeddable":true,"href":"https:\/\/www.copealcoy.es\/es\/wp-json\/wp\/v2\/users\/1"}],"replies":[{"embeddable":true,"href":"https:\/\/www.copealcoy.es\/es\/wp-json\/wp\/v2\/comments?post=60312"}],"version-history":[{"count":0,"href":"https:\/\/www.copealcoy.es\/es\/wp-json\/wp\/v2\/posts\/60312\/revisions"}],"wp:featuredmedia":[{"embeddable":true,"href":"https:\/\/www.copealcoy.es\/es\/wp-json\/wp\/v2\/media\/60313"}],"wp:attachment":[{"href":"https:\/\/www.copealcoy.es\/es\/wp-json\/wp\/v2\/media?parent=60312"}],"wp:term":[{"taxonomy":"category","embeddable":true,"href":"https:\/\/www.copealcoy.es\/es\/wp-json\/wp\/v2\/categories?post=60312"},{"taxonomy":"post_tag","embeddable":true,"href":"https:\/\/www.copealcoy.es\/es\/wp-json\/wp\/v2\/tags?post=60312"}],"curies":[{"name":"wp","href":"https:\/\/api.w.org\/{rel}","templated":true}]}}