{"id":60268,"date":"2020-02-24T16:14:29","date_gmt":"2020-02-24T16:14:29","guid":{"rendered":"https:\/\/www.copealcoy.es\/?p=60268"},"modified":"2020-02-24T16:14:29","modified_gmt":"2020-02-24T16:14:29","slug":"empate-sin-goles-entre-el-cd-alcoyano-y-el-paterna-cf","status":"publish","type":"post","link":"https:\/\/www.copealcoy.es\/es\/empate-sin-goles-entre-el-cd-alcoyano-y-el-paterna-cf\/","title":{"rendered":"Empate sin goles entre el CD Alcoyano y el Paterna CF"},"content":{"rendered":"<p><em>Cr\u00f3nica del CD Alcoyano<\/em><\/p>\n<p style=\"text-align: justify;\">El C.D. Alcoyano <strong>ha logrado un empate en la ma\u00f1ana de hoy en Paterna<\/strong>, que le permite<strong> alargar su racha de partidos<\/strong> sin conocer la derrota hasta 26. Los del Deportivo <strong>han competido en un campo en las que las condiciones no les beneficiaban en exceso<\/strong>, para volver a la ciudad de Alcoy con alg\u00fan punto como as\u00ed ha sido.<\/p>\n<p style=\"text-align: justify;\">El partido ha comenzado con un Paterna, <strong>que apretaba para intentar incomodar el juego de los alcoyanistas<\/strong>. Al Deportivo le ha costado controlar ese \u00edmpetu local, pero cuando lo ha conseguido se ha visto que pod\u00eda llevar m\u00e1s peligro al marco rival que los locales. En <strong>una primera parte<\/strong> sin apenas jugadas que hayan inquietado a ninguno de los dos porteros.<\/p>\n<p style=\"text-align: justify;\">La lucha y la pelea en el centro del campo <strong>ha sido la t\u00f3nica dominante durante esos primeros 45 minutos<\/strong>. Solo las acciones a bal\u00f3n parado pod\u00edan llevar peligro a las \u00e1reas pero las defensas se han impuesto a los ataques en estas acciones y no ha habido disparos a porter\u00eda.<\/p>\n<p style=\"text-align: justify;\">En<strong> la segunda mitad<\/strong>, como ha pasado ya en varios partidos, <strong>el Alcoyano ha salido m\u00e1s incisivo en el juego<\/strong> y con m\u00e1s presencia ofensiva. La afici\u00f3n desplazada hasta Paterna, en <strong>un n\u00famero considerable<\/strong> teniendo en cuenta la distancia entre ambas poblaciones, ve\u00eda la posibilidad de llevarse los 3 puntos en el d\u00eda de hoy.<\/p>\n<p style=\"text-align: justify;\">Los locales apenas inquietaban a <strong>Jos\u00e9 Juan<\/strong>, pero en un disparo desde 35 metros, que ha sorprendido a todos excepto al cancerbero alcoyanista, ha sido la jugada m\u00e1s peligrosa del partido hasta ese momento. El portero del Alcoyano <strong>ha tenido que realizar una gran parada<\/strong>, ya que el disparo lejano del jugador del Paterna, iba direcci\u00f3n a la escuadra de la porter\u00eda visitante. Como dato a tener en cuenta, este es el quinto partido consecutivo en el que <strong>Jos\u00e9 Juan<\/strong> deja la porter\u00eda a 0.<\/p>\n<p style=\"text-align: justify;\">Tras esa jugada peligrosa de los locales, ha llegado la acci\u00f3n pol\u00e9mica del encuentro. <strong>Pau Franch<\/strong> se ha internado dentro del \u00e1rea con el bal\u00f3n controlado, y un defensa local lo ha derribado. Todos los jugadores del <strong>Alcoyano <\/strong>y el p\u00fablico desplazado a Paterna ha protestado la acci\u00f3n, pero el colegiado del partido ha considerado que no hab\u00eda nada punible en ese lance y que el juego ten\u00eda que continuar.<\/p>\n<p style=\"text-align: justify;\">Un par de combinaciones de la zona de ataque alcoyanista, han acabado con disparos de <strong>Acevedo<\/strong>. En la primera ocasi\u00f3n, el disparo se ha marchado por encima del travesa\u00f1o, y en la segunda ha sido el portero local quien ha conseguido parar el disparo del extremo del Deportivo. Otra jugada de peligro para el Alcoyano, ha llegado en un contraataque en el que el pase de <strong>Pau Franch<\/strong>, ha dejado en buena posici\u00f3n a <strong>Ruba<\/strong>, pero el r\u00e1pido extremo del Deportivo estaba escorado y su disparo ha salido desviado de la porter\u00eda del Paterna.<\/p>\n<p style=\"text-align: justify;\">Buen punto el cosechado hoy, en un campo en el que<strong> los equipos de la parte de arriba de la clasificaci\u00f3n no consiguen ganar<\/strong>, y eso demuestra que es uno de los campos complicados de la categor\u00eda.<\/p>\n<p style=\"text-align: justify;\">Paterna C.F. : Xenxo, Sergio P\u00e9rez, Nico, Barea, Daniele (70\u2019 Cuesta), Civera\u00a0 (72\u2019 Gha Ni)(84\u2019 Ximo), Carrasco, Peke, Iv\u00e1n, Claus\u00ed, Navarro.<\/p>\n<p style=\"text-align: justify;\">C.D. Alcoyano: <strong>Jos\u00e9 Juan, Mikel (46\u2019 Devesa), Garc\u00e9s, Ra\u00fal, Navarro, Jony, Diakit\u00e9, Fran Machado (64\u2019 \u00d3scar D\u00edaz), Acevedo, Peir\u00f3 (58\u2019 Ruba), Pau Franch.<\/strong><\/p>\n<p style=\"text-align: justify;\">El colegiado del encuentro D. Jos\u00e9 Miguel Carballa Mi\u00f1ana, ha amonestado a Iv\u00e1n, Claus\u00ed, Civera y Nico por parte de los locales y a <strong>Jony <\/strong>por parte de los visitantes.<\/p>\n","protected":false},"excerpt":{"rendered":"<p>Cr\u00f3nica del CD Alcoyano El C.D. Alcoyano ha logrado un empate en la ma\u00f1ana de hoy en Paterna, que le&#8230;<\/p>\n","protected":false},"author":1,"featured_media":60269,"comment_status":"open","ping_status":"open","sticky":false,"template":"","format":"standard","meta":{"footnotes":""},"categories":[92,75],"tags":[1494,140,2118,346,7201,2729],"class_list":["post-60268","post","type-post","status-publish","format-standard","has-post-thumbnail","hentry","category-deportes","category-noticias","tag-alcoy","tag-alcoyano","tag-cd-alcoyano","tag-empate","tag-paterna-cf","tag-sin-goles"],"yoast_head":"<!-- This site is optimized with the Yoast SEO plugin v27.3 - https:\/\/yoast.com\/product\/yoast-seo-wordpress\/ -->\n<title>Empate sin goles entre el CD Alcoyano y el Paterna CF - COPE Alcoy<\/title>\n<meta name=\"robots\" content=\"index, follow, max-snippet:-1, max-image-preview:large, max-video-preview:-1\" \/>\n<link rel=\"canonical\" href=\"https:\/\/www.copealcoy.es\/es\/empate-sin-goles-entre-el-cd-alcoyano-y-el-paterna-cf\/\" \/>\n<meta property=\"og:locale\" content=\"es_ES\" \/>\n<meta property=\"og:type\" content=\"article\" \/>\n<meta property=\"og:title\" content=\"Empate sin goles entre el CD Alcoyano y el Paterna CF - COPE Alcoy\" \/>\n<meta property=\"og:description\" content=\"Cr\u00f3nica del CD Alcoyano El C.D. Alcoyano ha logrado un empate en la ma\u00f1ana de hoy en Paterna, que le...\" \/>\n<meta property=\"og:url\" content=\"https:\/\/www.copealcoy.es\/es\/empate-sin-goles-entre-el-cd-alcoyano-y-el-paterna-cf\/\" \/>\n<meta property=\"og:site_name\" content=\"COPE Alcoy\" \/>\n<meta property=\"article:published_time\" content=\"2020-02-24T16:14:29+00:00\" \/>\n<meta property=\"og:image\" content=\"https:\/\/www.copealcoy.es\/wp-content\/uploads\/2020\/02\/WhatsApp-Image-2020-02-23-at-14_51_20-3-1.jpeg\" \/>\n\t<meta property=\"og:image:width\" content=\"1024\" \/>\n\t<meta property=\"og:image:height\" content=\"768\" \/>\n\t<meta property=\"og:image:type\" content=\"image\/jpeg\" \/>\n<meta name=\"author\" content=\"Cope Alcoy\" \/>\n<meta name=\"twitter:label1\" content=\"Escrito por\" \/>\n\t<meta name=\"twitter:data1\" content=\"Cope Alcoy\" \/>\n\t<meta name=\"twitter:label2\" content=\"Tiempo de lectura\" \/>\n\t<meta name=\"twitter:data2\" content=\"3 minutos\" \/>\n<script type=\"application\/ld+json\" class=\"yoast-schema-graph\">{\"@context\":\"https:\\\/\\\/schema.org\",\"@graph\":[{\"@type\":\"Article\",\"@id\":\"https:\\\/\\\/www.copealcoy.es\\\/es\\\/empate-sin-goles-entre-el-cd-alcoyano-y-el-paterna-cf\\\/#article\",\"isPartOf\":{\"@id\":\"https:\\\/\\\/www.copealcoy.es\\\/es\\\/empate-sin-goles-entre-el-cd-alcoyano-y-el-paterna-cf\\\/\"},\"author\":{\"name\":\"Cope Alcoy\",\"@id\":\"https:\\\/\\\/www.copealcoy.es\\\/es\\\/#\\\/schema\\\/person\\\/e777c87fa024e57d40170af9df39882c\"},\"headline\":\"Empate sin goles entre el CD Alcoyano y el Paterna CF\",\"datePublished\":\"2020-02-24T16:14:29+00:00\",\"mainEntityOfPage\":{\"@id\":\"https:\\\/\\\/www.copealcoy.es\\\/es\\\/empate-sin-goles-entre-el-cd-alcoyano-y-el-paterna-cf\\\/\"},\"wordCount\":634,\"commentCount\":0,\"image\":{\"@id\":\"https:\\\/\\\/www.copealcoy.es\\\/es\\\/empate-sin-goles-entre-el-cd-alcoyano-y-el-paterna-cf\\\/#primaryimage\"},\"thumbnailUrl\":\"https:\\\/\\\/www.copealcoy.es\\\/wp-content\\\/uploads\\\/2020\\\/02\\\/WhatsApp-Image-2020-02-23-at-14_51_20-3-1.jpeg\",\"keywords\":[\"Alcoy\",\"Alcoyano\",\"CD Alcoyano\",\"empate\",\"Paterna CF\",\"sin goles\"],\"articleSection\":[\"Deportes\",\"Noticias\"],\"inLanguage\":\"es\"},{\"@type\":\"WebPage\",\"@id\":\"https:\\\/\\\/www.copealcoy.es\\\/es\\\/empate-sin-goles-entre-el-cd-alcoyano-y-el-paterna-cf\\\/\",\"url\":\"https:\\\/\\\/www.copealcoy.es\\\/es\\\/empate-sin-goles-entre-el-cd-alcoyano-y-el-paterna-cf\\\/\",\"name\":\"Empate sin goles entre el CD Alcoyano y el Paterna CF - COPE Alcoy\",\"isPartOf\":{\"@id\":\"https:\\\/\\\/www.copealcoy.es\\\/es\\\/#website\"},\"primaryImageOfPage\":{\"@id\":\"https:\\\/\\\/www.copealcoy.es\\\/es\\\/empate-sin-goles-entre-el-cd-alcoyano-y-el-paterna-cf\\\/#primaryimage\"},\"image\":{\"@id\":\"https:\\\/\\\/www.copealcoy.es\\\/es\\\/empate-sin-goles-entre-el-cd-alcoyano-y-el-paterna-cf\\\/#primaryimage\"},\"thumbnailUrl\":\"https:\\\/\\\/www.copealcoy.es\\\/wp-content\\\/uploads\\\/2020\\\/02\\\/WhatsApp-Image-2020-02-23-at-14_51_20-3-1.jpeg\",\"datePublished\":\"2020-02-24T16:14:29+00:00\",\"author\":{\"@id\":\"https:\\\/\\\/www.copealcoy.es\\\/es\\\/#\\\/schema\\\/person\\\/e777c87fa024e57d40170af9df39882c\"},\"breadcrumb\":{\"@id\":\"https:\\\/\\\/www.copealcoy.es\\\/es\\\/empate-sin-goles-entre-el-cd-alcoyano-y-el-paterna-cf\\\/#breadcrumb\"},\"inLanguage\":\"es\",\"potentialAction\":[{\"@type\":\"ReadAction\",\"target\":[\"https:\\\/\\\/www.copealcoy.es\\\/es\\\/empate-sin-goles-entre-el-cd-alcoyano-y-el-paterna-cf\\\/\"]}]},{\"@type\":\"ImageObject\",\"inLanguage\":\"es\",\"@id\":\"https:\\\/\\\/www.copealcoy.es\\\/es\\\/empate-sin-goles-entre-el-cd-alcoyano-y-el-paterna-cf\\\/#primaryimage\",\"url\":\"https:\\\/\\\/www.copealcoy.es\\\/wp-content\\\/uploads\\\/2020\\\/02\\\/WhatsApp-Image-2020-02-23-at-14_51_20-3-1.jpeg\",\"contentUrl\":\"https:\\\/\\\/www.copealcoy.es\\\/wp-content\\\/uploads\\\/2020\\\/02\\\/WhatsApp-Image-2020-02-23-at-14_51_20-3-1.jpeg\",\"width\":1024,\"height\":768,\"caption\":\"El partido se disput\u00f3 ayer a domicilio \\\/ Foto: CD Alcoyano\"},{\"@type\":\"BreadcrumbList\",\"@id\":\"https:\\\/\\\/www.copealcoy.es\\\/es\\\/empate-sin-goles-entre-el-cd-alcoyano-y-el-paterna-cf\\\/#breadcrumb\",\"itemListElement\":[{\"@type\":\"ListItem\",\"position\":1,\"name\":\"Portada\",\"item\":\"https:\\\/\\\/www.copealcoy.es\\\/es\\\/\"},{\"@type\":\"ListItem\",\"position\":2,\"name\":\"Empate sin goles entre el CD Alcoyano y el Paterna CF\"}]},{\"@type\":\"WebSite\",\"@id\":\"https:\\\/\\\/www.copealcoy.es\\\/es\\\/#website\",\"url\":\"https:\\\/\\\/www.copealcoy.es\\\/es\\\/\",\"name\":\"COPE Alcoy\",\"description\":\"Emisora COPE de radio local con emisi\u00f3n online. Pont de Sant Jordi 8-10 03803 Alcoy\",\"potentialAction\":[{\"@type\":\"SearchAction\",\"target\":{\"@type\":\"EntryPoint\",\"urlTemplate\":\"https:\\\/\\\/www.copealcoy.es\\\/es\\\/?s={search_term_string}\"},\"query-input\":{\"@type\":\"PropertyValueSpecification\",\"valueRequired\":true,\"valueName\":\"search_term_string\"}}],\"inLanguage\":\"es\"},{\"@type\":\"Person\",\"@id\":\"https:\\\/\\\/www.copealcoy.es\\\/es\\\/#\\\/schema\\\/person\\\/e777c87fa024e57d40170af9df39882c\",\"name\":\"Cope Alcoy\",\"image\":{\"@type\":\"ImageObject\",\"inLanguage\":\"es\",\"@id\":\"https:\\\/\\\/secure.gravatar.com\\\/avatar\\\/bb65d0283347e303893ba14f0692005417c1e0e690a325a4c5d8bb2b3943ee14?s=96&d=mm&r=g\",\"url\":\"https:\\\/\\\/secure.gravatar.com\\\/avatar\\\/bb65d0283347e303893ba14f0692005417c1e0e690a325a4c5d8bb2b3943ee14?s=96&d=mm&r=g\",\"contentUrl\":\"https:\\\/\\\/secure.gravatar.com\\\/avatar\\\/bb65d0283347e303893ba14f0692005417c1e0e690a325a4c5d8bb2b3943ee14?s=96&d=mm&r=g\",\"caption\":\"Cope Alcoy\"}}]}<\/script>\n<!-- \/ Yoast SEO plugin. -->","yoast_head_json":{"title":"Empate sin goles entre el CD Alcoyano y el Paterna CF - COPE Alcoy","robots":{"index":"index","follow":"follow","max-snippet":"max-snippet:-1","max-image-preview":"max-image-preview:large","max-video-preview":"max-video-preview:-1"},"canonical":"https:\/\/www.copealcoy.es\/es\/empate-sin-goles-entre-el-cd-alcoyano-y-el-paterna-cf\/","og_locale":"es_ES","og_type":"article","og_title":"Empate sin goles entre el CD Alcoyano y el Paterna CF - COPE Alcoy","og_description":"Cr\u00f3nica del CD Alcoyano El C.D. Alcoyano ha logrado un empate en la ma\u00f1ana de hoy en Paterna, que le...","og_url":"https:\/\/www.copealcoy.es\/es\/empate-sin-goles-entre-el-cd-alcoyano-y-el-paterna-cf\/","og_site_name":"COPE Alcoy","article_published_time":"2020-02-24T16:14:29+00:00","og_image":[{"width":1024,"height":768,"url":"https:\/\/www.copealcoy.es\/wp-content\/uploads\/2020\/02\/WhatsApp-Image-2020-02-23-at-14_51_20-3-1.jpeg","type":"image\/jpeg"}],"author":"Cope Alcoy","twitter_misc":{"Escrito por":"Cope Alcoy","Tiempo de lectura":"3 minutos"},"schema":{"@context":"https:\/\/schema.org","@graph":[{"@type":"Article","@id":"https:\/\/www.copealcoy.es\/es\/empate-sin-goles-entre-el-cd-alcoyano-y-el-paterna-cf\/#article","isPartOf":{"@id":"https:\/\/www.copealcoy.es\/es\/empate-sin-goles-entre-el-cd-alcoyano-y-el-paterna-cf\/"},"author":{"name":"Cope Alcoy","@id":"https:\/\/www.copealcoy.es\/es\/#\/schema\/person\/e777c87fa024e57d40170af9df39882c"},"headline":"Empate sin goles entre el CD Alcoyano y el Paterna CF","datePublished":"2020-02-24T16:14:29+00:00","mainEntityOfPage":{"@id":"https:\/\/www.copealcoy.es\/es\/empate-sin-goles-entre-el-cd-alcoyano-y-el-paterna-cf\/"},"wordCount":634,"commentCount":0,"image":{"@id":"https:\/\/www.copealcoy.es\/es\/empate-sin-goles-entre-el-cd-alcoyano-y-el-paterna-cf\/#primaryimage"},"thumbnailUrl":"https:\/\/www.copealcoy.es\/wp-content\/uploads\/2020\/02\/WhatsApp-Image-2020-02-23-at-14_51_20-3-1.jpeg","keywords":["Alcoy","Alcoyano","CD Alcoyano","empate","Paterna CF","sin goles"],"articleSection":["Deportes","Noticias"],"inLanguage":"es"},{"@type":"WebPage","@id":"https:\/\/www.copealcoy.es\/es\/empate-sin-goles-entre-el-cd-alcoyano-y-el-paterna-cf\/","url":"https:\/\/www.copealcoy.es\/es\/empate-sin-goles-entre-el-cd-alcoyano-y-el-paterna-cf\/","name":"Empate sin goles entre el CD Alcoyano y el Paterna CF - COPE Alcoy","isPartOf":{"@id":"https:\/\/www.copealcoy.es\/es\/#website"},"primaryImageOfPage":{"@id":"https:\/\/www.copealcoy.es\/es\/empate-sin-goles-entre-el-cd-alcoyano-y-el-paterna-cf\/#primaryimage"},"image":{"@id":"https:\/\/www.copealcoy.es\/es\/empate-sin-goles-entre-el-cd-alcoyano-y-el-paterna-cf\/#primaryimage"},"thumbnailUrl":"https:\/\/www.copealcoy.es\/wp-content\/uploads\/2020\/02\/WhatsApp-Image-2020-02-23-at-14_51_20-3-1.jpeg","datePublished":"2020-02-24T16:14:29+00:00","author":{"@id":"https:\/\/www.copealcoy.es\/es\/#\/schema\/person\/e777c87fa024e57d40170af9df39882c"},"breadcrumb":{"@id":"https:\/\/www.copealcoy.es\/es\/empate-sin-goles-entre-el-cd-alcoyano-y-el-paterna-cf\/#breadcrumb"},"inLanguage":"es","potentialAction":[{"@type":"ReadAction","target":["https:\/\/www.copealcoy.es\/es\/empate-sin-goles-entre-el-cd-alcoyano-y-el-paterna-cf\/"]}]},{"@type":"ImageObject","inLanguage":"es","@id":"https:\/\/www.copealcoy.es\/es\/empate-sin-goles-entre-el-cd-alcoyano-y-el-paterna-cf\/#primaryimage","url":"https:\/\/www.copealcoy.es\/wp-content\/uploads\/2020\/02\/WhatsApp-Image-2020-02-23-at-14_51_20-3-1.jpeg","contentUrl":"https:\/\/www.copealcoy.es\/wp-content\/uploads\/2020\/02\/WhatsApp-Image-2020-02-23-at-14_51_20-3-1.jpeg","width":1024,"height":768,"caption":"El partido se disput\u00f3 ayer a domicilio \/ Foto: CD Alcoyano"},{"@type":"BreadcrumbList","@id":"https:\/\/www.copealcoy.es\/es\/empate-sin-goles-entre-el-cd-alcoyano-y-el-paterna-cf\/#breadcrumb","itemListElement":[{"@type":"ListItem","position":1,"name":"Portada","item":"https:\/\/www.copealcoy.es\/es\/"},{"@type":"ListItem","position":2,"name":"Empate sin goles entre el CD Alcoyano y el Paterna CF"}]},{"@type":"WebSite","@id":"https:\/\/www.copealcoy.es\/es\/#website","url":"https:\/\/www.copealcoy.es\/es\/","name":"COPE Alcoy","description":"Emisora COPE de radio local con emisi\u00f3n online. Pont de Sant Jordi 8-10 03803 Alcoy","potentialAction":[{"@type":"SearchAction","target":{"@type":"EntryPoint","urlTemplate":"https:\/\/www.copealcoy.es\/es\/?s={search_term_string}"},"query-input":{"@type":"PropertyValueSpecification","valueRequired":true,"valueName":"search_term_string"}}],"inLanguage":"es"},{"@type":"Person","@id":"https:\/\/www.copealcoy.es\/es\/#\/schema\/person\/e777c87fa024e57d40170af9df39882c","name":"Cope Alcoy","image":{"@type":"ImageObject","inLanguage":"es","@id":"https:\/\/secure.gravatar.com\/avatar\/bb65d0283347e303893ba14f0692005417c1e0e690a325a4c5d8bb2b3943ee14?s=96&d=mm&r=g","url":"https:\/\/secure.gravatar.com\/avatar\/bb65d0283347e303893ba14f0692005417c1e0e690a325a4c5d8bb2b3943ee14?s=96&d=mm&r=g","contentUrl":"https:\/\/secure.gravatar.com\/avatar\/bb65d0283347e303893ba14f0692005417c1e0e690a325a4c5d8bb2b3943ee14?s=96&d=mm&r=g","caption":"Cope Alcoy"}}]}},"_links":{"self":[{"href":"https:\/\/www.copealcoy.es\/es\/wp-json\/wp\/v2\/posts\/60268","targetHints":{"allow":["GET"]}}],"collection":[{"href":"https:\/\/www.copealcoy.es\/es\/wp-json\/wp\/v2\/posts"}],"about":[{"href":"https:\/\/www.copealcoy.es\/es\/wp-json\/wp\/v2\/types\/post"}],"author":[{"embeddable":true,"href":"https:\/\/www.copealcoy.es\/es\/wp-json\/wp\/v2\/users\/1"}],"replies":[{"embeddable":true,"href":"https:\/\/www.copealcoy.es\/es\/wp-json\/wp\/v2\/comments?post=60268"}],"version-history":[{"count":0,"href":"https:\/\/www.copealcoy.es\/es\/wp-json\/wp\/v2\/posts\/60268\/revisions"}],"wp:featuredmedia":[{"embeddable":true,"href":"https:\/\/www.copealcoy.es\/es\/wp-json\/wp\/v2\/media\/60269"}],"wp:attachment":[{"href":"https:\/\/www.copealcoy.es\/es\/wp-json\/wp\/v2\/media?parent=60268"}],"wp:term":[{"taxonomy":"category","embeddable":true,"href":"https:\/\/www.copealcoy.es\/es\/wp-json\/wp\/v2\/categories?post=60268"},{"taxonomy":"post_tag","embeddable":true,"href":"https:\/\/www.copealcoy.es\/es\/wp-json\/wp\/v2\/tags?post=60268"}],"curies":[{"name":"wp","href":"https:\/\/api.w.org\/{rel}","templated":true}]}}