{"id":60248,"date":"2020-02-24T15:34:37","date_gmt":"2020-02-24T15:34:37","guid":{"rendered":"https:\/\/www.copealcoy.es\/?p=60248"},"modified":"2020-02-24T15:34:37","modified_gmt":"2020-02-24T15:34:37","slug":"aprobados-los-presupuestos-de-alcoy-para-2020","status":"publish","type":"post","link":"https:\/\/www.copealcoy.es\/es\/aprobados-los-presupuestos-de-alcoy-para-2020\/","title":{"rendered":"Aprobados los Presupuestos de Alcoy para 2020"},"content":{"rendered":"<p style=\"text-align: justify;\">El <strong>Pleno Extraordinario del Ayuntamiento de Alcoy<\/strong> ha aprobado esta ma\u00f1ana <strong>los Presupuestos Municipales para el 2020<\/strong>, los cuales \u00a0rozan <strong>los sesenta millones de euros (59&#8217;8)<\/strong> al mismo tiempo que <strong>prev\u00e9n 5\u20193 millones para inversiones<\/strong>. Desde el Gobierno Municipal del PSOE han recordado en la sesi\u00f3n plenaria que <strong>las cuentas tienen como principal prioridad<\/strong> las pol\u00edticas econ\u00f3micas y medio ambientales, las pol\u00edticas sociales o las inversiones para mejorar el mantenimiento de los diferentes barrios de la ciudad.<\/p>\n<p><strong>Podem da el &#8216;s\u00ed&#8217; al Presupuesto\u00a0<\/strong><\/p>\n<p style=\"text-align: justify;\">Estos Presupuestos para el 2020 <strong>han salido\u00a0adelante con los votos favorables del PSOE y Podem Alcoi<\/strong> fruto del <strong>acuerdo<\/strong> alcanzado entre los dos partidos y en el cual se contempla, entre otras cuestiones; <strong>trazar una hoja de ruta para analizar los diferentes servicios<\/strong> que tiene ahora mismo el Ayuntamiento de Alcoy. El alcalde, <strong>Antonio Franc\u00e9s<\/strong>, ha indicado que una vez se disponga de toda la informaci\u00f3n<strong> se iniciar\u00e1 un proceso para la municipalizaci\u00f3n de los mismos<\/strong> &#8220;<em>somos un Gobierno serio y por ello estudiaremos con detalle cada caso para ver las f\u00f3rmulas adecuadas que se pueden poner en marcha en esa municipalizaci\u00f3n de servicios. Despu\u00e9s se marcar\u00e1n calendarios y compromisos para hacerlo posible<\/em>&#8220;, afirm\u00f3. Por su parte el portavoz de Podem Alcoi, <strong>Cristian Santiago<\/strong>, destac\u00f3 e<strong>l consenso al que se hab\u00eda llegado con los socialistas<\/strong> al mismo tiempo que <strong>tendi\u00f3 la mano a Comprom\u00eds y Guanyar Alcoi<\/strong> de cara a llegar a futuros acuerdos &#8220;<em>para seguir mejorando Alcoy e impulsando pol\u00edticas p\u00fablicas en diferentes \u00e1mbitos. Entendemos que somos un instrumento necesario en\u00a0una d\u00e9cada de cambio, de consensos, de di\u00e1logos y de acuerdos<\/em>&#8220;, manifest\u00f3.<\/p>\n<p><strong>Ciudadanos opta por la abstenci\u00f3n<\/strong><\/p>\n<p style=\"text-align: justify;\">Ciudadanos <strong>se ha abstenido<\/strong> y el partido ha asegurado que lo ha hecho <strong>por responsabilidad<\/strong> as\u00ed como para <strong>no paralizar<\/strong> el funcionamiento de la ciudad. <strong>Rosa Garc\u00eda<\/strong>, portavoz de la formaci\u00f3n naranja, ha dejado claro que <strong>no comparte muchos aspectos de las cuentas<\/strong> pero dijo tambi\u00e9n que Ciudadanos <strong>ha conseguido incluir algunas de sus propuestas<\/strong> en el Presupuesto. Adem\u00e1s ha abogado por <strong>el consenso y el buen entendimiento<\/strong> en la Corporaci\u00f3n Municipal &#8220;<em>son propuestas que queremos que se hagan realidad y estaremos vigilantes para que se cumplan en este curso pol\u00edtico. De no ser as\u00ed, se\u00f1or alcalde, nos plantearemos los apoyos en futuros cursos pol\u00edticos<\/em>&#8220;, apunt\u00f3 dirigi\u00e9ndose al primer edil.<\/p>\n<p><strong>VOX, Guanyar, Comprom\u00eds y el PP votan en contra<\/strong><\/p>\n<p style=\"text-align: justify;\">Vox Alcoy, Guanyar Alcoi, Comprom\u00eds Alcoi\u00a0y el Partido Popular <strong>han votado en contra<\/strong> destacando estos tres \u00faltimos partidos que e<strong>n otras ocasiones han dado su apoyo al Gobierno Municipal del PSOE<\/strong> en los Presupuestos y despu\u00e9s los socialistas <strong>han incumplido<\/strong> gran parte de las propuestas acordadas.<\/p>\n<p style=\"text-align: justify;\">El portavoz del PP, <strong>Quique Ruiz<\/strong>, ha afirmado que <strong>su formaci\u00f3n ha perdido toda la confianza<\/strong> en el Ejecutivo Local al igual que ha reprochado al PSOE <strong>el escaso cumplimiento del Presupuesto de 2019<\/strong> &#8220;<em>a fecha de diciembre hab\u00eda todav\u00eda 22 millones por ejecutar con tambi\u00e9n muchas inversiones pendientes por realizar<\/em>&#8220;, apunt\u00f3. En la misma l\u00ednea se expres\u00f3 <strong>M\u00e0rius Ivorra<\/strong>, portavoz de Comprom\u00eds Alcoi, y este \u00faltimo lament\u00f3 que no se hayan tenido en cuenta en el Presupuesto <strong>los compromisos adquiridos con el partido en los \u00faltimos a\u00f1os<\/strong> &#8220;<em>hemos intentado colaborar pero desde marzo del 2019 ustedes han abandonado el camino en el que \u00edbamos juntos de la mano<\/em>&#8220;, asever\u00f3. Tambi\u00e9n <strong>Sandra Obiol<\/strong>, Portavoz de Guanyar Alcoi, considera que <strong>el Presupuesto est\u00e1 vaci\u00f3 de contenido<\/strong> &#8220;<em>no refleja la realidad de Alcoy ni atiende las necesidades de la ciudadan\u00eda. Si fuera as\u00ed seguro que lo aprobar\u00edamos y sin nada a cambio<\/em>&#8220;, sentenci\u00f3. Por \u00faltimo el portavoz de VOX, <strong>David Andr\u00e9s Abad<\/strong>, mostr\u00f3 <strong>sus recelos<\/strong> con <strong>el acuerdo entre PSOE y Podem Alcoi<\/strong> &#8220;<em>esta composici\u00f3n no ser\u00e1 buena para Alcoy al igual que no lo ser\u00e1 para Espa\u00f1a. No se duerman. Estaremos vigilantes para que cumplan sus propuestas y nosotros trabajaremos para incluir en 2021 nuevas iniciativas enfocadas a todos los ciudadanos sin distinci\u00f3n<\/em>&#8220;, matiz\u00f3.<\/p>\n<p style=\"text-align: justify;\">Tras su aprobaci\u00f3n <strong>comienza la tramitaci\u00f3n del Presupuesto Municipal\u00a0<\/strong>para que este pueda entrar en vigor en las pr\u00f3ximas semanas <strong>con un considerable retraso respecto a 2019<\/strong> ya que el pasado a\u00f1o se aprobaron a finales de enero.<\/p>\n","protected":false},"excerpt":{"rendered":"<p>El Pleno Extraordinario del Ayuntamiento de Alcoy ha aprobado esta ma\u00f1ana los Presupuestos Municipales para el 2020, los cuales \u00a0rozan&#8230;<\/p>\n","protected":false},"author":1,"featured_media":60249,"comment_status":"open","ping_status":"open","sticky":false,"template":"","format":"standard","meta":{"footnotes":""},"categories":[97,75,125],"tags":[1494,276,2386,1572,7207],"class_list":["post-60248","post","type-post","status-publish","format-standard","has-post-thumbnail","hentry","category-alcoy","category-noticias","category-portada","tag-alcoy","tag-aprobacion","tag-podem","tag-presupuestos-municipales","tag-psoe-alcoi"],"yoast_head":"<!-- This site is optimized with the Yoast SEO plugin v27.3 - https:\/\/yoast.com\/product\/yoast-seo-wordpress\/ -->\n<title>Aprobados los Presupuestos de Alcoy para 2020 - COPE Alcoy<\/title>\n<meta name=\"robots\" content=\"index, follow, max-snippet:-1, max-image-preview:large, max-video-preview:-1\" \/>\n<link rel=\"canonical\" href=\"https:\/\/www.copealcoy.es\/es\/aprobados-los-presupuestos-de-alcoy-para-2020\/\" \/>\n<meta property=\"og:locale\" content=\"es_ES\" \/>\n<meta property=\"og:type\" content=\"article\" \/>\n<meta property=\"og:title\" content=\"Aprobados los Presupuestos de Alcoy para 2020 - COPE Alcoy\" \/>\n<meta property=\"og:description\" content=\"El Pleno Extraordinario del Ayuntamiento de Alcoy ha aprobado esta ma\u00f1ana los Presupuestos Municipales para el 2020, los cuales \u00a0rozan...\" \/>\n<meta property=\"og:url\" content=\"https:\/\/www.copealcoy.es\/es\/aprobados-los-presupuestos-de-alcoy-para-2020\/\" \/>\n<meta property=\"og:site_name\" content=\"COPE Alcoy\" \/>\n<meta property=\"article:published_time\" content=\"2020-02-24T15:34:37+00:00\" \/>\n<meta property=\"og:image\" content=\"https:\/\/www.copealcoy.es\/wp-content\/uploads\/2020\/02\/87516244_4089847464374740_8518366877636886528_o-1.jpg\" \/>\n\t<meta property=\"og:image:width\" content=\"960\" \/>\n\t<meta property=\"og:image:height\" content=\"466\" \/>\n\t<meta property=\"og:image:type\" content=\"image\/jpeg\" \/>\n<meta name=\"author\" content=\"Cope Alcoy\" \/>\n<meta name=\"twitter:label1\" content=\"Escrito por\" \/>\n\t<meta name=\"twitter:data1\" content=\"Cope Alcoy\" \/>\n\t<meta name=\"twitter:label2\" content=\"Tiempo de lectura\" \/>\n\t<meta name=\"twitter:data2\" content=\"4 minutos\" \/>\n<script type=\"application\/ld+json\" class=\"yoast-schema-graph\">{\"@context\":\"https:\\\/\\\/schema.org\",\"@graph\":[{\"@type\":\"Article\",\"@id\":\"https:\\\/\\\/www.copealcoy.es\\\/es\\\/aprobados-los-presupuestos-de-alcoy-para-2020\\\/#article\",\"isPartOf\":{\"@id\":\"https:\\\/\\\/www.copealcoy.es\\\/es\\\/aprobados-los-presupuestos-de-alcoy-para-2020\\\/\"},\"author\":{\"name\":\"Cope Alcoy\",\"@id\":\"https:\\\/\\\/www.copealcoy.es\\\/es\\\/#\\\/schema\\\/person\\\/e777c87fa024e57d40170af9df39882c\"},\"headline\":\"Aprobados los Presupuestos de Alcoy para 2020\",\"datePublished\":\"2020-02-24T15:34:37+00:00\",\"mainEntityOfPage\":{\"@id\":\"https:\\\/\\\/www.copealcoy.es\\\/es\\\/aprobados-los-presupuestos-de-alcoy-para-2020\\\/\"},\"wordCount\":738,\"commentCount\":0,\"image\":{\"@id\":\"https:\\\/\\\/www.copealcoy.es\\\/es\\\/aprobados-los-presupuestos-de-alcoy-para-2020\\\/#primaryimage\"},\"thumbnailUrl\":\"https:\\\/\\\/www.copealcoy.es\\\/wp-content\\\/uploads\\\/2020\\\/02\\\/87516244_4089847464374740_8518366877636886528_o-1.jpg\",\"keywords\":[\"Alcoy\",\"Aprobaci\u00f3n\",\"Podem\",\"Presupuestos Municipales\",\"Psoe Alcoi\"],\"articleSection\":[\"Alcoy\",\"Noticias\",\"Portada\"],\"inLanguage\":\"es\"},{\"@type\":\"WebPage\",\"@id\":\"https:\\\/\\\/www.copealcoy.es\\\/es\\\/aprobados-los-presupuestos-de-alcoy-para-2020\\\/\",\"url\":\"https:\\\/\\\/www.copealcoy.es\\\/es\\\/aprobados-los-presupuestos-de-alcoy-para-2020\\\/\",\"name\":\"Aprobados los Presupuestos de Alcoy para 2020 - COPE Alcoy\",\"isPartOf\":{\"@id\":\"https:\\\/\\\/www.copealcoy.es\\\/es\\\/#website\"},\"primaryImageOfPage\":{\"@id\":\"https:\\\/\\\/www.copealcoy.es\\\/es\\\/aprobados-los-presupuestos-de-alcoy-para-2020\\\/#primaryimage\"},\"image\":{\"@id\":\"https:\\\/\\\/www.copealcoy.es\\\/es\\\/aprobados-los-presupuestos-de-alcoy-para-2020\\\/#primaryimage\"},\"thumbnailUrl\":\"https:\\\/\\\/www.copealcoy.es\\\/wp-content\\\/uploads\\\/2020\\\/02\\\/87516244_4089847464374740_8518366877636886528_o-1.jpg\",\"datePublished\":\"2020-02-24T15:34:37+00:00\",\"author\":{\"@id\":\"https:\\\/\\\/www.copealcoy.es\\\/es\\\/#\\\/schema\\\/person\\\/e777c87fa024e57d40170af9df39882c\"},\"breadcrumb\":{\"@id\":\"https:\\\/\\\/www.copealcoy.es\\\/es\\\/aprobados-los-presupuestos-de-alcoy-para-2020\\\/#breadcrumb\"},\"inLanguage\":\"es\",\"potentialAction\":[{\"@type\":\"ReadAction\",\"target\":[\"https:\\\/\\\/www.copealcoy.es\\\/es\\\/aprobados-los-presupuestos-de-alcoy-para-2020\\\/\"]}]},{\"@type\":\"ImageObject\",\"inLanguage\":\"es\",\"@id\":\"https:\\\/\\\/www.copealcoy.es\\\/es\\\/aprobados-los-presupuestos-de-alcoy-para-2020\\\/#primaryimage\",\"url\":\"https:\\\/\\\/www.copealcoy.es\\\/wp-content\\\/uploads\\\/2020\\\/02\\\/87516244_4089847464374740_8518366877636886528_o-1.jpg\",\"contentUrl\":\"https:\\\/\\\/www.copealcoy.es\\\/wp-content\\\/uploads\\\/2020\\\/02\\\/87516244_4089847464374740_8518366877636886528_o-1.jpg\",\"width\":960,\"height\":466,\"caption\":\"El Pleno ha tenido lugar esta ma\u00f1ana \\\/ Foto: Ajuntament d'Alcoi\"},{\"@type\":\"BreadcrumbList\",\"@id\":\"https:\\\/\\\/www.copealcoy.es\\\/es\\\/aprobados-los-presupuestos-de-alcoy-para-2020\\\/#breadcrumb\",\"itemListElement\":[{\"@type\":\"ListItem\",\"position\":1,\"name\":\"Portada\",\"item\":\"https:\\\/\\\/www.copealcoy.es\\\/es\\\/\"},{\"@type\":\"ListItem\",\"position\":2,\"name\":\"Aprobados los Presupuestos de Alcoy para 2020\"}]},{\"@type\":\"WebSite\",\"@id\":\"https:\\\/\\\/www.copealcoy.es\\\/es\\\/#website\",\"url\":\"https:\\\/\\\/www.copealcoy.es\\\/es\\\/\",\"name\":\"COPE Alcoy\",\"description\":\"Emisora COPE de radio local con emisi\u00f3n online. Pont de Sant Jordi 8-10 03803 Alcoy\",\"potentialAction\":[{\"@type\":\"SearchAction\",\"target\":{\"@type\":\"EntryPoint\",\"urlTemplate\":\"https:\\\/\\\/www.copealcoy.es\\\/es\\\/?s={search_term_string}\"},\"query-input\":{\"@type\":\"PropertyValueSpecification\",\"valueRequired\":true,\"valueName\":\"search_term_string\"}}],\"inLanguage\":\"es\"},{\"@type\":\"Person\",\"@id\":\"https:\\\/\\\/www.copealcoy.es\\\/es\\\/#\\\/schema\\\/person\\\/e777c87fa024e57d40170af9df39882c\",\"name\":\"Cope Alcoy\",\"image\":{\"@type\":\"ImageObject\",\"inLanguage\":\"es\",\"@id\":\"https:\\\/\\\/secure.gravatar.com\\\/avatar\\\/bb65d0283347e303893ba14f0692005417c1e0e690a325a4c5d8bb2b3943ee14?s=96&d=mm&r=g\",\"url\":\"https:\\\/\\\/secure.gravatar.com\\\/avatar\\\/bb65d0283347e303893ba14f0692005417c1e0e690a325a4c5d8bb2b3943ee14?s=96&d=mm&r=g\",\"contentUrl\":\"https:\\\/\\\/secure.gravatar.com\\\/avatar\\\/bb65d0283347e303893ba14f0692005417c1e0e690a325a4c5d8bb2b3943ee14?s=96&d=mm&r=g\",\"caption\":\"Cope Alcoy\"}}]}<\/script>\n<!-- \/ Yoast SEO plugin. -->","yoast_head_json":{"title":"Aprobados los Presupuestos de Alcoy para 2020 - COPE Alcoy","robots":{"index":"index","follow":"follow","max-snippet":"max-snippet:-1","max-image-preview":"max-image-preview:large","max-video-preview":"max-video-preview:-1"},"canonical":"https:\/\/www.copealcoy.es\/es\/aprobados-los-presupuestos-de-alcoy-para-2020\/","og_locale":"es_ES","og_type":"article","og_title":"Aprobados los Presupuestos de Alcoy para 2020 - COPE Alcoy","og_description":"El Pleno Extraordinario del Ayuntamiento de Alcoy ha aprobado esta ma\u00f1ana los Presupuestos Municipales para el 2020, los cuales \u00a0rozan...","og_url":"https:\/\/www.copealcoy.es\/es\/aprobados-los-presupuestos-de-alcoy-para-2020\/","og_site_name":"COPE Alcoy","article_published_time":"2020-02-24T15:34:37+00:00","og_image":[{"width":960,"height":466,"url":"https:\/\/www.copealcoy.es\/wp-content\/uploads\/2020\/02\/87516244_4089847464374740_8518366877636886528_o-1.jpg","type":"image\/jpeg"}],"author":"Cope Alcoy","twitter_misc":{"Escrito por":"Cope Alcoy","Tiempo de lectura":"4 minutos"},"schema":{"@context":"https:\/\/schema.org","@graph":[{"@type":"Article","@id":"https:\/\/www.copealcoy.es\/es\/aprobados-los-presupuestos-de-alcoy-para-2020\/#article","isPartOf":{"@id":"https:\/\/www.copealcoy.es\/es\/aprobados-los-presupuestos-de-alcoy-para-2020\/"},"author":{"name":"Cope Alcoy","@id":"https:\/\/www.copealcoy.es\/es\/#\/schema\/person\/e777c87fa024e57d40170af9df39882c"},"headline":"Aprobados los Presupuestos de Alcoy para 2020","datePublished":"2020-02-24T15:34:37+00:00","mainEntityOfPage":{"@id":"https:\/\/www.copealcoy.es\/es\/aprobados-los-presupuestos-de-alcoy-para-2020\/"},"wordCount":738,"commentCount":0,"image":{"@id":"https:\/\/www.copealcoy.es\/es\/aprobados-los-presupuestos-de-alcoy-para-2020\/#primaryimage"},"thumbnailUrl":"https:\/\/www.copealcoy.es\/wp-content\/uploads\/2020\/02\/87516244_4089847464374740_8518366877636886528_o-1.jpg","keywords":["Alcoy","Aprobaci\u00f3n","Podem","Presupuestos Municipales","Psoe Alcoi"],"articleSection":["Alcoy","Noticias","Portada"],"inLanguage":"es"},{"@type":"WebPage","@id":"https:\/\/www.copealcoy.es\/es\/aprobados-los-presupuestos-de-alcoy-para-2020\/","url":"https:\/\/www.copealcoy.es\/es\/aprobados-los-presupuestos-de-alcoy-para-2020\/","name":"Aprobados los Presupuestos de Alcoy para 2020 - COPE Alcoy","isPartOf":{"@id":"https:\/\/www.copealcoy.es\/es\/#website"},"primaryImageOfPage":{"@id":"https:\/\/www.copealcoy.es\/es\/aprobados-los-presupuestos-de-alcoy-para-2020\/#primaryimage"},"image":{"@id":"https:\/\/www.copealcoy.es\/es\/aprobados-los-presupuestos-de-alcoy-para-2020\/#primaryimage"},"thumbnailUrl":"https:\/\/www.copealcoy.es\/wp-content\/uploads\/2020\/02\/87516244_4089847464374740_8518366877636886528_o-1.jpg","datePublished":"2020-02-24T15:34:37+00:00","author":{"@id":"https:\/\/www.copealcoy.es\/es\/#\/schema\/person\/e777c87fa024e57d40170af9df39882c"},"breadcrumb":{"@id":"https:\/\/www.copealcoy.es\/es\/aprobados-los-presupuestos-de-alcoy-para-2020\/#breadcrumb"},"inLanguage":"es","potentialAction":[{"@type":"ReadAction","target":["https:\/\/www.copealcoy.es\/es\/aprobados-los-presupuestos-de-alcoy-para-2020\/"]}]},{"@type":"ImageObject","inLanguage":"es","@id":"https:\/\/www.copealcoy.es\/es\/aprobados-los-presupuestos-de-alcoy-para-2020\/#primaryimage","url":"https:\/\/www.copealcoy.es\/wp-content\/uploads\/2020\/02\/87516244_4089847464374740_8518366877636886528_o-1.jpg","contentUrl":"https:\/\/www.copealcoy.es\/wp-content\/uploads\/2020\/02\/87516244_4089847464374740_8518366877636886528_o-1.jpg","width":960,"height":466,"caption":"El Pleno ha tenido lugar esta ma\u00f1ana \/ Foto: Ajuntament d'Alcoi"},{"@type":"BreadcrumbList","@id":"https:\/\/www.copealcoy.es\/es\/aprobados-los-presupuestos-de-alcoy-para-2020\/#breadcrumb","itemListElement":[{"@type":"ListItem","position":1,"name":"Portada","item":"https:\/\/www.copealcoy.es\/es\/"},{"@type":"ListItem","position":2,"name":"Aprobados los Presupuestos de Alcoy para 2020"}]},{"@type":"WebSite","@id":"https:\/\/www.copealcoy.es\/es\/#website","url":"https:\/\/www.copealcoy.es\/es\/","name":"COPE Alcoy","description":"Emisora COPE de radio local con emisi\u00f3n online. Pont de Sant Jordi 8-10 03803 Alcoy","potentialAction":[{"@type":"SearchAction","target":{"@type":"EntryPoint","urlTemplate":"https:\/\/www.copealcoy.es\/es\/?s={search_term_string}"},"query-input":{"@type":"PropertyValueSpecification","valueRequired":true,"valueName":"search_term_string"}}],"inLanguage":"es"},{"@type":"Person","@id":"https:\/\/www.copealcoy.es\/es\/#\/schema\/person\/e777c87fa024e57d40170af9df39882c","name":"Cope Alcoy","image":{"@type":"ImageObject","inLanguage":"es","@id":"https:\/\/secure.gravatar.com\/avatar\/bb65d0283347e303893ba14f0692005417c1e0e690a325a4c5d8bb2b3943ee14?s=96&d=mm&r=g","url":"https:\/\/secure.gravatar.com\/avatar\/bb65d0283347e303893ba14f0692005417c1e0e690a325a4c5d8bb2b3943ee14?s=96&d=mm&r=g","contentUrl":"https:\/\/secure.gravatar.com\/avatar\/bb65d0283347e303893ba14f0692005417c1e0e690a325a4c5d8bb2b3943ee14?s=96&d=mm&r=g","caption":"Cope Alcoy"}}]}},"_links":{"self":[{"href":"https:\/\/www.copealcoy.es\/es\/wp-json\/wp\/v2\/posts\/60248","targetHints":{"allow":["GET"]}}],"collection":[{"href":"https:\/\/www.copealcoy.es\/es\/wp-json\/wp\/v2\/posts"}],"about":[{"href":"https:\/\/www.copealcoy.es\/es\/wp-json\/wp\/v2\/types\/post"}],"author":[{"embeddable":true,"href":"https:\/\/www.copealcoy.es\/es\/wp-json\/wp\/v2\/users\/1"}],"replies":[{"embeddable":true,"href":"https:\/\/www.copealcoy.es\/es\/wp-json\/wp\/v2\/comments?post=60248"}],"version-history":[{"count":0,"href":"https:\/\/www.copealcoy.es\/es\/wp-json\/wp\/v2\/posts\/60248\/revisions"}],"wp:featuredmedia":[{"embeddable":true,"href":"https:\/\/www.copealcoy.es\/es\/wp-json\/wp\/v2\/media\/60249"}],"wp:attachment":[{"href":"https:\/\/www.copealcoy.es\/es\/wp-json\/wp\/v2\/media?parent=60248"}],"wp:term":[{"taxonomy":"category","embeddable":true,"href":"https:\/\/www.copealcoy.es\/es\/wp-json\/wp\/v2\/categories?post=60248"},{"taxonomy":"post_tag","embeddable":true,"href":"https:\/\/www.copealcoy.es\/es\/wp-json\/wp\/v2\/tags?post=60248"}],"curies":[{"name":"wp","href":"https:\/\/api.w.org\/{rel}","templated":true}]}}