{"id":60233,"date":"2020-02-21T16:29:12","date_gmt":"2020-02-21T16:29:12","guid":{"rendered":"https:\/\/www.copealcoy.es\/?p=60233"},"modified":"2020-02-21T16:29:12","modified_gmt":"2020-02-21T16:29:12","slug":"los-escolares-fueron-protagonistas-en-el-carnaval-de-cocentaina","status":"publish","type":"post","link":"https:\/\/www.copealcoy.es\/es\/los-escolares-fueron-protagonistas-en-el-carnaval-de-cocentaina\/","title":{"rendered":"Los escolares fueron protagonistas en el Carnaval de Cocentaina"},"content":{"rendered":"<p style=\"text-align: justify;\">El <strong>Carnaval de Cocentaina<\/strong> volvi\u00f3 a salir a la calle y lo hizo <strong>ayer viernes 21 de febrero<\/strong> a partir de las cinco y media de la tarde.<\/p>\n<p style=\"text-align: justify;\">El desfile <strong>comenz\u00f3 en la parte alta del Passeig del Comtat<\/strong> y en el mismo tuvieron un especial protagonismo <strong>los alumnos y alumnas de los colegios Real Blanc, San Juan Bosco y Francisco de As\u00eds<\/strong>. Tambi\u00e9n participaron <strong>estudiantes del IES Pare Arques<\/strong>, <strong>los peque\u00f1os de las Guarder\u00edas locales<\/strong>, acompa\u00f1ados de sus padres y madres, o <strong>los usuarios de la FPA Beniassent<\/strong>. El buen tiempo y las agradables temperaturas propiciaron que <strong>numeroso p\u00fablico saliera a la calle para aplaudir a una comitiva multicolor<\/strong> en la que <strong>se pudieron ver todo tipo de disfraces<\/strong> como por ejemplo animales, personajes de dibujos animados, los entra\u00f1ables minions, superh\u00e9roes, elementos vegetales o cl\u00e1sicos de Disney. Asimismo destacaron originales conjuntos y uno de los m\u00e1s llamativos fue la recreaci\u00f3n de joyeros en movimiento de los que sobresal\u00edan unas singulares mu\u00f1ecas.<\/p>\n<p style=\"text-align: justify;\">El Carnaval <strong>finaliz\u00f3 en la Plaza del Pla<\/strong>, ante el Palau Comtal, con <strong>animaci\u00f3n musical y una chocolatada<\/strong> organizada por el \u00e1rea de Tradiciones del Ayuntamiento contestano.<\/p>\n","protected":false},"excerpt":{"rendered":"<p>El Carnaval de Cocentaina volvi\u00f3 a salir a la calle y lo hizo ayer viernes 21 de febrero a partir&#8230;<\/p>\n","protected":false},"author":1,"featured_media":60234,"comment_status":"open","ping_status":"open","sticky":false,"template":"","format":"standard","meta":{"footnotes":""},"categories":[98,75],"tags":[667,132,497,7199,3686],"class_list":["post-60233","post","type-post","status-publish","format-standard","has-post-thumbnail","hentry","category-comarcas","category-noticias","tag-carnaval","tag-cocentaina","tag-desfile","tag-paqui-ruiz","tag-passeig-del-comtat"],"yoast_head":"<!-- This site is optimized with the Yoast SEO plugin v27.3 - https:\/\/yoast.com\/product\/yoast-seo-wordpress\/ -->\n<title>Los escolares fueron protagonistas en el Carnaval de Cocentaina - COPE Alcoy<\/title>\n<meta name=\"robots\" content=\"index, follow, max-snippet:-1, max-image-preview:large, max-video-preview:-1\" \/>\n<link rel=\"canonical\" href=\"https:\/\/www.copealcoy.es\/es\/los-escolares-fueron-protagonistas-en-el-carnaval-de-cocentaina\/\" \/>\n<meta property=\"og:locale\" content=\"es_ES\" \/>\n<meta property=\"og:type\" content=\"article\" \/>\n<meta property=\"og:title\" content=\"Los escolares fueron protagonistas en el Carnaval de Cocentaina - COPE Alcoy\" \/>\n<meta property=\"og:description\" content=\"El Carnaval de Cocentaina volvi\u00f3 a salir a la calle y lo hizo ayer viernes 21 de febrero a partir...\" \/>\n<meta property=\"og:url\" content=\"https:\/\/www.copealcoy.es\/es\/los-escolares-fueron-protagonistas-en-el-carnaval-de-cocentaina\/\" \/>\n<meta property=\"og:site_name\" content=\"COPE Alcoy\" \/>\n<meta property=\"article:published_time\" content=\"2020-02-21T16:29:12+00:00\" \/>\n<meta property=\"og:image\" content=\"https:\/\/www.copealcoy.es\/wp-content\/uploads\/2020\/02\/16-En-el-Carnaval-se-pudieron-ver-originales-puestas-en-escena-Foto-Gabriel-Pascual-1.jpg\" \/>\n\t<meta property=\"og:image:width\" content=\"960\" \/>\n\t<meta property=\"og:image:height\" content=\"678\" \/>\n\t<meta property=\"og:image:type\" content=\"image\/jpeg\" \/>\n<meta name=\"author\" content=\"Cope Alcoy\" \/>\n<meta name=\"twitter:label1\" content=\"Escrito por\" \/>\n\t<meta name=\"twitter:data1\" content=\"Cope Alcoy\" \/>\n\t<meta name=\"twitter:label2\" content=\"Tiempo de lectura\" \/>\n\t<meta name=\"twitter:data2\" content=\"1 minuto\" \/>\n<script type=\"application\/ld+json\" class=\"yoast-schema-graph\">{\"@context\":\"https:\\\/\\\/schema.org\",\"@graph\":[{\"@type\":\"Article\",\"@id\":\"https:\\\/\\\/www.copealcoy.es\\\/es\\\/los-escolares-fueron-protagonistas-en-el-carnaval-de-cocentaina\\\/#article\",\"isPartOf\":{\"@id\":\"https:\\\/\\\/www.copealcoy.es\\\/es\\\/los-escolares-fueron-protagonistas-en-el-carnaval-de-cocentaina\\\/\"},\"author\":{\"name\":\"Cope Alcoy\",\"@id\":\"https:\\\/\\\/www.copealcoy.es\\\/es\\\/#\\\/schema\\\/person\\\/e777c87fa024e57d40170af9df39882c\"},\"headline\":\"Los escolares fueron protagonistas en el Carnaval de Cocentaina\",\"datePublished\":\"2020-02-21T16:29:12+00:00\",\"mainEntityOfPage\":{\"@id\":\"https:\\\/\\\/www.copealcoy.es\\\/es\\\/los-escolares-fueron-protagonistas-en-el-carnaval-de-cocentaina\\\/\"},\"wordCount\":211,\"commentCount\":0,\"image\":{\"@id\":\"https:\\\/\\\/www.copealcoy.es\\\/es\\\/los-escolares-fueron-protagonistas-en-el-carnaval-de-cocentaina\\\/#primaryimage\"},\"thumbnailUrl\":\"https:\\\/\\\/www.copealcoy.es\\\/wp-content\\\/uploads\\\/2020\\\/02\\\/16-En-el-Carnaval-se-pudieron-ver-originales-puestas-en-escena-Foto-Gabriel-Pascual-1-e1644597411522.jpg\",\"keywords\":[\"Carnaval\",\"Cocentaina\",\"Desfile\",\"Paqui Ruiz\",\"Passeig del Comtat\"],\"articleSection\":[\"Comarcas\",\"Noticias\"],\"inLanguage\":\"es\"},{\"@type\":\"WebPage\",\"@id\":\"https:\\\/\\\/www.copealcoy.es\\\/es\\\/los-escolares-fueron-protagonistas-en-el-carnaval-de-cocentaina\\\/\",\"url\":\"https:\\\/\\\/www.copealcoy.es\\\/es\\\/los-escolares-fueron-protagonistas-en-el-carnaval-de-cocentaina\\\/\",\"name\":\"Los escolares fueron protagonistas en el Carnaval de Cocentaina - COPE Alcoy\",\"isPartOf\":{\"@id\":\"https:\\\/\\\/www.copealcoy.es\\\/es\\\/#website\"},\"primaryImageOfPage\":{\"@id\":\"https:\\\/\\\/www.copealcoy.es\\\/es\\\/los-escolares-fueron-protagonistas-en-el-carnaval-de-cocentaina\\\/#primaryimage\"},\"image\":{\"@id\":\"https:\\\/\\\/www.copealcoy.es\\\/es\\\/los-escolares-fueron-protagonistas-en-el-carnaval-de-cocentaina\\\/#primaryimage\"},\"thumbnailUrl\":\"https:\\\/\\\/www.copealcoy.es\\\/wp-content\\\/uploads\\\/2020\\\/02\\\/16-En-el-Carnaval-se-pudieron-ver-originales-puestas-en-escena-Foto-Gabriel-Pascual-1-e1644597411522.jpg\",\"datePublished\":\"2020-02-21T16:29:12+00:00\",\"author\":{\"@id\":\"https:\\\/\\\/www.copealcoy.es\\\/es\\\/#\\\/schema\\\/person\\\/e777c87fa024e57d40170af9df39882c\"},\"breadcrumb\":{\"@id\":\"https:\\\/\\\/www.copealcoy.es\\\/es\\\/los-escolares-fueron-protagonistas-en-el-carnaval-de-cocentaina\\\/#breadcrumb\"},\"inLanguage\":\"es\",\"potentialAction\":[{\"@type\":\"ReadAction\",\"target\":[\"https:\\\/\\\/www.copealcoy.es\\\/es\\\/los-escolares-fueron-protagonistas-en-el-carnaval-de-cocentaina\\\/\"]}]},{\"@type\":\"ImageObject\",\"inLanguage\":\"es\",\"@id\":\"https:\\\/\\\/www.copealcoy.es\\\/es\\\/los-escolares-fueron-protagonistas-en-el-carnaval-de-cocentaina\\\/#primaryimage\",\"url\":\"https:\\\/\\\/www.copealcoy.es\\\/wp-content\\\/uploads\\\/2020\\\/02\\\/16-En-el-Carnaval-se-pudieron-ver-originales-puestas-en-escena-Foto-Gabriel-Pascual-1-e1644597411522.jpg\",\"contentUrl\":\"https:\\\/\\\/www.copealcoy.es\\\/wp-content\\\/uploads\\\/2020\\\/02\\\/16-En-el-Carnaval-se-pudieron-ver-originales-puestas-en-escena-Foto-Gabriel-Pascual-1-e1644597411522.jpg\",\"width\":640,\"height\":452,\"caption\":\"En el Carnaval se pudieron ver originales puestas en escena \\\/ Foto Gabriel Pascual\"},{\"@type\":\"BreadcrumbList\",\"@id\":\"https:\\\/\\\/www.copealcoy.es\\\/es\\\/los-escolares-fueron-protagonistas-en-el-carnaval-de-cocentaina\\\/#breadcrumb\",\"itemListElement\":[{\"@type\":\"ListItem\",\"position\":1,\"name\":\"Portada\",\"item\":\"https:\\\/\\\/www.copealcoy.es\\\/es\\\/\"},{\"@type\":\"ListItem\",\"position\":2,\"name\":\"Los escolares fueron protagonistas en el Carnaval de Cocentaina\"}]},{\"@type\":\"WebSite\",\"@id\":\"https:\\\/\\\/www.copealcoy.es\\\/es\\\/#website\",\"url\":\"https:\\\/\\\/www.copealcoy.es\\\/es\\\/\",\"name\":\"COPE Alcoy\",\"description\":\"Emisora COPE de radio local con emisi\u00f3n online. Pont de Sant Jordi 8-10 03803 Alcoy\",\"potentialAction\":[{\"@type\":\"SearchAction\",\"target\":{\"@type\":\"EntryPoint\",\"urlTemplate\":\"https:\\\/\\\/www.copealcoy.es\\\/es\\\/?s={search_term_string}\"},\"query-input\":{\"@type\":\"PropertyValueSpecification\",\"valueRequired\":true,\"valueName\":\"search_term_string\"}}],\"inLanguage\":\"es\"},{\"@type\":\"Person\",\"@id\":\"https:\\\/\\\/www.copealcoy.es\\\/es\\\/#\\\/schema\\\/person\\\/e777c87fa024e57d40170af9df39882c\",\"name\":\"Cope Alcoy\",\"image\":{\"@type\":\"ImageObject\",\"inLanguage\":\"es\",\"@id\":\"https:\\\/\\\/secure.gravatar.com\\\/avatar\\\/bb65d0283347e303893ba14f0692005417c1e0e690a325a4c5d8bb2b3943ee14?s=96&d=mm&r=g\",\"url\":\"https:\\\/\\\/secure.gravatar.com\\\/avatar\\\/bb65d0283347e303893ba14f0692005417c1e0e690a325a4c5d8bb2b3943ee14?s=96&d=mm&r=g\",\"contentUrl\":\"https:\\\/\\\/secure.gravatar.com\\\/avatar\\\/bb65d0283347e303893ba14f0692005417c1e0e690a325a4c5d8bb2b3943ee14?s=96&d=mm&r=g\",\"caption\":\"Cope Alcoy\"}}]}<\/script>\n<!-- \/ Yoast SEO plugin. -->","yoast_head_json":{"title":"Los escolares fueron protagonistas en el Carnaval de Cocentaina - COPE Alcoy","robots":{"index":"index","follow":"follow","max-snippet":"max-snippet:-1","max-image-preview":"max-image-preview:large","max-video-preview":"max-video-preview:-1"},"canonical":"https:\/\/www.copealcoy.es\/es\/los-escolares-fueron-protagonistas-en-el-carnaval-de-cocentaina\/","og_locale":"es_ES","og_type":"article","og_title":"Los escolares fueron protagonistas en el Carnaval de Cocentaina - COPE Alcoy","og_description":"El Carnaval de Cocentaina volvi\u00f3 a salir a la calle y lo hizo ayer viernes 21 de febrero a partir...","og_url":"https:\/\/www.copealcoy.es\/es\/los-escolares-fueron-protagonistas-en-el-carnaval-de-cocentaina\/","og_site_name":"COPE Alcoy","article_published_time":"2020-02-21T16:29:12+00:00","og_image":[{"width":960,"height":678,"url":"https:\/\/www.copealcoy.es\/wp-content\/uploads\/2020\/02\/16-En-el-Carnaval-se-pudieron-ver-originales-puestas-en-escena-Foto-Gabriel-Pascual-1.jpg","type":"image\/jpeg"}],"author":"Cope Alcoy","twitter_misc":{"Escrito por":"Cope Alcoy","Tiempo de lectura":"1 minuto"},"schema":{"@context":"https:\/\/schema.org","@graph":[{"@type":"Article","@id":"https:\/\/www.copealcoy.es\/es\/los-escolares-fueron-protagonistas-en-el-carnaval-de-cocentaina\/#article","isPartOf":{"@id":"https:\/\/www.copealcoy.es\/es\/los-escolares-fueron-protagonistas-en-el-carnaval-de-cocentaina\/"},"author":{"name":"Cope Alcoy","@id":"https:\/\/www.copealcoy.es\/es\/#\/schema\/person\/e777c87fa024e57d40170af9df39882c"},"headline":"Los escolares fueron protagonistas en el Carnaval de Cocentaina","datePublished":"2020-02-21T16:29:12+00:00","mainEntityOfPage":{"@id":"https:\/\/www.copealcoy.es\/es\/los-escolares-fueron-protagonistas-en-el-carnaval-de-cocentaina\/"},"wordCount":211,"commentCount":0,"image":{"@id":"https:\/\/www.copealcoy.es\/es\/los-escolares-fueron-protagonistas-en-el-carnaval-de-cocentaina\/#primaryimage"},"thumbnailUrl":"https:\/\/www.copealcoy.es\/wp-content\/uploads\/2020\/02\/16-En-el-Carnaval-se-pudieron-ver-originales-puestas-en-escena-Foto-Gabriel-Pascual-1-e1644597411522.jpg","keywords":["Carnaval","Cocentaina","Desfile","Paqui Ruiz","Passeig del Comtat"],"articleSection":["Comarcas","Noticias"],"inLanguage":"es"},{"@type":"WebPage","@id":"https:\/\/www.copealcoy.es\/es\/los-escolares-fueron-protagonistas-en-el-carnaval-de-cocentaina\/","url":"https:\/\/www.copealcoy.es\/es\/los-escolares-fueron-protagonistas-en-el-carnaval-de-cocentaina\/","name":"Los escolares fueron protagonistas en el Carnaval de Cocentaina - COPE Alcoy","isPartOf":{"@id":"https:\/\/www.copealcoy.es\/es\/#website"},"primaryImageOfPage":{"@id":"https:\/\/www.copealcoy.es\/es\/los-escolares-fueron-protagonistas-en-el-carnaval-de-cocentaina\/#primaryimage"},"image":{"@id":"https:\/\/www.copealcoy.es\/es\/los-escolares-fueron-protagonistas-en-el-carnaval-de-cocentaina\/#primaryimage"},"thumbnailUrl":"https:\/\/www.copealcoy.es\/wp-content\/uploads\/2020\/02\/16-En-el-Carnaval-se-pudieron-ver-originales-puestas-en-escena-Foto-Gabriel-Pascual-1-e1644597411522.jpg","datePublished":"2020-02-21T16:29:12+00:00","author":{"@id":"https:\/\/www.copealcoy.es\/es\/#\/schema\/person\/e777c87fa024e57d40170af9df39882c"},"breadcrumb":{"@id":"https:\/\/www.copealcoy.es\/es\/los-escolares-fueron-protagonistas-en-el-carnaval-de-cocentaina\/#breadcrumb"},"inLanguage":"es","potentialAction":[{"@type":"ReadAction","target":["https:\/\/www.copealcoy.es\/es\/los-escolares-fueron-protagonistas-en-el-carnaval-de-cocentaina\/"]}]},{"@type":"ImageObject","inLanguage":"es","@id":"https:\/\/www.copealcoy.es\/es\/los-escolares-fueron-protagonistas-en-el-carnaval-de-cocentaina\/#primaryimage","url":"https:\/\/www.copealcoy.es\/wp-content\/uploads\/2020\/02\/16-En-el-Carnaval-se-pudieron-ver-originales-puestas-en-escena-Foto-Gabriel-Pascual-1-e1644597411522.jpg","contentUrl":"https:\/\/www.copealcoy.es\/wp-content\/uploads\/2020\/02\/16-En-el-Carnaval-se-pudieron-ver-originales-puestas-en-escena-Foto-Gabriel-Pascual-1-e1644597411522.jpg","width":640,"height":452,"caption":"En el Carnaval se pudieron ver originales puestas en escena \/ Foto Gabriel Pascual"},{"@type":"BreadcrumbList","@id":"https:\/\/www.copealcoy.es\/es\/los-escolares-fueron-protagonistas-en-el-carnaval-de-cocentaina\/#breadcrumb","itemListElement":[{"@type":"ListItem","position":1,"name":"Portada","item":"https:\/\/www.copealcoy.es\/es\/"},{"@type":"ListItem","position":2,"name":"Los escolares fueron protagonistas en el Carnaval de Cocentaina"}]},{"@type":"WebSite","@id":"https:\/\/www.copealcoy.es\/es\/#website","url":"https:\/\/www.copealcoy.es\/es\/","name":"COPE Alcoy","description":"Emisora COPE de radio local con emisi\u00f3n online. Pont de Sant Jordi 8-10 03803 Alcoy","potentialAction":[{"@type":"SearchAction","target":{"@type":"EntryPoint","urlTemplate":"https:\/\/www.copealcoy.es\/es\/?s={search_term_string}"},"query-input":{"@type":"PropertyValueSpecification","valueRequired":true,"valueName":"search_term_string"}}],"inLanguage":"es"},{"@type":"Person","@id":"https:\/\/www.copealcoy.es\/es\/#\/schema\/person\/e777c87fa024e57d40170af9df39882c","name":"Cope Alcoy","image":{"@type":"ImageObject","inLanguage":"es","@id":"https:\/\/secure.gravatar.com\/avatar\/bb65d0283347e303893ba14f0692005417c1e0e690a325a4c5d8bb2b3943ee14?s=96&d=mm&r=g","url":"https:\/\/secure.gravatar.com\/avatar\/bb65d0283347e303893ba14f0692005417c1e0e690a325a4c5d8bb2b3943ee14?s=96&d=mm&r=g","contentUrl":"https:\/\/secure.gravatar.com\/avatar\/bb65d0283347e303893ba14f0692005417c1e0e690a325a4c5d8bb2b3943ee14?s=96&d=mm&r=g","caption":"Cope Alcoy"}}]}},"_links":{"self":[{"href":"https:\/\/www.copealcoy.es\/es\/wp-json\/wp\/v2\/posts\/60233","targetHints":{"allow":["GET"]}}],"collection":[{"href":"https:\/\/www.copealcoy.es\/es\/wp-json\/wp\/v2\/posts"}],"about":[{"href":"https:\/\/www.copealcoy.es\/es\/wp-json\/wp\/v2\/types\/post"}],"author":[{"embeddable":true,"href":"https:\/\/www.copealcoy.es\/es\/wp-json\/wp\/v2\/users\/1"}],"replies":[{"embeddable":true,"href":"https:\/\/www.copealcoy.es\/es\/wp-json\/wp\/v2\/comments?post=60233"}],"version-history":[{"count":0,"href":"https:\/\/www.copealcoy.es\/es\/wp-json\/wp\/v2\/posts\/60233\/revisions"}],"wp:featuredmedia":[{"embeddable":true,"href":"https:\/\/www.copealcoy.es\/es\/wp-json\/wp\/v2\/media\/60234"}],"wp:attachment":[{"href":"https:\/\/www.copealcoy.es\/es\/wp-json\/wp\/v2\/media?parent=60233"}],"wp:term":[{"taxonomy":"category","embeddable":true,"href":"https:\/\/www.copealcoy.es\/es\/wp-json\/wp\/v2\/categories?post=60233"},{"taxonomy":"post_tag","embeddable":true,"href":"https:\/\/www.copealcoy.es\/es\/wp-json\/wp\/v2\/tags?post=60233"}],"curies":[{"name":"wp","href":"https:\/\/api.w.org\/{rel}","templated":true}]}}