{"id":60124,"date":"2020-02-21T17:23:41","date_gmt":"2020-02-21T17:23:41","guid":{"rendered":"https:\/\/www.copealcoy.es\/?p=60124"},"modified":"2020-02-21T17:23:41","modified_gmt":"2020-02-21T17:23:41","slug":"la-fila-cordon-mantiene-una-intensa-actividad-con-motivo-de-su-capitania","status":"publish","type":"post","link":"https:\/\/www.copealcoy.es\/es\/la-fila-cordon-mantiene-una-intensa-actividad-con-motivo-de-su-capitania\/","title":{"rendered":"La Fil\u00e0 Cord\u00f3n mantiene una intensa actividad con motivo de su capitan\u00eda"},"content":{"rendered":"<p style=\"text-align: justify;\">La <strong>Fil\u00e0 Cord\u00f3n de Alcoy<\/strong> est\u00e1 organizando <strong>numerosas actividades<\/strong> durante este a\u00f1o con motivo de <strong>la capitan\u00eda<\/strong>, un cargo que ostenta en este 2020 el alcoyano <strong>Rafael Tortosa<\/strong>.<\/p>\n<p style=\"text-align: justify;\">En los \u00faltimos d\u00edas la formaci\u00f3n festera ha puesto en marcha <strong>un Torneo de Billar<\/strong> que se desarrolla en las instalaciones para la pr\u00e1ctica de este deporte que existen en el Teatro Principal. Adem\u00e1s este domingo 23 de febrero tendr\u00e1 lugar <strong>un concierto de m\u00fasica festera<\/strong> en la sede de la Fil\u00e0 a partir de las 12 del mediod\u00eda &#8220;<em>estar\u00e1 protagonizado por la Societat Musical Mestre Orts de Gaianes y podremos escuchar algunas piezas emblem\u00e1ticas para los Cordoneros as\u00ed como composiciones que sonar\u00e1n en este a\u00f1o de cargo<\/em>&#8220;, manifestaba el propio Tortosa <strong>en el espacio #LaNostraFesta<\/strong> de COPE ALCOY del pasado mi\u00e9rcoles.<\/p>\n<p style=\"text-align: justify;\">Recordar que el Capit\u00e1n Moro tambi\u00e9n organiz\u00f3 semanas atr\u00e1s diferentes actos para homenajear <strong>a las personas que le van a acompa\u00f1ar en este a\u00f1o tan especial<\/strong> o a <strong>los cargos<\/strong> de la Fil\u00e0 de a\u00f1os anteriores.<\/p>\n<p>Aqu\u00ed puedes escuchar el espacio #LaNostraFesta del pasado mi\u00e9rcoles:<\/p>\n<p><iframe loading=\"lazy\" title=\"La Ma\u00f1ana En Alcoy Mi\u00e9rcoles 19 De Febrero 2020\" width=\"100%\" height=\"120\" src=\"https:\/\/www.mixcloud.com\/widget\/iframe\/?feed=https%3A%2F%2Fwww.mixcloud.com%2FCOPEAlcoy%2Fla-ma%25C3%25B1ana-en-alcoy-mi%25C3%25A9rcoles-19-de-febrero-2020%2F&amp;hide_cover=1\" frameborder=\"0\"><\/iframe>    \t<\/p>\n","protected":false},"excerpt":{"rendered":"<p>La Fil\u00e0 Cord\u00f3n de Alcoy est\u00e1 organizando numerosas actividades durante este a\u00f1o con motivo de la capitan\u00eda, un cargo que&#8230;<\/p>\n","protected":false},"author":1,"featured_media":60127,"comment_status":"open","ping_status":"open","sticky":false,"template":"","format":"standard","meta":{"footnotes":""},"categories":[97,78,75],"tags":[1494,3294,3227,7198,4008,2808],"class_list":["post-60124","post","type-post","status-publish","format-standard","has-post-thumbnail","hentry","category-alcoy","category-fiestaycultura","category-noticias","tag-alcoy","tag-capitania","tag-fila-cordon","tag-intensa-actividad","tag-la-nostra-festa","tag-rafael-tortosa"],"yoast_head":"<!-- This site is optimized with the Yoast SEO plugin v27.3 - https:\/\/yoast.com\/product\/yoast-seo-wordpress\/ -->\n<title>La Fil\u00e0 Cord\u00f3n mantiene una intensa actividad con motivo de su capitan\u00eda - COPE Alcoy<\/title>\n<meta name=\"robots\" content=\"index, follow, max-snippet:-1, max-image-preview:large, max-video-preview:-1\" \/>\n<link rel=\"canonical\" href=\"https:\/\/www.copealcoy.es\/es\/la-fila-cordon-mantiene-una-intensa-actividad-con-motivo-de-su-capitania\/\" \/>\n<meta property=\"og:locale\" content=\"es_ES\" \/>\n<meta property=\"og:type\" content=\"article\" \/>\n<meta property=\"og:title\" content=\"La Fil\u00e0 Cord\u00f3n mantiene una intensa actividad con motivo de su capitan\u00eda - COPE Alcoy\" \/>\n<meta property=\"og:description\" content=\"La Fil\u00e0 Cord\u00f3n de Alcoy est\u00e1 organizando numerosas actividades durante este a\u00f1o con motivo de la capitan\u00eda, un cargo que...\" \/>\n<meta property=\"og:url\" content=\"https:\/\/www.copealcoy.es\/es\/la-fila-cordon-mantiene-una-intensa-actividad-con-motivo-de-su-capitania\/\" \/>\n<meta property=\"og:site_name\" content=\"COPE Alcoy\" \/>\n<meta property=\"article:published_time\" content=\"2020-02-21T17:23:41+00:00\" \/>\n<meta property=\"og:image\" content=\"https:\/\/www.copealcoy.es\/wp-content\/uploads\/2020\/02\/IMG_3928-1-scaled.jpg\" \/>\n\t<meta property=\"og:image:width\" content=\"2560\" \/>\n\t<meta property=\"og:image:height\" content=\"1920\" \/>\n\t<meta property=\"og:image:type\" content=\"image\/jpeg\" \/>\n<meta name=\"author\" content=\"Cope Alcoy\" \/>\n<meta name=\"twitter:label1\" content=\"Escrito por\" \/>\n\t<meta name=\"twitter:data1\" content=\"Cope Alcoy\" \/>\n\t<meta name=\"twitter:label2\" content=\"Tiempo de lectura\" \/>\n\t<meta name=\"twitter:data2\" content=\"1 minuto\" \/>\n<script type=\"application\/ld+json\" class=\"yoast-schema-graph\">{\"@context\":\"https:\\\/\\\/schema.org\",\"@graph\":[{\"@type\":\"Article\",\"@id\":\"https:\\\/\\\/www.copealcoy.es\\\/es\\\/la-fila-cordon-mantiene-una-intensa-actividad-con-motivo-de-su-capitania\\\/#article\",\"isPartOf\":{\"@id\":\"https:\\\/\\\/www.copealcoy.es\\\/es\\\/la-fila-cordon-mantiene-una-intensa-actividad-con-motivo-de-su-capitania\\\/\"},\"author\":{\"name\":\"Cope Alcoy\",\"@id\":\"https:\\\/\\\/www.copealcoy.es\\\/es\\\/#\\\/schema\\\/person\\\/e777c87fa024e57d40170af9df39882c\"},\"headline\":\"La Fil\u00e0 Cord\u00f3n mantiene una intensa actividad con motivo de su capitan\u00eda\",\"datePublished\":\"2020-02-21T17:23:41+00:00\",\"mainEntityOfPage\":{\"@id\":\"https:\\\/\\\/www.copealcoy.es\\\/es\\\/la-fila-cordon-mantiene-una-intensa-actividad-con-motivo-de-su-capitania\\\/\"},\"wordCount\":215,\"commentCount\":0,\"image\":{\"@id\":\"https:\\\/\\\/www.copealcoy.es\\\/es\\\/la-fila-cordon-mantiene-una-intensa-actividad-con-motivo-de-su-capitania\\\/#primaryimage\"},\"thumbnailUrl\":\"https:\\\/\\\/www.copealcoy.es\\\/wp-content\\\/uploads\\\/2020\\\/02\\\/IMG_3928-1-scaled.jpg\",\"keywords\":[\"Alcoy\",\"capitan\u00eda\",\"Fil\u00e0 Cord\u00f3n\",\"intensa actividad\",\"La Nostra Festa\",\"Rafael Tortosa\"],\"articleSection\":[\"Alcoy\",\"Fiesta y Cultura\",\"Noticias\"],\"inLanguage\":\"es\"},{\"@type\":\"WebPage\",\"@id\":\"https:\\\/\\\/www.copealcoy.es\\\/es\\\/la-fila-cordon-mantiene-una-intensa-actividad-con-motivo-de-su-capitania\\\/\",\"url\":\"https:\\\/\\\/www.copealcoy.es\\\/es\\\/la-fila-cordon-mantiene-una-intensa-actividad-con-motivo-de-su-capitania\\\/\",\"name\":\"La Fil\u00e0 Cord\u00f3n mantiene una intensa actividad con motivo de su capitan\u00eda - COPE Alcoy\",\"isPartOf\":{\"@id\":\"https:\\\/\\\/www.copealcoy.es\\\/es\\\/#website\"},\"primaryImageOfPage\":{\"@id\":\"https:\\\/\\\/www.copealcoy.es\\\/es\\\/la-fila-cordon-mantiene-una-intensa-actividad-con-motivo-de-su-capitania\\\/#primaryimage\"},\"image\":{\"@id\":\"https:\\\/\\\/www.copealcoy.es\\\/es\\\/la-fila-cordon-mantiene-una-intensa-actividad-con-motivo-de-su-capitania\\\/#primaryimage\"},\"thumbnailUrl\":\"https:\\\/\\\/www.copealcoy.es\\\/wp-content\\\/uploads\\\/2020\\\/02\\\/IMG_3928-1-scaled.jpg\",\"datePublished\":\"2020-02-21T17:23:41+00:00\",\"author\":{\"@id\":\"https:\\\/\\\/www.copealcoy.es\\\/es\\\/#\\\/schema\\\/person\\\/e777c87fa024e57d40170af9df39882c\"},\"breadcrumb\":{\"@id\":\"https:\\\/\\\/www.copealcoy.es\\\/es\\\/la-fila-cordon-mantiene-una-intensa-actividad-con-motivo-de-su-capitania\\\/#breadcrumb\"},\"inLanguage\":\"es\",\"potentialAction\":[{\"@type\":\"ReadAction\",\"target\":[\"https:\\\/\\\/www.copealcoy.es\\\/es\\\/la-fila-cordon-mantiene-una-intensa-actividad-con-motivo-de-su-capitania\\\/\"]}]},{\"@type\":\"ImageObject\",\"inLanguage\":\"es\",\"@id\":\"https:\\\/\\\/www.copealcoy.es\\\/es\\\/la-fila-cordon-mantiene-una-intensa-actividad-con-motivo-de-su-capitania\\\/#primaryimage\",\"url\":\"https:\\\/\\\/www.copealcoy.es\\\/wp-content\\\/uploads\\\/2020\\\/02\\\/IMG_3928-1-scaled.jpg\",\"contentUrl\":\"https:\\\/\\\/www.copealcoy.es\\\/wp-content\\\/uploads\\\/2020\\\/02\\\/IMG_3928-1-scaled.jpg\",\"width\":2560,\"height\":1920,\"caption\":\"La Fil\u00e0 Cord\u00f3n en el espacio #LaNostraFesta de Cope Alcoy \\\/ Foto: G. Pascual\"},{\"@type\":\"BreadcrumbList\",\"@id\":\"https:\\\/\\\/www.copealcoy.es\\\/es\\\/la-fila-cordon-mantiene-una-intensa-actividad-con-motivo-de-su-capitania\\\/#breadcrumb\",\"itemListElement\":[{\"@type\":\"ListItem\",\"position\":1,\"name\":\"Portada\",\"item\":\"https:\\\/\\\/www.copealcoy.es\\\/es\\\/\"},{\"@type\":\"ListItem\",\"position\":2,\"name\":\"La Fil\u00e0 Cord\u00f3n mantiene una intensa actividad con motivo de su capitan\u00eda\"}]},{\"@type\":\"WebSite\",\"@id\":\"https:\\\/\\\/www.copealcoy.es\\\/es\\\/#website\",\"url\":\"https:\\\/\\\/www.copealcoy.es\\\/es\\\/\",\"name\":\"COPE Alcoy\",\"description\":\"Emisora COPE de radio local con emisi\u00f3n online. Pont de Sant Jordi 8-10 03803 Alcoy\",\"potentialAction\":[{\"@type\":\"SearchAction\",\"target\":{\"@type\":\"EntryPoint\",\"urlTemplate\":\"https:\\\/\\\/www.copealcoy.es\\\/es\\\/?s={search_term_string}\"},\"query-input\":{\"@type\":\"PropertyValueSpecification\",\"valueRequired\":true,\"valueName\":\"search_term_string\"}}],\"inLanguage\":\"es\"},{\"@type\":\"Person\",\"@id\":\"https:\\\/\\\/www.copealcoy.es\\\/es\\\/#\\\/schema\\\/person\\\/e777c87fa024e57d40170af9df39882c\",\"name\":\"Cope Alcoy\",\"image\":{\"@type\":\"ImageObject\",\"inLanguage\":\"es\",\"@id\":\"https:\\\/\\\/secure.gravatar.com\\\/avatar\\\/bb65d0283347e303893ba14f0692005417c1e0e690a325a4c5d8bb2b3943ee14?s=96&d=mm&r=g\",\"url\":\"https:\\\/\\\/secure.gravatar.com\\\/avatar\\\/bb65d0283347e303893ba14f0692005417c1e0e690a325a4c5d8bb2b3943ee14?s=96&d=mm&r=g\",\"contentUrl\":\"https:\\\/\\\/secure.gravatar.com\\\/avatar\\\/bb65d0283347e303893ba14f0692005417c1e0e690a325a4c5d8bb2b3943ee14?s=96&d=mm&r=g\",\"caption\":\"Cope Alcoy\"}}]}<\/script>\n<!-- \/ Yoast SEO plugin. -->","yoast_head_json":{"title":"La Fil\u00e0 Cord\u00f3n mantiene una intensa actividad con motivo de su capitan\u00eda - COPE Alcoy","robots":{"index":"index","follow":"follow","max-snippet":"max-snippet:-1","max-image-preview":"max-image-preview:large","max-video-preview":"max-video-preview:-1"},"canonical":"https:\/\/www.copealcoy.es\/es\/la-fila-cordon-mantiene-una-intensa-actividad-con-motivo-de-su-capitania\/","og_locale":"es_ES","og_type":"article","og_title":"La Fil\u00e0 Cord\u00f3n mantiene una intensa actividad con motivo de su capitan\u00eda - COPE Alcoy","og_description":"La Fil\u00e0 Cord\u00f3n de Alcoy est\u00e1 organizando numerosas actividades durante este a\u00f1o con motivo de la capitan\u00eda, un cargo que...","og_url":"https:\/\/www.copealcoy.es\/es\/la-fila-cordon-mantiene-una-intensa-actividad-con-motivo-de-su-capitania\/","og_site_name":"COPE Alcoy","article_published_time":"2020-02-21T17:23:41+00:00","og_image":[{"width":2560,"height":1920,"url":"https:\/\/www.copealcoy.es\/wp-content\/uploads\/2020\/02\/IMG_3928-1-scaled.jpg","type":"image\/jpeg"}],"author":"Cope Alcoy","twitter_misc":{"Escrito por":"Cope Alcoy","Tiempo de lectura":"1 minuto"},"schema":{"@context":"https:\/\/schema.org","@graph":[{"@type":"Article","@id":"https:\/\/www.copealcoy.es\/es\/la-fila-cordon-mantiene-una-intensa-actividad-con-motivo-de-su-capitania\/#article","isPartOf":{"@id":"https:\/\/www.copealcoy.es\/es\/la-fila-cordon-mantiene-una-intensa-actividad-con-motivo-de-su-capitania\/"},"author":{"name":"Cope Alcoy","@id":"https:\/\/www.copealcoy.es\/es\/#\/schema\/person\/e777c87fa024e57d40170af9df39882c"},"headline":"La Fil\u00e0 Cord\u00f3n mantiene una intensa actividad con motivo de su capitan\u00eda","datePublished":"2020-02-21T17:23:41+00:00","mainEntityOfPage":{"@id":"https:\/\/www.copealcoy.es\/es\/la-fila-cordon-mantiene-una-intensa-actividad-con-motivo-de-su-capitania\/"},"wordCount":215,"commentCount":0,"image":{"@id":"https:\/\/www.copealcoy.es\/es\/la-fila-cordon-mantiene-una-intensa-actividad-con-motivo-de-su-capitania\/#primaryimage"},"thumbnailUrl":"https:\/\/www.copealcoy.es\/wp-content\/uploads\/2020\/02\/IMG_3928-1-scaled.jpg","keywords":["Alcoy","capitan\u00eda","Fil\u00e0 Cord\u00f3n","intensa actividad","La Nostra Festa","Rafael Tortosa"],"articleSection":["Alcoy","Fiesta y Cultura","Noticias"],"inLanguage":"es"},{"@type":"WebPage","@id":"https:\/\/www.copealcoy.es\/es\/la-fila-cordon-mantiene-una-intensa-actividad-con-motivo-de-su-capitania\/","url":"https:\/\/www.copealcoy.es\/es\/la-fila-cordon-mantiene-una-intensa-actividad-con-motivo-de-su-capitania\/","name":"La Fil\u00e0 Cord\u00f3n mantiene una intensa actividad con motivo de su capitan\u00eda - COPE Alcoy","isPartOf":{"@id":"https:\/\/www.copealcoy.es\/es\/#website"},"primaryImageOfPage":{"@id":"https:\/\/www.copealcoy.es\/es\/la-fila-cordon-mantiene-una-intensa-actividad-con-motivo-de-su-capitania\/#primaryimage"},"image":{"@id":"https:\/\/www.copealcoy.es\/es\/la-fila-cordon-mantiene-una-intensa-actividad-con-motivo-de-su-capitania\/#primaryimage"},"thumbnailUrl":"https:\/\/www.copealcoy.es\/wp-content\/uploads\/2020\/02\/IMG_3928-1-scaled.jpg","datePublished":"2020-02-21T17:23:41+00:00","author":{"@id":"https:\/\/www.copealcoy.es\/es\/#\/schema\/person\/e777c87fa024e57d40170af9df39882c"},"breadcrumb":{"@id":"https:\/\/www.copealcoy.es\/es\/la-fila-cordon-mantiene-una-intensa-actividad-con-motivo-de-su-capitania\/#breadcrumb"},"inLanguage":"es","potentialAction":[{"@type":"ReadAction","target":["https:\/\/www.copealcoy.es\/es\/la-fila-cordon-mantiene-una-intensa-actividad-con-motivo-de-su-capitania\/"]}]},{"@type":"ImageObject","inLanguage":"es","@id":"https:\/\/www.copealcoy.es\/es\/la-fila-cordon-mantiene-una-intensa-actividad-con-motivo-de-su-capitania\/#primaryimage","url":"https:\/\/www.copealcoy.es\/wp-content\/uploads\/2020\/02\/IMG_3928-1-scaled.jpg","contentUrl":"https:\/\/www.copealcoy.es\/wp-content\/uploads\/2020\/02\/IMG_3928-1-scaled.jpg","width":2560,"height":1920,"caption":"La Fil\u00e0 Cord\u00f3n en el espacio #LaNostraFesta de Cope Alcoy \/ Foto: G. Pascual"},{"@type":"BreadcrumbList","@id":"https:\/\/www.copealcoy.es\/es\/la-fila-cordon-mantiene-una-intensa-actividad-con-motivo-de-su-capitania\/#breadcrumb","itemListElement":[{"@type":"ListItem","position":1,"name":"Portada","item":"https:\/\/www.copealcoy.es\/es\/"},{"@type":"ListItem","position":2,"name":"La Fil\u00e0 Cord\u00f3n mantiene una intensa actividad con motivo de su capitan\u00eda"}]},{"@type":"WebSite","@id":"https:\/\/www.copealcoy.es\/es\/#website","url":"https:\/\/www.copealcoy.es\/es\/","name":"COPE Alcoy","description":"Emisora COPE de radio local con emisi\u00f3n online. Pont de Sant Jordi 8-10 03803 Alcoy","potentialAction":[{"@type":"SearchAction","target":{"@type":"EntryPoint","urlTemplate":"https:\/\/www.copealcoy.es\/es\/?s={search_term_string}"},"query-input":{"@type":"PropertyValueSpecification","valueRequired":true,"valueName":"search_term_string"}}],"inLanguage":"es"},{"@type":"Person","@id":"https:\/\/www.copealcoy.es\/es\/#\/schema\/person\/e777c87fa024e57d40170af9df39882c","name":"Cope Alcoy","image":{"@type":"ImageObject","inLanguage":"es","@id":"https:\/\/secure.gravatar.com\/avatar\/bb65d0283347e303893ba14f0692005417c1e0e690a325a4c5d8bb2b3943ee14?s=96&d=mm&r=g","url":"https:\/\/secure.gravatar.com\/avatar\/bb65d0283347e303893ba14f0692005417c1e0e690a325a4c5d8bb2b3943ee14?s=96&d=mm&r=g","contentUrl":"https:\/\/secure.gravatar.com\/avatar\/bb65d0283347e303893ba14f0692005417c1e0e690a325a4c5d8bb2b3943ee14?s=96&d=mm&r=g","caption":"Cope Alcoy"}}]}},"_links":{"self":[{"href":"https:\/\/www.copealcoy.es\/es\/wp-json\/wp\/v2\/posts\/60124","targetHints":{"allow":["GET"]}}],"collection":[{"href":"https:\/\/www.copealcoy.es\/es\/wp-json\/wp\/v2\/posts"}],"about":[{"href":"https:\/\/www.copealcoy.es\/es\/wp-json\/wp\/v2\/types\/post"}],"author":[{"embeddable":true,"href":"https:\/\/www.copealcoy.es\/es\/wp-json\/wp\/v2\/users\/1"}],"replies":[{"embeddable":true,"href":"https:\/\/www.copealcoy.es\/es\/wp-json\/wp\/v2\/comments?post=60124"}],"version-history":[{"count":0,"href":"https:\/\/www.copealcoy.es\/es\/wp-json\/wp\/v2\/posts\/60124\/revisions"}],"wp:featuredmedia":[{"embeddable":true,"href":"https:\/\/www.copealcoy.es\/es\/wp-json\/wp\/v2\/media\/60127"}],"wp:attachment":[{"href":"https:\/\/www.copealcoy.es\/es\/wp-json\/wp\/v2\/media?parent=60124"}],"wp:term":[{"taxonomy":"category","embeddable":true,"href":"https:\/\/www.copealcoy.es\/es\/wp-json\/wp\/v2\/categories?post=60124"},{"taxonomy":"post_tag","embeddable":true,"href":"https:\/\/www.copealcoy.es\/es\/wp-json\/wp\/v2\/tags?post=60124"}],"curies":[{"name":"wp","href":"https:\/\/api.w.org\/{rel}","templated":true}]}}