{"id":60048,"date":"2020-02-20T15:46:14","date_gmt":"2020-02-20T15:46:14","guid":{"rendered":"https:\/\/www.copealcoy.es\/?p=60048"},"modified":"2020-02-20T15:46:14","modified_gmt":"2020-02-20T15:46:14","slug":"el-pp-pide-la-eliminacion-del-vertedero-del-molinar","status":"publish","type":"post","link":"https:\/\/www.copealcoy.es\/es\/el-pp-pide-la-eliminacion-del-vertedero-del-molinar\/","title":{"rendered":"El PP pide la eliminaci\u00f3n del vertedero del Molinar"},"content":{"rendered":"<p style=\"text-align: justify;\">El <strong>Partido Popular de Alcoy<\/strong> exige <strong>la eliminaci\u00f3n urgente del vertedero<\/strong> <strong>ilegal<\/strong> detectado en el cauce del R\u00edo Molinar y <strong>denunciado por Comprom\u00eds<\/strong> esta misma semana.<\/p>\n<p style=\"text-align: justify;\">La concejal del PP, <strong>Lirios Garc\u00eda<\/strong>, reclama al Gobierno local del PSOE que <strong>intervenga para retirar los residuos<\/strong> as\u00ed como <strong>restaurar la zona pr\u00f3xima a la Venta de Sant Jordi<\/strong>. Adem\u00e1s le reprocha al edil de Transici\u00f3n Ecol\u00f3gica, <strong>Jordi Silvestre<\/strong>, que tenga <strong>un comportamiento suave<\/strong> ante este problema &#8220;<em>como presidente de Salvem l\u2019Aq\u00fc\u00edfer de El Molinar encabez\u00f3 la paralizaci\u00f3n de iniciativas econ\u00f3mica bajo la bandera de la protecci\u00f3n del acu\u00edfero. Ahora, como concejal de Transici\u00f3n Ecol\u00f3gica, ni siquiera controla los vertidos que pueden afectar directamente a la principal reserva de agua de la ciudad. Para Silvestre es m\u00e1s f\u00e1cil perseguir a las empresas que mantener en condiciones los espacios naturales de Alcoy<\/em>&#8220;, afirma.<\/p>\n<p style=\"text-align: justify;\">Por \u00faltimo el PP recuerda que el Ejecutivo Municipal <strong>ya\u00a0rechaz\u00f3 en el pleno de diciembre su propuesta<\/strong> para poner en marcha un plan de eliminaci\u00f3n de vertederos incontrolados<strong>. <\/strong>Los populares lamentan asimismo que los socialistas <strong>no dispongan de\u00a0un censo de vertederos ilegales<\/strong> que permita establecer un calendario de intervenci\u00f3n.<\/p>\n","protected":false},"excerpt":{"rendered":"<p>El Partido Popular de Alcoy exige la eliminaci\u00f3n urgente del vertedero ilegal detectado en el cauce del R\u00edo Molinar y&#8230;<\/p>\n","protected":false},"author":1,"featured_media":59987,"comment_status":"open","ping_status":"open","sticky":false,"template":"","format":"standard","meta":{"footnotes":""},"categories":[97,75,79],"tags":[1494,7184,7038,1795,448,4316],"class_list":["post-60048","post","type-post","status-publish","format-standard","has-post-thumbnail","hentry","category-alcoy","category-noticias","category-politicayeconomia","tag-alcoy","tag-eliminacion","tag-lirios-garcia","tag-molinar","tag-partido-popular","tag-vertedero"],"yoast_head":"<!-- This site is optimized with the Yoast SEO plugin v27.3 - https:\/\/yoast.com\/product\/yoast-seo-wordpress\/ -->\n<title>El PP pide la eliminaci\u00f3n del vertedero del Molinar - COPE Alcoy<\/title>\n<meta name=\"robots\" content=\"index, follow, max-snippet:-1, max-image-preview:large, max-video-preview:-1\" \/>\n<link rel=\"canonical\" href=\"https:\/\/www.copealcoy.es\/es\/el-pp-pide-la-eliminacion-del-vertedero-del-molinar\/\" \/>\n<meta property=\"og:locale\" content=\"es_ES\" \/>\n<meta property=\"og:type\" content=\"article\" \/>\n<meta property=\"og:title\" content=\"El PP pide la eliminaci\u00f3n del vertedero del Molinar - COPE Alcoy\" \/>\n<meta property=\"og:description\" content=\"El Partido Popular de Alcoy exige la eliminaci\u00f3n urgente del vertedero ilegal detectado en el cauce del R\u00edo Molinar y...\" \/>\n<meta property=\"og:url\" content=\"https:\/\/www.copealcoy.es\/es\/el-pp-pide-la-eliminacion-del-vertedero-del-molinar\/\" \/>\n<meta property=\"og:site_name\" content=\"COPE Alcoy\" \/>\n<meta property=\"article:published_time\" content=\"2020-02-20T15:46:14+00:00\" \/>\n<meta property=\"og:image\" content=\"https:\/\/www.copealcoy.es\/wp-content\/uploads\/2020\/02\/PHOTO-2020-02-17-11-57-39-e1581958664971-1.jpg\" \/>\n\t<meta property=\"og:image:width\" content=\"1200\" \/>\n\t<meta property=\"og:image:height\" content=\"740\" \/>\n\t<meta property=\"og:image:type\" content=\"image\/jpeg\" \/>\n<meta name=\"author\" content=\"Cope Alcoy\" \/>\n<meta name=\"twitter:label1\" content=\"Escrito por\" \/>\n\t<meta name=\"twitter:data1\" content=\"Cope Alcoy\" \/>\n\t<meta name=\"twitter:label2\" content=\"Tiempo de lectura\" \/>\n\t<meta name=\"twitter:data2\" content=\"1 minuto\" \/>\n<script type=\"application\/ld+json\" class=\"yoast-schema-graph\">{\"@context\":\"https:\\\/\\\/schema.org\",\"@graph\":[{\"@type\":\"Article\",\"@id\":\"https:\\\/\\\/www.copealcoy.es\\\/es\\\/el-pp-pide-la-eliminacion-del-vertedero-del-molinar\\\/#article\",\"isPartOf\":{\"@id\":\"https:\\\/\\\/www.copealcoy.es\\\/es\\\/el-pp-pide-la-eliminacion-del-vertedero-del-molinar\\\/\"},\"author\":{\"name\":\"Cope Alcoy\",\"@id\":\"https:\\\/\\\/www.copealcoy.es\\\/es\\\/#\\\/schema\\\/person\\\/e777c87fa024e57d40170af9df39882c\"},\"headline\":\"El PP pide la eliminaci\u00f3n del vertedero del Molinar\",\"datePublished\":\"2020-02-20T15:46:14+00:00\",\"mainEntityOfPage\":{\"@id\":\"https:\\\/\\\/www.copealcoy.es\\\/es\\\/el-pp-pide-la-eliminacion-del-vertedero-del-molinar\\\/\"},\"wordCount\":220,\"commentCount\":0,\"image\":{\"@id\":\"https:\\\/\\\/www.copealcoy.es\\\/es\\\/el-pp-pide-la-eliminacion-del-vertedero-del-molinar\\\/#primaryimage\"},\"thumbnailUrl\":\"https:\\\/\\\/www.copealcoy.es\\\/wp-content\\\/uploads\\\/2020\\\/02\\\/PHOTO-2020-02-17-11-57-39-e1581958664971-1.jpg\",\"keywords\":[\"Alcoy\",\"eliminaci\u00f3n\",\"Lirios Garc\u00eda\",\"Molinar\",\"Partido Popular\",\"vertedero\"],\"articleSection\":[\"Alcoy\",\"Noticias\",\"Pol\u00edtica y Econom\u00eda\"],\"inLanguage\":\"es\"},{\"@type\":\"WebPage\",\"@id\":\"https:\\\/\\\/www.copealcoy.es\\\/es\\\/el-pp-pide-la-eliminacion-del-vertedero-del-molinar\\\/\",\"url\":\"https:\\\/\\\/www.copealcoy.es\\\/es\\\/el-pp-pide-la-eliminacion-del-vertedero-del-molinar\\\/\",\"name\":\"El PP pide la eliminaci\u00f3n del vertedero del Molinar - COPE Alcoy\",\"isPartOf\":{\"@id\":\"https:\\\/\\\/www.copealcoy.es\\\/es\\\/#website\"},\"primaryImageOfPage\":{\"@id\":\"https:\\\/\\\/www.copealcoy.es\\\/es\\\/el-pp-pide-la-eliminacion-del-vertedero-del-molinar\\\/#primaryimage\"},\"image\":{\"@id\":\"https:\\\/\\\/www.copealcoy.es\\\/es\\\/el-pp-pide-la-eliminacion-del-vertedero-del-molinar\\\/#primaryimage\"},\"thumbnailUrl\":\"https:\\\/\\\/www.copealcoy.es\\\/wp-content\\\/uploads\\\/2020\\\/02\\\/PHOTO-2020-02-17-11-57-39-e1581958664971-1.jpg\",\"datePublished\":\"2020-02-20T15:46:14+00:00\",\"author\":{\"@id\":\"https:\\\/\\\/www.copealcoy.es\\\/es\\\/#\\\/schema\\\/person\\\/e777c87fa024e57d40170af9df39882c\"},\"breadcrumb\":{\"@id\":\"https:\\\/\\\/www.copealcoy.es\\\/es\\\/el-pp-pide-la-eliminacion-del-vertedero-del-molinar\\\/#breadcrumb\"},\"inLanguage\":\"es\",\"potentialAction\":[{\"@type\":\"ReadAction\",\"target\":[\"https:\\\/\\\/www.copealcoy.es\\\/es\\\/el-pp-pide-la-eliminacion-del-vertedero-del-molinar\\\/\"]}]},{\"@type\":\"ImageObject\",\"inLanguage\":\"es\",\"@id\":\"https:\\\/\\\/www.copealcoy.es\\\/es\\\/el-pp-pide-la-eliminacion-del-vertedero-del-molinar\\\/#primaryimage\",\"url\":\"https:\\\/\\\/www.copealcoy.es\\\/wp-content\\\/uploads\\\/2020\\\/02\\\/PHOTO-2020-02-17-11-57-39-e1581958664971-1.jpg\",\"contentUrl\":\"https:\\\/\\\/www.copealcoy.es\\\/wp-content\\\/uploads\\\/2020\\\/02\\\/PHOTO-2020-02-17-11-57-39-e1581958664971-1.jpg\",\"width\":1200,\"height\":740,\"caption\":\"Imagen del vertedero situado cerca del Molinar \\\/ Foto: Comprom\u00eds Alcoi\"},{\"@type\":\"BreadcrumbList\",\"@id\":\"https:\\\/\\\/www.copealcoy.es\\\/es\\\/el-pp-pide-la-eliminacion-del-vertedero-del-molinar\\\/#breadcrumb\",\"itemListElement\":[{\"@type\":\"ListItem\",\"position\":1,\"name\":\"Portada\",\"item\":\"https:\\\/\\\/www.copealcoy.es\\\/es\\\/\"},{\"@type\":\"ListItem\",\"position\":2,\"name\":\"El PP pide la eliminaci\u00f3n del vertedero del Molinar\"}]},{\"@type\":\"WebSite\",\"@id\":\"https:\\\/\\\/www.copealcoy.es\\\/es\\\/#website\",\"url\":\"https:\\\/\\\/www.copealcoy.es\\\/es\\\/\",\"name\":\"COPE Alcoy\",\"description\":\"Emisora COPE de radio local con emisi\u00f3n online. Pont de Sant Jordi 8-10 03803 Alcoy\",\"potentialAction\":[{\"@type\":\"SearchAction\",\"target\":{\"@type\":\"EntryPoint\",\"urlTemplate\":\"https:\\\/\\\/www.copealcoy.es\\\/es\\\/?s={search_term_string}\"},\"query-input\":{\"@type\":\"PropertyValueSpecification\",\"valueRequired\":true,\"valueName\":\"search_term_string\"}}],\"inLanguage\":\"es\"},{\"@type\":\"Person\",\"@id\":\"https:\\\/\\\/www.copealcoy.es\\\/es\\\/#\\\/schema\\\/person\\\/e777c87fa024e57d40170af9df39882c\",\"name\":\"Cope Alcoy\",\"image\":{\"@type\":\"ImageObject\",\"inLanguage\":\"es\",\"@id\":\"https:\\\/\\\/secure.gravatar.com\\\/avatar\\\/bb65d0283347e303893ba14f0692005417c1e0e690a325a4c5d8bb2b3943ee14?s=96&d=mm&r=g\",\"url\":\"https:\\\/\\\/secure.gravatar.com\\\/avatar\\\/bb65d0283347e303893ba14f0692005417c1e0e690a325a4c5d8bb2b3943ee14?s=96&d=mm&r=g\",\"contentUrl\":\"https:\\\/\\\/secure.gravatar.com\\\/avatar\\\/bb65d0283347e303893ba14f0692005417c1e0e690a325a4c5d8bb2b3943ee14?s=96&d=mm&r=g\",\"caption\":\"Cope Alcoy\"}}]}<\/script>\n<!-- \/ Yoast SEO plugin. -->","yoast_head_json":{"title":"El PP pide la eliminaci\u00f3n del vertedero del Molinar - COPE Alcoy","robots":{"index":"index","follow":"follow","max-snippet":"max-snippet:-1","max-image-preview":"max-image-preview:large","max-video-preview":"max-video-preview:-1"},"canonical":"https:\/\/www.copealcoy.es\/es\/el-pp-pide-la-eliminacion-del-vertedero-del-molinar\/","og_locale":"es_ES","og_type":"article","og_title":"El PP pide la eliminaci\u00f3n del vertedero del Molinar - COPE Alcoy","og_description":"El Partido Popular de Alcoy exige la eliminaci\u00f3n urgente del vertedero ilegal detectado en el cauce del R\u00edo Molinar y...","og_url":"https:\/\/www.copealcoy.es\/es\/el-pp-pide-la-eliminacion-del-vertedero-del-molinar\/","og_site_name":"COPE Alcoy","article_published_time":"2020-02-20T15:46:14+00:00","og_image":[{"width":1200,"height":740,"url":"https:\/\/www.copealcoy.es\/wp-content\/uploads\/2020\/02\/PHOTO-2020-02-17-11-57-39-e1581958664971-1.jpg","type":"image\/jpeg"}],"author":"Cope Alcoy","twitter_misc":{"Escrito por":"Cope Alcoy","Tiempo de lectura":"1 minuto"},"schema":{"@context":"https:\/\/schema.org","@graph":[{"@type":"Article","@id":"https:\/\/www.copealcoy.es\/es\/el-pp-pide-la-eliminacion-del-vertedero-del-molinar\/#article","isPartOf":{"@id":"https:\/\/www.copealcoy.es\/es\/el-pp-pide-la-eliminacion-del-vertedero-del-molinar\/"},"author":{"name":"Cope Alcoy","@id":"https:\/\/www.copealcoy.es\/es\/#\/schema\/person\/e777c87fa024e57d40170af9df39882c"},"headline":"El PP pide la eliminaci\u00f3n del vertedero del Molinar","datePublished":"2020-02-20T15:46:14+00:00","mainEntityOfPage":{"@id":"https:\/\/www.copealcoy.es\/es\/el-pp-pide-la-eliminacion-del-vertedero-del-molinar\/"},"wordCount":220,"commentCount":0,"image":{"@id":"https:\/\/www.copealcoy.es\/es\/el-pp-pide-la-eliminacion-del-vertedero-del-molinar\/#primaryimage"},"thumbnailUrl":"https:\/\/www.copealcoy.es\/wp-content\/uploads\/2020\/02\/PHOTO-2020-02-17-11-57-39-e1581958664971-1.jpg","keywords":["Alcoy","eliminaci\u00f3n","Lirios Garc\u00eda","Molinar","Partido Popular","vertedero"],"articleSection":["Alcoy","Noticias","Pol\u00edtica y Econom\u00eda"],"inLanguage":"es"},{"@type":"WebPage","@id":"https:\/\/www.copealcoy.es\/es\/el-pp-pide-la-eliminacion-del-vertedero-del-molinar\/","url":"https:\/\/www.copealcoy.es\/es\/el-pp-pide-la-eliminacion-del-vertedero-del-molinar\/","name":"El PP pide la eliminaci\u00f3n del vertedero del Molinar - COPE Alcoy","isPartOf":{"@id":"https:\/\/www.copealcoy.es\/es\/#website"},"primaryImageOfPage":{"@id":"https:\/\/www.copealcoy.es\/es\/el-pp-pide-la-eliminacion-del-vertedero-del-molinar\/#primaryimage"},"image":{"@id":"https:\/\/www.copealcoy.es\/es\/el-pp-pide-la-eliminacion-del-vertedero-del-molinar\/#primaryimage"},"thumbnailUrl":"https:\/\/www.copealcoy.es\/wp-content\/uploads\/2020\/02\/PHOTO-2020-02-17-11-57-39-e1581958664971-1.jpg","datePublished":"2020-02-20T15:46:14+00:00","author":{"@id":"https:\/\/www.copealcoy.es\/es\/#\/schema\/person\/e777c87fa024e57d40170af9df39882c"},"breadcrumb":{"@id":"https:\/\/www.copealcoy.es\/es\/el-pp-pide-la-eliminacion-del-vertedero-del-molinar\/#breadcrumb"},"inLanguage":"es","potentialAction":[{"@type":"ReadAction","target":["https:\/\/www.copealcoy.es\/es\/el-pp-pide-la-eliminacion-del-vertedero-del-molinar\/"]}]},{"@type":"ImageObject","inLanguage":"es","@id":"https:\/\/www.copealcoy.es\/es\/el-pp-pide-la-eliminacion-del-vertedero-del-molinar\/#primaryimage","url":"https:\/\/www.copealcoy.es\/wp-content\/uploads\/2020\/02\/PHOTO-2020-02-17-11-57-39-e1581958664971-1.jpg","contentUrl":"https:\/\/www.copealcoy.es\/wp-content\/uploads\/2020\/02\/PHOTO-2020-02-17-11-57-39-e1581958664971-1.jpg","width":1200,"height":740,"caption":"Imagen del vertedero situado cerca del Molinar \/ Foto: Comprom\u00eds Alcoi"},{"@type":"BreadcrumbList","@id":"https:\/\/www.copealcoy.es\/es\/el-pp-pide-la-eliminacion-del-vertedero-del-molinar\/#breadcrumb","itemListElement":[{"@type":"ListItem","position":1,"name":"Portada","item":"https:\/\/www.copealcoy.es\/es\/"},{"@type":"ListItem","position":2,"name":"El PP pide la eliminaci\u00f3n del vertedero del Molinar"}]},{"@type":"WebSite","@id":"https:\/\/www.copealcoy.es\/es\/#website","url":"https:\/\/www.copealcoy.es\/es\/","name":"COPE Alcoy","description":"Emisora COPE de radio local con emisi\u00f3n online. Pont de Sant Jordi 8-10 03803 Alcoy","potentialAction":[{"@type":"SearchAction","target":{"@type":"EntryPoint","urlTemplate":"https:\/\/www.copealcoy.es\/es\/?s={search_term_string}"},"query-input":{"@type":"PropertyValueSpecification","valueRequired":true,"valueName":"search_term_string"}}],"inLanguage":"es"},{"@type":"Person","@id":"https:\/\/www.copealcoy.es\/es\/#\/schema\/person\/e777c87fa024e57d40170af9df39882c","name":"Cope Alcoy","image":{"@type":"ImageObject","inLanguage":"es","@id":"https:\/\/secure.gravatar.com\/avatar\/bb65d0283347e303893ba14f0692005417c1e0e690a325a4c5d8bb2b3943ee14?s=96&d=mm&r=g","url":"https:\/\/secure.gravatar.com\/avatar\/bb65d0283347e303893ba14f0692005417c1e0e690a325a4c5d8bb2b3943ee14?s=96&d=mm&r=g","contentUrl":"https:\/\/secure.gravatar.com\/avatar\/bb65d0283347e303893ba14f0692005417c1e0e690a325a4c5d8bb2b3943ee14?s=96&d=mm&r=g","caption":"Cope Alcoy"}}]}},"_links":{"self":[{"href":"https:\/\/www.copealcoy.es\/es\/wp-json\/wp\/v2\/posts\/60048","targetHints":{"allow":["GET"]}}],"collection":[{"href":"https:\/\/www.copealcoy.es\/es\/wp-json\/wp\/v2\/posts"}],"about":[{"href":"https:\/\/www.copealcoy.es\/es\/wp-json\/wp\/v2\/types\/post"}],"author":[{"embeddable":true,"href":"https:\/\/www.copealcoy.es\/es\/wp-json\/wp\/v2\/users\/1"}],"replies":[{"embeddable":true,"href":"https:\/\/www.copealcoy.es\/es\/wp-json\/wp\/v2\/comments?post=60048"}],"version-history":[{"count":0,"href":"https:\/\/www.copealcoy.es\/es\/wp-json\/wp\/v2\/posts\/60048\/revisions"}],"wp:featuredmedia":[{"embeddable":true,"href":"https:\/\/www.copealcoy.es\/es\/wp-json\/wp\/v2\/media\/59987"}],"wp:attachment":[{"href":"https:\/\/www.copealcoy.es\/es\/wp-json\/wp\/v2\/media?parent=60048"}],"wp:term":[{"taxonomy":"category","embeddable":true,"href":"https:\/\/www.copealcoy.es\/es\/wp-json\/wp\/v2\/categories?post=60048"},{"taxonomy":"post_tag","embeddable":true,"href":"https:\/\/www.copealcoy.es\/es\/wp-json\/wp\/v2\/tags?post=60048"}],"curies":[{"name":"wp","href":"https:\/\/api.w.org\/{rel}","templated":true}]}}