{"id":60015,"date":"2020-02-19T15:33:47","date_gmt":"2020-02-19T15:33:47","guid":{"rendered":"https:\/\/www.copealcoy.es\/?p=60015"},"modified":"2020-02-19T15:33:47","modified_gmt":"2020-02-19T15:33:47","slug":"alcoy-ultima-el-proceso-para-adquirir-la-fabrica-els-solers","status":"publish","type":"post","link":"https:\/\/www.copealcoy.es\/es\/alcoy-ultima-el-proceso-para-adquirir-la-fabrica-els-solers\/","title":{"rendered":"Alcoy ultima el proceso para adquirir la f\u00e1brica Els Solers"},"content":{"rendered":"<p style=\"text-align: justify;\">El <strong>Ayuntamiento de Alcoy<\/strong> ha iniciado el proceso<strong> para tener el 100% de la propiedad<\/strong> de la F\u00e1brica de Els Solers-Mol\u00ed de Ferro.<\/p>\n<p style=\"text-align: justify;\">Hay que destacar que El Consistorio <strong>tiene la disponibilidad del edificio para poder actuar<\/strong>, no obstante <strong>es propietario del 93,65% del inmueble<\/strong> ya <strong>el 5,5% corresponde a una herencia de 1932<\/strong> y <strong>el 0,79% a otra de 2019<\/strong>. Este 6\u201935% <strong>pasar\u00e1 a manos municipales por medio de la f\u00f3rmula de la expropiaci\u00f3n<\/strong> despu\u00e9s de que en 2006 el Ayuntamiento adquiriera casi la totalidad de la propiedad. Tambi\u00e9n en aquel momento <strong>se llevaron a cabo unas obras de consolidaci\u00f3n<\/strong> de la edificaci\u00f3n por parte del Instituto del Patrimonio Hist\u00f3rico Espa\u00f1ol del Ministerio de Cultura &#8220;<em>finalmente hemos tenido que iniciar la expropiaci\u00f3n ante la imposibilidad de obtener acuerdo con los numerosos propietarios entre los que que est\u00e1 repartido ese 5% que viene de herencias del pasado, para partir y al final son muchos herederos con los cuales no ha sido posible en muchos casos ni encontrarlos y en otros ni llegar a acuerdos<\/em>&#8220;, indica la edil de Patrimonio; <strong>Lorena Zamorano<\/strong>.<\/p>\n<p style=\"text-align: justify;\">Indicar que paralelamente a este proceso, <strong>el Ayuntamiento seguir\u00e1 con el proyecto de rehabilitaci\u00f3n de la F\u00e1brica dels Solers<\/strong> y <strong>consolidaci\u00f3n de restos en F\u00e1bricas de Primeras Aguas<\/strong> para convertir la zona en un Centro de Interpretaci\u00f3n de la Industria Valenciana.\u00a0La <strong>primera fase<\/strong> incluir\u00e1 la rehabilitaci\u00f3n de la f\u00e1brica y la dotaci\u00f3n de Centro de Interpretaci\u00f3n, con los \u00faltimos recursos tecnol\u00f3gicos, mientras que <strong>en la segunda<\/strong> se rehabilitar\u00e1n el \u2018Mol\u00ed Vell del Ferro\u2019, la c\u00fapula del acu\u00edfero del Molinar y la red hidr\u00e1ulica de las primeras aguas.<\/p>\n","protected":false},"excerpt":{"rendered":"<p>El Ayuntamiento de Alcoy ha iniciado el proceso para tener el 100% de la propiedad de la F\u00e1brica de Els&#8230;<\/p>\n","protected":false},"author":1,"featured_media":60016,"comment_status":"open","ping_status":"open","sticky":false,"template":"","format":"standard","meta":{"footnotes":""},"categories":[97,75,125],"tags":[7177,1494,7178,7179,1796,5212],"class_list":["post-60015","post","type-post","status-publish","format-standard","has-post-thumbnail","hentry","category-alcoy","category-noticias","category-portada","tag-adquisicion","tag-alcoy","tag-els-solers","tag-fabrica","tag-lorena-zamorano","tag-proceso"],"yoast_head":"<!-- This site is optimized with the Yoast SEO plugin v27.3 - https:\/\/yoast.com\/product\/yoast-seo-wordpress\/ -->\n<title>Alcoy ultima el proceso para adquirir la f\u00e1brica Els Solers - COPE Alcoy<\/title>\n<meta name=\"robots\" content=\"index, follow, max-snippet:-1, max-image-preview:large, max-video-preview:-1\" \/>\n<link rel=\"canonical\" href=\"https:\/\/www.copealcoy.es\/es\/alcoy-ultima-el-proceso-para-adquirir-la-fabrica-els-solers\/\" \/>\n<meta property=\"og:locale\" content=\"es_ES\" \/>\n<meta property=\"og:type\" content=\"article\" \/>\n<meta property=\"og:title\" content=\"Alcoy ultima el proceso para adquirir la f\u00e1brica Els Solers - COPE Alcoy\" \/>\n<meta property=\"og:description\" content=\"El Ayuntamiento de Alcoy ha iniciado el proceso para tener el 100% de la propiedad de la F\u00e1brica de Els...\" \/>\n<meta property=\"og:url\" content=\"https:\/\/www.copealcoy.es\/es\/alcoy-ultima-el-proceso-para-adquirir-la-fabrica-els-solers\/\" \/>\n<meta property=\"og:site_name\" content=\"COPE Alcoy\" \/>\n<meta property=\"article:published_time\" content=\"2020-02-19T15:33:47+00:00\" \/>\n<meta property=\"og:image\" content=\"https:\/\/www.copealcoy.es\/wp-content\/uploads\/2020\/02\/Els-Solers.-Foto-13-dagost-e1582126611321-1-scaled.jpg\" \/>\n\t<meta property=\"og:image:width\" content=\"2560\" \/>\n\t<meta property=\"og:image:height\" content=\"1312\" \/>\n\t<meta property=\"og:image:type\" content=\"image\/jpeg\" \/>\n<meta name=\"author\" content=\"Cope Alcoy\" \/>\n<meta name=\"twitter:label1\" content=\"Escrito por\" \/>\n\t<meta name=\"twitter:data1\" content=\"Cope Alcoy\" \/>\n\t<meta name=\"twitter:label2\" content=\"Tiempo de lectura\" \/>\n\t<meta name=\"twitter:data2\" content=\"1 minuto\" \/>\n<script type=\"application\/ld+json\" class=\"yoast-schema-graph\">{\"@context\":\"https:\\\/\\\/schema.org\",\"@graph\":[{\"@type\":\"Article\",\"@id\":\"https:\\\/\\\/www.copealcoy.es\\\/es\\\/alcoy-ultima-el-proceso-para-adquirir-la-fabrica-els-solers\\\/#article\",\"isPartOf\":{\"@id\":\"https:\\\/\\\/www.copealcoy.es\\\/es\\\/alcoy-ultima-el-proceso-para-adquirir-la-fabrica-els-solers\\\/\"},\"author\":{\"name\":\"Cope Alcoy\",\"@id\":\"https:\\\/\\\/www.copealcoy.es\\\/es\\\/#\\\/schema\\\/person\\\/e777c87fa024e57d40170af9df39882c\"},\"headline\":\"Alcoy ultima el proceso para adquirir la f\u00e1brica Els Solers\",\"datePublished\":\"2020-02-19T15:33:47+00:00\",\"mainEntityOfPage\":{\"@id\":\"https:\\\/\\\/www.copealcoy.es\\\/es\\\/alcoy-ultima-el-proceso-para-adquirir-la-fabrica-els-solers\\\/\"},\"wordCount\":295,\"commentCount\":0,\"image\":{\"@id\":\"https:\\\/\\\/www.copealcoy.es\\\/es\\\/alcoy-ultima-el-proceso-para-adquirir-la-fabrica-els-solers\\\/#primaryimage\"},\"thumbnailUrl\":\"https:\\\/\\\/www.copealcoy.es\\\/wp-content\\\/uploads\\\/2020\\\/02\\\/Els-Solers.-Foto-13-dagost-e1582126611321-1-scaled.jpg\",\"keywords\":[\"adquisici\u00f3n\",\"Alcoy\",\"Els Solers\",\"f\u00e1brica\",\"Lorena Zamorano\",\"proceso\"],\"articleSection\":[\"Alcoy\",\"Noticias\",\"Portada\"],\"inLanguage\":\"es\"},{\"@type\":\"WebPage\",\"@id\":\"https:\\\/\\\/www.copealcoy.es\\\/es\\\/alcoy-ultima-el-proceso-para-adquirir-la-fabrica-els-solers\\\/\",\"url\":\"https:\\\/\\\/www.copealcoy.es\\\/es\\\/alcoy-ultima-el-proceso-para-adquirir-la-fabrica-els-solers\\\/\",\"name\":\"Alcoy ultima el proceso para adquirir la f\u00e1brica Els Solers - COPE Alcoy\",\"isPartOf\":{\"@id\":\"https:\\\/\\\/www.copealcoy.es\\\/es\\\/#website\"},\"primaryImageOfPage\":{\"@id\":\"https:\\\/\\\/www.copealcoy.es\\\/es\\\/alcoy-ultima-el-proceso-para-adquirir-la-fabrica-els-solers\\\/#primaryimage\"},\"image\":{\"@id\":\"https:\\\/\\\/www.copealcoy.es\\\/es\\\/alcoy-ultima-el-proceso-para-adquirir-la-fabrica-els-solers\\\/#primaryimage\"},\"thumbnailUrl\":\"https:\\\/\\\/www.copealcoy.es\\\/wp-content\\\/uploads\\\/2020\\\/02\\\/Els-Solers.-Foto-13-dagost-e1582126611321-1-scaled.jpg\",\"datePublished\":\"2020-02-19T15:33:47+00:00\",\"author\":{\"@id\":\"https:\\\/\\\/www.copealcoy.es\\\/es\\\/#\\\/schema\\\/person\\\/e777c87fa024e57d40170af9df39882c\"},\"breadcrumb\":{\"@id\":\"https:\\\/\\\/www.copealcoy.es\\\/es\\\/alcoy-ultima-el-proceso-para-adquirir-la-fabrica-els-solers\\\/#breadcrumb\"},\"inLanguage\":\"es\",\"potentialAction\":[{\"@type\":\"ReadAction\",\"target\":[\"https:\\\/\\\/www.copealcoy.es\\\/es\\\/alcoy-ultima-el-proceso-para-adquirir-la-fabrica-els-solers\\\/\"]}]},{\"@type\":\"ImageObject\",\"inLanguage\":\"es\",\"@id\":\"https:\\\/\\\/www.copealcoy.es\\\/es\\\/alcoy-ultima-el-proceso-para-adquirir-la-fabrica-els-solers\\\/#primaryimage\",\"url\":\"https:\\\/\\\/www.copealcoy.es\\\/wp-content\\\/uploads\\\/2020\\\/02\\\/Els-Solers.-Foto-13-dagost-e1582126611321-1-scaled.jpg\",\"contentUrl\":\"https:\\\/\\\/www.copealcoy.es\\\/wp-content\\\/uploads\\\/2020\\\/02\\\/Els-Solers.-Foto-13-dagost-e1582126611321-1-scaled.jpg\",\"width\":2560,\"height\":1312},{\"@type\":\"BreadcrumbList\",\"@id\":\"https:\\\/\\\/www.copealcoy.es\\\/es\\\/alcoy-ultima-el-proceso-para-adquirir-la-fabrica-els-solers\\\/#breadcrumb\",\"itemListElement\":[{\"@type\":\"ListItem\",\"position\":1,\"name\":\"Portada\",\"item\":\"https:\\\/\\\/www.copealcoy.es\\\/es\\\/\"},{\"@type\":\"ListItem\",\"position\":2,\"name\":\"Alcoy ultima el proceso para adquirir la f\u00e1brica Els Solers\"}]},{\"@type\":\"WebSite\",\"@id\":\"https:\\\/\\\/www.copealcoy.es\\\/es\\\/#website\",\"url\":\"https:\\\/\\\/www.copealcoy.es\\\/es\\\/\",\"name\":\"COPE Alcoy\",\"description\":\"Emisora COPE de radio local con emisi\u00f3n online. Pont de Sant Jordi 8-10 03803 Alcoy\",\"potentialAction\":[{\"@type\":\"SearchAction\",\"target\":{\"@type\":\"EntryPoint\",\"urlTemplate\":\"https:\\\/\\\/www.copealcoy.es\\\/es\\\/?s={search_term_string}\"},\"query-input\":{\"@type\":\"PropertyValueSpecification\",\"valueRequired\":true,\"valueName\":\"search_term_string\"}}],\"inLanguage\":\"es\"},{\"@type\":\"Person\",\"@id\":\"https:\\\/\\\/www.copealcoy.es\\\/es\\\/#\\\/schema\\\/person\\\/e777c87fa024e57d40170af9df39882c\",\"name\":\"Cope Alcoy\",\"image\":{\"@type\":\"ImageObject\",\"inLanguage\":\"es\",\"@id\":\"https:\\\/\\\/secure.gravatar.com\\\/avatar\\\/bb65d0283347e303893ba14f0692005417c1e0e690a325a4c5d8bb2b3943ee14?s=96&d=mm&r=g\",\"url\":\"https:\\\/\\\/secure.gravatar.com\\\/avatar\\\/bb65d0283347e303893ba14f0692005417c1e0e690a325a4c5d8bb2b3943ee14?s=96&d=mm&r=g\",\"contentUrl\":\"https:\\\/\\\/secure.gravatar.com\\\/avatar\\\/bb65d0283347e303893ba14f0692005417c1e0e690a325a4c5d8bb2b3943ee14?s=96&d=mm&r=g\",\"caption\":\"Cope Alcoy\"}}]}<\/script>\n<!-- \/ Yoast SEO plugin. -->","yoast_head_json":{"title":"Alcoy ultima el proceso para adquirir la f\u00e1brica Els Solers - COPE Alcoy","robots":{"index":"index","follow":"follow","max-snippet":"max-snippet:-1","max-image-preview":"max-image-preview:large","max-video-preview":"max-video-preview:-1"},"canonical":"https:\/\/www.copealcoy.es\/es\/alcoy-ultima-el-proceso-para-adquirir-la-fabrica-els-solers\/","og_locale":"es_ES","og_type":"article","og_title":"Alcoy ultima el proceso para adquirir la f\u00e1brica Els Solers - COPE Alcoy","og_description":"El Ayuntamiento de Alcoy ha iniciado el proceso para tener el 100% de la propiedad de la F\u00e1brica de Els...","og_url":"https:\/\/www.copealcoy.es\/es\/alcoy-ultima-el-proceso-para-adquirir-la-fabrica-els-solers\/","og_site_name":"COPE Alcoy","article_published_time":"2020-02-19T15:33:47+00:00","og_image":[{"width":2560,"height":1312,"url":"https:\/\/www.copealcoy.es\/wp-content\/uploads\/2020\/02\/Els-Solers.-Foto-13-dagost-e1582126611321-1-scaled.jpg","type":"image\/jpeg"}],"author":"Cope Alcoy","twitter_misc":{"Escrito por":"Cope Alcoy","Tiempo de lectura":"1 minuto"},"schema":{"@context":"https:\/\/schema.org","@graph":[{"@type":"Article","@id":"https:\/\/www.copealcoy.es\/es\/alcoy-ultima-el-proceso-para-adquirir-la-fabrica-els-solers\/#article","isPartOf":{"@id":"https:\/\/www.copealcoy.es\/es\/alcoy-ultima-el-proceso-para-adquirir-la-fabrica-els-solers\/"},"author":{"name":"Cope Alcoy","@id":"https:\/\/www.copealcoy.es\/es\/#\/schema\/person\/e777c87fa024e57d40170af9df39882c"},"headline":"Alcoy ultima el proceso para adquirir la f\u00e1brica Els Solers","datePublished":"2020-02-19T15:33:47+00:00","mainEntityOfPage":{"@id":"https:\/\/www.copealcoy.es\/es\/alcoy-ultima-el-proceso-para-adquirir-la-fabrica-els-solers\/"},"wordCount":295,"commentCount":0,"image":{"@id":"https:\/\/www.copealcoy.es\/es\/alcoy-ultima-el-proceso-para-adquirir-la-fabrica-els-solers\/#primaryimage"},"thumbnailUrl":"https:\/\/www.copealcoy.es\/wp-content\/uploads\/2020\/02\/Els-Solers.-Foto-13-dagost-e1582126611321-1-scaled.jpg","keywords":["adquisici\u00f3n","Alcoy","Els Solers","f\u00e1brica","Lorena Zamorano","proceso"],"articleSection":["Alcoy","Noticias","Portada"],"inLanguage":"es"},{"@type":"WebPage","@id":"https:\/\/www.copealcoy.es\/es\/alcoy-ultima-el-proceso-para-adquirir-la-fabrica-els-solers\/","url":"https:\/\/www.copealcoy.es\/es\/alcoy-ultima-el-proceso-para-adquirir-la-fabrica-els-solers\/","name":"Alcoy ultima el proceso para adquirir la f\u00e1brica Els Solers - COPE Alcoy","isPartOf":{"@id":"https:\/\/www.copealcoy.es\/es\/#website"},"primaryImageOfPage":{"@id":"https:\/\/www.copealcoy.es\/es\/alcoy-ultima-el-proceso-para-adquirir-la-fabrica-els-solers\/#primaryimage"},"image":{"@id":"https:\/\/www.copealcoy.es\/es\/alcoy-ultima-el-proceso-para-adquirir-la-fabrica-els-solers\/#primaryimage"},"thumbnailUrl":"https:\/\/www.copealcoy.es\/wp-content\/uploads\/2020\/02\/Els-Solers.-Foto-13-dagost-e1582126611321-1-scaled.jpg","datePublished":"2020-02-19T15:33:47+00:00","author":{"@id":"https:\/\/www.copealcoy.es\/es\/#\/schema\/person\/e777c87fa024e57d40170af9df39882c"},"breadcrumb":{"@id":"https:\/\/www.copealcoy.es\/es\/alcoy-ultima-el-proceso-para-adquirir-la-fabrica-els-solers\/#breadcrumb"},"inLanguage":"es","potentialAction":[{"@type":"ReadAction","target":["https:\/\/www.copealcoy.es\/es\/alcoy-ultima-el-proceso-para-adquirir-la-fabrica-els-solers\/"]}]},{"@type":"ImageObject","inLanguage":"es","@id":"https:\/\/www.copealcoy.es\/es\/alcoy-ultima-el-proceso-para-adquirir-la-fabrica-els-solers\/#primaryimage","url":"https:\/\/www.copealcoy.es\/wp-content\/uploads\/2020\/02\/Els-Solers.-Foto-13-dagost-e1582126611321-1-scaled.jpg","contentUrl":"https:\/\/www.copealcoy.es\/wp-content\/uploads\/2020\/02\/Els-Solers.-Foto-13-dagost-e1582126611321-1-scaled.jpg","width":2560,"height":1312},{"@type":"BreadcrumbList","@id":"https:\/\/www.copealcoy.es\/es\/alcoy-ultima-el-proceso-para-adquirir-la-fabrica-els-solers\/#breadcrumb","itemListElement":[{"@type":"ListItem","position":1,"name":"Portada","item":"https:\/\/www.copealcoy.es\/es\/"},{"@type":"ListItem","position":2,"name":"Alcoy ultima el proceso para adquirir la f\u00e1brica Els Solers"}]},{"@type":"WebSite","@id":"https:\/\/www.copealcoy.es\/es\/#website","url":"https:\/\/www.copealcoy.es\/es\/","name":"COPE Alcoy","description":"Emisora COPE de radio local con emisi\u00f3n online. Pont de Sant Jordi 8-10 03803 Alcoy","potentialAction":[{"@type":"SearchAction","target":{"@type":"EntryPoint","urlTemplate":"https:\/\/www.copealcoy.es\/es\/?s={search_term_string}"},"query-input":{"@type":"PropertyValueSpecification","valueRequired":true,"valueName":"search_term_string"}}],"inLanguage":"es"},{"@type":"Person","@id":"https:\/\/www.copealcoy.es\/es\/#\/schema\/person\/e777c87fa024e57d40170af9df39882c","name":"Cope Alcoy","image":{"@type":"ImageObject","inLanguage":"es","@id":"https:\/\/secure.gravatar.com\/avatar\/bb65d0283347e303893ba14f0692005417c1e0e690a325a4c5d8bb2b3943ee14?s=96&d=mm&r=g","url":"https:\/\/secure.gravatar.com\/avatar\/bb65d0283347e303893ba14f0692005417c1e0e690a325a4c5d8bb2b3943ee14?s=96&d=mm&r=g","contentUrl":"https:\/\/secure.gravatar.com\/avatar\/bb65d0283347e303893ba14f0692005417c1e0e690a325a4c5d8bb2b3943ee14?s=96&d=mm&r=g","caption":"Cope Alcoy"}}]}},"_links":{"self":[{"href":"https:\/\/www.copealcoy.es\/es\/wp-json\/wp\/v2\/posts\/60015","targetHints":{"allow":["GET"]}}],"collection":[{"href":"https:\/\/www.copealcoy.es\/es\/wp-json\/wp\/v2\/posts"}],"about":[{"href":"https:\/\/www.copealcoy.es\/es\/wp-json\/wp\/v2\/types\/post"}],"author":[{"embeddable":true,"href":"https:\/\/www.copealcoy.es\/es\/wp-json\/wp\/v2\/users\/1"}],"replies":[{"embeddable":true,"href":"https:\/\/www.copealcoy.es\/es\/wp-json\/wp\/v2\/comments?post=60015"}],"version-history":[{"count":0,"href":"https:\/\/www.copealcoy.es\/es\/wp-json\/wp\/v2\/posts\/60015\/revisions"}],"wp:featuredmedia":[{"embeddable":true,"href":"https:\/\/www.copealcoy.es\/es\/wp-json\/wp\/v2\/media\/60016"}],"wp:attachment":[{"href":"https:\/\/www.copealcoy.es\/es\/wp-json\/wp\/v2\/media?parent=60015"}],"wp:term":[{"taxonomy":"category","embeddable":true,"href":"https:\/\/www.copealcoy.es\/es\/wp-json\/wp\/v2\/categories?post=60015"},{"taxonomy":"post_tag","embeddable":true,"href":"https:\/\/www.copealcoy.es\/es\/wp-json\/wp\/v2\/tags?post=60015"}],"curies":[{"name":"wp","href":"https:\/\/api.w.org\/{rel}","templated":true}]}}