{"id":59991,"date":"2020-02-18T14:04:51","date_gmt":"2020-02-18T14:04:51","guid":{"rendered":"https:\/\/www.copealcoy.es\/?p=59991"},"modified":"2020-02-18T14:04:51","modified_gmt":"2020-02-18T14:04:51","slug":"los-acuiferos-de-alcoy-gozan-de-buena-salud-al-inicio-del-ano","status":"publish","type":"post","link":"https:\/\/www.copealcoy.es\/es\/los-acuiferos-de-alcoy-gozan-de-buena-salud-al-inicio-del-ano\/","title":{"rendered":"Los acu\u00edferos de Alcoy gozan de buena salud al inicio del a\u00f1o"},"content":{"rendered":"<p style=\"text-align: justify;\"><span lang=\"ES\">Los <strong>acu\u00edferos de la ciudad de Alcoy<\/strong>, que abastecen a los dep\u00f3sitos de agua potable, <strong>est\u00e1n en condiciones \u00f3ptimas<\/strong> y m\u00e1s despu\u00e9s de las lluvias del mes de enero. <\/span><\/p>\n<p style=\"text-align: justify;\"><span lang=\"ES\">Indicar que el agua del Molinar <strong>brota sin necesidad de extracci\u00f3n<\/strong> despu\u00e9s de que <strong>en el primer semestre del 2019<\/strong> los recursos h\u00eddricos de la ciudad estuvieran <strong>en el Molinar 1 en 6&#8217;07 metros de extracci\u00f3n<\/strong> y en <strong>el Molinar 2 en 5&#8217;65 metros<\/strong>. Por su parte <strong>2017<\/strong> acab\u00f3 con una extracci\u00f3n necesaria de m\u00e1s de 5 metros y el <strong>2018<\/strong> tambi\u00e9n se cerr\u00f3 con una extracci\u00f3n superior a los 7 metros. El edil de Obras y Servicios, <strong>Jordi Mart\u00ednez<\/strong>,\u00a0recuerda que, a pesar de que el agua brote sin necesidad de bombas desde El Molinar, <strong>es necesario concienciarnos sobre un uso racional de los recursos h\u00eddricos de la ciudad<\/strong> &#8220;<em>seguimos pendientes del seguimiento de los acu\u00edferos de la ciudad. Alcoy tiene recursos h\u00eddricos y nos encontramos en un buen momento pero, no podemos olvidar que el agua es b\u00e1sica y tenemos el deber de trabajar para que nuestro territorio, no sufra carencia de agua como ocurre en otros lugares. El buen consumo por parte de todos sigue siendo b\u00e1sico para poder disfrutar durante mucho tiempo de este tesoro \u00fanico&#8221;, <\/em>asevera.\u00a0<\/span><\/p>\n<p style=\"text-align: justify;\">El buen nivel de los acu\u00edferos alcoyanos <strong>se debe al temporal de enero pero tambi\u00e9n a las fuertes precipitaciones registradas en otros momentos del 2019<\/strong> como la Dana de septiembre o el temporal de la Semana Santa.<\/p>\n","protected":false},"excerpt":{"rendered":"<p>Los acu\u00edferos de la ciudad de Alcoy, que abastecen a los dep\u00f3sitos de agua potable, est\u00e1n en condiciones \u00f3ptimas y&#8230;<\/p>\n","protected":false},"author":1,"featured_media":9610,"comment_status":"open","ping_status":"open","sticky":false,"template":"","format":"standard","meta":{"footnotes":""},"categories":[97,75,125],"tags":[7170,1494,7171,927,1795],"class_list":["post-59991","post","type-post","status-publish","format-standard","has-post-thumbnail","hentry","category-alcoy","category-noticias","category-portada","tag-acuiferos","tag-alcoy","tag-buena-salud","tag-jordi-martinez","tag-molinar"],"yoast_head":"<!-- This site is optimized with the Yoast SEO plugin v27.3 - https:\/\/yoast.com\/product\/yoast-seo-wordpress\/ -->\n<title>Los acu\u00edferos de Alcoy gozan de buena salud al inicio del a\u00f1o - COPE Alcoy<\/title>\n<meta name=\"robots\" content=\"index, follow, max-snippet:-1, max-image-preview:large, max-video-preview:-1\" \/>\n<link rel=\"canonical\" href=\"https:\/\/www.copealcoy.es\/es\/los-acuiferos-de-alcoy-gozan-de-buena-salud-al-inicio-del-ano\/\" \/>\n<meta property=\"og:locale\" content=\"es_ES\" \/>\n<meta property=\"og:type\" content=\"article\" \/>\n<meta property=\"og:title\" content=\"Los acu\u00edferos de Alcoy gozan de buena salud al inicio del a\u00f1o - COPE Alcoy\" \/>\n<meta property=\"og:description\" content=\"Los acu\u00edferos de la ciudad de Alcoy, que abastecen a los dep\u00f3sitos de agua potable, est\u00e1n en condiciones \u00f3ptimas y...\" \/>\n<meta property=\"og:url\" content=\"https:\/\/www.copealcoy.es\/es\/los-acuiferos-de-alcoy-gozan-de-buena-salud-al-inicio-del-ano\/\" \/>\n<meta property=\"og:site_name\" content=\"COPE Alcoy\" \/>\n<meta property=\"article:published_time\" content=\"2020-02-18T14:04:51+00:00\" \/>\n<meta property=\"og:image\" content=\"https:\/\/www.copealcoy.es\/wp-content\/uploads\/2015\/01\/Molinar.jpg\" \/>\n\t<meta property=\"og:image:width\" content=\"720\" \/>\n\t<meta property=\"og:image:height\" content=\"540\" \/>\n\t<meta property=\"og:image:type\" content=\"image\/jpeg\" \/>\n<meta name=\"author\" content=\"Cope Alcoy\" \/>\n<meta name=\"twitter:label1\" content=\"Escrito por\" \/>\n\t<meta name=\"twitter:data1\" content=\"Cope Alcoy\" \/>\n\t<meta name=\"twitter:label2\" content=\"Tiempo de lectura\" \/>\n\t<meta name=\"twitter:data2\" content=\"1 minuto\" \/>\n<script type=\"application\/ld+json\" class=\"yoast-schema-graph\">{\"@context\":\"https:\\\/\\\/schema.org\",\"@graph\":[{\"@type\":\"Article\",\"@id\":\"https:\\\/\\\/www.copealcoy.es\\\/es\\\/los-acuiferos-de-alcoy-gozan-de-buena-salud-al-inicio-del-ano\\\/#article\",\"isPartOf\":{\"@id\":\"https:\\\/\\\/www.copealcoy.es\\\/es\\\/los-acuiferos-de-alcoy-gozan-de-buena-salud-al-inicio-del-ano\\\/\"},\"author\":{\"name\":\"Cope Alcoy\",\"@id\":\"https:\\\/\\\/www.copealcoy.es\\\/es\\\/#\\\/schema\\\/person\\\/e777c87fa024e57d40170af9df39882c\"},\"headline\":\"Los acu\u00edferos de Alcoy gozan de buena salud al inicio del a\u00f1o\",\"datePublished\":\"2020-02-18T14:04:51+00:00\",\"mainEntityOfPage\":{\"@id\":\"https:\\\/\\\/www.copealcoy.es\\\/es\\\/los-acuiferos-de-alcoy-gozan-de-buena-salud-al-inicio-del-ano\\\/\"},\"wordCount\":272,\"commentCount\":0,\"image\":{\"@id\":\"https:\\\/\\\/www.copealcoy.es\\\/es\\\/los-acuiferos-de-alcoy-gozan-de-buena-salud-al-inicio-del-ano\\\/#primaryimage\"},\"thumbnailUrl\":\"https:\\\/\\\/www.copealcoy.es\\\/wp-content\\\/uploads\\\/2015\\\/01\\\/Molinar.jpg\",\"keywords\":[\"Acu\u00edferos\",\"Alcoy\",\"buena salud\",\"Jordi Mart\u00ednez\",\"Molinar\"],\"articleSection\":[\"Alcoy\",\"Noticias\",\"Portada\"],\"inLanguage\":\"es\"},{\"@type\":\"WebPage\",\"@id\":\"https:\\\/\\\/www.copealcoy.es\\\/es\\\/los-acuiferos-de-alcoy-gozan-de-buena-salud-al-inicio-del-ano\\\/\",\"url\":\"https:\\\/\\\/www.copealcoy.es\\\/es\\\/los-acuiferos-de-alcoy-gozan-de-buena-salud-al-inicio-del-ano\\\/\",\"name\":\"Los acu\u00edferos de Alcoy gozan de buena salud al inicio del a\u00f1o - COPE Alcoy\",\"isPartOf\":{\"@id\":\"https:\\\/\\\/www.copealcoy.es\\\/es\\\/#website\"},\"primaryImageOfPage\":{\"@id\":\"https:\\\/\\\/www.copealcoy.es\\\/es\\\/los-acuiferos-de-alcoy-gozan-de-buena-salud-al-inicio-del-ano\\\/#primaryimage\"},\"image\":{\"@id\":\"https:\\\/\\\/www.copealcoy.es\\\/es\\\/los-acuiferos-de-alcoy-gozan-de-buena-salud-al-inicio-del-ano\\\/#primaryimage\"},\"thumbnailUrl\":\"https:\\\/\\\/www.copealcoy.es\\\/wp-content\\\/uploads\\\/2015\\\/01\\\/Molinar.jpg\",\"datePublished\":\"2020-02-18T14:04:51+00:00\",\"author\":{\"@id\":\"https:\\\/\\\/www.copealcoy.es\\\/es\\\/#\\\/schema\\\/person\\\/e777c87fa024e57d40170af9df39882c\"},\"breadcrumb\":{\"@id\":\"https:\\\/\\\/www.copealcoy.es\\\/es\\\/los-acuiferos-de-alcoy-gozan-de-buena-salud-al-inicio-del-ano\\\/#breadcrumb\"},\"inLanguage\":\"es\",\"potentialAction\":[{\"@type\":\"ReadAction\",\"target\":[\"https:\\\/\\\/www.copealcoy.es\\\/es\\\/los-acuiferos-de-alcoy-gozan-de-buena-salud-al-inicio-del-ano\\\/\"]}]},{\"@type\":\"ImageObject\",\"inLanguage\":\"es\",\"@id\":\"https:\\\/\\\/www.copealcoy.es\\\/es\\\/los-acuiferos-de-alcoy-gozan-de-buena-salud-al-inicio-del-ano\\\/#primaryimage\",\"url\":\"https:\\\/\\\/www.copealcoy.es\\\/wp-content\\\/uploads\\\/2015\\\/01\\\/Molinar.jpg\",\"contentUrl\":\"https:\\\/\\\/www.copealcoy.es\\\/wp-content\\\/uploads\\\/2015\\\/01\\\/Molinar.jpg\",\"width\":720,\"height\":540},{\"@type\":\"BreadcrumbList\",\"@id\":\"https:\\\/\\\/www.copealcoy.es\\\/es\\\/los-acuiferos-de-alcoy-gozan-de-buena-salud-al-inicio-del-ano\\\/#breadcrumb\",\"itemListElement\":[{\"@type\":\"ListItem\",\"position\":1,\"name\":\"Portada\",\"item\":\"https:\\\/\\\/www.copealcoy.es\\\/es\\\/\"},{\"@type\":\"ListItem\",\"position\":2,\"name\":\"Los acu\u00edferos de Alcoy gozan de buena salud al inicio del a\u00f1o\"}]},{\"@type\":\"WebSite\",\"@id\":\"https:\\\/\\\/www.copealcoy.es\\\/es\\\/#website\",\"url\":\"https:\\\/\\\/www.copealcoy.es\\\/es\\\/\",\"name\":\"COPE Alcoy\",\"description\":\"Emisora COPE de radio local con emisi\u00f3n online. Pont de Sant Jordi 8-10 03803 Alcoy\",\"potentialAction\":[{\"@type\":\"SearchAction\",\"target\":{\"@type\":\"EntryPoint\",\"urlTemplate\":\"https:\\\/\\\/www.copealcoy.es\\\/es\\\/?s={search_term_string}\"},\"query-input\":{\"@type\":\"PropertyValueSpecification\",\"valueRequired\":true,\"valueName\":\"search_term_string\"}}],\"inLanguage\":\"es\"},{\"@type\":\"Person\",\"@id\":\"https:\\\/\\\/www.copealcoy.es\\\/es\\\/#\\\/schema\\\/person\\\/e777c87fa024e57d40170af9df39882c\",\"name\":\"Cope Alcoy\",\"image\":{\"@type\":\"ImageObject\",\"inLanguage\":\"es\",\"@id\":\"https:\\\/\\\/secure.gravatar.com\\\/avatar\\\/bb65d0283347e303893ba14f0692005417c1e0e690a325a4c5d8bb2b3943ee14?s=96&d=mm&r=g\",\"url\":\"https:\\\/\\\/secure.gravatar.com\\\/avatar\\\/bb65d0283347e303893ba14f0692005417c1e0e690a325a4c5d8bb2b3943ee14?s=96&d=mm&r=g\",\"contentUrl\":\"https:\\\/\\\/secure.gravatar.com\\\/avatar\\\/bb65d0283347e303893ba14f0692005417c1e0e690a325a4c5d8bb2b3943ee14?s=96&d=mm&r=g\",\"caption\":\"Cope Alcoy\"}}]}<\/script>\n<!-- \/ Yoast SEO plugin. -->","yoast_head_json":{"title":"Los acu\u00edferos de Alcoy gozan de buena salud al inicio del a\u00f1o - COPE Alcoy","robots":{"index":"index","follow":"follow","max-snippet":"max-snippet:-1","max-image-preview":"max-image-preview:large","max-video-preview":"max-video-preview:-1"},"canonical":"https:\/\/www.copealcoy.es\/es\/los-acuiferos-de-alcoy-gozan-de-buena-salud-al-inicio-del-ano\/","og_locale":"es_ES","og_type":"article","og_title":"Los acu\u00edferos de Alcoy gozan de buena salud al inicio del a\u00f1o - COPE Alcoy","og_description":"Los acu\u00edferos de la ciudad de Alcoy, que abastecen a los dep\u00f3sitos de agua potable, est\u00e1n en condiciones \u00f3ptimas y...","og_url":"https:\/\/www.copealcoy.es\/es\/los-acuiferos-de-alcoy-gozan-de-buena-salud-al-inicio-del-ano\/","og_site_name":"COPE Alcoy","article_published_time":"2020-02-18T14:04:51+00:00","og_image":[{"width":720,"height":540,"url":"https:\/\/www.copealcoy.es\/wp-content\/uploads\/2015\/01\/Molinar.jpg","type":"image\/jpeg"}],"author":"Cope Alcoy","twitter_misc":{"Escrito por":"Cope Alcoy","Tiempo de lectura":"1 minuto"},"schema":{"@context":"https:\/\/schema.org","@graph":[{"@type":"Article","@id":"https:\/\/www.copealcoy.es\/es\/los-acuiferos-de-alcoy-gozan-de-buena-salud-al-inicio-del-ano\/#article","isPartOf":{"@id":"https:\/\/www.copealcoy.es\/es\/los-acuiferos-de-alcoy-gozan-de-buena-salud-al-inicio-del-ano\/"},"author":{"name":"Cope Alcoy","@id":"https:\/\/www.copealcoy.es\/es\/#\/schema\/person\/e777c87fa024e57d40170af9df39882c"},"headline":"Los acu\u00edferos de Alcoy gozan de buena salud al inicio del a\u00f1o","datePublished":"2020-02-18T14:04:51+00:00","mainEntityOfPage":{"@id":"https:\/\/www.copealcoy.es\/es\/los-acuiferos-de-alcoy-gozan-de-buena-salud-al-inicio-del-ano\/"},"wordCount":272,"commentCount":0,"image":{"@id":"https:\/\/www.copealcoy.es\/es\/los-acuiferos-de-alcoy-gozan-de-buena-salud-al-inicio-del-ano\/#primaryimage"},"thumbnailUrl":"https:\/\/www.copealcoy.es\/wp-content\/uploads\/2015\/01\/Molinar.jpg","keywords":["Acu\u00edferos","Alcoy","buena salud","Jordi Mart\u00ednez","Molinar"],"articleSection":["Alcoy","Noticias","Portada"],"inLanguage":"es"},{"@type":"WebPage","@id":"https:\/\/www.copealcoy.es\/es\/los-acuiferos-de-alcoy-gozan-de-buena-salud-al-inicio-del-ano\/","url":"https:\/\/www.copealcoy.es\/es\/los-acuiferos-de-alcoy-gozan-de-buena-salud-al-inicio-del-ano\/","name":"Los acu\u00edferos de Alcoy gozan de buena salud al inicio del a\u00f1o - COPE Alcoy","isPartOf":{"@id":"https:\/\/www.copealcoy.es\/es\/#website"},"primaryImageOfPage":{"@id":"https:\/\/www.copealcoy.es\/es\/los-acuiferos-de-alcoy-gozan-de-buena-salud-al-inicio-del-ano\/#primaryimage"},"image":{"@id":"https:\/\/www.copealcoy.es\/es\/los-acuiferos-de-alcoy-gozan-de-buena-salud-al-inicio-del-ano\/#primaryimage"},"thumbnailUrl":"https:\/\/www.copealcoy.es\/wp-content\/uploads\/2015\/01\/Molinar.jpg","datePublished":"2020-02-18T14:04:51+00:00","author":{"@id":"https:\/\/www.copealcoy.es\/es\/#\/schema\/person\/e777c87fa024e57d40170af9df39882c"},"breadcrumb":{"@id":"https:\/\/www.copealcoy.es\/es\/los-acuiferos-de-alcoy-gozan-de-buena-salud-al-inicio-del-ano\/#breadcrumb"},"inLanguage":"es","potentialAction":[{"@type":"ReadAction","target":["https:\/\/www.copealcoy.es\/es\/los-acuiferos-de-alcoy-gozan-de-buena-salud-al-inicio-del-ano\/"]}]},{"@type":"ImageObject","inLanguage":"es","@id":"https:\/\/www.copealcoy.es\/es\/los-acuiferos-de-alcoy-gozan-de-buena-salud-al-inicio-del-ano\/#primaryimage","url":"https:\/\/www.copealcoy.es\/wp-content\/uploads\/2015\/01\/Molinar.jpg","contentUrl":"https:\/\/www.copealcoy.es\/wp-content\/uploads\/2015\/01\/Molinar.jpg","width":720,"height":540},{"@type":"BreadcrumbList","@id":"https:\/\/www.copealcoy.es\/es\/los-acuiferos-de-alcoy-gozan-de-buena-salud-al-inicio-del-ano\/#breadcrumb","itemListElement":[{"@type":"ListItem","position":1,"name":"Portada","item":"https:\/\/www.copealcoy.es\/es\/"},{"@type":"ListItem","position":2,"name":"Los acu\u00edferos de Alcoy gozan de buena salud al inicio del a\u00f1o"}]},{"@type":"WebSite","@id":"https:\/\/www.copealcoy.es\/es\/#website","url":"https:\/\/www.copealcoy.es\/es\/","name":"COPE Alcoy","description":"Emisora COPE de radio local con emisi\u00f3n online. Pont de Sant Jordi 8-10 03803 Alcoy","potentialAction":[{"@type":"SearchAction","target":{"@type":"EntryPoint","urlTemplate":"https:\/\/www.copealcoy.es\/es\/?s={search_term_string}"},"query-input":{"@type":"PropertyValueSpecification","valueRequired":true,"valueName":"search_term_string"}}],"inLanguage":"es"},{"@type":"Person","@id":"https:\/\/www.copealcoy.es\/es\/#\/schema\/person\/e777c87fa024e57d40170af9df39882c","name":"Cope Alcoy","image":{"@type":"ImageObject","inLanguage":"es","@id":"https:\/\/secure.gravatar.com\/avatar\/bb65d0283347e303893ba14f0692005417c1e0e690a325a4c5d8bb2b3943ee14?s=96&d=mm&r=g","url":"https:\/\/secure.gravatar.com\/avatar\/bb65d0283347e303893ba14f0692005417c1e0e690a325a4c5d8bb2b3943ee14?s=96&d=mm&r=g","contentUrl":"https:\/\/secure.gravatar.com\/avatar\/bb65d0283347e303893ba14f0692005417c1e0e690a325a4c5d8bb2b3943ee14?s=96&d=mm&r=g","caption":"Cope Alcoy"}}]}},"_links":{"self":[{"href":"https:\/\/www.copealcoy.es\/es\/wp-json\/wp\/v2\/posts\/59991","targetHints":{"allow":["GET"]}}],"collection":[{"href":"https:\/\/www.copealcoy.es\/es\/wp-json\/wp\/v2\/posts"}],"about":[{"href":"https:\/\/www.copealcoy.es\/es\/wp-json\/wp\/v2\/types\/post"}],"author":[{"embeddable":true,"href":"https:\/\/www.copealcoy.es\/es\/wp-json\/wp\/v2\/users\/1"}],"replies":[{"embeddable":true,"href":"https:\/\/www.copealcoy.es\/es\/wp-json\/wp\/v2\/comments?post=59991"}],"version-history":[{"count":0,"href":"https:\/\/www.copealcoy.es\/es\/wp-json\/wp\/v2\/posts\/59991\/revisions"}],"wp:featuredmedia":[{"embeddable":true,"href":"https:\/\/www.copealcoy.es\/es\/wp-json\/wp\/v2\/media\/9610"}],"wp:attachment":[{"href":"https:\/\/www.copealcoy.es\/es\/wp-json\/wp\/v2\/media?parent=59991"}],"wp:term":[{"taxonomy":"category","embeddable":true,"href":"https:\/\/www.copealcoy.es\/es\/wp-json\/wp\/v2\/categories?post=59991"},{"taxonomy":"post_tag","embeddable":true,"href":"https:\/\/www.copealcoy.es\/es\/wp-json\/wp\/v2\/tags?post=59991"}],"curies":[{"name":"wp","href":"https:\/\/api.w.org\/{rel}","templated":true}]}}