{"id":59884,"date":"2020-02-14T14:03:28","date_gmt":"2020-02-14T14:03:28","guid":{"rendered":"https:\/\/www.copealcoy.es\/?p=59884"},"modified":"2020-02-14T14:03:28","modified_gmt":"2020-02-14T14:03:28","slug":"las-grandes-superficies-volveran-a-cerrar-en-fiestas","status":"publish","type":"post","link":"https:\/\/www.copealcoy.es\/es\/las-grandes-superficies-volveran-a-cerrar-en-fiestas\/","title":{"rendered":"Las grandes superficies volver\u00e1n a cerrar en Fiestas"},"content":{"rendered":"<p class=\"Default\" style=\"text-align: justify;\">Las <strong>grandes superficies comerciales de Alcoy<\/strong> volver\u00e1n a estar cerradas durante las Fiestas de Moros y Cristianos, un hecho que <strong>se produce en la ciudad por cuarto a\u00f1o consecutivo<\/strong>. Las mismas, junto a la<strong> C\u00e1mara de Comercio<\/strong>, la<strong> Asociaci\u00f3n Comarcal de Empresarios del Comercio de Alcoy (ACECA)<\/strong>, la <strong>Federaci\u00f3n de Comercio de Alcoy \u2018Alcoy Comercial\u2019<\/strong> y el Ayuntamiento <strong>han reeditado el acuerdo<\/strong> y <strong>no abrir\u00e1n en Fiestas de Moros y Cristianos<\/strong>, facilitando as\u00ed que sus trabajadores <strong>puedan disfrutar<\/strong> de estos d\u00edas tan especiales.<\/p>\n<p style=\"text-align: justify;\">La concejala de comercio, <strong>Vanessa Molt\u00f3<\/strong>, se muestra satisfecha por <strong>el consenso<\/strong> que se vuelve a repetir en la ciudad. Adem\u00e1s agradece <strong>el esfuerzo y la comprensi\u00f3n<\/strong> de las grandes superficies que est\u00e1n en el t\u00e9rmino municipal de Alcoy hacia nuestras Fiestas de Moros y Cristianos &#8220;<em>queremos agradecer de una manera especial la buena disposici\u00f3n de todos. Con el acuerdo al que hemos llegado, ayuntamiento, asociaciones y superficies se demuestra que la palabra es una buena herramienta y que el consenso siempre nos beneficia a todos. Llevamos ya cuatro a\u00f1os con esta buena predisposici\u00f3n y sabemos, porque nos lo han trasladado personalmente, que mucha gente de la ciudad valora muy positivamente esta decisi\u00f3n<\/em>&#8220;, afirma.<\/p>\n<p class=\"Default\" style=\"text-align: justify;\">Recordar que la trilog\u00eda en honor a San Jorge <strong>ser\u00e1 los d\u00edas 25, 26 y 27 de abril<\/strong> y las grandes superficies de la ciudad <strong>no abrir\u00e1n sus puertas s\u00e1bado y lunes<\/strong>, jornadas que han sido declaradas festivos locales.<\/p>\n","protected":false},"excerpt":{"rendered":"<p>Las grandes superficies comerciales de Alcoy volver\u00e1n a estar cerradas durante las Fiestas de Moros y Cristianos, un hecho que&#8230;<\/p>\n","protected":false},"author":1,"featured_media":30569,"comment_status":"open","ping_status":"open","sticky":false,"template":"","format":"standard","meta":{"footnotes":""},"categories":[97,75,125],"tags":[1494,628,2001,3790],"class_list":["post-59884","post","type-post","status-publish","format-standard","has-post-thumbnail","hentry","category-alcoy","category-noticias","category-portada","tag-alcoy","tag-camara-de-comercio","tag-fiestas-de-moros-y-cristianos","tag-grandes-superficies"],"yoast_head":"<!-- This site is optimized with the Yoast SEO plugin v27.3 - https:\/\/yoast.com\/product\/yoast-seo-wordpress\/ -->\n<title>Las grandes superficies volver\u00e1n a cerrar en Fiestas - COPE Alcoy<\/title>\n<meta name=\"robots\" content=\"index, follow, max-snippet:-1, max-image-preview:large, max-video-preview:-1\" \/>\n<link rel=\"canonical\" href=\"https:\/\/www.copealcoy.es\/es\/las-grandes-superficies-volveran-a-cerrar-en-fiestas\/\" \/>\n<meta property=\"og:locale\" content=\"es_ES\" \/>\n<meta property=\"og:type\" content=\"article\" \/>\n<meta property=\"og:title\" content=\"Las grandes superficies volver\u00e1n a cerrar en Fiestas - COPE Alcoy\" \/>\n<meta property=\"og:description\" content=\"Las grandes superficies comerciales de Alcoy volver\u00e1n a estar cerradas durante las Fiestas de Moros y Cristianos, un hecho que...\" \/>\n<meta property=\"og:url\" content=\"https:\/\/www.copealcoy.es\/es\/las-grandes-superficies-volveran-a-cerrar-en-fiestas\/\" \/>\n<meta property=\"og:site_name\" content=\"COPE Alcoy\" \/>\n<meta property=\"article:published_time\" content=\"2020-02-14T14:03:28+00:00\" \/>\n<meta property=\"og:image\" content=\"https:\/\/www.copealcoy.es\/wp-content\/uploads\/2017\/04\/Alcoy-Alicante-Moros-y-Cristianos-Entrada-Mora-3-.jpg\" \/>\n\t<meta property=\"og:image:width\" content=\"570\" \/>\n\t<meta property=\"og:image:height\" content=\"382\" \/>\n\t<meta property=\"og:image:type\" content=\"image\/jpeg\" \/>\n<meta name=\"author\" content=\"Cope Alcoy\" \/>\n<meta name=\"twitter:label1\" content=\"Escrito por\" \/>\n\t<meta name=\"twitter:data1\" content=\"Cope Alcoy\" \/>\n\t<meta name=\"twitter:label2\" content=\"Tiempo de lectura\" \/>\n\t<meta name=\"twitter:data2\" content=\"1 minuto\" \/>\n<script type=\"application\/ld+json\" class=\"yoast-schema-graph\">{\"@context\":\"https:\\\/\\\/schema.org\",\"@graph\":[{\"@type\":\"Article\",\"@id\":\"https:\\\/\\\/www.copealcoy.es\\\/es\\\/las-grandes-superficies-volveran-a-cerrar-en-fiestas\\\/#article\",\"isPartOf\":{\"@id\":\"https:\\\/\\\/www.copealcoy.es\\\/es\\\/las-grandes-superficies-volveran-a-cerrar-en-fiestas\\\/\"},\"author\":{\"name\":\"Cope Alcoy\",\"@id\":\"https:\\\/\\\/www.copealcoy.es\\\/es\\\/#\\\/schema\\\/person\\\/e777c87fa024e57d40170af9df39882c\"},\"headline\":\"Las grandes superficies volver\u00e1n a cerrar en Fiestas\",\"datePublished\":\"2020-02-14T14:03:28+00:00\",\"mainEntityOfPage\":{\"@id\":\"https:\\\/\\\/www.copealcoy.es\\\/es\\\/las-grandes-superficies-volveran-a-cerrar-en-fiestas\\\/\"},\"wordCount\":261,\"commentCount\":0,\"image\":{\"@id\":\"https:\\\/\\\/www.copealcoy.es\\\/es\\\/las-grandes-superficies-volveran-a-cerrar-en-fiestas\\\/#primaryimage\"},\"thumbnailUrl\":\"https:\\\/\\\/www.copealcoy.es\\\/wp-content\\\/uploads\\\/2017\\\/04\\\/Alcoy-Alicante-Moros-y-Cristianos-Entrada-Mora-3-.jpg\",\"keywords\":[\"Alcoy\",\"C\u00e1mara de Comercio\",\"Fiestas de Moros y Cristianos\",\"grandes superficies\"],\"articleSection\":[\"Alcoy\",\"Noticias\",\"Portada\"],\"inLanguage\":\"es\"},{\"@type\":\"WebPage\",\"@id\":\"https:\\\/\\\/www.copealcoy.es\\\/es\\\/las-grandes-superficies-volveran-a-cerrar-en-fiestas\\\/\",\"url\":\"https:\\\/\\\/www.copealcoy.es\\\/es\\\/las-grandes-superficies-volveran-a-cerrar-en-fiestas\\\/\",\"name\":\"Las grandes superficies volver\u00e1n a cerrar en Fiestas - COPE Alcoy\",\"isPartOf\":{\"@id\":\"https:\\\/\\\/www.copealcoy.es\\\/es\\\/#website\"},\"primaryImageOfPage\":{\"@id\":\"https:\\\/\\\/www.copealcoy.es\\\/es\\\/las-grandes-superficies-volveran-a-cerrar-en-fiestas\\\/#primaryimage\"},\"image\":{\"@id\":\"https:\\\/\\\/www.copealcoy.es\\\/es\\\/las-grandes-superficies-volveran-a-cerrar-en-fiestas\\\/#primaryimage\"},\"thumbnailUrl\":\"https:\\\/\\\/www.copealcoy.es\\\/wp-content\\\/uploads\\\/2017\\\/04\\\/Alcoy-Alicante-Moros-y-Cristianos-Entrada-Mora-3-.jpg\",\"datePublished\":\"2020-02-14T14:03:28+00:00\",\"author\":{\"@id\":\"https:\\\/\\\/www.copealcoy.es\\\/es\\\/#\\\/schema\\\/person\\\/e777c87fa024e57d40170af9df39882c\"},\"breadcrumb\":{\"@id\":\"https:\\\/\\\/www.copealcoy.es\\\/es\\\/las-grandes-superficies-volveran-a-cerrar-en-fiestas\\\/#breadcrumb\"},\"inLanguage\":\"es\",\"potentialAction\":[{\"@type\":\"ReadAction\",\"target\":[\"https:\\\/\\\/www.copealcoy.es\\\/es\\\/las-grandes-superficies-volveran-a-cerrar-en-fiestas\\\/\"]}]},{\"@type\":\"ImageObject\",\"inLanguage\":\"es\",\"@id\":\"https:\\\/\\\/www.copealcoy.es\\\/es\\\/las-grandes-superficies-volveran-a-cerrar-en-fiestas\\\/#primaryimage\",\"url\":\"https:\\\/\\\/www.copealcoy.es\\\/wp-content\\\/uploads\\\/2017\\\/04\\\/Alcoy-Alicante-Moros-y-Cristianos-Entrada-Mora-3-.jpg\",\"contentUrl\":\"https:\\\/\\\/www.copealcoy.es\\\/wp-content\\\/uploads\\\/2017\\\/04\\\/Alcoy-Alicante-Moros-y-Cristianos-Entrada-Mora-3-.jpg\",\"width\":570,\"height\":382},{\"@type\":\"BreadcrumbList\",\"@id\":\"https:\\\/\\\/www.copealcoy.es\\\/es\\\/las-grandes-superficies-volveran-a-cerrar-en-fiestas\\\/#breadcrumb\",\"itemListElement\":[{\"@type\":\"ListItem\",\"position\":1,\"name\":\"Portada\",\"item\":\"https:\\\/\\\/www.copealcoy.es\\\/es\\\/\"},{\"@type\":\"ListItem\",\"position\":2,\"name\":\"Las grandes superficies volver\u00e1n a cerrar en Fiestas\"}]},{\"@type\":\"WebSite\",\"@id\":\"https:\\\/\\\/www.copealcoy.es\\\/es\\\/#website\",\"url\":\"https:\\\/\\\/www.copealcoy.es\\\/es\\\/\",\"name\":\"COPE Alcoy\",\"description\":\"Emisora COPE de radio local con emisi\u00f3n online. Pont de Sant Jordi 8-10 03803 Alcoy\",\"potentialAction\":[{\"@type\":\"SearchAction\",\"target\":{\"@type\":\"EntryPoint\",\"urlTemplate\":\"https:\\\/\\\/www.copealcoy.es\\\/es\\\/?s={search_term_string}\"},\"query-input\":{\"@type\":\"PropertyValueSpecification\",\"valueRequired\":true,\"valueName\":\"search_term_string\"}}],\"inLanguage\":\"es\"},{\"@type\":\"Person\",\"@id\":\"https:\\\/\\\/www.copealcoy.es\\\/es\\\/#\\\/schema\\\/person\\\/e777c87fa024e57d40170af9df39882c\",\"name\":\"Cope Alcoy\",\"image\":{\"@type\":\"ImageObject\",\"inLanguage\":\"es\",\"@id\":\"https:\\\/\\\/secure.gravatar.com\\\/avatar\\\/bb65d0283347e303893ba14f0692005417c1e0e690a325a4c5d8bb2b3943ee14?s=96&d=mm&r=g\",\"url\":\"https:\\\/\\\/secure.gravatar.com\\\/avatar\\\/bb65d0283347e303893ba14f0692005417c1e0e690a325a4c5d8bb2b3943ee14?s=96&d=mm&r=g\",\"contentUrl\":\"https:\\\/\\\/secure.gravatar.com\\\/avatar\\\/bb65d0283347e303893ba14f0692005417c1e0e690a325a4c5d8bb2b3943ee14?s=96&d=mm&r=g\",\"caption\":\"Cope Alcoy\"}}]}<\/script>\n<!-- \/ Yoast SEO plugin. -->","yoast_head_json":{"title":"Las grandes superficies volver\u00e1n a cerrar en Fiestas - COPE Alcoy","robots":{"index":"index","follow":"follow","max-snippet":"max-snippet:-1","max-image-preview":"max-image-preview:large","max-video-preview":"max-video-preview:-1"},"canonical":"https:\/\/www.copealcoy.es\/es\/las-grandes-superficies-volveran-a-cerrar-en-fiestas\/","og_locale":"es_ES","og_type":"article","og_title":"Las grandes superficies volver\u00e1n a cerrar en Fiestas - COPE Alcoy","og_description":"Las grandes superficies comerciales de Alcoy volver\u00e1n a estar cerradas durante las Fiestas de Moros y Cristianos, un hecho que...","og_url":"https:\/\/www.copealcoy.es\/es\/las-grandes-superficies-volveran-a-cerrar-en-fiestas\/","og_site_name":"COPE Alcoy","article_published_time":"2020-02-14T14:03:28+00:00","og_image":[{"width":570,"height":382,"url":"https:\/\/www.copealcoy.es\/wp-content\/uploads\/2017\/04\/Alcoy-Alicante-Moros-y-Cristianos-Entrada-Mora-3-.jpg","type":"image\/jpeg"}],"author":"Cope Alcoy","twitter_misc":{"Escrito por":"Cope Alcoy","Tiempo de lectura":"1 minuto"},"schema":{"@context":"https:\/\/schema.org","@graph":[{"@type":"Article","@id":"https:\/\/www.copealcoy.es\/es\/las-grandes-superficies-volveran-a-cerrar-en-fiestas\/#article","isPartOf":{"@id":"https:\/\/www.copealcoy.es\/es\/las-grandes-superficies-volveran-a-cerrar-en-fiestas\/"},"author":{"name":"Cope Alcoy","@id":"https:\/\/www.copealcoy.es\/es\/#\/schema\/person\/e777c87fa024e57d40170af9df39882c"},"headline":"Las grandes superficies volver\u00e1n a cerrar en Fiestas","datePublished":"2020-02-14T14:03:28+00:00","mainEntityOfPage":{"@id":"https:\/\/www.copealcoy.es\/es\/las-grandes-superficies-volveran-a-cerrar-en-fiestas\/"},"wordCount":261,"commentCount":0,"image":{"@id":"https:\/\/www.copealcoy.es\/es\/las-grandes-superficies-volveran-a-cerrar-en-fiestas\/#primaryimage"},"thumbnailUrl":"https:\/\/www.copealcoy.es\/wp-content\/uploads\/2017\/04\/Alcoy-Alicante-Moros-y-Cristianos-Entrada-Mora-3-.jpg","keywords":["Alcoy","C\u00e1mara de Comercio","Fiestas de Moros y Cristianos","grandes superficies"],"articleSection":["Alcoy","Noticias","Portada"],"inLanguage":"es"},{"@type":"WebPage","@id":"https:\/\/www.copealcoy.es\/es\/las-grandes-superficies-volveran-a-cerrar-en-fiestas\/","url":"https:\/\/www.copealcoy.es\/es\/las-grandes-superficies-volveran-a-cerrar-en-fiestas\/","name":"Las grandes superficies volver\u00e1n a cerrar en Fiestas - COPE Alcoy","isPartOf":{"@id":"https:\/\/www.copealcoy.es\/es\/#website"},"primaryImageOfPage":{"@id":"https:\/\/www.copealcoy.es\/es\/las-grandes-superficies-volveran-a-cerrar-en-fiestas\/#primaryimage"},"image":{"@id":"https:\/\/www.copealcoy.es\/es\/las-grandes-superficies-volveran-a-cerrar-en-fiestas\/#primaryimage"},"thumbnailUrl":"https:\/\/www.copealcoy.es\/wp-content\/uploads\/2017\/04\/Alcoy-Alicante-Moros-y-Cristianos-Entrada-Mora-3-.jpg","datePublished":"2020-02-14T14:03:28+00:00","author":{"@id":"https:\/\/www.copealcoy.es\/es\/#\/schema\/person\/e777c87fa024e57d40170af9df39882c"},"breadcrumb":{"@id":"https:\/\/www.copealcoy.es\/es\/las-grandes-superficies-volveran-a-cerrar-en-fiestas\/#breadcrumb"},"inLanguage":"es","potentialAction":[{"@type":"ReadAction","target":["https:\/\/www.copealcoy.es\/es\/las-grandes-superficies-volveran-a-cerrar-en-fiestas\/"]}]},{"@type":"ImageObject","inLanguage":"es","@id":"https:\/\/www.copealcoy.es\/es\/las-grandes-superficies-volveran-a-cerrar-en-fiestas\/#primaryimage","url":"https:\/\/www.copealcoy.es\/wp-content\/uploads\/2017\/04\/Alcoy-Alicante-Moros-y-Cristianos-Entrada-Mora-3-.jpg","contentUrl":"https:\/\/www.copealcoy.es\/wp-content\/uploads\/2017\/04\/Alcoy-Alicante-Moros-y-Cristianos-Entrada-Mora-3-.jpg","width":570,"height":382},{"@type":"BreadcrumbList","@id":"https:\/\/www.copealcoy.es\/es\/las-grandes-superficies-volveran-a-cerrar-en-fiestas\/#breadcrumb","itemListElement":[{"@type":"ListItem","position":1,"name":"Portada","item":"https:\/\/www.copealcoy.es\/es\/"},{"@type":"ListItem","position":2,"name":"Las grandes superficies volver\u00e1n a cerrar en Fiestas"}]},{"@type":"WebSite","@id":"https:\/\/www.copealcoy.es\/es\/#website","url":"https:\/\/www.copealcoy.es\/es\/","name":"COPE Alcoy","description":"Emisora COPE de radio local con emisi\u00f3n online. Pont de Sant Jordi 8-10 03803 Alcoy","potentialAction":[{"@type":"SearchAction","target":{"@type":"EntryPoint","urlTemplate":"https:\/\/www.copealcoy.es\/es\/?s={search_term_string}"},"query-input":{"@type":"PropertyValueSpecification","valueRequired":true,"valueName":"search_term_string"}}],"inLanguage":"es"},{"@type":"Person","@id":"https:\/\/www.copealcoy.es\/es\/#\/schema\/person\/e777c87fa024e57d40170af9df39882c","name":"Cope Alcoy","image":{"@type":"ImageObject","inLanguage":"es","@id":"https:\/\/secure.gravatar.com\/avatar\/bb65d0283347e303893ba14f0692005417c1e0e690a325a4c5d8bb2b3943ee14?s=96&d=mm&r=g","url":"https:\/\/secure.gravatar.com\/avatar\/bb65d0283347e303893ba14f0692005417c1e0e690a325a4c5d8bb2b3943ee14?s=96&d=mm&r=g","contentUrl":"https:\/\/secure.gravatar.com\/avatar\/bb65d0283347e303893ba14f0692005417c1e0e690a325a4c5d8bb2b3943ee14?s=96&d=mm&r=g","caption":"Cope Alcoy"}}]}},"_links":{"self":[{"href":"https:\/\/www.copealcoy.es\/es\/wp-json\/wp\/v2\/posts\/59884","targetHints":{"allow":["GET"]}}],"collection":[{"href":"https:\/\/www.copealcoy.es\/es\/wp-json\/wp\/v2\/posts"}],"about":[{"href":"https:\/\/www.copealcoy.es\/es\/wp-json\/wp\/v2\/types\/post"}],"author":[{"embeddable":true,"href":"https:\/\/www.copealcoy.es\/es\/wp-json\/wp\/v2\/users\/1"}],"replies":[{"embeddable":true,"href":"https:\/\/www.copealcoy.es\/es\/wp-json\/wp\/v2\/comments?post=59884"}],"version-history":[{"count":0,"href":"https:\/\/www.copealcoy.es\/es\/wp-json\/wp\/v2\/posts\/59884\/revisions"}],"wp:featuredmedia":[{"embeddable":true,"href":"https:\/\/www.copealcoy.es\/es\/wp-json\/wp\/v2\/media\/30569"}],"wp:attachment":[{"href":"https:\/\/www.copealcoy.es\/es\/wp-json\/wp\/v2\/media?parent=59884"}],"wp:term":[{"taxonomy":"category","embeddable":true,"href":"https:\/\/www.copealcoy.es\/es\/wp-json\/wp\/v2\/categories?post=59884"},{"taxonomy":"post_tag","embeddable":true,"href":"https:\/\/www.copealcoy.es\/es\/wp-json\/wp\/v2\/tags?post=59884"}],"curies":[{"name":"wp","href":"https:\/\/api.w.org\/{rel}","templated":true}]}}