{"id":59863,"date":"2020-02-13T16:00:11","date_gmt":"2020-02-13T16:00:11","guid":{"rendered":"https:\/\/www.copealcoy.es\/?p=59863"},"modified":"2020-02-13T16:00:11","modified_gmt":"2020-02-13T16:00:11","slug":"sale-a-licitacion-la-concesion-del-bar-de-la-font-roja","status":"publish","type":"post","link":"https:\/\/www.copealcoy.es\/es\/sale-a-licitacion-la-concesion-del-bar-de-la-font-roja\/","title":{"rendered":"Sale a licitaci\u00f3n la concesi\u00f3n del bar de la Font Roja"},"content":{"rendered":"<p style=\"text-align: justify;\">La <strong>Junta de Gobierno del Ayuntamiento de Alcoy<\/strong> ha aprobado la <strong>licitaci\u00f3n de la concesi\u00f3n<\/strong> para explotar el bar-restaurante situado <strong>en el paraje<\/strong> del Santuario de la Font Roja. El contrato <b>sale a licitaci\u00f3n por procedimiento abierto con un\u00a0<\/b><span style=\"font-weight: 600;\">canon<\/span><b>\u00a0de 3.700 euros (IVA incluido)<\/b> que <strong>tendr\u00e1 que abonar el adjudicatario<\/strong> para prestar el <strong>servicio de restauraci\u00f3n<\/strong> en las instalaciones municipales.<\/p>\n<p style=\"text-align: justify;\">Para optar a la concesi\u00f3n, se valorar\u00e1n <strong>tanto el criterio econ\u00f3mico<\/strong> como otros aspectos centrados en <strong>la formaci\u00f3n en el sector<\/strong> o en <strong>la utilizaci\u00f3n de material responsable con el Medio Ambiente<\/strong>. Asimismo se contemplan <strong>iniciativas<\/strong> como que el adjudicatario <strong>realice el compostaje de los restos org\u00e1nicos<\/strong>.\u00a0Indicar que para <strong>poner a punto la infraestructura<\/strong> antes de su adjudicaci\u00f3n, el Ayuntamiento <strong>ha iniciado reformas<\/strong> en el espacio con una inversi\u00f3n que ha supuesto <strong>un total de 15.000 euros<\/strong> &#8220;<em>hemos aprobado la licitaci\u00f3n para la explotaci\u00f3n del bar-restaurante situado al paraje de la Font Roja. Esperamos que el procedimiento administrativo se desarrolle con normalidad y que, para la \u00e9poca de m\u00e1s afluencia al parque, contemos con este servicio de restauraci\u00f3n en el Santuario. Un servicio apreciado por los visitantes en uno de los parques naturales que m\u00e1s visitas recibe de toda la Comunidad Valenciana<\/em>&#8220;, asevera el concejal de Transici\u00f3n Ecol\u00f3gica; <strong>Jordi Silvestre<\/strong>.<\/p>\n<p style=\"text-align: justify;\">Los interesados <strong>tendr\u00e1n 26 d\u00edas para presentar su propuesta<\/strong>, una vez la licitaci\u00f3n <strong>est\u00e9 publicada en el perfil del contratante<\/strong> en los pr\u00f3ximos d\u00edas.<\/p>\n","protected":false},"excerpt":{"rendered":"<p>La Junta de Gobierno del Ayuntamiento de Alcoy ha aprobado la licitaci\u00f3n de la concesi\u00f3n para explotar el bar-restaurante situado&#8230;<\/p>\n","protected":false},"author":1,"featured_media":59864,"comment_status":"open","ping_status":"open","sticky":false,"template":"","format":"standard","meta":{"footnotes":""},"categories":[97,75,125],"tags":[1494,4867,7140,437,7141,257],"class_list":["post-59863","post","type-post","status-publish","format-standard","has-post-thumbnail","hentry","category-alcoy","category-noticias","category-portada","tag-alcoy","tag-bar","tag-concesion","tag-font-roja","tag-jordi-silvestre","tag-licitacion"],"yoast_head":"<!-- This site is optimized with the Yoast SEO plugin v27.3 - https:\/\/yoast.com\/product\/yoast-seo-wordpress\/ -->\n<title>Sale a licitaci\u00f3n la concesi\u00f3n del bar de la Font Roja - COPE Alcoy<\/title>\n<meta name=\"robots\" content=\"index, follow, max-snippet:-1, max-image-preview:large, max-video-preview:-1\" \/>\n<link rel=\"canonical\" href=\"https:\/\/www.copealcoy.es\/es\/sale-a-licitacion-la-concesion-del-bar-de-la-font-roja\/\" \/>\n<meta property=\"og:locale\" content=\"es_ES\" \/>\n<meta property=\"og:type\" content=\"article\" \/>\n<meta property=\"og:title\" content=\"Sale a licitaci\u00f3n la concesi\u00f3n del bar de la Font Roja - COPE Alcoy\" \/>\n<meta property=\"og:description\" content=\"La Junta de Gobierno del Ayuntamiento de Alcoy ha aprobado la licitaci\u00f3n de la concesi\u00f3n para explotar el bar-restaurante situado...\" \/>\n<meta property=\"og:url\" content=\"https:\/\/www.copealcoy.es\/es\/sale-a-licitacion-la-concesion-del-bar-de-la-font-roja\/\" \/>\n<meta property=\"og:site_name\" content=\"COPE Alcoy\" \/>\n<meta property=\"article:published_time\" content=\"2020-02-13T16:00:11+00:00\" \/>\n<meta property=\"og:image\" content=\"https:\/\/www.copealcoy.es\/wp-content\/uploads\/2020\/02\/3104_bar-font-roja-1.jpg\" \/>\n\t<meta property=\"og:image:width\" content=\"980\" \/>\n\t<meta property=\"og:image:height\" content=\"551\" \/>\n\t<meta property=\"og:image:type\" content=\"image\/jpeg\" \/>\n<meta name=\"author\" content=\"Cope Alcoy\" \/>\n<meta name=\"twitter:label1\" content=\"Escrito por\" \/>\n\t<meta name=\"twitter:data1\" content=\"Cope Alcoy\" \/>\n\t<meta name=\"twitter:label2\" content=\"Tiempo de lectura\" \/>\n\t<meta name=\"twitter:data2\" content=\"1 minuto\" \/>\n<script type=\"application\/ld+json\" class=\"yoast-schema-graph\">{\"@context\":\"https:\\\/\\\/schema.org\",\"@graph\":[{\"@type\":\"Article\",\"@id\":\"https:\\\/\\\/www.copealcoy.es\\\/es\\\/sale-a-licitacion-la-concesion-del-bar-de-la-font-roja\\\/#article\",\"isPartOf\":{\"@id\":\"https:\\\/\\\/www.copealcoy.es\\\/es\\\/sale-a-licitacion-la-concesion-del-bar-de-la-font-roja\\\/\"},\"author\":{\"name\":\"Cope Alcoy\",\"@id\":\"https:\\\/\\\/www.copealcoy.es\\\/es\\\/#\\\/schema\\\/person\\\/e777c87fa024e57d40170af9df39882c\"},\"headline\":\"Sale a licitaci\u00f3n la concesi\u00f3n del bar de la Font Roja\",\"datePublished\":\"2020-02-13T16:00:11+00:00\",\"mainEntityOfPage\":{\"@id\":\"https:\\\/\\\/www.copealcoy.es\\\/es\\\/sale-a-licitacion-la-concesion-del-bar-de-la-font-roja\\\/\"},\"wordCount\":270,\"commentCount\":0,\"image\":{\"@id\":\"https:\\\/\\\/www.copealcoy.es\\\/es\\\/sale-a-licitacion-la-concesion-del-bar-de-la-font-roja\\\/#primaryimage\"},\"thumbnailUrl\":\"https:\\\/\\\/www.copealcoy.es\\\/wp-content\\\/uploads\\\/2020\\\/02\\\/3104_bar-font-roja-1.jpg\",\"keywords\":[\"Alcoy\",\"Bar\",\"concesi\u00f3n\",\"Font Roja\",\"Jordi Silvestre\",\"Licitaci\u00f3n\"],\"articleSection\":[\"Alcoy\",\"Noticias\",\"Portada\"],\"inLanguage\":\"es\"},{\"@type\":\"WebPage\",\"@id\":\"https:\\\/\\\/www.copealcoy.es\\\/es\\\/sale-a-licitacion-la-concesion-del-bar-de-la-font-roja\\\/\",\"url\":\"https:\\\/\\\/www.copealcoy.es\\\/es\\\/sale-a-licitacion-la-concesion-del-bar-de-la-font-roja\\\/\",\"name\":\"Sale a licitaci\u00f3n la concesi\u00f3n del bar de la Font Roja - COPE Alcoy\",\"isPartOf\":{\"@id\":\"https:\\\/\\\/www.copealcoy.es\\\/es\\\/#website\"},\"primaryImageOfPage\":{\"@id\":\"https:\\\/\\\/www.copealcoy.es\\\/es\\\/sale-a-licitacion-la-concesion-del-bar-de-la-font-roja\\\/#primaryimage\"},\"image\":{\"@id\":\"https:\\\/\\\/www.copealcoy.es\\\/es\\\/sale-a-licitacion-la-concesion-del-bar-de-la-font-roja\\\/#primaryimage\"},\"thumbnailUrl\":\"https:\\\/\\\/www.copealcoy.es\\\/wp-content\\\/uploads\\\/2020\\\/02\\\/3104_bar-font-roja-1.jpg\",\"datePublished\":\"2020-02-13T16:00:11+00:00\",\"author\":{\"@id\":\"https:\\\/\\\/www.copealcoy.es\\\/es\\\/#\\\/schema\\\/person\\\/e777c87fa024e57d40170af9df39882c\"},\"breadcrumb\":{\"@id\":\"https:\\\/\\\/www.copealcoy.es\\\/es\\\/sale-a-licitacion-la-concesion-del-bar-de-la-font-roja\\\/#breadcrumb\"},\"inLanguage\":\"es\",\"potentialAction\":[{\"@type\":\"ReadAction\",\"target\":[\"https:\\\/\\\/www.copealcoy.es\\\/es\\\/sale-a-licitacion-la-concesion-del-bar-de-la-font-roja\\\/\"]}]},{\"@type\":\"ImageObject\",\"inLanguage\":\"es\",\"@id\":\"https:\\\/\\\/www.copealcoy.es\\\/es\\\/sale-a-licitacion-la-concesion-del-bar-de-la-font-roja\\\/#primaryimage\",\"url\":\"https:\\\/\\\/www.copealcoy.es\\\/wp-content\\\/uploads\\\/2020\\\/02\\\/3104_bar-font-roja-1.jpg\",\"contentUrl\":\"https:\\\/\\\/www.copealcoy.es\\\/wp-content\\\/uploads\\\/2020\\\/02\\\/3104_bar-font-roja-1.jpg\",\"width\":980,\"height\":551,\"caption\":\"El restaurante se encuentra en el Parque Natural de la Font Roja \\\/ Foto: Ajuntament d'Alcoi\"},{\"@type\":\"BreadcrumbList\",\"@id\":\"https:\\\/\\\/www.copealcoy.es\\\/es\\\/sale-a-licitacion-la-concesion-del-bar-de-la-font-roja\\\/#breadcrumb\",\"itemListElement\":[{\"@type\":\"ListItem\",\"position\":1,\"name\":\"Portada\",\"item\":\"https:\\\/\\\/www.copealcoy.es\\\/es\\\/\"},{\"@type\":\"ListItem\",\"position\":2,\"name\":\"Sale a licitaci\u00f3n la concesi\u00f3n del bar de la Font Roja\"}]},{\"@type\":\"WebSite\",\"@id\":\"https:\\\/\\\/www.copealcoy.es\\\/es\\\/#website\",\"url\":\"https:\\\/\\\/www.copealcoy.es\\\/es\\\/\",\"name\":\"COPE Alcoy\",\"description\":\"Emisora COPE de radio local con emisi\u00f3n online. Pont de Sant Jordi 8-10 03803 Alcoy\",\"potentialAction\":[{\"@type\":\"SearchAction\",\"target\":{\"@type\":\"EntryPoint\",\"urlTemplate\":\"https:\\\/\\\/www.copealcoy.es\\\/es\\\/?s={search_term_string}\"},\"query-input\":{\"@type\":\"PropertyValueSpecification\",\"valueRequired\":true,\"valueName\":\"search_term_string\"}}],\"inLanguage\":\"es\"},{\"@type\":\"Person\",\"@id\":\"https:\\\/\\\/www.copealcoy.es\\\/es\\\/#\\\/schema\\\/person\\\/e777c87fa024e57d40170af9df39882c\",\"name\":\"Cope Alcoy\",\"image\":{\"@type\":\"ImageObject\",\"inLanguage\":\"es\",\"@id\":\"https:\\\/\\\/secure.gravatar.com\\\/avatar\\\/bb65d0283347e303893ba14f0692005417c1e0e690a325a4c5d8bb2b3943ee14?s=96&d=mm&r=g\",\"url\":\"https:\\\/\\\/secure.gravatar.com\\\/avatar\\\/bb65d0283347e303893ba14f0692005417c1e0e690a325a4c5d8bb2b3943ee14?s=96&d=mm&r=g\",\"contentUrl\":\"https:\\\/\\\/secure.gravatar.com\\\/avatar\\\/bb65d0283347e303893ba14f0692005417c1e0e690a325a4c5d8bb2b3943ee14?s=96&d=mm&r=g\",\"caption\":\"Cope Alcoy\"}}]}<\/script>\n<!-- \/ Yoast SEO plugin. -->","yoast_head_json":{"title":"Sale a licitaci\u00f3n la concesi\u00f3n del bar de la Font Roja - COPE Alcoy","robots":{"index":"index","follow":"follow","max-snippet":"max-snippet:-1","max-image-preview":"max-image-preview:large","max-video-preview":"max-video-preview:-1"},"canonical":"https:\/\/www.copealcoy.es\/es\/sale-a-licitacion-la-concesion-del-bar-de-la-font-roja\/","og_locale":"es_ES","og_type":"article","og_title":"Sale a licitaci\u00f3n la concesi\u00f3n del bar de la Font Roja - COPE Alcoy","og_description":"La Junta de Gobierno del Ayuntamiento de Alcoy ha aprobado la licitaci\u00f3n de la concesi\u00f3n para explotar el bar-restaurante situado...","og_url":"https:\/\/www.copealcoy.es\/es\/sale-a-licitacion-la-concesion-del-bar-de-la-font-roja\/","og_site_name":"COPE Alcoy","article_published_time":"2020-02-13T16:00:11+00:00","og_image":[{"width":980,"height":551,"url":"https:\/\/www.copealcoy.es\/wp-content\/uploads\/2020\/02\/3104_bar-font-roja-1.jpg","type":"image\/jpeg"}],"author":"Cope Alcoy","twitter_misc":{"Escrito por":"Cope Alcoy","Tiempo de lectura":"1 minuto"},"schema":{"@context":"https:\/\/schema.org","@graph":[{"@type":"Article","@id":"https:\/\/www.copealcoy.es\/es\/sale-a-licitacion-la-concesion-del-bar-de-la-font-roja\/#article","isPartOf":{"@id":"https:\/\/www.copealcoy.es\/es\/sale-a-licitacion-la-concesion-del-bar-de-la-font-roja\/"},"author":{"name":"Cope Alcoy","@id":"https:\/\/www.copealcoy.es\/es\/#\/schema\/person\/e777c87fa024e57d40170af9df39882c"},"headline":"Sale a licitaci\u00f3n la concesi\u00f3n del bar de la Font Roja","datePublished":"2020-02-13T16:00:11+00:00","mainEntityOfPage":{"@id":"https:\/\/www.copealcoy.es\/es\/sale-a-licitacion-la-concesion-del-bar-de-la-font-roja\/"},"wordCount":270,"commentCount":0,"image":{"@id":"https:\/\/www.copealcoy.es\/es\/sale-a-licitacion-la-concesion-del-bar-de-la-font-roja\/#primaryimage"},"thumbnailUrl":"https:\/\/www.copealcoy.es\/wp-content\/uploads\/2020\/02\/3104_bar-font-roja-1.jpg","keywords":["Alcoy","Bar","concesi\u00f3n","Font Roja","Jordi Silvestre","Licitaci\u00f3n"],"articleSection":["Alcoy","Noticias","Portada"],"inLanguage":"es"},{"@type":"WebPage","@id":"https:\/\/www.copealcoy.es\/es\/sale-a-licitacion-la-concesion-del-bar-de-la-font-roja\/","url":"https:\/\/www.copealcoy.es\/es\/sale-a-licitacion-la-concesion-del-bar-de-la-font-roja\/","name":"Sale a licitaci\u00f3n la concesi\u00f3n del bar de la Font Roja - COPE Alcoy","isPartOf":{"@id":"https:\/\/www.copealcoy.es\/es\/#website"},"primaryImageOfPage":{"@id":"https:\/\/www.copealcoy.es\/es\/sale-a-licitacion-la-concesion-del-bar-de-la-font-roja\/#primaryimage"},"image":{"@id":"https:\/\/www.copealcoy.es\/es\/sale-a-licitacion-la-concesion-del-bar-de-la-font-roja\/#primaryimage"},"thumbnailUrl":"https:\/\/www.copealcoy.es\/wp-content\/uploads\/2020\/02\/3104_bar-font-roja-1.jpg","datePublished":"2020-02-13T16:00:11+00:00","author":{"@id":"https:\/\/www.copealcoy.es\/es\/#\/schema\/person\/e777c87fa024e57d40170af9df39882c"},"breadcrumb":{"@id":"https:\/\/www.copealcoy.es\/es\/sale-a-licitacion-la-concesion-del-bar-de-la-font-roja\/#breadcrumb"},"inLanguage":"es","potentialAction":[{"@type":"ReadAction","target":["https:\/\/www.copealcoy.es\/es\/sale-a-licitacion-la-concesion-del-bar-de-la-font-roja\/"]}]},{"@type":"ImageObject","inLanguage":"es","@id":"https:\/\/www.copealcoy.es\/es\/sale-a-licitacion-la-concesion-del-bar-de-la-font-roja\/#primaryimage","url":"https:\/\/www.copealcoy.es\/wp-content\/uploads\/2020\/02\/3104_bar-font-roja-1.jpg","contentUrl":"https:\/\/www.copealcoy.es\/wp-content\/uploads\/2020\/02\/3104_bar-font-roja-1.jpg","width":980,"height":551,"caption":"El restaurante se encuentra en el Parque Natural de la Font Roja \/ Foto: Ajuntament d'Alcoi"},{"@type":"BreadcrumbList","@id":"https:\/\/www.copealcoy.es\/es\/sale-a-licitacion-la-concesion-del-bar-de-la-font-roja\/#breadcrumb","itemListElement":[{"@type":"ListItem","position":1,"name":"Portada","item":"https:\/\/www.copealcoy.es\/es\/"},{"@type":"ListItem","position":2,"name":"Sale a licitaci\u00f3n la concesi\u00f3n del bar de la Font Roja"}]},{"@type":"WebSite","@id":"https:\/\/www.copealcoy.es\/es\/#website","url":"https:\/\/www.copealcoy.es\/es\/","name":"COPE Alcoy","description":"Emisora COPE de radio local con emisi\u00f3n online. Pont de Sant Jordi 8-10 03803 Alcoy","potentialAction":[{"@type":"SearchAction","target":{"@type":"EntryPoint","urlTemplate":"https:\/\/www.copealcoy.es\/es\/?s={search_term_string}"},"query-input":{"@type":"PropertyValueSpecification","valueRequired":true,"valueName":"search_term_string"}}],"inLanguage":"es"},{"@type":"Person","@id":"https:\/\/www.copealcoy.es\/es\/#\/schema\/person\/e777c87fa024e57d40170af9df39882c","name":"Cope Alcoy","image":{"@type":"ImageObject","inLanguage":"es","@id":"https:\/\/secure.gravatar.com\/avatar\/bb65d0283347e303893ba14f0692005417c1e0e690a325a4c5d8bb2b3943ee14?s=96&d=mm&r=g","url":"https:\/\/secure.gravatar.com\/avatar\/bb65d0283347e303893ba14f0692005417c1e0e690a325a4c5d8bb2b3943ee14?s=96&d=mm&r=g","contentUrl":"https:\/\/secure.gravatar.com\/avatar\/bb65d0283347e303893ba14f0692005417c1e0e690a325a4c5d8bb2b3943ee14?s=96&d=mm&r=g","caption":"Cope Alcoy"}}]}},"_links":{"self":[{"href":"https:\/\/www.copealcoy.es\/es\/wp-json\/wp\/v2\/posts\/59863","targetHints":{"allow":["GET"]}}],"collection":[{"href":"https:\/\/www.copealcoy.es\/es\/wp-json\/wp\/v2\/posts"}],"about":[{"href":"https:\/\/www.copealcoy.es\/es\/wp-json\/wp\/v2\/types\/post"}],"author":[{"embeddable":true,"href":"https:\/\/www.copealcoy.es\/es\/wp-json\/wp\/v2\/users\/1"}],"replies":[{"embeddable":true,"href":"https:\/\/www.copealcoy.es\/es\/wp-json\/wp\/v2\/comments?post=59863"}],"version-history":[{"count":0,"href":"https:\/\/www.copealcoy.es\/es\/wp-json\/wp\/v2\/posts\/59863\/revisions"}],"wp:featuredmedia":[{"embeddable":true,"href":"https:\/\/www.copealcoy.es\/es\/wp-json\/wp\/v2\/media\/59864"}],"wp:attachment":[{"href":"https:\/\/www.copealcoy.es\/es\/wp-json\/wp\/v2\/media?parent=59863"}],"wp:term":[{"taxonomy":"category","embeddable":true,"href":"https:\/\/www.copealcoy.es\/es\/wp-json\/wp\/v2\/categories?post=59863"},{"taxonomy":"post_tag","embeddable":true,"href":"https:\/\/www.copealcoy.es\/es\/wp-json\/wp\/v2\/tags?post=59863"}],"curies":[{"name":"wp","href":"https:\/\/api.w.org\/{rel}","templated":true}]}}