{"id":59804,"date":"2020-02-12T15:54:51","date_gmt":"2020-02-12T15:54:51","guid":{"rendered":"https:\/\/www.copealcoy.es\/?p=59804"},"modified":"2020-02-12T15:54:51","modified_gmt":"2020-02-12T15:54:51","slug":"alcoy-busca-financiacion-para-dos-proyectos-turisticos","status":"publish","type":"post","link":"https:\/\/www.copealcoy.es\/es\/alcoy-busca-financiacion-para-dos-proyectos-turisticos\/","title":{"rendered":"Alcoy busca financiaci\u00f3n para dos proyectos tur\u00edsticos"},"content":{"rendered":"<p style=\"text-align: justify;\">Alcoy<strong> ha solicitado dos ayudas a la Conselleria de Turismo<\/strong> para llevar a cabo <strong>dos importantes proyectos<\/strong> en materia tur\u00edstica.<\/p>\n<p style=\"text-align: justify;\">El <strong>primero de ellos<\/strong> tiene un coste de 104.000 euros y consistir\u00eda en <strong>habilitar la zona de La Riba como aparcamiento<\/strong> para que los turistas puedan estacionar cuando visitan la ciudad. Para ello el Consistorio ha pedido una ayuda de hasta 40.000 euros. Por otra parte la ciudad solicita hasta 20.000 euros <strong>para poder aprovechar el centenar de c\u00e1maras existentes en Alcoy<\/strong> de cara a obtener informaci\u00f3n que ayude a mejorar nuestra oferta tur\u00edstica. Este proyecto alcanza los 41.00 euros. El Secretario Auton\u00f3mico de Turismo, <strong>Herick Campos<\/strong>, estuvo el martes en Alcoy y asegur\u00f3 que durante el a\u00f1o anterior <strong>se destinaron 200.000 euros a Alcoy en ayudas en materia tur\u00edstica<\/strong> &#8220;<em>apostamos por mantener esta l\u00ednea para el 2020 y tambi\u00e9n se har\u00e1 una fuerte apuesta por la formaci\u00f3n para los profesionales del sector tur\u00edstico as\u00ed como las empresas de la zona<\/em>&#8220;, asever\u00f3.<\/p>\n<p style=\"text-align: justify;\">Campos mantuvo una reuni\u00f3n con <strong>el Presidente de la C\u00e1mara de Comercio<\/strong> (Pablo de Gracia) y <strong>el alcalde<\/strong> (Antonio Franc\u00e9s). Este \u00faltimo anunci\u00f3 que <strong>pronto se licitar\u00e1n las obras de Rodes<\/strong>, espacio que albergar\u00e1 <strong>el futuro CdT de Interior<\/strong> y cuyas obras se quiere que empiecen en 2021.<\/p>\n","protected":false},"excerpt":{"rendered":"<p>Alcoy ha solicitado dos ayudas a la Conselleria de Turismo para llevar a cabo dos importantes proyectos en materia tur\u00edstica&#8230;.<\/p>\n","protected":false},"author":1,"featured_media":59805,"comment_status":"open","ping_status":"open","sticky":false,"template":"","format":"standard","meta":{"footnotes":""},"categories":[97,75,79],"tags":[1494,1793,628,7134,2420,7135,7136],"class_list":["post-59804","post","type-post","status-publish","format-standard","has-post-thumbnail","hentry","category-alcoy","category-noticias","category-politicayeconomia","tag-alcoy","tag-antonio-frances","tag-camara-de-comercio","tag-cdt-interior","tag-financiacion","tag-herick-campos","tag-proyectos-turisticos"],"yoast_head":"<!-- This site is optimized with the Yoast SEO plugin v27.3 - https:\/\/yoast.com\/product\/yoast-seo-wordpress\/ -->\n<title>Alcoy busca financiaci\u00f3n para dos proyectos tur\u00edsticos - COPE Alcoy<\/title>\n<meta name=\"robots\" content=\"index, follow, max-snippet:-1, max-image-preview:large, max-video-preview:-1\" \/>\n<link rel=\"canonical\" href=\"https:\/\/www.copealcoy.es\/es\/alcoy-busca-financiacion-para-dos-proyectos-turisticos\/\" \/>\n<meta property=\"og:locale\" content=\"es_ES\" \/>\n<meta property=\"og:type\" content=\"article\" \/>\n<meta property=\"og:title\" content=\"Alcoy busca financiaci\u00f3n para dos proyectos tur\u00edsticos - COPE Alcoy\" \/>\n<meta property=\"og:description\" content=\"Alcoy ha solicitado dos ayudas a la Conselleria de Turismo para llevar a cabo dos importantes proyectos en materia tur\u00edstica....\" \/>\n<meta property=\"og:url\" content=\"https:\/\/www.copealcoy.es\/es\/alcoy-busca-financiacion-para-dos-proyectos-turisticos\/\" \/>\n<meta property=\"og:site_name\" content=\"COPE Alcoy\" \/>\n<meta property=\"article:published_time\" content=\"2020-02-12T15:54:51+00:00\" \/>\n<meta property=\"og:image\" content=\"https:\/\/www.copealcoy.es\/wp-content\/uploads\/2020\/02\/IMG_4465-e1581522813486-1-scaled.jpg\" \/>\n\t<meta property=\"og:image:width\" content=\"2560\" \/>\n\t<meta property=\"og:image:height\" content=\"1559\" \/>\n\t<meta property=\"og:image:type\" content=\"image\/jpeg\" \/>\n<meta name=\"author\" content=\"Cope Alcoy\" \/>\n<meta name=\"twitter:label1\" content=\"Escrito por\" \/>\n\t<meta name=\"twitter:data1\" content=\"Cope Alcoy\" \/>\n\t<meta name=\"twitter:label2\" content=\"Tiempo de lectura\" \/>\n\t<meta name=\"twitter:data2\" content=\"1 minuto\" \/>\n<script type=\"application\/ld+json\" class=\"yoast-schema-graph\">{\"@context\":\"https:\\\/\\\/schema.org\",\"@graph\":[{\"@type\":\"Article\",\"@id\":\"https:\\\/\\\/www.copealcoy.es\\\/es\\\/alcoy-busca-financiacion-para-dos-proyectos-turisticos\\\/#article\",\"isPartOf\":{\"@id\":\"https:\\\/\\\/www.copealcoy.es\\\/es\\\/alcoy-busca-financiacion-para-dos-proyectos-turisticos\\\/\"},\"author\":{\"name\":\"Cope Alcoy\",\"@id\":\"https:\\\/\\\/www.copealcoy.es\\\/es\\\/#\\\/schema\\\/person\\\/e777c87fa024e57d40170af9df39882c\"},\"headline\":\"Alcoy busca financiaci\u00f3n para dos proyectos tur\u00edsticos\",\"datePublished\":\"2020-02-12T15:54:51+00:00\",\"mainEntityOfPage\":{\"@id\":\"https:\\\/\\\/www.copealcoy.es\\\/es\\\/alcoy-busca-financiacion-para-dos-proyectos-turisticos\\\/\"},\"wordCount\":228,\"commentCount\":0,\"image\":{\"@id\":\"https:\\\/\\\/www.copealcoy.es\\\/es\\\/alcoy-busca-financiacion-para-dos-proyectos-turisticos\\\/#primaryimage\"},\"thumbnailUrl\":\"https:\\\/\\\/www.copealcoy.es\\\/wp-content\\\/uploads\\\/2020\\\/02\\\/IMG_4465-e1581522813486-1-scaled.jpg\",\"keywords\":[\"Alcoy\",\"Antonio Franc\u00e9s\",\"C\u00e1mara de Comercio\",\"CdT Interior\",\"Financiaci\u00f3n\",\"Herick Campos\",\"proyectos tur\u00edsticos\"],\"articleSection\":[\"Alcoy\",\"Noticias\",\"Pol\u00edtica y Econom\u00eda\"],\"inLanguage\":\"es\"},{\"@type\":\"WebPage\",\"@id\":\"https:\\\/\\\/www.copealcoy.es\\\/es\\\/alcoy-busca-financiacion-para-dos-proyectos-turisticos\\\/\",\"url\":\"https:\\\/\\\/www.copealcoy.es\\\/es\\\/alcoy-busca-financiacion-para-dos-proyectos-turisticos\\\/\",\"name\":\"Alcoy busca financiaci\u00f3n para dos proyectos tur\u00edsticos - COPE Alcoy\",\"isPartOf\":{\"@id\":\"https:\\\/\\\/www.copealcoy.es\\\/es\\\/#website\"},\"primaryImageOfPage\":{\"@id\":\"https:\\\/\\\/www.copealcoy.es\\\/es\\\/alcoy-busca-financiacion-para-dos-proyectos-turisticos\\\/#primaryimage\"},\"image\":{\"@id\":\"https:\\\/\\\/www.copealcoy.es\\\/es\\\/alcoy-busca-financiacion-para-dos-proyectos-turisticos\\\/#primaryimage\"},\"thumbnailUrl\":\"https:\\\/\\\/www.copealcoy.es\\\/wp-content\\\/uploads\\\/2020\\\/02\\\/IMG_4465-e1581522813486-1-scaled.jpg\",\"datePublished\":\"2020-02-12T15:54:51+00:00\",\"author\":{\"@id\":\"https:\\\/\\\/www.copealcoy.es\\\/es\\\/#\\\/schema\\\/person\\\/e777c87fa024e57d40170af9df39882c\"},\"breadcrumb\":{\"@id\":\"https:\\\/\\\/www.copealcoy.es\\\/es\\\/alcoy-busca-financiacion-para-dos-proyectos-turisticos\\\/#breadcrumb\"},\"inLanguage\":\"es\",\"potentialAction\":[{\"@type\":\"ReadAction\",\"target\":[\"https:\\\/\\\/www.copealcoy.es\\\/es\\\/alcoy-busca-financiacion-para-dos-proyectos-turisticos\\\/\"]}]},{\"@type\":\"ImageObject\",\"inLanguage\":\"es\",\"@id\":\"https:\\\/\\\/www.copealcoy.es\\\/es\\\/alcoy-busca-financiacion-para-dos-proyectos-turisticos\\\/#primaryimage\",\"url\":\"https:\\\/\\\/www.copealcoy.es\\\/wp-content\\\/uploads\\\/2020\\\/02\\\/IMG_4465-e1581522813486-1-scaled.jpg\",\"contentUrl\":\"https:\\\/\\\/www.copealcoy.es\\\/wp-content\\\/uploads\\\/2020\\\/02\\\/IMG_4465-e1581522813486-1-scaled.jpg\",\"width\":2560,\"height\":1559,\"caption\":\"La reuni\u00f3n tuvo lugar el martes en la C\u00e1mara de Comercio \\\/ Foto: G. Pascual\"},{\"@type\":\"BreadcrumbList\",\"@id\":\"https:\\\/\\\/www.copealcoy.es\\\/es\\\/alcoy-busca-financiacion-para-dos-proyectos-turisticos\\\/#breadcrumb\",\"itemListElement\":[{\"@type\":\"ListItem\",\"position\":1,\"name\":\"Portada\",\"item\":\"https:\\\/\\\/www.copealcoy.es\\\/es\\\/\"},{\"@type\":\"ListItem\",\"position\":2,\"name\":\"Alcoy busca financiaci\u00f3n para dos proyectos tur\u00edsticos\"}]},{\"@type\":\"WebSite\",\"@id\":\"https:\\\/\\\/www.copealcoy.es\\\/es\\\/#website\",\"url\":\"https:\\\/\\\/www.copealcoy.es\\\/es\\\/\",\"name\":\"COPE Alcoy\",\"description\":\"Emisora COPE de radio local con emisi\u00f3n online. Pont de Sant Jordi 8-10 03803 Alcoy\",\"potentialAction\":[{\"@type\":\"SearchAction\",\"target\":{\"@type\":\"EntryPoint\",\"urlTemplate\":\"https:\\\/\\\/www.copealcoy.es\\\/es\\\/?s={search_term_string}\"},\"query-input\":{\"@type\":\"PropertyValueSpecification\",\"valueRequired\":true,\"valueName\":\"search_term_string\"}}],\"inLanguage\":\"es\"},{\"@type\":\"Person\",\"@id\":\"https:\\\/\\\/www.copealcoy.es\\\/es\\\/#\\\/schema\\\/person\\\/e777c87fa024e57d40170af9df39882c\",\"name\":\"Cope Alcoy\",\"image\":{\"@type\":\"ImageObject\",\"inLanguage\":\"es\",\"@id\":\"https:\\\/\\\/secure.gravatar.com\\\/avatar\\\/bb65d0283347e303893ba14f0692005417c1e0e690a325a4c5d8bb2b3943ee14?s=96&d=mm&r=g\",\"url\":\"https:\\\/\\\/secure.gravatar.com\\\/avatar\\\/bb65d0283347e303893ba14f0692005417c1e0e690a325a4c5d8bb2b3943ee14?s=96&d=mm&r=g\",\"contentUrl\":\"https:\\\/\\\/secure.gravatar.com\\\/avatar\\\/bb65d0283347e303893ba14f0692005417c1e0e690a325a4c5d8bb2b3943ee14?s=96&d=mm&r=g\",\"caption\":\"Cope Alcoy\"}}]}<\/script>\n<!-- \/ Yoast SEO plugin. -->","yoast_head_json":{"title":"Alcoy busca financiaci\u00f3n para dos proyectos tur\u00edsticos - COPE Alcoy","robots":{"index":"index","follow":"follow","max-snippet":"max-snippet:-1","max-image-preview":"max-image-preview:large","max-video-preview":"max-video-preview:-1"},"canonical":"https:\/\/www.copealcoy.es\/es\/alcoy-busca-financiacion-para-dos-proyectos-turisticos\/","og_locale":"es_ES","og_type":"article","og_title":"Alcoy busca financiaci\u00f3n para dos proyectos tur\u00edsticos - COPE Alcoy","og_description":"Alcoy ha solicitado dos ayudas a la Conselleria de Turismo para llevar a cabo dos importantes proyectos en materia tur\u00edstica....","og_url":"https:\/\/www.copealcoy.es\/es\/alcoy-busca-financiacion-para-dos-proyectos-turisticos\/","og_site_name":"COPE Alcoy","article_published_time":"2020-02-12T15:54:51+00:00","og_image":[{"width":2560,"height":1559,"url":"https:\/\/www.copealcoy.es\/wp-content\/uploads\/2020\/02\/IMG_4465-e1581522813486-1-scaled.jpg","type":"image\/jpeg"}],"author":"Cope Alcoy","twitter_misc":{"Escrito por":"Cope Alcoy","Tiempo de lectura":"1 minuto"},"schema":{"@context":"https:\/\/schema.org","@graph":[{"@type":"Article","@id":"https:\/\/www.copealcoy.es\/es\/alcoy-busca-financiacion-para-dos-proyectos-turisticos\/#article","isPartOf":{"@id":"https:\/\/www.copealcoy.es\/es\/alcoy-busca-financiacion-para-dos-proyectos-turisticos\/"},"author":{"name":"Cope Alcoy","@id":"https:\/\/www.copealcoy.es\/es\/#\/schema\/person\/e777c87fa024e57d40170af9df39882c"},"headline":"Alcoy busca financiaci\u00f3n para dos proyectos tur\u00edsticos","datePublished":"2020-02-12T15:54:51+00:00","mainEntityOfPage":{"@id":"https:\/\/www.copealcoy.es\/es\/alcoy-busca-financiacion-para-dos-proyectos-turisticos\/"},"wordCount":228,"commentCount":0,"image":{"@id":"https:\/\/www.copealcoy.es\/es\/alcoy-busca-financiacion-para-dos-proyectos-turisticos\/#primaryimage"},"thumbnailUrl":"https:\/\/www.copealcoy.es\/wp-content\/uploads\/2020\/02\/IMG_4465-e1581522813486-1-scaled.jpg","keywords":["Alcoy","Antonio Franc\u00e9s","C\u00e1mara de Comercio","CdT Interior","Financiaci\u00f3n","Herick Campos","proyectos tur\u00edsticos"],"articleSection":["Alcoy","Noticias","Pol\u00edtica y Econom\u00eda"],"inLanguage":"es"},{"@type":"WebPage","@id":"https:\/\/www.copealcoy.es\/es\/alcoy-busca-financiacion-para-dos-proyectos-turisticos\/","url":"https:\/\/www.copealcoy.es\/es\/alcoy-busca-financiacion-para-dos-proyectos-turisticos\/","name":"Alcoy busca financiaci\u00f3n para dos proyectos tur\u00edsticos - COPE Alcoy","isPartOf":{"@id":"https:\/\/www.copealcoy.es\/es\/#website"},"primaryImageOfPage":{"@id":"https:\/\/www.copealcoy.es\/es\/alcoy-busca-financiacion-para-dos-proyectos-turisticos\/#primaryimage"},"image":{"@id":"https:\/\/www.copealcoy.es\/es\/alcoy-busca-financiacion-para-dos-proyectos-turisticos\/#primaryimage"},"thumbnailUrl":"https:\/\/www.copealcoy.es\/wp-content\/uploads\/2020\/02\/IMG_4465-e1581522813486-1-scaled.jpg","datePublished":"2020-02-12T15:54:51+00:00","author":{"@id":"https:\/\/www.copealcoy.es\/es\/#\/schema\/person\/e777c87fa024e57d40170af9df39882c"},"breadcrumb":{"@id":"https:\/\/www.copealcoy.es\/es\/alcoy-busca-financiacion-para-dos-proyectos-turisticos\/#breadcrumb"},"inLanguage":"es","potentialAction":[{"@type":"ReadAction","target":["https:\/\/www.copealcoy.es\/es\/alcoy-busca-financiacion-para-dos-proyectos-turisticos\/"]}]},{"@type":"ImageObject","inLanguage":"es","@id":"https:\/\/www.copealcoy.es\/es\/alcoy-busca-financiacion-para-dos-proyectos-turisticos\/#primaryimage","url":"https:\/\/www.copealcoy.es\/wp-content\/uploads\/2020\/02\/IMG_4465-e1581522813486-1-scaled.jpg","contentUrl":"https:\/\/www.copealcoy.es\/wp-content\/uploads\/2020\/02\/IMG_4465-e1581522813486-1-scaled.jpg","width":2560,"height":1559,"caption":"La reuni\u00f3n tuvo lugar el martes en la C\u00e1mara de Comercio \/ Foto: G. Pascual"},{"@type":"BreadcrumbList","@id":"https:\/\/www.copealcoy.es\/es\/alcoy-busca-financiacion-para-dos-proyectos-turisticos\/#breadcrumb","itemListElement":[{"@type":"ListItem","position":1,"name":"Portada","item":"https:\/\/www.copealcoy.es\/es\/"},{"@type":"ListItem","position":2,"name":"Alcoy busca financiaci\u00f3n para dos proyectos tur\u00edsticos"}]},{"@type":"WebSite","@id":"https:\/\/www.copealcoy.es\/es\/#website","url":"https:\/\/www.copealcoy.es\/es\/","name":"COPE Alcoy","description":"Emisora COPE de radio local con emisi\u00f3n online. Pont de Sant Jordi 8-10 03803 Alcoy","potentialAction":[{"@type":"SearchAction","target":{"@type":"EntryPoint","urlTemplate":"https:\/\/www.copealcoy.es\/es\/?s={search_term_string}"},"query-input":{"@type":"PropertyValueSpecification","valueRequired":true,"valueName":"search_term_string"}}],"inLanguage":"es"},{"@type":"Person","@id":"https:\/\/www.copealcoy.es\/es\/#\/schema\/person\/e777c87fa024e57d40170af9df39882c","name":"Cope Alcoy","image":{"@type":"ImageObject","inLanguage":"es","@id":"https:\/\/secure.gravatar.com\/avatar\/bb65d0283347e303893ba14f0692005417c1e0e690a325a4c5d8bb2b3943ee14?s=96&d=mm&r=g","url":"https:\/\/secure.gravatar.com\/avatar\/bb65d0283347e303893ba14f0692005417c1e0e690a325a4c5d8bb2b3943ee14?s=96&d=mm&r=g","contentUrl":"https:\/\/secure.gravatar.com\/avatar\/bb65d0283347e303893ba14f0692005417c1e0e690a325a4c5d8bb2b3943ee14?s=96&d=mm&r=g","caption":"Cope Alcoy"}}]}},"_links":{"self":[{"href":"https:\/\/www.copealcoy.es\/es\/wp-json\/wp\/v2\/posts\/59804","targetHints":{"allow":["GET"]}}],"collection":[{"href":"https:\/\/www.copealcoy.es\/es\/wp-json\/wp\/v2\/posts"}],"about":[{"href":"https:\/\/www.copealcoy.es\/es\/wp-json\/wp\/v2\/types\/post"}],"author":[{"embeddable":true,"href":"https:\/\/www.copealcoy.es\/es\/wp-json\/wp\/v2\/users\/1"}],"replies":[{"embeddable":true,"href":"https:\/\/www.copealcoy.es\/es\/wp-json\/wp\/v2\/comments?post=59804"}],"version-history":[{"count":0,"href":"https:\/\/www.copealcoy.es\/es\/wp-json\/wp\/v2\/posts\/59804\/revisions"}],"wp:featuredmedia":[{"embeddable":true,"href":"https:\/\/www.copealcoy.es\/es\/wp-json\/wp\/v2\/media\/59805"}],"wp:attachment":[{"href":"https:\/\/www.copealcoy.es\/es\/wp-json\/wp\/v2\/media?parent=59804"}],"wp:term":[{"taxonomy":"category","embeddable":true,"href":"https:\/\/www.copealcoy.es\/es\/wp-json\/wp\/v2\/categories?post=59804"},{"taxonomy":"post_tag","embeddable":true,"href":"https:\/\/www.copealcoy.es\/es\/wp-json\/wp\/v2\/tags?post=59804"}],"curies":[{"name":"wp","href":"https:\/\/api.w.org\/{rel}","templated":true}]}}