{"id":59750,"date":"2020-02-11T13:01:53","date_gmt":"2020-02-11T13:01:53","guid":{"rendered":"https:\/\/www.copealcoy.es\/?p=59750"},"modified":"2020-02-11T13:01:53","modified_gmt":"2020-02-11T13:01:53","slug":"oscar-frances-dona-al-ayuntamiento-retratos-hechos-por-camilo-sesto","status":"publish","type":"post","link":"https:\/\/www.copealcoy.es\/es\/oscar-frances-dona-al-ayuntamiento-retratos-hechos-por-camilo-sesto\/","title":{"rendered":"\u00d3scar Franc\u00e9s dona al Ayuntamiento retratos hechos por Camilo Sesto"},"content":{"rendered":"<p style=\"text-align: justify;\">Uno de <strong>los sobrinos<\/strong> de Camilo Sesto, <strong>\u00d3scar Franc\u00e9s Blanes<\/strong>, ha donado al Ayuntamiento de Alcoy <strong>tres retratos<\/strong> que le hizo nuestro cantante m\u00e1s internacional a\u00f1os atr\u00e1s.<\/p>\n<p style=\"text-align: justify;\">El <strong>primero de ellos<\/strong> se hizo en 1975 cuando oscar ten\u00eda 6 a\u00f1os y la dedicatoria que le acompa\u00f1a\u00a0corresponde a 1998; a\u00f1o en el que \u00d3scar Franc\u00e9s se fue a hacer la mili. El <strong>segundo\u00a0<\/strong> corresponde a cuando el retratado ten\u00eda 19 a\u00f1os y <strong>el tercero<\/strong> est\u00e1 hecho a rotulador, con diferentes colores, y la fecha en la que lo dibuj\u00f3 ser\u00eda entre 1989 y 1990 &#8220;<em>me ha sabido un poco mal desprenderme de ellos pero se que estar\u00e1n en un futuro pr\u00f3ximo en un espacio adecuado para que disfruten de ellos alcoyanos as\u00ed como visitantes<\/em>&#8220;, afirma Franc\u00e9s.<\/p>\n<p style=\"text-align: justify;\">Estas piezas <strong>pasar\u00e1n a formar parte del Museo que la ciudad est\u00e1 preparando para albergar todo el legado art\u00edstico<\/strong> de una figura universal de la m\u00fasica como nuestro Camilo Sesto.<\/p>\n<p><iframe loading=\"lazy\" title=\"RP DONACI\u00d3 \u00d3SCAR BLANES AL MUSEU &#039;CAMILO SESTO&#039;\" width=\"1200\" height=\"675\" src=\"https:\/\/www.youtube.com\/embed\/TkgwAnXxMcs?feature=oembed\" frameborder=\"0\" allow=\"accelerometer; autoplay; encrypted-media; gyroscope; picture-in-picture\" allowfullscreen><\/iframe>    \t<\/p>\n","protected":false},"excerpt":{"rendered":"<p>Uno de los sobrinos de Camilo Sesto, \u00d3scar Franc\u00e9s Blanes, ha donado al Ayuntamiento de Alcoy tres retratos que le&#8230;<\/p>\n","protected":false},"author":1,"featured_media":59751,"comment_status":"open","ping_status":"open","sticky":false,"template":"","format":"standard","meta":{"footnotes":""},"categories":[97,78,75],"tags":[2058,2559,7119,7120],"class_list":["post-59750","post","type-post","status-publish","format-standard","has-post-thumbnail","hentry","category-alcoy","category-fiestaycultura","category-noticias","tag-ayuntamiento-de-alcoy","tag-camilo-sesto","tag-oscar-frances","tag-retratos"],"yoast_head":"<!-- This site is optimized with the Yoast SEO plugin v27.3 - https:\/\/yoast.com\/product\/yoast-seo-wordpress\/ -->\n<title>\u00d3scar Franc\u00e9s dona al Ayuntamiento retratos hechos por Camilo Sesto - COPE Alcoy<\/title>\n<meta name=\"robots\" content=\"index, follow, max-snippet:-1, max-image-preview:large, max-video-preview:-1\" \/>\n<link rel=\"canonical\" href=\"https:\/\/www.copealcoy.es\/es\/oscar-frances-dona-al-ayuntamiento-retratos-hechos-por-camilo-sesto\/\" \/>\n<meta property=\"og:locale\" content=\"es_ES\" \/>\n<meta property=\"og:type\" content=\"article\" \/>\n<meta property=\"og:title\" content=\"\u00d3scar Franc\u00e9s dona al Ayuntamiento retratos hechos por Camilo Sesto - COPE Alcoy\" \/>\n<meta property=\"og:description\" content=\"Uno de los sobrinos de Camilo Sesto, \u00d3scar Franc\u00e9s Blanes, ha donado al Ayuntamiento de Alcoy tres retratos que le...\" \/>\n<meta property=\"og:url\" content=\"https:\/\/www.copealcoy.es\/es\/oscar-frances-dona-al-ayuntamiento-retratos-hechos-por-camilo-sesto\/\" \/>\n<meta property=\"og:site_name\" content=\"COPE Alcoy\" \/>\n<meta property=\"article:published_time\" content=\"2020-02-11T13:01:53+00:00\" \/>\n<meta property=\"og:image\" content=\"https:\/\/www.copealcoy.es\/wp-content\/uploads\/2020\/02\/1842_retratos-camilo-1.jpg\" \/>\n\t<meta property=\"og:image:width\" content=\"980\" \/>\n\t<meta property=\"og:image:height\" content=\"551\" \/>\n\t<meta property=\"og:image:type\" content=\"image\/jpeg\" \/>\n<meta name=\"author\" content=\"Cope Alcoy\" \/>\n<meta name=\"twitter:label1\" content=\"Escrito por\" \/>\n\t<meta name=\"twitter:data1\" content=\"Cope Alcoy\" \/>\n\t<meta name=\"twitter:label2\" content=\"Tiempo de lectura\" \/>\n\t<meta name=\"twitter:data2\" content=\"1 minuto\" \/>\n<script type=\"application\/ld+json\" class=\"yoast-schema-graph\">{\"@context\":\"https:\\\/\\\/schema.org\",\"@graph\":[{\"@type\":\"Article\",\"@id\":\"https:\\\/\\\/www.copealcoy.es\\\/es\\\/oscar-frances-dona-al-ayuntamiento-retratos-hechos-por-camilo-sesto\\\/#article\",\"isPartOf\":{\"@id\":\"https:\\\/\\\/www.copealcoy.es\\\/es\\\/oscar-frances-dona-al-ayuntamiento-retratos-hechos-por-camilo-sesto\\\/\"},\"author\":{\"name\":\"Cope Alcoy\",\"@id\":\"https:\\\/\\\/www.copealcoy.es\\\/es\\\/#\\\/schema\\\/person\\\/e777c87fa024e57d40170af9df39882c\"},\"headline\":\"\u00d3scar Franc\u00e9s dona al Ayuntamiento retratos hechos por Camilo Sesto\",\"datePublished\":\"2020-02-11T13:01:53+00:00\",\"mainEntityOfPage\":{\"@id\":\"https:\\\/\\\/www.copealcoy.es\\\/es\\\/oscar-frances-dona-al-ayuntamiento-retratos-hechos-por-camilo-sesto\\\/\"},\"wordCount\":186,\"commentCount\":0,\"image\":{\"@id\":\"https:\\\/\\\/www.copealcoy.es\\\/es\\\/oscar-frances-dona-al-ayuntamiento-retratos-hechos-por-camilo-sesto\\\/#primaryimage\"},\"thumbnailUrl\":\"https:\\\/\\\/www.copealcoy.es\\\/wp-content\\\/uploads\\\/2020\\\/02\\\/1842_retratos-camilo-1.jpg\",\"keywords\":[\"Ayuntamiento de Alcoy\",\"Camilo Sesto\",\"\u00d3scar Franc\u00e9s\",\"retratos\"],\"articleSection\":[\"Alcoy\",\"Fiesta y Cultura\",\"Noticias\"],\"inLanguage\":\"es\"},{\"@type\":\"WebPage\",\"@id\":\"https:\\\/\\\/www.copealcoy.es\\\/es\\\/oscar-frances-dona-al-ayuntamiento-retratos-hechos-por-camilo-sesto\\\/\",\"url\":\"https:\\\/\\\/www.copealcoy.es\\\/es\\\/oscar-frances-dona-al-ayuntamiento-retratos-hechos-por-camilo-sesto\\\/\",\"name\":\"\u00d3scar Franc\u00e9s dona al Ayuntamiento retratos hechos por Camilo Sesto - COPE Alcoy\",\"isPartOf\":{\"@id\":\"https:\\\/\\\/www.copealcoy.es\\\/es\\\/#website\"},\"primaryImageOfPage\":{\"@id\":\"https:\\\/\\\/www.copealcoy.es\\\/es\\\/oscar-frances-dona-al-ayuntamiento-retratos-hechos-por-camilo-sesto\\\/#primaryimage\"},\"image\":{\"@id\":\"https:\\\/\\\/www.copealcoy.es\\\/es\\\/oscar-frances-dona-al-ayuntamiento-retratos-hechos-por-camilo-sesto\\\/#primaryimage\"},\"thumbnailUrl\":\"https:\\\/\\\/www.copealcoy.es\\\/wp-content\\\/uploads\\\/2020\\\/02\\\/1842_retratos-camilo-1.jpg\",\"datePublished\":\"2020-02-11T13:01:53+00:00\",\"author\":{\"@id\":\"https:\\\/\\\/www.copealcoy.es\\\/es\\\/#\\\/schema\\\/person\\\/e777c87fa024e57d40170af9df39882c\"},\"breadcrumb\":{\"@id\":\"https:\\\/\\\/www.copealcoy.es\\\/es\\\/oscar-frances-dona-al-ayuntamiento-retratos-hechos-por-camilo-sesto\\\/#breadcrumb\"},\"inLanguage\":\"es\",\"potentialAction\":[{\"@type\":\"ReadAction\",\"target\":[\"https:\\\/\\\/www.copealcoy.es\\\/es\\\/oscar-frances-dona-al-ayuntamiento-retratos-hechos-por-camilo-sesto\\\/\"]}]},{\"@type\":\"ImageObject\",\"inLanguage\":\"es\",\"@id\":\"https:\\\/\\\/www.copealcoy.es\\\/es\\\/oscar-frances-dona-al-ayuntamiento-retratos-hechos-por-camilo-sesto\\\/#primaryimage\",\"url\":\"https:\\\/\\\/www.copealcoy.es\\\/wp-content\\\/uploads\\\/2020\\\/02\\\/1842_retratos-camilo-1.jpg\",\"contentUrl\":\"https:\\\/\\\/www.copealcoy.es\\\/wp-content\\\/uploads\\\/2020\\\/02\\\/1842_retratos-camilo-1.jpg\",\"width\":980,\"height\":551,\"caption\":\"Los retratos fueron donados hace unos d\u00edas \\\/ Foto: Ajuntament d'Alcoi\"},{\"@type\":\"BreadcrumbList\",\"@id\":\"https:\\\/\\\/www.copealcoy.es\\\/es\\\/oscar-frances-dona-al-ayuntamiento-retratos-hechos-por-camilo-sesto\\\/#breadcrumb\",\"itemListElement\":[{\"@type\":\"ListItem\",\"position\":1,\"name\":\"Portada\",\"item\":\"https:\\\/\\\/www.copealcoy.es\\\/es\\\/\"},{\"@type\":\"ListItem\",\"position\":2,\"name\":\"\u00d3scar Franc\u00e9s dona al Ayuntamiento retratos hechos por Camilo Sesto\"}]},{\"@type\":\"WebSite\",\"@id\":\"https:\\\/\\\/www.copealcoy.es\\\/es\\\/#website\",\"url\":\"https:\\\/\\\/www.copealcoy.es\\\/es\\\/\",\"name\":\"COPE Alcoy\",\"description\":\"Emisora COPE de radio local con emisi\u00f3n online. Pont de Sant Jordi 8-10 03803 Alcoy\",\"potentialAction\":[{\"@type\":\"SearchAction\",\"target\":{\"@type\":\"EntryPoint\",\"urlTemplate\":\"https:\\\/\\\/www.copealcoy.es\\\/es\\\/?s={search_term_string}\"},\"query-input\":{\"@type\":\"PropertyValueSpecification\",\"valueRequired\":true,\"valueName\":\"search_term_string\"}}],\"inLanguage\":\"es\"},{\"@type\":\"Person\",\"@id\":\"https:\\\/\\\/www.copealcoy.es\\\/es\\\/#\\\/schema\\\/person\\\/e777c87fa024e57d40170af9df39882c\",\"name\":\"Cope Alcoy\",\"image\":{\"@type\":\"ImageObject\",\"inLanguage\":\"es\",\"@id\":\"https:\\\/\\\/secure.gravatar.com\\\/avatar\\\/bb65d0283347e303893ba14f0692005417c1e0e690a325a4c5d8bb2b3943ee14?s=96&d=mm&r=g\",\"url\":\"https:\\\/\\\/secure.gravatar.com\\\/avatar\\\/bb65d0283347e303893ba14f0692005417c1e0e690a325a4c5d8bb2b3943ee14?s=96&d=mm&r=g\",\"contentUrl\":\"https:\\\/\\\/secure.gravatar.com\\\/avatar\\\/bb65d0283347e303893ba14f0692005417c1e0e690a325a4c5d8bb2b3943ee14?s=96&d=mm&r=g\",\"caption\":\"Cope Alcoy\"}}]}<\/script>\n<!-- \/ Yoast SEO plugin. -->","yoast_head_json":{"title":"\u00d3scar Franc\u00e9s dona al Ayuntamiento retratos hechos por Camilo Sesto - COPE Alcoy","robots":{"index":"index","follow":"follow","max-snippet":"max-snippet:-1","max-image-preview":"max-image-preview:large","max-video-preview":"max-video-preview:-1"},"canonical":"https:\/\/www.copealcoy.es\/es\/oscar-frances-dona-al-ayuntamiento-retratos-hechos-por-camilo-sesto\/","og_locale":"es_ES","og_type":"article","og_title":"\u00d3scar Franc\u00e9s dona al Ayuntamiento retratos hechos por Camilo Sesto - COPE Alcoy","og_description":"Uno de los sobrinos de Camilo Sesto, \u00d3scar Franc\u00e9s Blanes, ha donado al Ayuntamiento de Alcoy tres retratos que le...","og_url":"https:\/\/www.copealcoy.es\/es\/oscar-frances-dona-al-ayuntamiento-retratos-hechos-por-camilo-sesto\/","og_site_name":"COPE Alcoy","article_published_time":"2020-02-11T13:01:53+00:00","og_image":[{"width":980,"height":551,"url":"https:\/\/www.copealcoy.es\/wp-content\/uploads\/2020\/02\/1842_retratos-camilo-1.jpg","type":"image\/jpeg"}],"author":"Cope Alcoy","twitter_misc":{"Escrito por":"Cope Alcoy","Tiempo de lectura":"1 minuto"},"schema":{"@context":"https:\/\/schema.org","@graph":[{"@type":"Article","@id":"https:\/\/www.copealcoy.es\/es\/oscar-frances-dona-al-ayuntamiento-retratos-hechos-por-camilo-sesto\/#article","isPartOf":{"@id":"https:\/\/www.copealcoy.es\/es\/oscar-frances-dona-al-ayuntamiento-retratos-hechos-por-camilo-sesto\/"},"author":{"name":"Cope Alcoy","@id":"https:\/\/www.copealcoy.es\/es\/#\/schema\/person\/e777c87fa024e57d40170af9df39882c"},"headline":"\u00d3scar Franc\u00e9s dona al Ayuntamiento retratos hechos por Camilo Sesto","datePublished":"2020-02-11T13:01:53+00:00","mainEntityOfPage":{"@id":"https:\/\/www.copealcoy.es\/es\/oscar-frances-dona-al-ayuntamiento-retratos-hechos-por-camilo-sesto\/"},"wordCount":186,"commentCount":0,"image":{"@id":"https:\/\/www.copealcoy.es\/es\/oscar-frances-dona-al-ayuntamiento-retratos-hechos-por-camilo-sesto\/#primaryimage"},"thumbnailUrl":"https:\/\/www.copealcoy.es\/wp-content\/uploads\/2020\/02\/1842_retratos-camilo-1.jpg","keywords":["Ayuntamiento de Alcoy","Camilo Sesto","\u00d3scar Franc\u00e9s","retratos"],"articleSection":["Alcoy","Fiesta y Cultura","Noticias"],"inLanguage":"es"},{"@type":"WebPage","@id":"https:\/\/www.copealcoy.es\/es\/oscar-frances-dona-al-ayuntamiento-retratos-hechos-por-camilo-sesto\/","url":"https:\/\/www.copealcoy.es\/es\/oscar-frances-dona-al-ayuntamiento-retratos-hechos-por-camilo-sesto\/","name":"\u00d3scar Franc\u00e9s dona al Ayuntamiento retratos hechos por Camilo Sesto - COPE Alcoy","isPartOf":{"@id":"https:\/\/www.copealcoy.es\/es\/#website"},"primaryImageOfPage":{"@id":"https:\/\/www.copealcoy.es\/es\/oscar-frances-dona-al-ayuntamiento-retratos-hechos-por-camilo-sesto\/#primaryimage"},"image":{"@id":"https:\/\/www.copealcoy.es\/es\/oscar-frances-dona-al-ayuntamiento-retratos-hechos-por-camilo-sesto\/#primaryimage"},"thumbnailUrl":"https:\/\/www.copealcoy.es\/wp-content\/uploads\/2020\/02\/1842_retratos-camilo-1.jpg","datePublished":"2020-02-11T13:01:53+00:00","author":{"@id":"https:\/\/www.copealcoy.es\/es\/#\/schema\/person\/e777c87fa024e57d40170af9df39882c"},"breadcrumb":{"@id":"https:\/\/www.copealcoy.es\/es\/oscar-frances-dona-al-ayuntamiento-retratos-hechos-por-camilo-sesto\/#breadcrumb"},"inLanguage":"es","potentialAction":[{"@type":"ReadAction","target":["https:\/\/www.copealcoy.es\/es\/oscar-frances-dona-al-ayuntamiento-retratos-hechos-por-camilo-sesto\/"]}]},{"@type":"ImageObject","inLanguage":"es","@id":"https:\/\/www.copealcoy.es\/es\/oscar-frances-dona-al-ayuntamiento-retratos-hechos-por-camilo-sesto\/#primaryimage","url":"https:\/\/www.copealcoy.es\/wp-content\/uploads\/2020\/02\/1842_retratos-camilo-1.jpg","contentUrl":"https:\/\/www.copealcoy.es\/wp-content\/uploads\/2020\/02\/1842_retratos-camilo-1.jpg","width":980,"height":551,"caption":"Los retratos fueron donados hace unos d\u00edas \/ Foto: Ajuntament d'Alcoi"},{"@type":"BreadcrumbList","@id":"https:\/\/www.copealcoy.es\/es\/oscar-frances-dona-al-ayuntamiento-retratos-hechos-por-camilo-sesto\/#breadcrumb","itemListElement":[{"@type":"ListItem","position":1,"name":"Portada","item":"https:\/\/www.copealcoy.es\/es\/"},{"@type":"ListItem","position":2,"name":"\u00d3scar Franc\u00e9s dona al Ayuntamiento retratos hechos por Camilo Sesto"}]},{"@type":"WebSite","@id":"https:\/\/www.copealcoy.es\/es\/#website","url":"https:\/\/www.copealcoy.es\/es\/","name":"COPE Alcoy","description":"Emisora COPE de radio local con emisi\u00f3n online. Pont de Sant Jordi 8-10 03803 Alcoy","potentialAction":[{"@type":"SearchAction","target":{"@type":"EntryPoint","urlTemplate":"https:\/\/www.copealcoy.es\/es\/?s={search_term_string}"},"query-input":{"@type":"PropertyValueSpecification","valueRequired":true,"valueName":"search_term_string"}}],"inLanguage":"es"},{"@type":"Person","@id":"https:\/\/www.copealcoy.es\/es\/#\/schema\/person\/e777c87fa024e57d40170af9df39882c","name":"Cope Alcoy","image":{"@type":"ImageObject","inLanguage":"es","@id":"https:\/\/secure.gravatar.com\/avatar\/bb65d0283347e303893ba14f0692005417c1e0e690a325a4c5d8bb2b3943ee14?s=96&d=mm&r=g","url":"https:\/\/secure.gravatar.com\/avatar\/bb65d0283347e303893ba14f0692005417c1e0e690a325a4c5d8bb2b3943ee14?s=96&d=mm&r=g","contentUrl":"https:\/\/secure.gravatar.com\/avatar\/bb65d0283347e303893ba14f0692005417c1e0e690a325a4c5d8bb2b3943ee14?s=96&d=mm&r=g","caption":"Cope Alcoy"}}]}},"_links":{"self":[{"href":"https:\/\/www.copealcoy.es\/es\/wp-json\/wp\/v2\/posts\/59750","targetHints":{"allow":["GET"]}}],"collection":[{"href":"https:\/\/www.copealcoy.es\/es\/wp-json\/wp\/v2\/posts"}],"about":[{"href":"https:\/\/www.copealcoy.es\/es\/wp-json\/wp\/v2\/types\/post"}],"author":[{"embeddable":true,"href":"https:\/\/www.copealcoy.es\/es\/wp-json\/wp\/v2\/users\/1"}],"replies":[{"embeddable":true,"href":"https:\/\/www.copealcoy.es\/es\/wp-json\/wp\/v2\/comments?post=59750"}],"version-history":[{"count":0,"href":"https:\/\/www.copealcoy.es\/es\/wp-json\/wp\/v2\/posts\/59750\/revisions"}],"wp:featuredmedia":[{"embeddable":true,"href":"https:\/\/www.copealcoy.es\/es\/wp-json\/wp\/v2\/media\/59751"}],"wp:attachment":[{"href":"https:\/\/www.copealcoy.es\/es\/wp-json\/wp\/v2\/media?parent=59750"}],"wp:term":[{"taxonomy":"category","embeddable":true,"href":"https:\/\/www.copealcoy.es\/es\/wp-json\/wp\/v2\/categories?post=59750"},{"taxonomy":"post_tag","embeddable":true,"href":"https:\/\/www.copealcoy.es\/es\/wp-json\/wp\/v2\/tags?post=59750"}],"curies":[{"name":"wp","href":"https:\/\/api.w.org\/{rel}","templated":true}]}}