{"id":59677,"date":"2020-02-08T09:00:05","date_gmt":"2020-02-08T09:00:05","guid":{"rendered":"https:\/\/www.copealcoy.es\/?p=59677"},"modified":"2020-02-08T09:00:05","modified_gmt":"2020-02-08T09:00:05","slug":"protesta-por-el-paron-en-las-obras-del-nuevo-bracal","status":"publish","type":"post","link":"https:\/\/www.copealcoy.es\/es\/protesta-por-el-paron-en-las-obras-del-nuevo-bracal\/","title":{"rendered":"Protesta por el par\u00f3n en las obras del nuevo Bracal"},"content":{"rendered":"<p style=\"text-align: justify;\">La <strong>Comunidad Educativa del Bracal<\/strong>, acompa\u00f1ada por centenares de personas de Muro, <strong>protagonizaron una protesta en la tarde de ayer viernes \u00a0<\/strong>tras conocerse durante la semana que <strong>la Conselleria de Educaci\u00f3n rescindir\u00eda el contrato con la constructora del nuevo colegio<\/strong> por incumplimientos en la ejecuci\u00f3n del mismo.<\/p>\n<p style=\"text-align: justify;\">El Matzem<strong> fue el escenario escogido para esta concentraci\u00f3n<\/strong> que incluy\u00f3 <strong>la lectura de un manifiesto<\/strong> a cargo de la presidenta del AMPA, <strong>Rebeca Ferrer<\/strong>, as\u00ed como de un texto en el que se expresaban <strong>las carencias a las que se enfrentan cada d\u00eda alumnos y profesores<\/strong> en los barracones. \u00a0Adem\u00e1s el Director General de Infraestructuras Educativas de la Generalitat Valenciana, <strong>V\u00edctor Garc\u00eda<\/strong>, estuvo presente para <strong>explicar la situaci\u00f3n<\/strong> y record\u00f3 que a la misma se ha llegado porque <strong>la adjudicataria del proyecto no ha cumplido con sus compromisos<\/strong>. En este sentido manifest\u00f3 que una vez se rescinda el contrato <strong>comenzar\u00e1 el proceso para adjudicar de nuevo las obras<\/strong> y record\u00f3 que este\u00a0<strong>puede durar entre cinco o seis meses<\/strong>. Por \u00faltimo inform\u00f3 que si <strong>Grupo Bertol\u00edn<\/strong>, la firma que ten\u00eda que construir el colegio, recurre a los tribunales esta acci\u00f3n<strong> no interferir\u00eda en la nueva licitaci\u00f3n<\/strong> al ser un tr\u00e1mite totalmente paralelo.<\/p>\n<p style=\"text-align: justify;\">Finalmente el alcalde de Muro, <strong>Gabriel Tom\u00e1s<\/strong>, reflej\u00f3 el <strong>total apoyo del Ayuntamiento a la Comunidad Educativa<\/strong> para trazar una nueva hoja de ruta de cara a solucionar un problema que se arrastra desde hace doce a\u00f1os. La concentraci\u00f3n <strong>fue secundada tambi\u00e9n por los representantes de los diferentes partidos pol\u00edtico<\/strong>s presentes en la Corporaci\u00f3n Local de este municipio del Comtat.<\/p>\n","protected":false},"excerpt":{"rendered":"<p>La Comunidad Educativa del Bracal, acompa\u00f1ada por centenares de personas de Muro, protagonizaron una protesta en la tarde de ayer&#8230;<\/p>\n","protected":false},"author":1,"featured_media":59678,"comment_status":"open","ping_status":"open","sticky":false,"template":"","format":"standard","meta":{"footnotes":""},"categories":[98,75,125],"tags":[7099,172,145,7114,4113],"class_list":["post-59677","post","type-post","status-publish","format-standard","has-post-thumbnail","hentry","category-comarcas","category-noticias","category-portada","tag-bracal-de-muro","tag-concentracion","tag-obras","tag-paron","tag-protesta"],"yoast_head":"<!-- This site is optimized with the Yoast SEO plugin v27.3 - https:\/\/yoast.com\/product\/yoast-seo-wordpress\/ -->\n<title>Protesta por el par\u00f3n en las obras del nuevo Bracal - COPE Alcoy<\/title>\n<meta name=\"robots\" content=\"index, follow, max-snippet:-1, max-image-preview:large, max-video-preview:-1\" \/>\n<link rel=\"canonical\" href=\"https:\/\/www.copealcoy.es\/es\/protesta-por-el-paron-en-las-obras-del-nuevo-bracal\/\" \/>\n<meta property=\"og:locale\" content=\"es_ES\" \/>\n<meta property=\"og:type\" content=\"article\" \/>\n<meta property=\"og:title\" content=\"Protesta por el par\u00f3n en las obras del nuevo Bracal - COPE Alcoy\" \/>\n<meta property=\"og:description\" content=\"La Comunidad Educativa del Bracal, acompa\u00f1ada por centenares de personas de Muro, protagonizaron una protesta en la tarde de ayer...\" \/>\n<meta property=\"og:url\" content=\"https:\/\/www.copealcoy.es\/es\/protesta-por-el-paron-en-las-obras-del-nuevo-bracal\/\" \/>\n<meta property=\"og:site_name\" content=\"COPE Alcoy\" \/>\n<meta property=\"article:published_time\" content=\"2020-02-08T09:00:05+00:00\" \/>\n<meta property=\"og:image\" content=\"https:\/\/www.copealcoy.es\/wp-content\/uploads\/2020\/02\/81041837_1567363903403030_1630139542818258944_n-1.jpg\" \/>\n\t<meta property=\"og:image:width\" content=\"960\" \/>\n\t<meta property=\"og:image:height\" content=\"720\" \/>\n\t<meta property=\"og:image:type\" content=\"image\/jpeg\" \/>\n<meta name=\"author\" content=\"Cope Alcoy\" \/>\n<meta name=\"twitter:label1\" content=\"Escrito por\" \/>\n\t<meta name=\"twitter:data1\" content=\"Cope Alcoy\" \/>\n\t<meta name=\"twitter:label2\" content=\"Tiempo de lectura\" \/>\n\t<meta name=\"twitter:data2\" content=\"1 minuto\" \/>\n<script type=\"application\/ld+json\" class=\"yoast-schema-graph\">{\"@context\":\"https:\\\/\\\/schema.org\",\"@graph\":[{\"@type\":\"Article\",\"@id\":\"https:\\\/\\\/www.copealcoy.es\\\/es\\\/protesta-por-el-paron-en-las-obras-del-nuevo-bracal\\\/#article\",\"isPartOf\":{\"@id\":\"https:\\\/\\\/www.copealcoy.es\\\/es\\\/protesta-por-el-paron-en-las-obras-del-nuevo-bracal\\\/\"},\"author\":{\"name\":\"Cope Alcoy\",\"@id\":\"https:\\\/\\\/www.copealcoy.es\\\/es\\\/#\\\/schema\\\/person\\\/e777c87fa024e57d40170af9df39882c\"},\"headline\":\"Protesta por el par\u00f3n en las obras del nuevo Bracal\",\"datePublished\":\"2020-02-08T09:00:05+00:00\",\"mainEntityOfPage\":{\"@id\":\"https:\\\/\\\/www.copealcoy.es\\\/es\\\/protesta-por-el-paron-en-las-obras-del-nuevo-bracal\\\/\"},\"wordCount\":293,\"commentCount\":0,\"image\":{\"@id\":\"https:\\\/\\\/www.copealcoy.es\\\/es\\\/protesta-por-el-paron-en-las-obras-del-nuevo-bracal\\\/#primaryimage\"},\"thumbnailUrl\":\"https:\\\/\\\/www.copealcoy.es\\\/wp-content\\\/uploads\\\/2020\\\/02\\\/81041837_1567363903403030_1630139542818258944_n-1.jpg\",\"keywords\":[\"Bracal de Muro\",\"Concentraci\u00f3n\",\"Obras\",\"par\u00f3n\",\"protesta\"],\"articleSection\":[\"Comarcas\",\"Noticias\",\"Portada\"],\"inLanguage\":\"es\"},{\"@type\":\"WebPage\",\"@id\":\"https:\\\/\\\/www.copealcoy.es\\\/es\\\/protesta-por-el-paron-en-las-obras-del-nuevo-bracal\\\/\",\"url\":\"https:\\\/\\\/www.copealcoy.es\\\/es\\\/protesta-por-el-paron-en-las-obras-del-nuevo-bracal\\\/\",\"name\":\"Protesta por el par\u00f3n en las obras del nuevo Bracal - COPE Alcoy\",\"isPartOf\":{\"@id\":\"https:\\\/\\\/www.copealcoy.es\\\/es\\\/#website\"},\"primaryImageOfPage\":{\"@id\":\"https:\\\/\\\/www.copealcoy.es\\\/es\\\/protesta-por-el-paron-en-las-obras-del-nuevo-bracal\\\/#primaryimage\"},\"image\":{\"@id\":\"https:\\\/\\\/www.copealcoy.es\\\/es\\\/protesta-por-el-paron-en-las-obras-del-nuevo-bracal\\\/#primaryimage\"},\"thumbnailUrl\":\"https:\\\/\\\/www.copealcoy.es\\\/wp-content\\\/uploads\\\/2020\\\/02\\\/81041837_1567363903403030_1630139542818258944_n-1.jpg\",\"datePublished\":\"2020-02-08T09:00:05+00:00\",\"author\":{\"@id\":\"https:\\\/\\\/www.copealcoy.es\\\/es\\\/#\\\/schema\\\/person\\\/e777c87fa024e57d40170af9df39882c\"},\"breadcrumb\":{\"@id\":\"https:\\\/\\\/www.copealcoy.es\\\/es\\\/protesta-por-el-paron-en-las-obras-del-nuevo-bracal\\\/#breadcrumb\"},\"inLanguage\":\"es\",\"potentialAction\":[{\"@type\":\"ReadAction\",\"target\":[\"https:\\\/\\\/www.copealcoy.es\\\/es\\\/protesta-por-el-paron-en-las-obras-del-nuevo-bracal\\\/\"]}]},{\"@type\":\"ImageObject\",\"inLanguage\":\"es\",\"@id\":\"https:\\\/\\\/www.copealcoy.es\\\/es\\\/protesta-por-el-paron-en-las-obras-del-nuevo-bracal\\\/#primaryimage\",\"url\":\"https:\\\/\\\/www.copealcoy.es\\\/wp-content\\\/uploads\\\/2020\\\/02\\\/81041837_1567363903403030_1630139542818258944_n-1.jpg\",\"contentUrl\":\"https:\\\/\\\/www.copealcoy.es\\\/wp-content\\\/uploads\\\/2020\\\/02\\\/81041837_1567363903403030_1630139542818258944_n-1.jpg\",\"width\":960,\"height\":720,\"caption\":\"La concentraci\u00f3n tuvo lugar en la tarde de ayer\"},{\"@type\":\"BreadcrumbList\",\"@id\":\"https:\\\/\\\/www.copealcoy.es\\\/es\\\/protesta-por-el-paron-en-las-obras-del-nuevo-bracal\\\/#breadcrumb\",\"itemListElement\":[{\"@type\":\"ListItem\",\"position\":1,\"name\":\"Portada\",\"item\":\"https:\\\/\\\/www.copealcoy.es\\\/es\\\/\"},{\"@type\":\"ListItem\",\"position\":2,\"name\":\"Protesta por el par\u00f3n en las obras del nuevo Bracal\"}]},{\"@type\":\"WebSite\",\"@id\":\"https:\\\/\\\/www.copealcoy.es\\\/es\\\/#website\",\"url\":\"https:\\\/\\\/www.copealcoy.es\\\/es\\\/\",\"name\":\"COPE Alcoy\",\"description\":\"Emisora COPE de radio local con emisi\u00f3n online. Pont de Sant Jordi 8-10 03803 Alcoy\",\"potentialAction\":[{\"@type\":\"SearchAction\",\"target\":{\"@type\":\"EntryPoint\",\"urlTemplate\":\"https:\\\/\\\/www.copealcoy.es\\\/es\\\/?s={search_term_string}\"},\"query-input\":{\"@type\":\"PropertyValueSpecification\",\"valueRequired\":true,\"valueName\":\"search_term_string\"}}],\"inLanguage\":\"es\"},{\"@type\":\"Person\",\"@id\":\"https:\\\/\\\/www.copealcoy.es\\\/es\\\/#\\\/schema\\\/person\\\/e777c87fa024e57d40170af9df39882c\",\"name\":\"Cope Alcoy\",\"image\":{\"@type\":\"ImageObject\",\"inLanguage\":\"es\",\"@id\":\"https:\\\/\\\/secure.gravatar.com\\\/avatar\\\/bb65d0283347e303893ba14f0692005417c1e0e690a325a4c5d8bb2b3943ee14?s=96&d=mm&r=g\",\"url\":\"https:\\\/\\\/secure.gravatar.com\\\/avatar\\\/bb65d0283347e303893ba14f0692005417c1e0e690a325a4c5d8bb2b3943ee14?s=96&d=mm&r=g\",\"contentUrl\":\"https:\\\/\\\/secure.gravatar.com\\\/avatar\\\/bb65d0283347e303893ba14f0692005417c1e0e690a325a4c5d8bb2b3943ee14?s=96&d=mm&r=g\",\"caption\":\"Cope Alcoy\"}}]}<\/script>\n<!-- \/ Yoast SEO plugin. -->","yoast_head_json":{"title":"Protesta por el par\u00f3n en las obras del nuevo Bracal - COPE Alcoy","robots":{"index":"index","follow":"follow","max-snippet":"max-snippet:-1","max-image-preview":"max-image-preview:large","max-video-preview":"max-video-preview:-1"},"canonical":"https:\/\/www.copealcoy.es\/es\/protesta-por-el-paron-en-las-obras-del-nuevo-bracal\/","og_locale":"es_ES","og_type":"article","og_title":"Protesta por el par\u00f3n en las obras del nuevo Bracal - COPE Alcoy","og_description":"La Comunidad Educativa del Bracal, acompa\u00f1ada por centenares de personas de Muro, protagonizaron una protesta en la tarde de ayer...","og_url":"https:\/\/www.copealcoy.es\/es\/protesta-por-el-paron-en-las-obras-del-nuevo-bracal\/","og_site_name":"COPE Alcoy","article_published_time":"2020-02-08T09:00:05+00:00","og_image":[{"width":960,"height":720,"url":"https:\/\/www.copealcoy.es\/wp-content\/uploads\/2020\/02\/81041837_1567363903403030_1630139542818258944_n-1.jpg","type":"image\/jpeg"}],"author":"Cope Alcoy","twitter_misc":{"Escrito por":"Cope Alcoy","Tiempo de lectura":"1 minuto"},"schema":{"@context":"https:\/\/schema.org","@graph":[{"@type":"Article","@id":"https:\/\/www.copealcoy.es\/es\/protesta-por-el-paron-en-las-obras-del-nuevo-bracal\/#article","isPartOf":{"@id":"https:\/\/www.copealcoy.es\/es\/protesta-por-el-paron-en-las-obras-del-nuevo-bracal\/"},"author":{"name":"Cope Alcoy","@id":"https:\/\/www.copealcoy.es\/es\/#\/schema\/person\/e777c87fa024e57d40170af9df39882c"},"headline":"Protesta por el par\u00f3n en las obras del nuevo Bracal","datePublished":"2020-02-08T09:00:05+00:00","mainEntityOfPage":{"@id":"https:\/\/www.copealcoy.es\/es\/protesta-por-el-paron-en-las-obras-del-nuevo-bracal\/"},"wordCount":293,"commentCount":0,"image":{"@id":"https:\/\/www.copealcoy.es\/es\/protesta-por-el-paron-en-las-obras-del-nuevo-bracal\/#primaryimage"},"thumbnailUrl":"https:\/\/www.copealcoy.es\/wp-content\/uploads\/2020\/02\/81041837_1567363903403030_1630139542818258944_n-1.jpg","keywords":["Bracal de Muro","Concentraci\u00f3n","Obras","par\u00f3n","protesta"],"articleSection":["Comarcas","Noticias","Portada"],"inLanguage":"es"},{"@type":"WebPage","@id":"https:\/\/www.copealcoy.es\/es\/protesta-por-el-paron-en-las-obras-del-nuevo-bracal\/","url":"https:\/\/www.copealcoy.es\/es\/protesta-por-el-paron-en-las-obras-del-nuevo-bracal\/","name":"Protesta por el par\u00f3n en las obras del nuevo Bracal - COPE Alcoy","isPartOf":{"@id":"https:\/\/www.copealcoy.es\/es\/#website"},"primaryImageOfPage":{"@id":"https:\/\/www.copealcoy.es\/es\/protesta-por-el-paron-en-las-obras-del-nuevo-bracal\/#primaryimage"},"image":{"@id":"https:\/\/www.copealcoy.es\/es\/protesta-por-el-paron-en-las-obras-del-nuevo-bracal\/#primaryimage"},"thumbnailUrl":"https:\/\/www.copealcoy.es\/wp-content\/uploads\/2020\/02\/81041837_1567363903403030_1630139542818258944_n-1.jpg","datePublished":"2020-02-08T09:00:05+00:00","author":{"@id":"https:\/\/www.copealcoy.es\/es\/#\/schema\/person\/e777c87fa024e57d40170af9df39882c"},"breadcrumb":{"@id":"https:\/\/www.copealcoy.es\/es\/protesta-por-el-paron-en-las-obras-del-nuevo-bracal\/#breadcrumb"},"inLanguage":"es","potentialAction":[{"@type":"ReadAction","target":["https:\/\/www.copealcoy.es\/es\/protesta-por-el-paron-en-las-obras-del-nuevo-bracal\/"]}]},{"@type":"ImageObject","inLanguage":"es","@id":"https:\/\/www.copealcoy.es\/es\/protesta-por-el-paron-en-las-obras-del-nuevo-bracal\/#primaryimage","url":"https:\/\/www.copealcoy.es\/wp-content\/uploads\/2020\/02\/81041837_1567363903403030_1630139542818258944_n-1.jpg","contentUrl":"https:\/\/www.copealcoy.es\/wp-content\/uploads\/2020\/02\/81041837_1567363903403030_1630139542818258944_n-1.jpg","width":960,"height":720,"caption":"La concentraci\u00f3n tuvo lugar en la tarde de ayer"},{"@type":"BreadcrumbList","@id":"https:\/\/www.copealcoy.es\/es\/protesta-por-el-paron-en-las-obras-del-nuevo-bracal\/#breadcrumb","itemListElement":[{"@type":"ListItem","position":1,"name":"Portada","item":"https:\/\/www.copealcoy.es\/es\/"},{"@type":"ListItem","position":2,"name":"Protesta por el par\u00f3n en las obras del nuevo Bracal"}]},{"@type":"WebSite","@id":"https:\/\/www.copealcoy.es\/es\/#website","url":"https:\/\/www.copealcoy.es\/es\/","name":"COPE Alcoy","description":"Emisora COPE de radio local con emisi\u00f3n online. Pont de Sant Jordi 8-10 03803 Alcoy","potentialAction":[{"@type":"SearchAction","target":{"@type":"EntryPoint","urlTemplate":"https:\/\/www.copealcoy.es\/es\/?s={search_term_string}"},"query-input":{"@type":"PropertyValueSpecification","valueRequired":true,"valueName":"search_term_string"}}],"inLanguage":"es"},{"@type":"Person","@id":"https:\/\/www.copealcoy.es\/es\/#\/schema\/person\/e777c87fa024e57d40170af9df39882c","name":"Cope Alcoy","image":{"@type":"ImageObject","inLanguage":"es","@id":"https:\/\/secure.gravatar.com\/avatar\/bb65d0283347e303893ba14f0692005417c1e0e690a325a4c5d8bb2b3943ee14?s=96&d=mm&r=g","url":"https:\/\/secure.gravatar.com\/avatar\/bb65d0283347e303893ba14f0692005417c1e0e690a325a4c5d8bb2b3943ee14?s=96&d=mm&r=g","contentUrl":"https:\/\/secure.gravatar.com\/avatar\/bb65d0283347e303893ba14f0692005417c1e0e690a325a4c5d8bb2b3943ee14?s=96&d=mm&r=g","caption":"Cope Alcoy"}}]}},"_links":{"self":[{"href":"https:\/\/www.copealcoy.es\/es\/wp-json\/wp\/v2\/posts\/59677","targetHints":{"allow":["GET"]}}],"collection":[{"href":"https:\/\/www.copealcoy.es\/es\/wp-json\/wp\/v2\/posts"}],"about":[{"href":"https:\/\/www.copealcoy.es\/es\/wp-json\/wp\/v2\/types\/post"}],"author":[{"embeddable":true,"href":"https:\/\/www.copealcoy.es\/es\/wp-json\/wp\/v2\/users\/1"}],"replies":[{"embeddable":true,"href":"https:\/\/www.copealcoy.es\/es\/wp-json\/wp\/v2\/comments?post=59677"}],"version-history":[{"count":0,"href":"https:\/\/www.copealcoy.es\/es\/wp-json\/wp\/v2\/posts\/59677\/revisions"}],"wp:featuredmedia":[{"embeddable":true,"href":"https:\/\/www.copealcoy.es\/es\/wp-json\/wp\/v2\/media\/59678"}],"wp:attachment":[{"href":"https:\/\/www.copealcoy.es\/es\/wp-json\/wp\/v2\/media?parent=59677"}],"wp:term":[{"taxonomy":"category","embeddable":true,"href":"https:\/\/www.copealcoy.es\/es\/wp-json\/wp\/v2\/categories?post=59677"},{"taxonomy":"post_tag","embeddable":true,"href":"https:\/\/www.copealcoy.es\/es\/wp-json\/wp\/v2\/tags?post=59677"}],"curies":[{"name":"wp","href":"https:\/\/api.w.org\/{rel}","templated":true}]}}