{"id":59631,"date":"2020-02-06T16:05:14","date_gmt":"2020-02-06T16:05:14","guid":{"rendered":"https:\/\/www.copealcoy.es\/?p=59631"},"modified":"2020-02-06T16:05:14","modified_gmt":"2020-02-06T16:05:14","slug":"los-tecnicos-del-ive-empiezan-a-revisar-los-edificios-del-centro","status":"publish","type":"post","link":"https:\/\/www.copealcoy.es\/es\/los-tecnicos-del-ive-empiezan-a-revisar-los-edificios-del-centro\/","title":{"rendered":"Los t\u00e9cnicos del IVE empiezan a revisar los edificios del Centro"},"content":{"rendered":"<p style=\"text-align: justify;\">Los <strong>t\u00e9cnicos del Instituto Valenciano de Edificaci\u00f3n (IVE)<\/strong> llegaron ayer a Alcoy para <strong>iniciar el proceso de revisi\u00f3n de los inmuebles del Centro<\/strong> de la ciudad.<\/p>\n<p style=\"text-align: justify;\">Estas actuaciones <strong>han comenzado por la zona del Raval Vell, la Placeta Les Eres as\u00ed como la calle La Sardina<\/strong> y en esta actuaci\u00f3n inicial se est\u00e1n analizando <strong>un total de sesenta edificaciones<\/strong>. Los primeros en los que se est\u00e1 interviniendo\u00a0<span style=\"font-size: inherit;\">son aquellos que, t\u00e9cnicamente, <strong>pueden tener mayor riesgo estructural<\/strong> al mismo tiempo que este proceso<\/span><span style=\"font-size: inherit;\">\u00a0<strong>servir\u00e1 para hacer una composici\u00f3n del parque de edificios del Centro de la ciudad<\/strong>. Tras esto, seg\u00fan informa el Ayuntamiento de Alcoy,\u00a0<\/span><span style=\"font-size: inherit;\">diferentes equipos de personas, coordinados por los expertos; <strong>realizar\u00e1n el diagn\u00f3stico de esos 400-500 de edificios de m\u00e1s de 50 a\u00f1os en un plazo de pocas semanas<\/strong>. Finalmente <strong>se utilizar\u00e1n colores para clasificar el estado de las casas<\/strong> siendo <strong>el verde<\/strong> para definir <\/span><span style=\"font-size: inherit;\">aquellos edificios que est\u00e1n en buenas condiciones, <strong>el<\/strong>\u00a0<strong>amarillo<\/strong> para en los que se detectan problemas y se tiene que actuar y <strong>el rojo<\/strong> cuando se considere que se tiene que prohibir el acceso en la vivienda por los riesgos que supone.<\/span><\/p>\n<p style=\"text-align: justify;\">La edil de Urbanismo, <strong>Lorena Zamorano<\/strong>, indica que\u00a0estos diagn\u00f3sticos est\u00e1n realizados por el IVE y\u00a0<strong>son asumidos econ\u00f3micamente por la Conseller\u00eda de Vivienda<\/strong>. Adem\u00e1s se\u00f1ala que la visita para realizar los diagn\u00f3stico de los edificios\u00a0<strong>con los propietarios<\/strong>, los cuales est\u00e1n obligados a cumplir con <strong>la legislaci\u00f3n vigente<\/strong> &#8220;<em>iniciamos hoy, los diagn\u00f3sticos de los edificios de m\u00e1s de 50 a\u00f1os, en todo el centro de Alcoy en tiempo r\u00e9cord, dando respuesta a la situaci\u00f3n de excepcionalidad que Alcoy ha vivido con el temporal y conseguido la ayuda necesaria, a trav\u00e9s del IVE y de la Conseller\u00eda, para realizar esta \u00abfoto fija\u00bb de c\u00f3mo est\u00e1 el parque de edificios en el centro de Alcoy. En pocas semanas tendremos una importante informaci\u00f3n que nos permitir\u00e1 concretar, de manera objetiva realista y sensata, las medidas que tenemos que aplicar teniendo en cuenta a las diferentes administraciones porque el Ayuntamiento no tiene capacidad por s\u00ed solo, y tambi\u00e9n contando con constructores, empresas del sector y propietarios privados<\/em>&#8220;, afirma.<\/p>\n<p style=\"text-align: justify;\"><span style=\"font-size: inherit;\">Apuntar que la evaluaci\u00f3n de los edificios del Centro de Alcoy <strong>la est\u00e1n realizando los mismos t\u00e9cnicos<\/strong> que <strong>trabajaron en la Vega Baja el pasado oto\u00f1o<\/strong> para <strong>analizar las consecuencias que la DANA<\/strong> tuvo en los edificios de esta zona de la Comunidad Valenciana.\u00a0<\/span><\/p>\n","protected":false},"excerpt":{"rendered":"<p>Los t\u00e9cnicos del Instituto Valenciano de Edificaci\u00f3n (IVE) llegaron ayer a Alcoy para iniciar el proceso de revisi\u00f3n de los&#8230;<\/p>\n","protected":false},"author":1,"featured_media":59632,"comment_status":"open","ping_status":"open","sticky":false,"template":"","format":"standard","meta":{"footnotes":""},"categories":[97,75,125],"tags":[1494,295,4566,1796,7106,7107],"class_list":["post-59631","post","type-post","status-publish","format-standard","has-post-thumbnail","hentry","category-alcoy","category-noticias","category-portada","tag-alcoy","tag-centro","tag-edificios","tag-lorena-zamorano","tag-revision","tag-tecnicos-ive"],"yoast_head":"<!-- This site is optimized with the Yoast SEO plugin v27.3 - https:\/\/yoast.com\/product\/yoast-seo-wordpress\/ -->\n<title>Los t\u00e9cnicos del IVE empiezan a revisar los edificios del Centro - COPE Alcoy<\/title>\n<meta name=\"robots\" content=\"index, follow, max-snippet:-1, max-image-preview:large, max-video-preview:-1\" \/>\n<link rel=\"canonical\" href=\"https:\/\/www.copealcoy.es\/es\/los-tecnicos-del-ive-empiezan-a-revisar-los-edificios-del-centro\/\" \/>\n<meta property=\"og:locale\" content=\"es_ES\" \/>\n<meta property=\"og:type\" content=\"article\" \/>\n<meta property=\"og:title\" content=\"Los t\u00e9cnicos del IVE empiezan a revisar los edificios del Centro - COPE Alcoy\" \/>\n<meta property=\"og:description\" content=\"Los t\u00e9cnicos del Instituto Valenciano de Edificaci\u00f3n (IVE) llegaron ayer a Alcoy para iniciar el proceso de revisi\u00f3n de los...\" \/>\n<meta property=\"og:url\" content=\"https:\/\/www.copealcoy.es\/es\/los-tecnicos-del-ive-empiezan-a-revisar-los-edificios-del-centro\/\" \/>\n<meta property=\"og:site_name\" content=\"COPE Alcoy\" \/>\n<meta property=\"article:published_time\" content=\"2020-02-06T16:05:14+00:00\" \/>\n<meta property=\"og:image\" content=\"https:\/\/www.copealcoy.es\/wp-content\/uploads\/2020\/02\/inspeccions1-e1581005071738-1.jpg\" \/>\n\t<meta property=\"og:image:width\" content=\"1600\" \/>\n\t<meta property=\"og:image:height\" content=\"868\" \/>\n\t<meta property=\"og:image:type\" content=\"image\/jpeg\" \/>\n<meta name=\"author\" content=\"Cope Alcoy\" \/>\n<meta name=\"twitter:label1\" content=\"Escrito por\" \/>\n\t<meta name=\"twitter:data1\" content=\"Cope Alcoy\" \/>\n\t<meta name=\"twitter:label2\" content=\"Tiempo de lectura\" \/>\n\t<meta name=\"twitter:data2\" content=\"2 minutos\" \/>\n<script type=\"application\/ld+json\" class=\"yoast-schema-graph\">{\"@context\":\"https:\\\/\\\/schema.org\",\"@graph\":[{\"@type\":\"Article\",\"@id\":\"https:\\\/\\\/www.copealcoy.es\\\/es\\\/los-tecnicos-del-ive-empiezan-a-revisar-los-edificios-del-centro\\\/#article\",\"isPartOf\":{\"@id\":\"https:\\\/\\\/www.copealcoy.es\\\/es\\\/los-tecnicos-del-ive-empiezan-a-revisar-los-edificios-del-centro\\\/\"},\"author\":{\"name\":\"Cope Alcoy\",\"@id\":\"https:\\\/\\\/www.copealcoy.es\\\/es\\\/#\\\/schema\\\/person\\\/e777c87fa024e57d40170af9df39882c\"},\"headline\":\"Los t\u00e9cnicos del IVE empiezan a revisar los edificios del Centro\",\"datePublished\":\"2020-02-06T16:05:14+00:00\",\"mainEntityOfPage\":{\"@id\":\"https:\\\/\\\/www.copealcoy.es\\\/es\\\/los-tecnicos-del-ive-empiezan-a-revisar-los-edificios-del-centro\\\/\"},\"wordCount\":445,\"commentCount\":0,\"image\":{\"@id\":\"https:\\\/\\\/www.copealcoy.es\\\/es\\\/los-tecnicos-del-ive-empiezan-a-revisar-los-edificios-del-centro\\\/#primaryimage\"},\"thumbnailUrl\":\"https:\\\/\\\/www.copealcoy.es\\\/wp-content\\\/uploads\\\/2020\\\/02\\\/inspeccions1-e1581005071738-1.jpg\",\"keywords\":[\"Alcoy\",\"Centro\",\"edificios\",\"Lorena Zamorano\",\"revisi\u00f3n\",\"t\u00e9cnicos IVE\"],\"articleSection\":[\"Alcoy\",\"Noticias\",\"Portada\"],\"inLanguage\":\"es\"},{\"@type\":\"WebPage\",\"@id\":\"https:\\\/\\\/www.copealcoy.es\\\/es\\\/los-tecnicos-del-ive-empiezan-a-revisar-los-edificios-del-centro\\\/\",\"url\":\"https:\\\/\\\/www.copealcoy.es\\\/es\\\/los-tecnicos-del-ive-empiezan-a-revisar-los-edificios-del-centro\\\/\",\"name\":\"Los t\u00e9cnicos del IVE empiezan a revisar los edificios del Centro - COPE Alcoy\",\"isPartOf\":{\"@id\":\"https:\\\/\\\/www.copealcoy.es\\\/es\\\/#website\"},\"primaryImageOfPage\":{\"@id\":\"https:\\\/\\\/www.copealcoy.es\\\/es\\\/los-tecnicos-del-ive-empiezan-a-revisar-los-edificios-del-centro\\\/#primaryimage\"},\"image\":{\"@id\":\"https:\\\/\\\/www.copealcoy.es\\\/es\\\/los-tecnicos-del-ive-empiezan-a-revisar-los-edificios-del-centro\\\/#primaryimage\"},\"thumbnailUrl\":\"https:\\\/\\\/www.copealcoy.es\\\/wp-content\\\/uploads\\\/2020\\\/02\\\/inspeccions1-e1581005071738-1.jpg\",\"datePublished\":\"2020-02-06T16:05:14+00:00\",\"author\":{\"@id\":\"https:\\\/\\\/www.copealcoy.es\\\/es\\\/#\\\/schema\\\/person\\\/e777c87fa024e57d40170af9df39882c\"},\"breadcrumb\":{\"@id\":\"https:\\\/\\\/www.copealcoy.es\\\/es\\\/los-tecnicos-del-ive-empiezan-a-revisar-los-edificios-del-centro\\\/#breadcrumb\"},\"inLanguage\":\"es\",\"potentialAction\":[{\"@type\":\"ReadAction\",\"target\":[\"https:\\\/\\\/www.copealcoy.es\\\/es\\\/los-tecnicos-del-ive-empiezan-a-revisar-los-edificios-del-centro\\\/\"]}]},{\"@type\":\"ImageObject\",\"inLanguage\":\"es\",\"@id\":\"https:\\\/\\\/www.copealcoy.es\\\/es\\\/los-tecnicos-del-ive-empiezan-a-revisar-los-edificios-del-centro\\\/#primaryimage\",\"url\":\"https:\\\/\\\/www.copealcoy.es\\\/wp-content\\\/uploads\\\/2020\\\/02\\\/inspeccions1-e1581005071738-1.jpg\",\"contentUrl\":\"https:\\\/\\\/www.copealcoy.es\\\/wp-content\\\/uploads\\\/2020\\\/02\\\/inspeccions1-e1581005071738-1.jpg\",\"width\":1600,\"height\":868,\"caption\":\"Las inspecciones comenzaron en la jornada de ayer \\\/ Foto: Ajuntament d'Alcoi\"},{\"@type\":\"BreadcrumbList\",\"@id\":\"https:\\\/\\\/www.copealcoy.es\\\/es\\\/los-tecnicos-del-ive-empiezan-a-revisar-los-edificios-del-centro\\\/#breadcrumb\",\"itemListElement\":[{\"@type\":\"ListItem\",\"position\":1,\"name\":\"Portada\",\"item\":\"https:\\\/\\\/www.copealcoy.es\\\/es\\\/\"},{\"@type\":\"ListItem\",\"position\":2,\"name\":\"Los t\u00e9cnicos del IVE empiezan a revisar los edificios del Centro\"}]},{\"@type\":\"WebSite\",\"@id\":\"https:\\\/\\\/www.copealcoy.es\\\/es\\\/#website\",\"url\":\"https:\\\/\\\/www.copealcoy.es\\\/es\\\/\",\"name\":\"COPE Alcoy\",\"description\":\"Emisora COPE de radio local con emisi\u00f3n online. Pont de Sant Jordi 8-10 03803 Alcoy\",\"potentialAction\":[{\"@type\":\"SearchAction\",\"target\":{\"@type\":\"EntryPoint\",\"urlTemplate\":\"https:\\\/\\\/www.copealcoy.es\\\/es\\\/?s={search_term_string}\"},\"query-input\":{\"@type\":\"PropertyValueSpecification\",\"valueRequired\":true,\"valueName\":\"search_term_string\"}}],\"inLanguage\":\"es\"},{\"@type\":\"Person\",\"@id\":\"https:\\\/\\\/www.copealcoy.es\\\/es\\\/#\\\/schema\\\/person\\\/e777c87fa024e57d40170af9df39882c\",\"name\":\"Cope Alcoy\",\"image\":{\"@type\":\"ImageObject\",\"inLanguage\":\"es\",\"@id\":\"https:\\\/\\\/secure.gravatar.com\\\/avatar\\\/bb65d0283347e303893ba14f0692005417c1e0e690a325a4c5d8bb2b3943ee14?s=96&d=mm&r=g\",\"url\":\"https:\\\/\\\/secure.gravatar.com\\\/avatar\\\/bb65d0283347e303893ba14f0692005417c1e0e690a325a4c5d8bb2b3943ee14?s=96&d=mm&r=g\",\"contentUrl\":\"https:\\\/\\\/secure.gravatar.com\\\/avatar\\\/bb65d0283347e303893ba14f0692005417c1e0e690a325a4c5d8bb2b3943ee14?s=96&d=mm&r=g\",\"caption\":\"Cope Alcoy\"}}]}<\/script>\n<!-- \/ Yoast SEO plugin. -->","yoast_head_json":{"title":"Los t\u00e9cnicos del IVE empiezan a revisar los edificios del Centro - COPE Alcoy","robots":{"index":"index","follow":"follow","max-snippet":"max-snippet:-1","max-image-preview":"max-image-preview:large","max-video-preview":"max-video-preview:-1"},"canonical":"https:\/\/www.copealcoy.es\/es\/los-tecnicos-del-ive-empiezan-a-revisar-los-edificios-del-centro\/","og_locale":"es_ES","og_type":"article","og_title":"Los t\u00e9cnicos del IVE empiezan a revisar los edificios del Centro - COPE Alcoy","og_description":"Los t\u00e9cnicos del Instituto Valenciano de Edificaci\u00f3n (IVE) llegaron ayer a Alcoy para iniciar el proceso de revisi\u00f3n de los...","og_url":"https:\/\/www.copealcoy.es\/es\/los-tecnicos-del-ive-empiezan-a-revisar-los-edificios-del-centro\/","og_site_name":"COPE Alcoy","article_published_time":"2020-02-06T16:05:14+00:00","og_image":[{"width":1600,"height":868,"url":"https:\/\/www.copealcoy.es\/wp-content\/uploads\/2020\/02\/inspeccions1-e1581005071738-1.jpg","type":"image\/jpeg"}],"author":"Cope Alcoy","twitter_misc":{"Escrito por":"Cope Alcoy","Tiempo de lectura":"2 minutos"},"schema":{"@context":"https:\/\/schema.org","@graph":[{"@type":"Article","@id":"https:\/\/www.copealcoy.es\/es\/los-tecnicos-del-ive-empiezan-a-revisar-los-edificios-del-centro\/#article","isPartOf":{"@id":"https:\/\/www.copealcoy.es\/es\/los-tecnicos-del-ive-empiezan-a-revisar-los-edificios-del-centro\/"},"author":{"name":"Cope Alcoy","@id":"https:\/\/www.copealcoy.es\/es\/#\/schema\/person\/e777c87fa024e57d40170af9df39882c"},"headline":"Los t\u00e9cnicos del IVE empiezan a revisar los edificios del Centro","datePublished":"2020-02-06T16:05:14+00:00","mainEntityOfPage":{"@id":"https:\/\/www.copealcoy.es\/es\/los-tecnicos-del-ive-empiezan-a-revisar-los-edificios-del-centro\/"},"wordCount":445,"commentCount":0,"image":{"@id":"https:\/\/www.copealcoy.es\/es\/los-tecnicos-del-ive-empiezan-a-revisar-los-edificios-del-centro\/#primaryimage"},"thumbnailUrl":"https:\/\/www.copealcoy.es\/wp-content\/uploads\/2020\/02\/inspeccions1-e1581005071738-1.jpg","keywords":["Alcoy","Centro","edificios","Lorena Zamorano","revisi\u00f3n","t\u00e9cnicos IVE"],"articleSection":["Alcoy","Noticias","Portada"],"inLanguage":"es"},{"@type":"WebPage","@id":"https:\/\/www.copealcoy.es\/es\/los-tecnicos-del-ive-empiezan-a-revisar-los-edificios-del-centro\/","url":"https:\/\/www.copealcoy.es\/es\/los-tecnicos-del-ive-empiezan-a-revisar-los-edificios-del-centro\/","name":"Los t\u00e9cnicos del IVE empiezan a revisar los edificios del Centro - COPE Alcoy","isPartOf":{"@id":"https:\/\/www.copealcoy.es\/es\/#website"},"primaryImageOfPage":{"@id":"https:\/\/www.copealcoy.es\/es\/los-tecnicos-del-ive-empiezan-a-revisar-los-edificios-del-centro\/#primaryimage"},"image":{"@id":"https:\/\/www.copealcoy.es\/es\/los-tecnicos-del-ive-empiezan-a-revisar-los-edificios-del-centro\/#primaryimage"},"thumbnailUrl":"https:\/\/www.copealcoy.es\/wp-content\/uploads\/2020\/02\/inspeccions1-e1581005071738-1.jpg","datePublished":"2020-02-06T16:05:14+00:00","author":{"@id":"https:\/\/www.copealcoy.es\/es\/#\/schema\/person\/e777c87fa024e57d40170af9df39882c"},"breadcrumb":{"@id":"https:\/\/www.copealcoy.es\/es\/los-tecnicos-del-ive-empiezan-a-revisar-los-edificios-del-centro\/#breadcrumb"},"inLanguage":"es","potentialAction":[{"@type":"ReadAction","target":["https:\/\/www.copealcoy.es\/es\/los-tecnicos-del-ive-empiezan-a-revisar-los-edificios-del-centro\/"]}]},{"@type":"ImageObject","inLanguage":"es","@id":"https:\/\/www.copealcoy.es\/es\/los-tecnicos-del-ive-empiezan-a-revisar-los-edificios-del-centro\/#primaryimage","url":"https:\/\/www.copealcoy.es\/wp-content\/uploads\/2020\/02\/inspeccions1-e1581005071738-1.jpg","contentUrl":"https:\/\/www.copealcoy.es\/wp-content\/uploads\/2020\/02\/inspeccions1-e1581005071738-1.jpg","width":1600,"height":868,"caption":"Las inspecciones comenzaron en la jornada de ayer \/ Foto: Ajuntament d'Alcoi"},{"@type":"BreadcrumbList","@id":"https:\/\/www.copealcoy.es\/es\/los-tecnicos-del-ive-empiezan-a-revisar-los-edificios-del-centro\/#breadcrumb","itemListElement":[{"@type":"ListItem","position":1,"name":"Portada","item":"https:\/\/www.copealcoy.es\/es\/"},{"@type":"ListItem","position":2,"name":"Los t\u00e9cnicos del IVE empiezan a revisar los edificios del Centro"}]},{"@type":"WebSite","@id":"https:\/\/www.copealcoy.es\/es\/#website","url":"https:\/\/www.copealcoy.es\/es\/","name":"COPE Alcoy","description":"Emisora COPE de radio local con emisi\u00f3n online. Pont de Sant Jordi 8-10 03803 Alcoy","potentialAction":[{"@type":"SearchAction","target":{"@type":"EntryPoint","urlTemplate":"https:\/\/www.copealcoy.es\/es\/?s={search_term_string}"},"query-input":{"@type":"PropertyValueSpecification","valueRequired":true,"valueName":"search_term_string"}}],"inLanguage":"es"},{"@type":"Person","@id":"https:\/\/www.copealcoy.es\/es\/#\/schema\/person\/e777c87fa024e57d40170af9df39882c","name":"Cope Alcoy","image":{"@type":"ImageObject","inLanguage":"es","@id":"https:\/\/secure.gravatar.com\/avatar\/bb65d0283347e303893ba14f0692005417c1e0e690a325a4c5d8bb2b3943ee14?s=96&d=mm&r=g","url":"https:\/\/secure.gravatar.com\/avatar\/bb65d0283347e303893ba14f0692005417c1e0e690a325a4c5d8bb2b3943ee14?s=96&d=mm&r=g","contentUrl":"https:\/\/secure.gravatar.com\/avatar\/bb65d0283347e303893ba14f0692005417c1e0e690a325a4c5d8bb2b3943ee14?s=96&d=mm&r=g","caption":"Cope Alcoy"}}]}},"_links":{"self":[{"href":"https:\/\/www.copealcoy.es\/es\/wp-json\/wp\/v2\/posts\/59631","targetHints":{"allow":["GET"]}}],"collection":[{"href":"https:\/\/www.copealcoy.es\/es\/wp-json\/wp\/v2\/posts"}],"about":[{"href":"https:\/\/www.copealcoy.es\/es\/wp-json\/wp\/v2\/types\/post"}],"author":[{"embeddable":true,"href":"https:\/\/www.copealcoy.es\/es\/wp-json\/wp\/v2\/users\/1"}],"replies":[{"embeddable":true,"href":"https:\/\/www.copealcoy.es\/es\/wp-json\/wp\/v2\/comments?post=59631"}],"version-history":[{"count":0,"href":"https:\/\/www.copealcoy.es\/es\/wp-json\/wp\/v2\/posts\/59631\/revisions"}],"wp:featuredmedia":[{"embeddable":true,"href":"https:\/\/www.copealcoy.es\/es\/wp-json\/wp\/v2\/media\/59632"}],"wp:attachment":[{"href":"https:\/\/www.copealcoy.es\/es\/wp-json\/wp\/v2\/media?parent=59631"}],"wp:term":[{"taxonomy":"category","embeddable":true,"href":"https:\/\/www.copealcoy.es\/es\/wp-json\/wp\/v2\/categories?post=59631"},{"taxonomy":"post_tag","embeddable":true,"href":"https:\/\/www.copealcoy.es\/es\/wp-json\/wp\/v2\/tags?post=59631"}],"curies":[{"name":"wp","href":"https:\/\/api.w.org\/{rel}","templated":true}]}}