{"id":59625,"date":"2020-02-06T15:56:12","date_gmt":"2020-02-06T15:56:12","guid":{"rendered":"https:\/\/www.copealcoy.es\/?p=59625"},"modified":"2020-02-06T15:56:12","modified_gmt":"2020-02-06T15:56:12","slug":"el-pp-propone-reconocimientos-para-los-comerciantes-centenarios","status":"publish","type":"post","link":"https:\/\/www.copealcoy.es\/es\/el-pp-propone-reconocimientos-para-los-comerciantes-centenarios\/","title":{"rendered":"El PP propone reconocimientos para los comerciantes centenarios"},"content":{"rendered":"<p style=\"text-align: justify;\">El <strong>Partido Popular de Alcoy<\/strong> propone l<strong>a creaci\u00f3n de un reconocimiento a la trayectoria de empresas y negocios<\/strong> con <strong>mayor antig\u00fcedad<\/strong> en la ciudad. El objetivo de esta iniciativa, seg\u00fan destacan los populares,\u00a0 <strong>es valorar y conceder visibilidad<\/strong> al &#8220;<em>esfuerzo y dedicaci\u00f3n<\/em>&#8221; de <strong>los negocios m\u00e1s longevos<\/strong> de la ciudad.<\/p>\n<p style=\"text-align: justify;\">El PP presenta la petici\u00f3n a trav\u00e9s de un ruego en <strong>el Pleno Municipal<\/strong> del pr\u00f3ximo viernes. Asimismo <strong>la formaci\u00f3n pol\u00edtica indica que en las 25 propuestas<\/strong> para dinamizar el comercio de Alcoy <strong>dentro del Plan de Acci\u00f3n Comercial<\/strong> tambi\u00e9n figura <strong>una l\u00ednea estrat\u00e9gica de reconocimiento a la labor del comercio minorista<\/strong> &#8220;<em>los negocios y empresas con una dilatada trayectoria temporal forman parte de la historia de la ciudad y son un ejemplo de constancia, trabajo y esfuerzo. En el caso concreto de los comercios, diferentes planes municipales abogan por este tipo de medidas. El Plan de Modernizaci\u00f3n Comercial recoge una partida asignada para la realizaci\u00f3n de un inventario de comercios hist\u00f3ricos. En la misma l\u00ednea, la Estrategia de reactivaci\u00f3n econ\u00f3mica del Centro marca como fortaleza del comercio su originalidad, sabor tradicional y singularidad<\/em>&#8220;, afirma.<\/p>\n<p style=\"text-align: justify;\">La propuesta, seg\u00fan informa el PP, <strong>ha sido presentada previamente<\/strong> a las asociaciones comerciales, a la Federaci\u00f3n de Empresarios de L\u2019Alcoi\u00e0 y El Comtat y a la C\u00e1mara de Comercio.<\/p>\n","protected":false},"excerpt":{"rendered":"<p>El Partido Popular de Alcoy propone la creaci\u00f3n de un reconocimiento a la trayectoria de empresas y negocios con mayor&#8230;<\/p>\n","protected":false},"author":1,"featured_media":59626,"comment_status":"open","ping_status":"open","sticky":false,"template":"","format":"standard","meta":{"footnotes":""},"categories":[97,75,79],"tags":[1494,7105,7038,448,603],"class_list":["post-59625","post","type-post","status-publish","format-standard","has-post-thumbnail","hentry","category-alcoy","category-noticias","category-politicayeconomia","tag-alcoy","tag-comercios-centenarios","tag-lirios-garcia","tag-partido-popular","tag-reconocimiento"],"yoast_head":"<!-- This site is optimized with the Yoast SEO plugin v27.3 - https:\/\/yoast.com\/product\/yoast-seo-wordpress\/ -->\n<title>El PP propone reconocimientos para los comerciantes centenarios - COPE Alcoy<\/title>\n<meta name=\"robots\" content=\"index, follow, max-snippet:-1, max-image-preview:large, max-video-preview:-1\" \/>\n<link rel=\"canonical\" href=\"https:\/\/www.copealcoy.es\/es\/el-pp-propone-reconocimientos-para-los-comerciantes-centenarios\/\" \/>\n<meta property=\"og:locale\" content=\"es_ES\" \/>\n<meta property=\"og:type\" content=\"article\" \/>\n<meta property=\"og:title\" content=\"El PP propone reconocimientos para los comerciantes centenarios - COPE Alcoy\" \/>\n<meta property=\"og:description\" content=\"El Partido Popular de Alcoy propone la creaci\u00f3n de un reconocimiento a la trayectoria de empresas y negocios con mayor...\" \/>\n<meta property=\"og:url\" content=\"https:\/\/www.copealcoy.es\/es\/el-pp-propone-reconocimientos-para-los-comerciantes-centenarios\/\" \/>\n<meta property=\"og:site_name\" content=\"COPE Alcoy\" \/>\n<meta property=\"article:published_time\" content=\"2020-02-06T15:56:12+00:00\" \/>\n<meta property=\"og:image\" content=\"https:\/\/www.copealcoy.es\/wp-content\/uploads\/2020\/02\/farmacia-del-Campanar-1080x675-1.jpeg\" \/>\n\t<meta property=\"og:image:width\" content=\"1080\" \/>\n\t<meta property=\"og:image:height\" content=\"675\" \/>\n\t<meta property=\"og:image:type\" content=\"image\/jpeg\" \/>\n<meta name=\"author\" content=\"Cope Alcoy\" \/>\n<meta name=\"twitter:label1\" content=\"Escrito por\" \/>\n\t<meta name=\"twitter:data1\" content=\"Cope Alcoy\" \/>\n\t<meta name=\"twitter:label2\" content=\"Tiempo de lectura\" \/>\n\t<meta name=\"twitter:data2\" content=\"1 minuto\" \/>\n<script type=\"application\/ld+json\" class=\"yoast-schema-graph\">{\"@context\":\"https:\\\/\\\/schema.org\",\"@graph\":[{\"@type\":\"Article\",\"@id\":\"https:\\\/\\\/www.copealcoy.es\\\/es\\\/el-pp-propone-reconocimientos-para-los-comerciantes-centenarios\\\/#article\",\"isPartOf\":{\"@id\":\"https:\\\/\\\/www.copealcoy.es\\\/es\\\/el-pp-propone-reconocimientos-para-los-comerciantes-centenarios\\\/\"},\"author\":{\"name\":\"Cope Alcoy\",\"@id\":\"https:\\\/\\\/www.copealcoy.es\\\/es\\\/#\\\/schema\\\/person\\\/e777c87fa024e57d40170af9df39882c\"},\"headline\":\"El PP propone reconocimientos para los comerciantes centenarios\",\"datePublished\":\"2020-02-06T15:56:12+00:00\",\"mainEntityOfPage\":{\"@id\":\"https:\\\/\\\/www.copealcoy.es\\\/es\\\/el-pp-propone-reconocimientos-para-los-comerciantes-centenarios\\\/\"},\"wordCount\":246,\"commentCount\":0,\"image\":{\"@id\":\"https:\\\/\\\/www.copealcoy.es\\\/es\\\/el-pp-propone-reconocimientos-para-los-comerciantes-centenarios\\\/#primaryimage\"},\"thumbnailUrl\":\"https:\\\/\\\/www.copealcoy.es\\\/wp-content\\\/uploads\\\/2020\\\/02\\\/farmacia-del-Campanar-1080x675-1.jpeg\",\"keywords\":[\"Alcoy\",\"comercios centenarios\",\"Lirios Garc\u00eda\",\"Partido Popular\",\"Reconocimiento\"],\"articleSection\":[\"Alcoy\",\"Noticias\",\"Pol\u00edtica y Econom\u00eda\"],\"inLanguage\":\"es\"},{\"@type\":\"WebPage\",\"@id\":\"https:\\\/\\\/www.copealcoy.es\\\/es\\\/el-pp-propone-reconocimientos-para-los-comerciantes-centenarios\\\/\",\"url\":\"https:\\\/\\\/www.copealcoy.es\\\/es\\\/el-pp-propone-reconocimientos-para-los-comerciantes-centenarios\\\/\",\"name\":\"El PP propone reconocimientos para los comerciantes centenarios - COPE Alcoy\",\"isPartOf\":{\"@id\":\"https:\\\/\\\/www.copealcoy.es\\\/es\\\/#website\"},\"primaryImageOfPage\":{\"@id\":\"https:\\\/\\\/www.copealcoy.es\\\/es\\\/el-pp-propone-reconocimientos-para-los-comerciantes-centenarios\\\/#primaryimage\"},\"image\":{\"@id\":\"https:\\\/\\\/www.copealcoy.es\\\/es\\\/el-pp-propone-reconocimientos-para-los-comerciantes-centenarios\\\/#primaryimage\"},\"thumbnailUrl\":\"https:\\\/\\\/www.copealcoy.es\\\/wp-content\\\/uploads\\\/2020\\\/02\\\/farmacia-del-Campanar-1080x675-1.jpeg\",\"datePublished\":\"2020-02-06T15:56:12+00:00\",\"author\":{\"@id\":\"https:\\\/\\\/www.copealcoy.es\\\/es\\\/#\\\/schema\\\/person\\\/e777c87fa024e57d40170af9df39882c\"},\"breadcrumb\":{\"@id\":\"https:\\\/\\\/www.copealcoy.es\\\/es\\\/el-pp-propone-reconocimientos-para-los-comerciantes-centenarios\\\/#breadcrumb\"},\"inLanguage\":\"es\",\"potentialAction\":[{\"@type\":\"ReadAction\",\"target\":[\"https:\\\/\\\/www.copealcoy.es\\\/es\\\/el-pp-propone-reconocimientos-para-los-comerciantes-centenarios\\\/\"]}]},{\"@type\":\"ImageObject\",\"inLanguage\":\"es\",\"@id\":\"https:\\\/\\\/www.copealcoy.es\\\/es\\\/el-pp-propone-reconocimientos-para-los-comerciantes-centenarios\\\/#primaryimage\",\"url\":\"https:\\\/\\\/www.copealcoy.es\\\/wp-content\\\/uploads\\\/2020\\\/02\\\/farmacia-del-Campanar-1080x675-1.jpeg\",\"contentUrl\":\"https:\\\/\\\/www.copealcoy.es\\\/wp-content\\\/uploads\\\/2020\\\/02\\\/farmacia-del-Campanar-1080x675-1.jpeg\",\"width\":1080,\"height\":675,\"caption\":\"La Farmacia del Campanar es uno de los establecimientos emblem\u00e1ticos de Alcoy\"},{\"@type\":\"BreadcrumbList\",\"@id\":\"https:\\\/\\\/www.copealcoy.es\\\/es\\\/el-pp-propone-reconocimientos-para-los-comerciantes-centenarios\\\/#breadcrumb\",\"itemListElement\":[{\"@type\":\"ListItem\",\"position\":1,\"name\":\"Portada\",\"item\":\"https:\\\/\\\/www.copealcoy.es\\\/es\\\/\"},{\"@type\":\"ListItem\",\"position\":2,\"name\":\"El PP propone reconocimientos para los comerciantes centenarios\"}]},{\"@type\":\"WebSite\",\"@id\":\"https:\\\/\\\/www.copealcoy.es\\\/es\\\/#website\",\"url\":\"https:\\\/\\\/www.copealcoy.es\\\/es\\\/\",\"name\":\"COPE Alcoy\",\"description\":\"Emisora COPE de radio local con emisi\u00f3n online. Pont de Sant Jordi 8-10 03803 Alcoy\",\"potentialAction\":[{\"@type\":\"SearchAction\",\"target\":{\"@type\":\"EntryPoint\",\"urlTemplate\":\"https:\\\/\\\/www.copealcoy.es\\\/es\\\/?s={search_term_string}\"},\"query-input\":{\"@type\":\"PropertyValueSpecification\",\"valueRequired\":true,\"valueName\":\"search_term_string\"}}],\"inLanguage\":\"es\"},{\"@type\":\"Person\",\"@id\":\"https:\\\/\\\/www.copealcoy.es\\\/es\\\/#\\\/schema\\\/person\\\/e777c87fa024e57d40170af9df39882c\",\"name\":\"Cope Alcoy\",\"image\":{\"@type\":\"ImageObject\",\"inLanguage\":\"es\",\"@id\":\"https:\\\/\\\/secure.gravatar.com\\\/avatar\\\/bb65d0283347e303893ba14f0692005417c1e0e690a325a4c5d8bb2b3943ee14?s=96&d=mm&r=g\",\"url\":\"https:\\\/\\\/secure.gravatar.com\\\/avatar\\\/bb65d0283347e303893ba14f0692005417c1e0e690a325a4c5d8bb2b3943ee14?s=96&d=mm&r=g\",\"contentUrl\":\"https:\\\/\\\/secure.gravatar.com\\\/avatar\\\/bb65d0283347e303893ba14f0692005417c1e0e690a325a4c5d8bb2b3943ee14?s=96&d=mm&r=g\",\"caption\":\"Cope Alcoy\"}}]}<\/script>\n<!-- \/ Yoast SEO plugin. -->","yoast_head_json":{"title":"El PP propone reconocimientos para los comerciantes centenarios - COPE Alcoy","robots":{"index":"index","follow":"follow","max-snippet":"max-snippet:-1","max-image-preview":"max-image-preview:large","max-video-preview":"max-video-preview:-1"},"canonical":"https:\/\/www.copealcoy.es\/es\/el-pp-propone-reconocimientos-para-los-comerciantes-centenarios\/","og_locale":"es_ES","og_type":"article","og_title":"El PP propone reconocimientos para los comerciantes centenarios - COPE Alcoy","og_description":"El Partido Popular de Alcoy propone la creaci\u00f3n de un reconocimiento a la trayectoria de empresas y negocios con mayor...","og_url":"https:\/\/www.copealcoy.es\/es\/el-pp-propone-reconocimientos-para-los-comerciantes-centenarios\/","og_site_name":"COPE Alcoy","article_published_time":"2020-02-06T15:56:12+00:00","og_image":[{"width":1080,"height":675,"url":"https:\/\/www.copealcoy.es\/wp-content\/uploads\/2020\/02\/farmacia-del-Campanar-1080x675-1.jpeg","type":"image\/jpeg"}],"author":"Cope Alcoy","twitter_misc":{"Escrito por":"Cope Alcoy","Tiempo de lectura":"1 minuto"},"schema":{"@context":"https:\/\/schema.org","@graph":[{"@type":"Article","@id":"https:\/\/www.copealcoy.es\/es\/el-pp-propone-reconocimientos-para-los-comerciantes-centenarios\/#article","isPartOf":{"@id":"https:\/\/www.copealcoy.es\/es\/el-pp-propone-reconocimientos-para-los-comerciantes-centenarios\/"},"author":{"name":"Cope Alcoy","@id":"https:\/\/www.copealcoy.es\/es\/#\/schema\/person\/e777c87fa024e57d40170af9df39882c"},"headline":"El PP propone reconocimientos para los comerciantes centenarios","datePublished":"2020-02-06T15:56:12+00:00","mainEntityOfPage":{"@id":"https:\/\/www.copealcoy.es\/es\/el-pp-propone-reconocimientos-para-los-comerciantes-centenarios\/"},"wordCount":246,"commentCount":0,"image":{"@id":"https:\/\/www.copealcoy.es\/es\/el-pp-propone-reconocimientos-para-los-comerciantes-centenarios\/#primaryimage"},"thumbnailUrl":"https:\/\/www.copealcoy.es\/wp-content\/uploads\/2020\/02\/farmacia-del-Campanar-1080x675-1.jpeg","keywords":["Alcoy","comercios centenarios","Lirios Garc\u00eda","Partido Popular","Reconocimiento"],"articleSection":["Alcoy","Noticias","Pol\u00edtica y Econom\u00eda"],"inLanguage":"es"},{"@type":"WebPage","@id":"https:\/\/www.copealcoy.es\/es\/el-pp-propone-reconocimientos-para-los-comerciantes-centenarios\/","url":"https:\/\/www.copealcoy.es\/es\/el-pp-propone-reconocimientos-para-los-comerciantes-centenarios\/","name":"El PP propone reconocimientos para los comerciantes centenarios - COPE Alcoy","isPartOf":{"@id":"https:\/\/www.copealcoy.es\/es\/#website"},"primaryImageOfPage":{"@id":"https:\/\/www.copealcoy.es\/es\/el-pp-propone-reconocimientos-para-los-comerciantes-centenarios\/#primaryimage"},"image":{"@id":"https:\/\/www.copealcoy.es\/es\/el-pp-propone-reconocimientos-para-los-comerciantes-centenarios\/#primaryimage"},"thumbnailUrl":"https:\/\/www.copealcoy.es\/wp-content\/uploads\/2020\/02\/farmacia-del-Campanar-1080x675-1.jpeg","datePublished":"2020-02-06T15:56:12+00:00","author":{"@id":"https:\/\/www.copealcoy.es\/es\/#\/schema\/person\/e777c87fa024e57d40170af9df39882c"},"breadcrumb":{"@id":"https:\/\/www.copealcoy.es\/es\/el-pp-propone-reconocimientos-para-los-comerciantes-centenarios\/#breadcrumb"},"inLanguage":"es","potentialAction":[{"@type":"ReadAction","target":["https:\/\/www.copealcoy.es\/es\/el-pp-propone-reconocimientos-para-los-comerciantes-centenarios\/"]}]},{"@type":"ImageObject","inLanguage":"es","@id":"https:\/\/www.copealcoy.es\/es\/el-pp-propone-reconocimientos-para-los-comerciantes-centenarios\/#primaryimage","url":"https:\/\/www.copealcoy.es\/wp-content\/uploads\/2020\/02\/farmacia-del-Campanar-1080x675-1.jpeg","contentUrl":"https:\/\/www.copealcoy.es\/wp-content\/uploads\/2020\/02\/farmacia-del-Campanar-1080x675-1.jpeg","width":1080,"height":675,"caption":"La Farmacia del Campanar es uno de los establecimientos emblem\u00e1ticos de Alcoy"},{"@type":"BreadcrumbList","@id":"https:\/\/www.copealcoy.es\/es\/el-pp-propone-reconocimientos-para-los-comerciantes-centenarios\/#breadcrumb","itemListElement":[{"@type":"ListItem","position":1,"name":"Portada","item":"https:\/\/www.copealcoy.es\/es\/"},{"@type":"ListItem","position":2,"name":"El PP propone reconocimientos para los comerciantes centenarios"}]},{"@type":"WebSite","@id":"https:\/\/www.copealcoy.es\/es\/#website","url":"https:\/\/www.copealcoy.es\/es\/","name":"COPE Alcoy","description":"Emisora COPE de radio local con emisi\u00f3n online. Pont de Sant Jordi 8-10 03803 Alcoy","potentialAction":[{"@type":"SearchAction","target":{"@type":"EntryPoint","urlTemplate":"https:\/\/www.copealcoy.es\/es\/?s={search_term_string}"},"query-input":{"@type":"PropertyValueSpecification","valueRequired":true,"valueName":"search_term_string"}}],"inLanguage":"es"},{"@type":"Person","@id":"https:\/\/www.copealcoy.es\/es\/#\/schema\/person\/e777c87fa024e57d40170af9df39882c","name":"Cope Alcoy","image":{"@type":"ImageObject","inLanguage":"es","@id":"https:\/\/secure.gravatar.com\/avatar\/bb65d0283347e303893ba14f0692005417c1e0e690a325a4c5d8bb2b3943ee14?s=96&d=mm&r=g","url":"https:\/\/secure.gravatar.com\/avatar\/bb65d0283347e303893ba14f0692005417c1e0e690a325a4c5d8bb2b3943ee14?s=96&d=mm&r=g","contentUrl":"https:\/\/secure.gravatar.com\/avatar\/bb65d0283347e303893ba14f0692005417c1e0e690a325a4c5d8bb2b3943ee14?s=96&d=mm&r=g","caption":"Cope Alcoy"}}]}},"_links":{"self":[{"href":"https:\/\/www.copealcoy.es\/es\/wp-json\/wp\/v2\/posts\/59625","targetHints":{"allow":["GET"]}}],"collection":[{"href":"https:\/\/www.copealcoy.es\/es\/wp-json\/wp\/v2\/posts"}],"about":[{"href":"https:\/\/www.copealcoy.es\/es\/wp-json\/wp\/v2\/types\/post"}],"author":[{"embeddable":true,"href":"https:\/\/www.copealcoy.es\/es\/wp-json\/wp\/v2\/users\/1"}],"replies":[{"embeddable":true,"href":"https:\/\/www.copealcoy.es\/es\/wp-json\/wp\/v2\/comments?post=59625"}],"version-history":[{"count":0,"href":"https:\/\/www.copealcoy.es\/es\/wp-json\/wp\/v2\/posts\/59625\/revisions"}],"wp:featuredmedia":[{"embeddable":true,"href":"https:\/\/www.copealcoy.es\/es\/wp-json\/wp\/v2\/media\/59626"}],"wp:attachment":[{"href":"https:\/\/www.copealcoy.es\/es\/wp-json\/wp\/v2\/media?parent=59625"}],"wp:term":[{"taxonomy":"category","embeddable":true,"href":"https:\/\/www.copealcoy.es\/es\/wp-json\/wp\/v2\/categories?post=59625"},{"taxonomy":"post_tag","embeddable":true,"href":"https:\/\/www.copealcoy.es\/es\/wp-json\/wp\/v2\/tags?post=59625"}],"curies":[{"name":"wp","href":"https:\/\/api.w.org\/{rel}","templated":true}]}}