{"id":59575,"date":"2020-02-05T12:49:02","date_gmt":"2020-02-05T12:49:02","guid":{"rendered":"https:\/\/www.copealcoy.es\/?p=59575"},"modified":"2020-02-05T12:49:02","modified_gmt":"2020-02-05T12:49:02","slug":"el-presupuesto-de-2020-incrementa-en-18-millones-la-partida-de-personal","status":"publish","type":"post","link":"https:\/\/www.copealcoy.es\/es\/el-presupuesto-de-2020-incrementa-en-18-millones-la-partida-de-personal\/","title":{"rendered":"El Presupuesto de 2020 incrementa en 1&#8217;8 millones la partida de personal"},"content":{"rendered":"<p style=\"text-align: justify;\">El <strong>Presupuesto Municipal del Ayuntamiento de Alcoy de 2020<\/strong>, cuyo borrador present\u00f3 el Gobierno Municipal del PSOE a principios de esta semana, contempla <strong>un incremento de la partida de personal de 1\u20198 millones de euros<\/strong>. Esto se traduce en que <strong>la cuant\u00eda econ\u00f3mica<\/strong> destinada para tal fin <strong>se situar\u00e1 en torno a los veinte millones de euros<\/strong> y desde el Ejecutivo Local indican que <strong>la citada partida<\/strong> &#8220;<em>crece cada a\u00f1o por la necesidad de cubrir las vacantes de la administraci\u00f3n local as\u00ed como el fomento del empleo p\u00fablico<\/em>&#8220;, afirmaba la edil de Hacienda, <strong>Vanessa Molt\u00f3<\/strong>, el pasado lunes.<\/p>\n<p style=\"text-align: justify;\">Los socialistas remarcan que el Presupuesto, <strong>que asciende a los 59.8 millones de euros<\/strong>, es ajustado y <strong>busca promover<\/strong>\u00a0la puesta en marcha de medidas de dinamizaci\u00f3n econ\u00f3mica, fomento del empleo, sostenibilidad, pol\u00edticas sociales y el mantenimiento de la ciudad.<\/p>\n<p style=\"text-align: justify;\">Recordar que el Gobierno Local tiene intenci\u00f3n de convocar <strong>un Pleno Extraordinario para el\u00a0 pr\u00f3ximo 21 de febrero<\/strong> con el fin de debatir en el mismo los Presupuestos y aprobarlos con el fin de que entren en vigor en el mes de marzo.<\/p>\n<p><iframe loading=\"lazy\" title=\"RP Pressupost 2020 amb l&#039;alcalde, Toni Franc\u00e9s\" width=\"1200\" height=\"675\" src=\"https:\/\/www.youtube.com\/embed\/pJXU9S7AX-Q?feature=oembed\" frameborder=\"0\" allow=\"accelerometer; autoplay; encrypted-media; gyroscope; picture-in-picture\" allowfullscreen><\/iframe>    \t<\/p>\n","protected":false},"excerpt":{"rendered":"<p>El Presupuesto Municipal del Ayuntamiento de Alcoy de 2020, cuyo borrador present\u00f3 el Gobierno Municipal del PSOE a principios de&#8230;<\/p>\n","protected":false},"author":1,"featured_media":9803,"comment_status":"open","ping_status":"open","sticky":false,"template":"","format":"standard","meta":{"footnotes":""},"categories":[97,75,125],"tags":[7097,6921,1494,7098,298,2034],"class_list":["post-59575","post","type-post","status-publish","format-standard","has-post-thumbnail","hentry","category-alcoy","category-noticias","category-portada","tag-18-millones-de-euros","tag-6921","tag-alcoy","tag-partida-personal","tag-presupuesto","tag-vanessa-molto"],"yoast_head":"<!-- This site is optimized with the Yoast SEO plugin v27.3 - https:\/\/yoast.com\/product\/yoast-seo-wordpress\/ -->\n<title>El Presupuesto de 2020 incrementa en 1&#039;8 millones la partida de personal - COPE Alcoy<\/title>\n<meta name=\"robots\" content=\"index, follow, max-snippet:-1, max-image-preview:large, max-video-preview:-1\" \/>\n<link rel=\"canonical\" href=\"https:\/\/www.copealcoy.es\/es\/el-presupuesto-de-2020-incrementa-en-18-millones-la-partida-de-personal\/\" \/>\n<meta property=\"og:locale\" content=\"es_ES\" \/>\n<meta property=\"og:type\" content=\"article\" \/>\n<meta property=\"og:title\" content=\"El Presupuesto de 2020 incrementa en 1&#039;8 millones la partida de personal - COPE Alcoy\" \/>\n<meta property=\"og:description\" content=\"El Presupuesto Municipal del Ayuntamiento de Alcoy de 2020, cuyo borrador present\u00f3 el Gobierno Municipal del PSOE a principios de...\" \/>\n<meta property=\"og:url\" content=\"https:\/\/www.copealcoy.es\/es\/el-presupuesto-de-2020-incrementa-en-18-millones-la-partida-de-personal\/\" \/>\n<meta property=\"og:site_name\" content=\"COPE Alcoy\" \/>\n<meta property=\"article:published_time\" content=\"2020-02-05T12:49:02+00:00\" \/>\n<meta property=\"og:image\" content=\"https:\/\/www.copealcoy.es\/wp-content\/uploads\/2015\/01\/image85.jpg\" \/>\n\t<meta property=\"og:image:width\" content=\"1366\" \/>\n\t<meta property=\"og:image:height\" content=\"827\" \/>\n\t<meta property=\"og:image:type\" content=\"image\/jpeg\" \/>\n<meta name=\"author\" content=\"Cope Alcoy\" \/>\n<meta name=\"twitter:label1\" content=\"Escrito por\" \/>\n\t<meta name=\"twitter:data1\" content=\"Cope Alcoy\" \/>\n\t<meta name=\"twitter:label2\" content=\"Tiempo de lectura\" \/>\n\t<meta name=\"twitter:data2\" content=\"1 minuto\" \/>\n<script type=\"application\/ld+json\" class=\"yoast-schema-graph\">{\"@context\":\"https:\\\/\\\/schema.org\",\"@graph\":[{\"@type\":\"Article\",\"@id\":\"https:\\\/\\\/www.copealcoy.es\\\/es\\\/el-presupuesto-de-2020-incrementa-en-18-millones-la-partida-de-personal\\\/#article\",\"isPartOf\":{\"@id\":\"https:\\\/\\\/www.copealcoy.es\\\/es\\\/el-presupuesto-de-2020-incrementa-en-18-millones-la-partida-de-personal\\\/\"},\"author\":{\"name\":\"Cope Alcoy\",\"@id\":\"https:\\\/\\\/www.copealcoy.es\\\/es\\\/#\\\/schema\\\/person\\\/e777c87fa024e57d40170af9df39882c\"},\"headline\":\"El Presupuesto de 2020 incrementa en 1&#8217;8 millones la partida de personal\",\"datePublished\":\"2020-02-05T12:49:02+00:00\",\"mainEntityOfPage\":{\"@id\":\"https:\\\/\\\/www.copealcoy.es\\\/es\\\/el-presupuesto-de-2020-incrementa-en-18-millones-la-partida-de-personal\\\/\"},\"wordCount\":206,\"commentCount\":0,\"image\":{\"@id\":\"https:\\\/\\\/www.copealcoy.es\\\/es\\\/el-presupuesto-de-2020-incrementa-en-18-millones-la-partida-de-personal\\\/#primaryimage\"},\"thumbnailUrl\":\"https:\\\/\\\/www.copealcoy.es\\\/wp-content\\\/uploads\\\/2015\\\/01\\\/image85.jpg\",\"keywords\":[\"1'8 millones de euros\",\"2020\",\"Alcoy\",\"partida personal\",\"presupuesto\",\"Vanessa Molt\u00f3\"],\"articleSection\":[\"Alcoy\",\"Noticias\",\"Portada\"],\"inLanguage\":\"es\"},{\"@type\":\"WebPage\",\"@id\":\"https:\\\/\\\/www.copealcoy.es\\\/es\\\/el-presupuesto-de-2020-incrementa-en-18-millones-la-partida-de-personal\\\/\",\"url\":\"https:\\\/\\\/www.copealcoy.es\\\/es\\\/el-presupuesto-de-2020-incrementa-en-18-millones-la-partida-de-personal\\\/\",\"name\":\"El Presupuesto de 2020 incrementa en 1'8 millones la partida de personal - COPE Alcoy\",\"isPartOf\":{\"@id\":\"https:\\\/\\\/www.copealcoy.es\\\/es\\\/#website\"},\"primaryImageOfPage\":{\"@id\":\"https:\\\/\\\/www.copealcoy.es\\\/es\\\/el-presupuesto-de-2020-incrementa-en-18-millones-la-partida-de-personal\\\/#primaryimage\"},\"image\":{\"@id\":\"https:\\\/\\\/www.copealcoy.es\\\/es\\\/el-presupuesto-de-2020-incrementa-en-18-millones-la-partida-de-personal\\\/#primaryimage\"},\"thumbnailUrl\":\"https:\\\/\\\/www.copealcoy.es\\\/wp-content\\\/uploads\\\/2015\\\/01\\\/image85.jpg\",\"datePublished\":\"2020-02-05T12:49:02+00:00\",\"author\":{\"@id\":\"https:\\\/\\\/www.copealcoy.es\\\/es\\\/#\\\/schema\\\/person\\\/e777c87fa024e57d40170af9df39882c\"},\"breadcrumb\":{\"@id\":\"https:\\\/\\\/www.copealcoy.es\\\/es\\\/el-presupuesto-de-2020-incrementa-en-18-millones-la-partida-de-personal\\\/#breadcrumb\"},\"inLanguage\":\"es\",\"potentialAction\":[{\"@type\":\"ReadAction\",\"target\":[\"https:\\\/\\\/www.copealcoy.es\\\/es\\\/el-presupuesto-de-2020-incrementa-en-18-millones-la-partida-de-personal\\\/\"]}]},{\"@type\":\"ImageObject\",\"inLanguage\":\"es\",\"@id\":\"https:\\\/\\\/www.copealcoy.es\\\/es\\\/el-presupuesto-de-2020-incrementa-en-18-millones-la-partida-de-personal\\\/#primaryimage\",\"url\":\"https:\\\/\\\/www.copealcoy.es\\\/wp-content\\\/uploads\\\/2015\\\/01\\\/image85.jpg\",\"contentUrl\":\"https:\\\/\\\/www.copealcoy.es\\\/wp-content\\\/uploads\\\/2015\\\/01\\\/image85.jpg\",\"width\":1366,\"height\":827,\"caption\":\"Imagen del Ayuntamiento de Alcoy\"},{\"@type\":\"BreadcrumbList\",\"@id\":\"https:\\\/\\\/www.copealcoy.es\\\/es\\\/el-presupuesto-de-2020-incrementa-en-18-millones-la-partida-de-personal\\\/#breadcrumb\",\"itemListElement\":[{\"@type\":\"ListItem\",\"position\":1,\"name\":\"Portada\",\"item\":\"https:\\\/\\\/www.copealcoy.es\\\/es\\\/\"},{\"@type\":\"ListItem\",\"position\":2,\"name\":\"El Presupuesto de 2020 incrementa en 1&#8217;8 millones la partida de personal\"}]},{\"@type\":\"WebSite\",\"@id\":\"https:\\\/\\\/www.copealcoy.es\\\/es\\\/#website\",\"url\":\"https:\\\/\\\/www.copealcoy.es\\\/es\\\/\",\"name\":\"COPE Alcoy\",\"description\":\"Emisora COPE de radio local con emisi\u00f3n online. Pont de Sant Jordi 8-10 03803 Alcoy\",\"potentialAction\":[{\"@type\":\"SearchAction\",\"target\":{\"@type\":\"EntryPoint\",\"urlTemplate\":\"https:\\\/\\\/www.copealcoy.es\\\/es\\\/?s={search_term_string}\"},\"query-input\":{\"@type\":\"PropertyValueSpecification\",\"valueRequired\":true,\"valueName\":\"search_term_string\"}}],\"inLanguage\":\"es\"},{\"@type\":\"Person\",\"@id\":\"https:\\\/\\\/www.copealcoy.es\\\/es\\\/#\\\/schema\\\/person\\\/e777c87fa024e57d40170af9df39882c\",\"name\":\"Cope Alcoy\",\"image\":{\"@type\":\"ImageObject\",\"inLanguage\":\"es\",\"@id\":\"https:\\\/\\\/secure.gravatar.com\\\/avatar\\\/bb65d0283347e303893ba14f0692005417c1e0e690a325a4c5d8bb2b3943ee14?s=96&d=mm&r=g\",\"url\":\"https:\\\/\\\/secure.gravatar.com\\\/avatar\\\/bb65d0283347e303893ba14f0692005417c1e0e690a325a4c5d8bb2b3943ee14?s=96&d=mm&r=g\",\"contentUrl\":\"https:\\\/\\\/secure.gravatar.com\\\/avatar\\\/bb65d0283347e303893ba14f0692005417c1e0e690a325a4c5d8bb2b3943ee14?s=96&d=mm&r=g\",\"caption\":\"Cope Alcoy\"}}]}<\/script>\n<!-- \/ Yoast SEO plugin. -->","yoast_head_json":{"title":"El Presupuesto de 2020 incrementa en 1'8 millones la partida de personal - COPE Alcoy","robots":{"index":"index","follow":"follow","max-snippet":"max-snippet:-1","max-image-preview":"max-image-preview:large","max-video-preview":"max-video-preview:-1"},"canonical":"https:\/\/www.copealcoy.es\/es\/el-presupuesto-de-2020-incrementa-en-18-millones-la-partida-de-personal\/","og_locale":"es_ES","og_type":"article","og_title":"El Presupuesto de 2020 incrementa en 1'8 millones la partida de personal - COPE Alcoy","og_description":"El Presupuesto Municipal del Ayuntamiento de Alcoy de 2020, cuyo borrador present\u00f3 el Gobierno Municipal del PSOE a principios de...","og_url":"https:\/\/www.copealcoy.es\/es\/el-presupuesto-de-2020-incrementa-en-18-millones-la-partida-de-personal\/","og_site_name":"COPE Alcoy","article_published_time":"2020-02-05T12:49:02+00:00","og_image":[{"width":1366,"height":827,"url":"https:\/\/www.copealcoy.es\/wp-content\/uploads\/2015\/01\/image85.jpg","type":"image\/jpeg"}],"author":"Cope Alcoy","twitter_misc":{"Escrito por":"Cope Alcoy","Tiempo de lectura":"1 minuto"},"schema":{"@context":"https:\/\/schema.org","@graph":[{"@type":"Article","@id":"https:\/\/www.copealcoy.es\/es\/el-presupuesto-de-2020-incrementa-en-18-millones-la-partida-de-personal\/#article","isPartOf":{"@id":"https:\/\/www.copealcoy.es\/es\/el-presupuesto-de-2020-incrementa-en-18-millones-la-partida-de-personal\/"},"author":{"name":"Cope Alcoy","@id":"https:\/\/www.copealcoy.es\/es\/#\/schema\/person\/e777c87fa024e57d40170af9df39882c"},"headline":"El Presupuesto de 2020 incrementa en 1&#8217;8 millones la partida de personal","datePublished":"2020-02-05T12:49:02+00:00","mainEntityOfPage":{"@id":"https:\/\/www.copealcoy.es\/es\/el-presupuesto-de-2020-incrementa-en-18-millones-la-partida-de-personal\/"},"wordCount":206,"commentCount":0,"image":{"@id":"https:\/\/www.copealcoy.es\/es\/el-presupuesto-de-2020-incrementa-en-18-millones-la-partida-de-personal\/#primaryimage"},"thumbnailUrl":"https:\/\/www.copealcoy.es\/wp-content\/uploads\/2015\/01\/image85.jpg","keywords":["1'8 millones de euros","2020","Alcoy","partida personal","presupuesto","Vanessa Molt\u00f3"],"articleSection":["Alcoy","Noticias","Portada"],"inLanguage":"es"},{"@type":"WebPage","@id":"https:\/\/www.copealcoy.es\/es\/el-presupuesto-de-2020-incrementa-en-18-millones-la-partida-de-personal\/","url":"https:\/\/www.copealcoy.es\/es\/el-presupuesto-de-2020-incrementa-en-18-millones-la-partida-de-personal\/","name":"El Presupuesto de 2020 incrementa en 1'8 millones la partida de personal - COPE Alcoy","isPartOf":{"@id":"https:\/\/www.copealcoy.es\/es\/#website"},"primaryImageOfPage":{"@id":"https:\/\/www.copealcoy.es\/es\/el-presupuesto-de-2020-incrementa-en-18-millones-la-partida-de-personal\/#primaryimage"},"image":{"@id":"https:\/\/www.copealcoy.es\/es\/el-presupuesto-de-2020-incrementa-en-18-millones-la-partida-de-personal\/#primaryimage"},"thumbnailUrl":"https:\/\/www.copealcoy.es\/wp-content\/uploads\/2015\/01\/image85.jpg","datePublished":"2020-02-05T12:49:02+00:00","author":{"@id":"https:\/\/www.copealcoy.es\/es\/#\/schema\/person\/e777c87fa024e57d40170af9df39882c"},"breadcrumb":{"@id":"https:\/\/www.copealcoy.es\/es\/el-presupuesto-de-2020-incrementa-en-18-millones-la-partida-de-personal\/#breadcrumb"},"inLanguage":"es","potentialAction":[{"@type":"ReadAction","target":["https:\/\/www.copealcoy.es\/es\/el-presupuesto-de-2020-incrementa-en-18-millones-la-partida-de-personal\/"]}]},{"@type":"ImageObject","inLanguage":"es","@id":"https:\/\/www.copealcoy.es\/es\/el-presupuesto-de-2020-incrementa-en-18-millones-la-partida-de-personal\/#primaryimage","url":"https:\/\/www.copealcoy.es\/wp-content\/uploads\/2015\/01\/image85.jpg","contentUrl":"https:\/\/www.copealcoy.es\/wp-content\/uploads\/2015\/01\/image85.jpg","width":1366,"height":827,"caption":"Imagen del Ayuntamiento de Alcoy"},{"@type":"BreadcrumbList","@id":"https:\/\/www.copealcoy.es\/es\/el-presupuesto-de-2020-incrementa-en-18-millones-la-partida-de-personal\/#breadcrumb","itemListElement":[{"@type":"ListItem","position":1,"name":"Portada","item":"https:\/\/www.copealcoy.es\/es\/"},{"@type":"ListItem","position":2,"name":"El Presupuesto de 2020 incrementa en 1&#8217;8 millones la partida de personal"}]},{"@type":"WebSite","@id":"https:\/\/www.copealcoy.es\/es\/#website","url":"https:\/\/www.copealcoy.es\/es\/","name":"COPE Alcoy","description":"Emisora COPE de radio local con emisi\u00f3n online. Pont de Sant Jordi 8-10 03803 Alcoy","potentialAction":[{"@type":"SearchAction","target":{"@type":"EntryPoint","urlTemplate":"https:\/\/www.copealcoy.es\/es\/?s={search_term_string}"},"query-input":{"@type":"PropertyValueSpecification","valueRequired":true,"valueName":"search_term_string"}}],"inLanguage":"es"},{"@type":"Person","@id":"https:\/\/www.copealcoy.es\/es\/#\/schema\/person\/e777c87fa024e57d40170af9df39882c","name":"Cope Alcoy","image":{"@type":"ImageObject","inLanguage":"es","@id":"https:\/\/secure.gravatar.com\/avatar\/bb65d0283347e303893ba14f0692005417c1e0e690a325a4c5d8bb2b3943ee14?s=96&d=mm&r=g","url":"https:\/\/secure.gravatar.com\/avatar\/bb65d0283347e303893ba14f0692005417c1e0e690a325a4c5d8bb2b3943ee14?s=96&d=mm&r=g","contentUrl":"https:\/\/secure.gravatar.com\/avatar\/bb65d0283347e303893ba14f0692005417c1e0e690a325a4c5d8bb2b3943ee14?s=96&d=mm&r=g","caption":"Cope Alcoy"}}]}},"_links":{"self":[{"href":"https:\/\/www.copealcoy.es\/es\/wp-json\/wp\/v2\/posts\/59575","targetHints":{"allow":["GET"]}}],"collection":[{"href":"https:\/\/www.copealcoy.es\/es\/wp-json\/wp\/v2\/posts"}],"about":[{"href":"https:\/\/www.copealcoy.es\/es\/wp-json\/wp\/v2\/types\/post"}],"author":[{"embeddable":true,"href":"https:\/\/www.copealcoy.es\/es\/wp-json\/wp\/v2\/users\/1"}],"replies":[{"embeddable":true,"href":"https:\/\/www.copealcoy.es\/es\/wp-json\/wp\/v2\/comments?post=59575"}],"version-history":[{"count":0,"href":"https:\/\/www.copealcoy.es\/es\/wp-json\/wp\/v2\/posts\/59575\/revisions"}],"wp:featuredmedia":[{"embeddable":true,"href":"https:\/\/www.copealcoy.es\/es\/wp-json\/wp\/v2\/media\/9803"}],"wp:attachment":[{"href":"https:\/\/www.copealcoy.es\/es\/wp-json\/wp\/v2\/media?parent=59575"}],"wp:term":[{"taxonomy":"category","embeddable":true,"href":"https:\/\/www.copealcoy.es\/es\/wp-json\/wp\/v2\/categories?post=59575"},{"taxonomy":"post_tag","embeddable":true,"href":"https:\/\/www.copealcoy.es\/es\/wp-json\/wp\/v2\/tags?post=59575"}],"curies":[{"name":"wp","href":"https:\/\/api.w.org\/{rel}","templated":true}]}}