{"id":59535,"date":"2020-02-04T12:54:12","date_gmt":"2020-02-04T12:54:12","guid":{"rendered":"https:\/\/www.copealcoy.es\/?p=59535"},"modified":"2020-02-04T12:54:12","modified_gmt":"2020-02-04T12:54:12","slug":"gilberto-dobon-crea-el-cartel-anunciador-de-la-mostra","status":"publish","type":"post","link":"https:\/\/www.copealcoy.es\/es\/gilberto-dobon-crea-el-cartel-anunciador-de-la-mostra\/","title":{"rendered":"Gilberto Dob\u00f3n crea el cartel anunciador de La Mostra"},"content":{"rendered":"<p style=\"text-align: justify;\">El alcoyano <strong>Gilberto Dob\u00f3n<\/strong> es el autor del <strong>cartel anunciador<\/strong> de <strong>la Mostra de Teatre de Alcoy del 2020<\/strong>, un certamen que <strong>se celebrar\u00e1 del 25 al 28 de mayo<\/strong> y para la que se han recibido <strong>m\u00e1s de 500 propuestas teatrales<\/strong> en las solicitudes de participaci\u00f3n.<\/p>\n<p style=\"text-align: justify;\">La obra, seg\u00fan explica su propio autor, <strong>hace un gui\u00f1o al sector industrial de Alcoy<\/strong> y apuesta por <strong>una m\u00e1scara que refleja a la comedia rodeada de numerosos utensilios<\/strong> como las tipograf\u00edas de madera\u00a0<em>&#8220;va en l\u00ednea del anterior que hice y he querido alejarme de la tragedia para dar m\u00e1s protagonismo al teatro de objetos<\/em>&#8220;, asevera.\u00a0<strong>\u00a0<\/strong>Por su parte el Director de La Mostra, <strong>Miquel Santamar\u00eda<\/strong>, afirma que y<strong>a ha comenzado el proceso de selecci\u00f3n de las propuestas teatrales<\/strong> que se podr\u00e1n ver en la ciudad a finales del mes de mayo &#8220;<em>de las m\u00e1s de quinientas recibidas, 100 son de la Comunidad Valenciana y pronto se configurar\u00e1 toda la programaci\u00f3n para promocionar todos los espect\u00e1culos<\/em>&#8220;, asevera. Asimismo el concejal de Cultura en el Ayuntamiento de Alcoy, <strong>Ra\u00fcl Llopis<\/strong>, ha anunciado que <strong>la Mostra de Teatre del 2020 estar\u00e1 dedicada al recientemente fallecido Pep Cort\u00e9s<\/strong> &#8220;<em>es un homenaje a uno de nuestros actores m\u00e1s prol\u00edficos que se complementar\u00e1 con nuevas iniciativas que ya se est\u00e1n perfilando con las entidades teatrales de Alcoy. Por ahora podemos avanzar que el Premi Ciutat d&#8217;Alcoi de Teatre llevar\u00e1 el nombre de Pep Cort\u00e9s<\/em>&#8220;, asever\u00f3.<\/p>\n<p style=\"text-align: justify;\">Apuntar que este \u00faltimo galard\u00f3n <strong>se enmarcar\u00e1 dentro de los llamados Premis Ciutat d&#8217;Alcoi<\/strong> que por ahora incluir\u00e1n tambi\u00e9n<strong> uno de novela<\/strong> bajo el nombre de <strong>Isabel-Clara Sim\u00f3<\/strong>.<\/p>\n","protected":false},"excerpt":{"rendered":"<p>El alcoyano Gilberto Dob\u00f3n es el autor del cartel anunciador de la Mostra de Teatre de Alcoy del 2020, un&#8230;<\/p>\n","protected":false},"author":1,"featured_media":59536,"comment_status":"open","ping_status":"open","sticky":false,"template":"","format":"standard","meta":{"footnotes":""},"categories":[97,78,75],"tags":[1494,3660,7087,1076],"class_list":["post-59535","post","type-post","status-publish","format-standard","has-post-thumbnail","hentry","category-alcoy","category-fiestaycultura","category-noticias","tag-alcoy","tag-cartel-anunciador","tag-gilberto-dobon","tag-mostra-de-teatre"],"yoast_head":"<!-- This site is optimized with the Yoast SEO plugin v27.3 - https:\/\/yoast.com\/product\/yoast-seo-wordpress\/ -->\n<title>Gilberto Dob\u00f3n crea el cartel anunciador de La Mostra - COPE Alcoy<\/title>\n<meta name=\"robots\" content=\"index, follow, max-snippet:-1, max-image-preview:large, max-video-preview:-1\" \/>\n<link rel=\"canonical\" href=\"https:\/\/www.copealcoy.es\/es\/gilberto-dobon-crea-el-cartel-anunciador-de-la-mostra\/\" \/>\n<meta property=\"og:locale\" content=\"es_ES\" \/>\n<meta property=\"og:type\" content=\"article\" \/>\n<meta property=\"og:title\" content=\"Gilberto Dob\u00f3n crea el cartel anunciador de La Mostra - COPE Alcoy\" \/>\n<meta property=\"og:description\" content=\"El alcoyano Gilberto Dob\u00f3n es el autor del cartel anunciador de la Mostra de Teatre de Alcoy del 2020, un...\" \/>\n<meta property=\"og:url\" content=\"https:\/\/www.copealcoy.es\/es\/gilberto-dobon-crea-el-cartel-anunciador-de-la-mostra\/\" \/>\n<meta property=\"og:site_name\" content=\"COPE Alcoy\" \/>\n<meta property=\"article:published_time\" content=\"2020-02-04T12:54:12+00:00\" \/>\n<meta property=\"og:image\" content=\"https:\/\/www.copealcoy.es\/wp-content\/uploads\/2020\/02\/IMG_8501-1-scaled.jpg\" \/>\n\t<meta property=\"og:image:width\" content=\"2560\" \/>\n\t<meta property=\"og:image:height\" content=\"1920\" \/>\n\t<meta property=\"og:image:type\" content=\"image\/jpeg\" \/>\n<meta name=\"author\" content=\"Cope Alcoy\" \/>\n<meta name=\"twitter:label1\" content=\"Escrito por\" \/>\n\t<meta name=\"twitter:data1\" content=\"Cope Alcoy\" \/>\n\t<meta name=\"twitter:label2\" content=\"Tiempo de lectura\" \/>\n\t<meta name=\"twitter:data2\" content=\"1 minuto\" \/>\n<script type=\"application\/ld+json\" class=\"yoast-schema-graph\">{\"@context\":\"https:\\\/\\\/schema.org\",\"@graph\":[{\"@type\":\"Article\",\"@id\":\"https:\\\/\\\/www.copealcoy.es\\\/es\\\/gilberto-dobon-crea-el-cartel-anunciador-de-la-mostra\\\/#article\",\"isPartOf\":{\"@id\":\"https:\\\/\\\/www.copealcoy.es\\\/es\\\/gilberto-dobon-crea-el-cartel-anunciador-de-la-mostra\\\/\"},\"author\":{\"name\":\"Cope Alcoy\",\"@id\":\"https:\\\/\\\/www.copealcoy.es\\\/es\\\/#\\\/schema\\\/person\\\/e777c87fa024e57d40170af9df39882c\"},\"headline\":\"Gilberto Dob\u00f3n crea el cartel anunciador de La Mostra\",\"datePublished\":\"2020-02-04T12:54:12+00:00\",\"mainEntityOfPage\":{\"@id\":\"https:\\\/\\\/www.copealcoy.es\\\/es\\\/gilberto-dobon-crea-el-cartel-anunciador-de-la-mostra\\\/\"},\"wordCount\":296,\"commentCount\":0,\"image\":{\"@id\":\"https:\\\/\\\/www.copealcoy.es\\\/es\\\/gilberto-dobon-crea-el-cartel-anunciador-de-la-mostra\\\/#primaryimage\"},\"thumbnailUrl\":\"https:\\\/\\\/www.copealcoy.es\\\/wp-content\\\/uploads\\\/2020\\\/02\\\/IMG_8501-1-scaled.jpg\",\"keywords\":[\"Alcoy\",\"cartel anunciador\",\"Gilberto Dob\u00f3n\",\"Mostra de Teatre\"],\"articleSection\":[\"Alcoy\",\"Fiesta y Cultura\",\"Noticias\"],\"inLanguage\":\"es\"},{\"@type\":\"WebPage\",\"@id\":\"https:\\\/\\\/www.copealcoy.es\\\/es\\\/gilberto-dobon-crea-el-cartel-anunciador-de-la-mostra\\\/\",\"url\":\"https:\\\/\\\/www.copealcoy.es\\\/es\\\/gilberto-dobon-crea-el-cartel-anunciador-de-la-mostra\\\/\",\"name\":\"Gilberto Dob\u00f3n crea el cartel anunciador de La Mostra - COPE Alcoy\",\"isPartOf\":{\"@id\":\"https:\\\/\\\/www.copealcoy.es\\\/es\\\/#website\"},\"primaryImageOfPage\":{\"@id\":\"https:\\\/\\\/www.copealcoy.es\\\/es\\\/gilberto-dobon-crea-el-cartel-anunciador-de-la-mostra\\\/#primaryimage\"},\"image\":{\"@id\":\"https:\\\/\\\/www.copealcoy.es\\\/es\\\/gilberto-dobon-crea-el-cartel-anunciador-de-la-mostra\\\/#primaryimage\"},\"thumbnailUrl\":\"https:\\\/\\\/www.copealcoy.es\\\/wp-content\\\/uploads\\\/2020\\\/02\\\/IMG_8501-1-scaled.jpg\",\"datePublished\":\"2020-02-04T12:54:12+00:00\",\"author\":{\"@id\":\"https:\\\/\\\/www.copealcoy.es\\\/es\\\/#\\\/schema\\\/person\\\/e777c87fa024e57d40170af9df39882c\"},\"breadcrumb\":{\"@id\":\"https:\\\/\\\/www.copealcoy.es\\\/es\\\/gilberto-dobon-crea-el-cartel-anunciador-de-la-mostra\\\/#breadcrumb\"},\"inLanguage\":\"es\",\"potentialAction\":[{\"@type\":\"ReadAction\",\"target\":[\"https:\\\/\\\/www.copealcoy.es\\\/es\\\/gilberto-dobon-crea-el-cartel-anunciador-de-la-mostra\\\/\"]}]},{\"@type\":\"ImageObject\",\"inLanguage\":\"es\",\"@id\":\"https:\\\/\\\/www.copealcoy.es\\\/es\\\/gilberto-dobon-crea-el-cartel-anunciador-de-la-mostra\\\/#primaryimage\",\"url\":\"https:\\\/\\\/www.copealcoy.es\\\/wp-content\\\/uploads\\\/2020\\\/02\\\/IMG_8501-1-scaled.jpg\",\"contentUrl\":\"https:\\\/\\\/www.copealcoy.es\\\/wp-content\\\/uploads\\\/2020\\\/02\\\/IMG_8501-1-scaled.jpg\",\"width\":2560,\"height\":1920,\"caption\":\"El cartel se present\u00f3 ayer \\\/ Foto: G. Pascual\"},{\"@type\":\"BreadcrumbList\",\"@id\":\"https:\\\/\\\/www.copealcoy.es\\\/es\\\/gilberto-dobon-crea-el-cartel-anunciador-de-la-mostra\\\/#breadcrumb\",\"itemListElement\":[{\"@type\":\"ListItem\",\"position\":1,\"name\":\"Portada\",\"item\":\"https:\\\/\\\/www.copealcoy.es\\\/es\\\/\"},{\"@type\":\"ListItem\",\"position\":2,\"name\":\"Gilberto Dob\u00f3n crea el cartel anunciador de La Mostra\"}]},{\"@type\":\"WebSite\",\"@id\":\"https:\\\/\\\/www.copealcoy.es\\\/es\\\/#website\",\"url\":\"https:\\\/\\\/www.copealcoy.es\\\/es\\\/\",\"name\":\"COPE Alcoy\",\"description\":\"Emisora COPE de radio local con emisi\u00f3n online. Pont de Sant Jordi 8-10 03803 Alcoy\",\"potentialAction\":[{\"@type\":\"SearchAction\",\"target\":{\"@type\":\"EntryPoint\",\"urlTemplate\":\"https:\\\/\\\/www.copealcoy.es\\\/es\\\/?s={search_term_string}\"},\"query-input\":{\"@type\":\"PropertyValueSpecification\",\"valueRequired\":true,\"valueName\":\"search_term_string\"}}],\"inLanguage\":\"es\"},{\"@type\":\"Person\",\"@id\":\"https:\\\/\\\/www.copealcoy.es\\\/es\\\/#\\\/schema\\\/person\\\/e777c87fa024e57d40170af9df39882c\",\"name\":\"Cope Alcoy\",\"image\":{\"@type\":\"ImageObject\",\"inLanguage\":\"es\",\"@id\":\"https:\\\/\\\/secure.gravatar.com\\\/avatar\\\/bb65d0283347e303893ba14f0692005417c1e0e690a325a4c5d8bb2b3943ee14?s=96&d=mm&r=g\",\"url\":\"https:\\\/\\\/secure.gravatar.com\\\/avatar\\\/bb65d0283347e303893ba14f0692005417c1e0e690a325a4c5d8bb2b3943ee14?s=96&d=mm&r=g\",\"contentUrl\":\"https:\\\/\\\/secure.gravatar.com\\\/avatar\\\/bb65d0283347e303893ba14f0692005417c1e0e690a325a4c5d8bb2b3943ee14?s=96&d=mm&r=g\",\"caption\":\"Cope Alcoy\"}}]}<\/script>\n<!-- \/ Yoast SEO plugin. -->","yoast_head_json":{"title":"Gilberto Dob\u00f3n crea el cartel anunciador de La Mostra - COPE Alcoy","robots":{"index":"index","follow":"follow","max-snippet":"max-snippet:-1","max-image-preview":"max-image-preview:large","max-video-preview":"max-video-preview:-1"},"canonical":"https:\/\/www.copealcoy.es\/es\/gilberto-dobon-crea-el-cartel-anunciador-de-la-mostra\/","og_locale":"es_ES","og_type":"article","og_title":"Gilberto Dob\u00f3n crea el cartel anunciador de La Mostra - COPE Alcoy","og_description":"El alcoyano Gilberto Dob\u00f3n es el autor del cartel anunciador de la Mostra de Teatre de Alcoy del 2020, un...","og_url":"https:\/\/www.copealcoy.es\/es\/gilberto-dobon-crea-el-cartel-anunciador-de-la-mostra\/","og_site_name":"COPE Alcoy","article_published_time":"2020-02-04T12:54:12+00:00","og_image":[{"width":2560,"height":1920,"url":"https:\/\/www.copealcoy.es\/wp-content\/uploads\/2020\/02\/IMG_8501-1-scaled.jpg","type":"image\/jpeg"}],"author":"Cope Alcoy","twitter_misc":{"Escrito por":"Cope Alcoy","Tiempo de lectura":"1 minuto"},"schema":{"@context":"https:\/\/schema.org","@graph":[{"@type":"Article","@id":"https:\/\/www.copealcoy.es\/es\/gilberto-dobon-crea-el-cartel-anunciador-de-la-mostra\/#article","isPartOf":{"@id":"https:\/\/www.copealcoy.es\/es\/gilberto-dobon-crea-el-cartel-anunciador-de-la-mostra\/"},"author":{"name":"Cope Alcoy","@id":"https:\/\/www.copealcoy.es\/es\/#\/schema\/person\/e777c87fa024e57d40170af9df39882c"},"headline":"Gilberto Dob\u00f3n crea el cartel anunciador de La Mostra","datePublished":"2020-02-04T12:54:12+00:00","mainEntityOfPage":{"@id":"https:\/\/www.copealcoy.es\/es\/gilberto-dobon-crea-el-cartel-anunciador-de-la-mostra\/"},"wordCount":296,"commentCount":0,"image":{"@id":"https:\/\/www.copealcoy.es\/es\/gilberto-dobon-crea-el-cartel-anunciador-de-la-mostra\/#primaryimage"},"thumbnailUrl":"https:\/\/www.copealcoy.es\/wp-content\/uploads\/2020\/02\/IMG_8501-1-scaled.jpg","keywords":["Alcoy","cartel anunciador","Gilberto Dob\u00f3n","Mostra de Teatre"],"articleSection":["Alcoy","Fiesta y Cultura","Noticias"],"inLanguage":"es"},{"@type":"WebPage","@id":"https:\/\/www.copealcoy.es\/es\/gilberto-dobon-crea-el-cartel-anunciador-de-la-mostra\/","url":"https:\/\/www.copealcoy.es\/es\/gilberto-dobon-crea-el-cartel-anunciador-de-la-mostra\/","name":"Gilberto Dob\u00f3n crea el cartel anunciador de La Mostra - COPE Alcoy","isPartOf":{"@id":"https:\/\/www.copealcoy.es\/es\/#website"},"primaryImageOfPage":{"@id":"https:\/\/www.copealcoy.es\/es\/gilberto-dobon-crea-el-cartel-anunciador-de-la-mostra\/#primaryimage"},"image":{"@id":"https:\/\/www.copealcoy.es\/es\/gilberto-dobon-crea-el-cartel-anunciador-de-la-mostra\/#primaryimage"},"thumbnailUrl":"https:\/\/www.copealcoy.es\/wp-content\/uploads\/2020\/02\/IMG_8501-1-scaled.jpg","datePublished":"2020-02-04T12:54:12+00:00","author":{"@id":"https:\/\/www.copealcoy.es\/es\/#\/schema\/person\/e777c87fa024e57d40170af9df39882c"},"breadcrumb":{"@id":"https:\/\/www.copealcoy.es\/es\/gilberto-dobon-crea-el-cartel-anunciador-de-la-mostra\/#breadcrumb"},"inLanguage":"es","potentialAction":[{"@type":"ReadAction","target":["https:\/\/www.copealcoy.es\/es\/gilberto-dobon-crea-el-cartel-anunciador-de-la-mostra\/"]}]},{"@type":"ImageObject","inLanguage":"es","@id":"https:\/\/www.copealcoy.es\/es\/gilberto-dobon-crea-el-cartel-anunciador-de-la-mostra\/#primaryimage","url":"https:\/\/www.copealcoy.es\/wp-content\/uploads\/2020\/02\/IMG_8501-1-scaled.jpg","contentUrl":"https:\/\/www.copealcoy.es\/wp-content\/uploads\/2020\/02\/IMG_8501-1-scaled.jpg","width":2560,"height":1920,"caption":"El cartel se present\u00f3 ayer \/ Foto: G. Pascual"},{"@type":"BreadcrumbList","@id":"https:\/\/www.copealcoy.es\/es\/gilberto-dobon-crea-el-cartel-anunciador-de-la-mostra\/#breadcrumb","itemListElement":[{"@type":"ListItem","position":1,"name":"Portada","item":"https:\/\/www.copealcoy.es\/es\/"},{"@type":"ListItem","position":2,"name":"Gilberto Dob\u00f3n crea el cartel anunciador de La Mostra"}]},{"@type":"WebSite","@id":"https:\/\/www.copealcoy.es\/es\/#website","url":"https:\/\/www.copealcoy.es\/es\/","name":"COPE Alcoy","description":"Emisora COPE de radio local con emisi\u00f3n online. Pont de Sant Jordi 8-10 03803 Alcoy","potentialAction":[{"@type":"SearchAction","target":{"@type":"EntryPoint","urlTemplate":"https:\/\/www.copealcoy.es\/es\/?s={search_term_string}"},"query-input":{"@type":"PropertyValueSpecification","valueRequired":true,"valueName":"search_term_string"}}],"inLanguage":"es"},{"@type":"Person","@id":"https:\/\/www.copealcoy.es\/es\/#\/schema\/person\/e777c87fa024e57d40170af9df39882c","name":"Cope Alcoy","image":{"@type":"ImageObject","inLanguage":"es","@id":"https:\/\/secure.gravatar.com\/avatar\/bb65d0283347e303893ba14f0692005417c1e0e690a325a4c5d8bb2b3943ee14?s=96&d=mm&r=g","url":"https:\/\/secure.gravatar.com\/avatar\/bb65d0283347e303893ba14f0692005417c1e0e690a325a4c5d8bb2b3943ee14?s=96&d=mm&r=g","contentUrl":"https:\/\/secure.gravatar.com\/avatar\/bb65d0283347e303893ba14f0692005417c1e0e690a325a4c5d8bb2b3943ee14?s=96&d=mm&r=g","caption":"Cope Alcoy"}}]}},"_links":{"self":[{"href":"https:\/\/www.copealcoy.es\/es\/wp-json\/wp\/v2\/posts\/59535","targetHints":{"allow":["GET"]}}],"collection":[{"href":"https:\/\/www.copealcoy.es\/es\/wp-json\/wp\/v2\/posts"}],"about":[{"href":"https:\/\/www.copealcoy.es\/es\/wp-json\/wp\/v2\/types\/post"}],"author":[{"embeddable":true,"href":"https:\/\/www.copealcoy.es\/es\/wp-json\/wp\/v2\/users\/1"}],"replies":[{"embeddable":true,"href":"https:\/\/www.copealcoy.es\/es\/wp-json\/wp\/v2\/comments?post=59535"}],"version-history":[{"count":0,"href":"https:\/\/www.copealcoy.es\/es\/wp-json\/wp\/v2\/posts\/59535\/revisions"}],"wp:featuredmedia":[{"embeddable":true,"href":"https:\/\/www.copealcoy.es\/es\/wp-json\/wp\/v2\/media\/59536"}],"wp:attachment":[{"href":"https:\/\/www.copealcoy.es\/es\/wp-json\/wp\/v2\/media?parent=59535"}],"wp:term":[{"taxonomy":"category","embeddable":true,"href":"https:\/\/www.copealcoy.es\/es\/wp-json\/wp\/v2\/categories?post=59535"},{"taxonomy":"post_tag","embeddable":true,"href":"https:\/\/www.copealcoy.es\/es\/wp-json\/wp\/v2\/tags?post=59535"}],"curies":[{"name":"wp","href":"https:\/\/api.w.org\/{rel}","templated":true}]}}