{"id":59496,"date":"2020-02-02T22:11:09","date_gmt":"2020-02-02T22:11:09","guid":{"rendered":"https:\/\/www.copealcoy.es\/?p=59496"},"modified":"2020-02-02T22:11:09","modified_gmt":"2020-02-02T22:11:09","slug":"el-cd-alcoyano-vence-al-adzeneta-ue-por-2-0","status":"publish","type":"post","link":"https:\/\/www.copealcoy.es\/es\/el-cd-alcoyano-vence-al-adzeneta-ue-por-2-0\/","title":{"rendered":"El CD Alcoyano vence al Adzeneta UE por 2-0"},"content":{"rendered":"<p><em>Cr\u00f3nica del CD Alcoyano<\/em><\/p>\n<p style=\"text-align: justify;\">El <strong>C.D. Alcoyano<\/strong> ha logrado en el d\u00eda de hoy <strong>una importante victoria<\/strong>, contra uno de los equipos que est\u00e1n situados en puestos de playoff, y que <strong>ven\u00eda de encadenar 6 victorias de forma consecutiva<\/strong>. El triunfo permite al Deportivo continuar con su <strong>record <\/strong>de jornadas consecutivas sin perder que se extiende ya hasta las 23.<\/p>\n<p style=\"text-align: justify;\">El partido ha comenzado con <strong>acercamientos por parte de los visitantes<\/strong>, con 3 saques de esquina consecutivos, que no han llevado mucho peligro a la porter\u00eda de <strong>Jos\u00e9 Juan<\/strong>, pero han hecho que la afici\u00f3n del Atzeneta se hiciera o\u00edr. Los blanquiazules <strong>han respondido con un centro al \u00e1rea<\/strong> que <strong>Diakit\u00e9 <\/strong>no ha rematado por poco, despu\u00e9s de lanzarse en plancha, y un remate de cabeza a la salida de un corner que ha rozado el palo de la porter\u00eda visitante.<\/p>\n<p style=\"text-align: justify;\">Precisamente en un saque de esquina ha llegado el primer tanto del partido, <strong>Acevedo <\/strong>ha sacado a pasear ese guante que tiene en su pie izquierdo,\u00a0 y <strong>Pau Franch<\/strong> le ha ganado la partida a su defensor para rematar sin que el portero haya podido hacer nada y alojar el esf\u00e9rico en el fondo de las mallas.<\/p>\n<p style=\"text-align: justify;\">\u00c9xtasis en las gradas de El Collao, que hoy presentaba un <strong>aspecto espectacular<\/strong>, en la mejor entrada de la temporada. El gol ha dado paso a unos minutos donde ning\u00fan equipo era claro dominador del juego. Los visitantes lo han intentado pero no han puesto en apuros a <strong>Jos\u00e9 Juan<\/strong> y los locales han tenido un disparo de <strong>Fran Machado<\/strong> su llegada m\u00e1s peligrosa. Con la ventaja por la m\u00ednima se ha llegado al final de los primeros 45 minutos.<\/p>\n<p style=\"text-align: justify;\">El paso por los vestuarios le ha sentado mejor al Deportivo, que ha empezado a llegar por bandas. En una de esas jugadas por banda ha llegado un saque de esquina que se ha paseado por la l\u00ednea de gol pero que ha finalizado otra vez en corner. En este nuevo lanzamiento, botado de nuevo por <strong>Acevedo<\/strong>, ha funcionado la pizarra ya que <strong>Fran Machado<\/strong> ha prolongado en el primer palo, el esf\u00e9rico le ha llegado a <strong>Navarro<\/strong> en el segundo palo y cuando todo el mundo se imaginaba un remate a puerta del capit\u00e1n blanquiazul, ha cabeceado al centro del \u00e1rea peque\u00f1a donde <strong>Pau Franch<\/strong> en un remate espectacular en plancha ha anotado el segundo tanto del equipo y el segundo tambi\u00e9n en su cuenta particular.<\/p>\n<p style=\"text-align: justify;\">Lejos de relajarse, en la jugada posterior al gol, e<strong>l Alcoyano ha estado a punto de ampliar m\u00e1s la ventaja<\/strong>, tras un robo de Diakit\u00e9 que se ha plantado frente al portero visitante pero no ha definido y el portero ha rechazado su disparo. No ha sido <strong>la \u00fanica llegada blanquiazul<\/strong>, un intento de \u00d3scar D\u00edaz, que volv\u00eda tras la lesi\u00f3n, una pared entre Acevedo y el propio \u00d3scar, un disparo desviado de Diakit\u00e9, y muchas llegadas sobre todo por banda derecha, han llevado peligro al marco rival aunque no se han convertido en gol.<\/p>\n<p style=\"text-align: justify;\">Triunfo de prestigio, que hace que <strong>el equipo mantenga la distancia con su inmediato perseguidor<\/strong> pero se distancie m\u00e1s del resto de equipos situados en los puestos que dan acceso a la fase de ascenso a Segunda Divisi\u00f3n B.<\/p>\n<p style=\"text-align: justify;\">C.D. Alcoyano: <strong>Jos\u00e9 Juan, Mikel, Garc\u00e9s, Ra\u00fal, Navarro, Jony, Diakit\u00e9, Ruba, Acevedo (85\u2019Acevedo), Fran Machado (53\u2019 \u00d3scar D\u00edaz), Pau Franch (75\u2019 Molt\u00f3).<\/strong><\/p>\n<p style=\"text-align: justify;\">Atzeneta U.E.: Kedra, Ferreres, Sampedro, Carles (72\u2019 Paco Saez), Gomis, Lolo Ivars, Ayo, Lloret (60\u2019 Christian Albert), Germ\u00e1n (65\u2019 Alex Chico), Fidel, Nacho Porcar.<\/p>\n<p style=\"text-align: justify;\">El colegiado del encuentro D. Francisco Jos\u00e9 Ortega Herrera, ha amonestado a <strong>Diakit\u00e9, Pau Franch y Molt\u00f3<\/strong> por los locales, y a Sampedro, Christian Albert y Ferreres por los visitantes.<\/p>\n","protected":false},"excerpt":{"rendered":"<p>Cr\u00f3nica del CD Alcoyano El C.D. Alcoyano ha logrado en el d\u00eda de hoy una importante victoria, contra uno de&#8230;<\/p>\n","protected":false},"author":1,"featured_media":59500,"comment_status":"open","ping_status":"open","sticky":false,"template":"","format":"standard","meta":{"footnotes":""},"categories":[92,75],"tags":[7081,1494,140,284],"class_list":["post-59496","post","type-post","status-publish","format-standard","has-post-thumbnail","hentry","category-deportes","category-noticias","tag-adzeneta-ue","tag-alcoy","tag-alcoyano","tag-collao"],"yoast_head":"<!-- This site is optimized with the Yoast SEO plugin v27.3 - https:\/\/yoast.com\/product\/yoast-seo-wordpress\/ -->\n<title>El CD Alcoyano vence al Adzeneta UE por 2-0 - COPE Alcoy<\/title>\n<meta name=\"robots\" content=\"index, follow, max-snippet:-1, max-image-preview:large, max-video-preview:-1\" \/>\n<link rel=\"canonical\" href=\"https:\/\/www.copealcoy.es\/es\/el-cd-alcoyano-vence-al-adzeneta-ue-por-2-0\/\" \/>\n<meta property=\"og:locale\" content=\"es_ES\" \/>\n<meta property=\"og:type\" content=\"article\" \/>\n<meta property=\"og:title\" content=\"El CD Alcoyano vence al Adzeneta UE por 2-0 - COPE Alcoy\" \/>\n<meta property=\"og:description\" content=\"Cr\u00f3nica del CD Alcoyano El C.D. Alcoyano ha logrado en el d\u00eda de hoy una importante victoria, contra uno de...\" \/>\n<meta property=\"og:url\" content=\"https:\/\/www.copealcoy.es\/es\/el-cd-alcoyano-vence-al-adzeneta-ue-por-2-0\/\" \/>\n<meta property=\"og:site_name\" content=\"COPE Alcoy\" \/>\n<meta property=\"article:published_time\" content=\"2020-02-02T22:11:09+00:00\" \/>\n<meta property=\"og:image\" content=\"https:\/\/www.copealcoy.es\/wp-content\/uploads\/2020\/02\/23-00-1.png\" \/>\n\t<meta property=\"og:image:width\" content=\"957\" \/>\n\t<meta property=\"og:image:height\" content=\"609\" \/>\n\t<meta property=\"og:image:type\" content=\"image\/png\" \/>\n<meta name=\"author\" content=\"Cope Alcoy\" \/>\n<meta name=\"twitter:label1\" content=\"Escrito por\" \/>\n\t<meta name=\"twitter:data1\" content=\"Cope Alcoy\" \/>\n\t<meta name=\"twitter:label2\" content=\"Tiempo de lectura\" \/>\n\t<meta name=\"twitter:data2\" content=\"3 minutos\" \/>\n<script type=\"application\/ld+json\" class=\"yoast-schema-graph\">{\"@context\":\"https:\\\/\\\/schema.org\",\"@graph\":[{\"@type\":\"Article\",\"@id\":\"https:\\\/\\\/www.copealcoy.es\\\/es\\\/el-cd-alcoyano-vence-al-adzeneta-ue-por-2-0\\\/#article\",\"isPartOf\":{\"@id\":\"https:\\\/\\\/www.copealcoy.es\\\/es\\\/el-cd-alcoyano-vence-al-adzeneta-ue-por-2-0\\\/\"},\"author\":{\"name\":\"Cope Alcoy\",\"@id\":\"https:\\\/\\\/www.copealcoy.es\\\/es\\\/#\\\/schema\\\/person\\\/e777c87fa024e57d40170af9df39882c\"},\"headline\":\"El CD Alcoyano vence al Adzeneta UE por 2-0\",\"datePublished\":\"2020-02-02T22:11:09+00:00\",\"mainEntityOfPage\":{\"@id\":\"https:\\\/\\\/www.copealcoy.es\\\/es\\\/el-cd-alcoyano-vence-al-adzeneta-ue-por-2-0\\\/\"},\"wordCount\":646,\"commentCount\":0,\"image\":{\"@id\":\"https:\\\/\\\/www.copealcoy.es\\\/es\\\/el-cd-alcoyano-vence-al-adzeneta-ue-por-2-0\\\/#primaryimage\"},\"thumbnailUrl\":\"https:\\\/\\\/www.copealcoy.es\\\/wp-content\\\/uploads\\\/2020\\\/02\\\/23-00-1.png\",\"keywords\":[\"Adzeneta UE\",\"Alcoy\",\"Alcoyano\",\"Collao\"],\"articleSection\":[\"Deportes\",\"Noticias\"],\"inLanguage\":\"es\"},{\"@type\":\"WebPage\",\"@id\":\"https:\\\/\\\/www.copealcoy.es\\\/es\\\/el-cd-alcoyano-vence-al-adzeneta-ue-por-2-0\\\/\",\"url\":\"https:\\\/\\\/www.copealcoy.es\\\/es\\\/el-cd-alcoyano-vence-al-adzeneta-ue-por-2-0\\\/\",\"name\":\"El CD Alcoyano vence al Adzeneta UE por 2-0 - COPE Alcoy\",\"isPartOf\":{\"@id\":\"https:\\\/\\\/www.copealcoy.es\\\/es\\\/#website\"},\"primaryImageOfPage\":{\"@id\":\"https:\\\/\\\/www.copealcoy.es\\\/es\\\/el-cd-alcoyano-vence-al-adzeneta-ue-por-2-0\\\/#primaryimage\"},\"image\":{\"@id\":\"https:\\\/\\\/www.copealcoy.es\\\/es\\\/el-cd-alcoyano-vence-al-adzeneta-ue-por-2-0\\\/#primaryimage\"},\"thumbnailUrl\":\"https:\\\/\\\/www.copealcoy.es\\\/wp-content\\\/uploads\\\/2020\\\/02\\\/23-00-1.png\",\"datePublished\":\"2020-02-02T22:11:09+00:00\",\"author\":{\"@id\":\"https:\\\/\\\/www.copealcoy.es\\\/es\\\/#\\\/schema\\\/person\\\/e777c87fa024e57d40170af9df39882c\"},\"breadcrumb\":{\"@id\":\"https:\\\/\\\/www.copealcoy.es\\\/es\\\/el-cd-alcoyano-vence-al-adzeneta-ue-por-2-0\\\/#breadcrumb\"},\"inLanguage\":\"es\",\"potentialAction\":[{\"@type\":\"ReadAction\",\"target\":[\"https:\\\/\\\/www.copealcoy.es\\\/es\\\/el-cd-alcoyano-vence-al-adzeneta-ue-por-2-0\\\/\"]}]},{\"@type\":\"ImageObject\",\"inLanguage\":\"es\",\"@id\":\"https:\\\/\\\/www.copealcoy.es\\\/es\\\/el-cd-alcoyano-vence-al-adzeneta-ue-por-2-0\\\/#primaryimage\",\"url\":\"https:\\\/\\\/www.copealcoy.es\\\/wp-content\\\/uploads\\\/2020\\\/02\\\/23-00-1.png\",\"contentUrl\":\"https:\\\/\\\/www.copealcoy.es\\\/wp-content\\\/uploads\\\/2020\\\/02\\\/23-00-1.png\",\"width\":957,\"height\":609,\"caption\":\"El partido se disput\u00f3 ayer en El Collao \\\/ Foto: Nando JS\"},{\"@type\":\"BreadcrumbList\",\"@id\":\"https:\\\/\\\/www.copealcoy.es\\\/es\\\/el-cd-alcoyano-vence-al-adzeneta-ue-por-2-0\\\/#breadcrumb\",\"itemListElement\":[{\"@type\":\"ListItem\",\"position\":1,\"name\":\"Portada\",\"item\":\"https:\\\/\\\/www.copealcoy.es\\\/es\\\/\"},{\"@type\":\"ListItem\",\"position\":2,\"name\":\"El CD Alcoyano vence al Adzeneta UE por 2-0\"}]},{\"@type\":\"WebSite\",\"@id\":\"https:\\\/\\\/www.copealcoy.es\\\/es\\\/#website\",\"url\":\"https:\\\/\\\/www.copealcoy.es\\\/es\\\/\",\"name\":\"COPE Alcoy\",\"description\":\"Emisora COPE de radio local con emisi\u00f3n online. Pont de Sant Jordi 8-10 03803 Alcoy\",\"potentialAction\":[{\"@type\":\"SearchAction\",\"target\":{\"@type\":\"EntryPoint\",\"urlTemplate\":\"https:\\\/\\\/www.copealcoy.es\\\/es\\\/?s={search_term_string}\"},\"query-input\":{\"@type\":\"PropertyValueSpecification\",\"valueRequired\":true,\"valueName\":\"search_term_string\"}}],\"inLanguage\":\"es\"},{\"@type\":\"Person\",\"@id\":\"https:\\\/\\\/www.copealcoy.es\\\/es\\\/#\\\/schema\\\/person\\\/e777c87fa024e57d40170af9df39882c\",\"name\":\"Cope Alcoy\",\"image\":{\"@type\":\"ImageObject\",\"inLanguage\":\"es\",\"@id\":\"https:\\\/\\\/secure.gravatar.com\\\/avatar\\\/bb65d0283347e303893ba14f0692005417c1e0e690a325a4c5d8bb2b3943ee14?s=96&d=mm&r=g\",\"url\":\"https:\\\/\\\/secure.gravatar.com\\\/avatar\\\/bb65d0283347e303893ba14f0692005417c1e0e690a325a4c5d8bb2b3943ee14?s=96&d=mm&r=g\",\"contentUrl\":\"https:\\\/\\\/secure.gravatar.com\\\/avatar\\\/bb65d0283347e303893ba14f0692005417c1e0e690a325a4c5d8bb2b3943ee14?s=96&d=mm&r=g\",\"caption\":\"Cope Alcoy\"}}]}<\/script>\n<!-- \/ Yoast SEO plugin. -->","yoast_head_json":{"title":"El CD Alcoyano vence al Adzeneta UE por 2-0 - COPE Alcoy","robots":{"index":"index","follow":"follow","max-snippet":"max-snippet:-1","max-image-preview":"max-image-preview:large","max-video-preview":"max-video-preview:-1"},"canonical":"https:\/\/www.copealcoy.es\/es\/el-cd-alcoyano-vence-al-adzeneta-ue-por-2-0\/","og_locale":"es_ES","og_type":"article","og_title":"El CD Alcoyano vence al Adzeneta UE por 2-0 - COPE Alcoy","og_description":"Cr\u00f3nica del CD Alcoyano El C.D. Alcoyano ha logrado en el d\u00eda de hoy una importante victoria, contra uno de...","og_url":"https:\/\/www.copealcoy.es\/es\/el-cd-alcoyano-vence-al-adzeneta-ue-por-2-0\/","og_site_name":"COPE Alcoy","article_published_time":"2020-02-02T22:11:09+00:00","og_image":[{"width":957,"height":609,"url":"https:\/\/www.copealcoy.es\/wp-content\/uploads\/2020\/02\/23-00-1.png","type":"image\/png"}],"author":"Cope Alcoy","twitter_misc":{"Escrito por":"Cope Alcoy","Tiempo de lectura":"3 minutos"},"schema":{"@context":"https:\/\/schema.org","@graph":[{"@type":"Article","@id":"https:\/\/www.copealcoy.es\/es\/el-cd-alcoyano-vence-al-adzeneta-ue-por-2-0\/#article","isPartOf":{"@id":"https:\/\/www.copealcoy.es\/es\/el-cd-alcoyano-vence-al-adzeneta-ue-por-2-0\/"},"author":{"name":"Cope Alcoy","@id":"https:\/\/www.copealcoy.es\/es\/#\/schema\/person\/e777c87fa024e57d40170af9df39882c"},"headline":"El CD Alcoyano vence al Adzeneta UE por 2-0","datePublished":"2020-02-02T22:11:09+00:00","mainEntityOfPage":{"@id":"https:\/\/www.copealcoy.es\/es\/el-cd-alcoyano-vence-al-adzeneta-ue-por-2-0\/"},"wordCount":646,"commentCount":0,"image":{"@id":"https:\/\/www.copealcoy.es\/es\/el-cd-alcoyano-vence-al-adzeneta-ue-por-2-0\/#primaryimage"},"thumbnailUrl":"https:\/\/www.copealcoy.es\/wp-content\/uploads\/2020\/02\/23-00-1.png","keywords":["Adzeneta UE","Alcoy","Alcoyano","Collao"],"articleSection":["Deportes","Noticias"],"inLanguage":"es"},{"@type":"WebPage","@id":"https:\/\/www.copealcoy.es\/es\/el-cd-alcoyano-vence-al-adzeneta-ue-por-2-0\/","url":"https:\/\/www.copealcoy.es\/es\/el-cd-alcoyano-vence-al-adzeneta-ue-por-2-0\/","name":"El CD Alcoyano vence al Adzeneta UE por 2-0 - COPE Alcoy","isPartOf":{"@id":"https:\/\/www.copealcoy.es\/es\/#website"},"primaryImageOfPage":{"@id":"https:\/\/www.copealcoy.es\/es\/el-cd-alcoyano-vence-al-adzeneta-ue-por-2-0\/#primaryimage"},"image":{"@id":"https:\/\/www.copealcoy.es\/es\/el-cd-alcoyano-vence-al-adzeneta-ue-por-2-0\/#primaryimage"},"thumbnailUrl":"https:\/\/www.copealcoy.es\/wp-content\/uploads\/2020\/02\/23-00-1.png","datePublished":"2020-02-02T22:11:09+00:00","author":{"@id":"https:\/\/www.copealcoy.es\/es\/#\/schema\/person\/e777c87fa024e57d40170af9df39882c"},"breadcrumb":{"@id":"https:\/\/www.copealcoy.es\/es\/el-cd-alcoyano-vence-al-adzeneta-ue-por-2-0\/#breadcrumb"},"inLanguage":"es","potentialAction":[{"@type":"ReadAction","target":["https:\/\/www.copealcoy.es\/es\/el-cd-alcoyano-vence-al-adzeneta-ue-por-2-0\/"]}]},{"@type":"ImageObject","inLanguage":"es","@id":"https:\/\/www.copealcoy.es\/es\/el-cd-alcoyano-vence-al-adzeneta-ue-por-2-0\/#primaryimage","url":"https:\/\/www.copealcoy.es\/wp-content\/uploads\/2020\/02\/23-00-1.png","contentUrl":"https:\/\/www.copealcoy.es\/wp-content\/uploads\/2020\/02\/23-00-1.png","width":957,"height":609,"caption":"El partido se disput\u00f3 ayer en El Collao \/ Foto: Nando JS"},{"@type":"BreadcrumbList","@id":"https:\/\/www.copealcoy.es\/es\/el-cd-alcoyano-vence-al-adzeneta-ue-por-2-0\/#breadcrumb","itemListElement":[{"@type":"ListItem","position":1,"name":"Portada","item":"https:\/\/www.copealcoy.es\/es\/"},{"@type":"ListItem","position":2,"name":"El CD Alcoyano vence al Adzeneta UE por 2-0"}]},{"@type":"WebSite","@id":"https:\/\/www.copealcoy.es\/es\/#website","url":"https:\/\/www.copealcoy.es\/es\/","name":"COPE Alcoy","description":"Emisora COPE de radio local con emisi\u00f3n online. Pont de Sant Jordi 8-10 03803 Alcoy","potentialAction":[{"@type":"SearchAction","target":{"@type":"EntryPoint","urlTemplate":"https:\/\/www.copealcoy.es\/es\/?s={search_term_string}"},"query-input":{"@type":"PropertyValueSpecification","valueRequired":true,"valueName":"search_term_string"}}],"inLanguage":"es"},{"@type":"Person","@id":"https:\/\/www.copealcoy.es\/es\/#\/schema\/person\/e777c87fa024e57d40170af9df39882c","name":"Cope Alcoy","image":{"@type":"ImageObject","inLanguage":"es","@id":"https:\/\/secure.gravatar.com\/avatar\/bb65d0283347e303893ba14f0692005417c1e0e690a325a4c5d8bb2b3943ee14?s=96&d=mm&r=g","url":"https:\/\/secure.gravatar.com\/avatar\/bb65d0283347e303893ba14f0692005417c1e0e690a325a4c5d8bb2b3943ee14?s=96&d=mm&r=g","contentUrl":"https:\/\/secure.gravatar.com\/avatar\/bb65d0283347e303893ba14f0692005417c1e0e690a325a4c5d8bb2b3943ee14?s=96&d=mm&r=g","caption":"Cope Alcoy"}}]}},"_links":{"self":[{"href":"https:\/\/www.copealcoy.es\/es\/wp-json\/wp\/v2\/posts\/59496","targetHints":{"allow":["GET"]}}],"collection":[{"href":"https:\/\/www.copealcoy.es\/es\/wp-json\/wp\/v2\/posts"}],"about":[{"href":"https:\/\/www.copealcoy.es\/es\/wp-json\/wp\/v2\/types\/post"}],"author":[{"embeddable":true,"href":"https:\/\/www.copealcoy.es\/es\/wp-json\/wp\/v2\/users\/1"}],"replies":[{"embeddable":true,"href":"https:\/\/www.copealcoy.es\/es\/wp-json\/wp\/v2\/comments?post=59496"}],"version-history":[{"count":0,"href":"https:\/\/www.copealcoy.es\/es\/wp-json\/wp\/v2\/posts\/59496\/revisions"}],"wp:featuredmedia":[{"embeddable":true,"href":"https:\/\/www.copealcoy.es\/es\/wp-json\/wp\/v2\/media\/59500"}],"wp:attachment":[{"href":"https:\/\/www.copealcoy.es\/es\/wp-json\/wp\/v2\/media?parent=59496"}],"wp:term":[{"taxonomy":"category","embeddable":true,"href":"https:\/\/www.copealcoy.es\/es\/wp-json\/wp\/v2\/categories?post=59496"},{"taxonomy":"post_tag","embeddable":true,"href":"https:\/\/www.copealcoy.es\/es\/wp-json\/wp\/v2\/tags?post=59496"}],"curies":[{"name":"wp","href":"https:\/\/api.w.org\/{rel}","templated":true}]}}