{"id":59472,"date":"2020-02-02T09:57:26","date_gmt":"2020-02-02T09:57:26","guid":{"rendered":"https:\/\/www.copealcoy.es\/?p=59472"},"modified":"2020-02-02T09:57:26","modified_gmt":"2020-02-02T09:57:26","slug":"nuevo-derrumbe-de-un-inmueble-en-el-centro-de-alcoy","status":"publish","type":"post","link":"https:\/\/www.copealcoy.es\/es\/nuevo-derrumbe-de-un-inmueble-en-el-centro-de-alcoy\/","title":{"rendered":"Nuevo derrumbe de un inmueble en el Centro de Alcoy"},"content":{"rendered":"<p style=\"text-align: justify;\">Un <strong>nuevo inmueble<\/strong> se ha venido parcialmente abajo en el <strong>Centro de Alcoy<\/strong>, concretamente <strong>la casa que estaba situada \u00a0enfrente del Museo Provincial de Bomberos (MUBOMA)<\/strong> y que desde hace a\u00f1os presentaba <strong>un avanzado estado ruinoso<\/strong>. De hecho la zona del alrededor <strong>estaba acordonada desde hace d\u00edas<\/strong> por medio de vallas ya que el riesgo de desplome se hab\u00eda acrecentado tras el temporal que sufri\u00f3 la ciudad a mediados de enero.<\/p>\n<p style=\"text-align: justify;\">Desde el <strong>Consorcio Provincial de Bomberos<\/strong> han informado a COPE ALCOY que <strong>no ha habido que lamentar da\u00f1os personales<\/strong> tras la ca\u00edda del inmueble y destacan que <strong>se ha reforzado el acordonamiento<\/strong> de este punto de la ciudad para garantizar la seguridad de una zona que suele estar bastante concurrida a diario. Con este ya <strong>son siete los desplomes de inmuebles que se han producido en el Centro de Alcoy<\/strong> en estas dos \u00faltimas a causa de la borrasca gloria pero tambi\u00e9n del <strong>mal estado<\/strong> en el que se encontraban algunas de estas viviendas.<\/p>\n<p style=\"text-align: justify;\">Indicar que <strong>la situaci\u00f3n de ruina que presentaba esta casa en Algezares<\/strong>, con su <strong>peligro inminente de derrumbe<\/strong> desde hac\u00eda tiempo, ha sido objeto de la pol\u00e9mica en los \u00faltimos a\u00f1os y <strong>partidos pol\u00edticos como Ciudadanos<\/strong> <a href=\"https:\/\/www.copealcoy.es\/ciudadanos-pide-el-derribo-urgente-de-los-inmuebles-en-ruinas-de-algezares\/\"><span style=\"color: #0000ff;\"><strong>ya <span style=\"color: #0000ff;\">pidieron en 2017 <\/span><\/strong><\/span><\/a>que se produjera su derribo con car\u00e1cter de urgencia.<\/p>\n","protected":false},"excerpt":{"rendered":"<p>Un nuevo inmueble se ha venido parcialmente abajo en el Centro de Alcoy, concretamente la casa que estaba situada \u00a0enfrente&#8230;<\/p>\n","protected":false},"author":1,"featured_media":59473,"comment_status":"open","ping_status":"open","sticky":false,"template":"","format":"standard","meta":{"footnotes":""},"categories":[97,75],"tags":[1494,4055,7074,295,7075,7076],"class_list":["post-59472","post","type-post","status-publish","format-standard","has-post-thumbnail","hentry","category-alcoy","category-noticias","tag-alcoy","tag-algezares","tag-casa-caida","tag-centro","tag-inmueble","tag-nuevo-derrumbe"],"yoast_head":"<!-- This site is optimized with the Yoast SEO plugin v27.3 - https:\/\/yoast.com\/product\/yoast-seo-wordpress\/ -->\n<title>Nuevo derrumbe de un inmueble en el Centro de Alcoy - COPE Alcoy<\/title>\n<meta name=\"robots\" content=\"index, follow, max-snippet:-1, max-image-preview:large, max-video-preview:-1\" \/>\n<link rel=\"canonical\" href=\"https:\/\/www.copealcoy.es\/es\/nuevo-derrumbe-de-un-inmueble-en-el-centro-de-alcoy\/\" \/>\n<meta property=\"og:locale\" content=\"es_ES\" \/>\n<meta property=\"og:type\" content=\"article\" \/>\n<meta property=\"og:title\" content=\"Nuevo derrumbe de un inmueble en el Centro de Alcoy - COPE Alcoy\" \/>\n<meta property=\"og:description\" content=\"Un nuevo inmueble se ha venido parcialmente abajo en el Centro de Alcoy, concretamente la casa que estaba situada \u00a0enfrente...\" \/>\n<meta property=\"og:url\" content=\"https:\/\/www.copealcoy.es\/es\/nuevo-derrumbe-de-un-inmueble-en-el-centro-de-alcoy\/\" \/>\n<meta property=\"og:site_name\" content=\"COPE Alcoy\" \/>\n<meta property=\"article:published_time\" content=\"2020-02-02T09:57:26+00:00\" \/>\n<meta property=\"og:image\" content=\"https:\/\/www.copealcoy.es\/wp-content\/uploads\/2020\/02\/arton25134-e1580637079479-1.jpg\" \/>\n\t<meta property=\"og:image:width\" content=\"494\" \/>\n\t<meta property=\"og:image:height\" content=\"233\" \/>\n\t<meta property=\"og:image:type\" content=\"image\/jpeg\" \/>\n<meta name=\"author\" content=\"Cope Alcoy\" \/>\n<meta name=\"twitter:label1\" content=\"Escrito por\" \/>\n\t<meta name=\"twitter:data1\" content=\"Cope Alcoy\" \/>\n\t<meta name=\"twitter:label2\" content=\"Tiempo de lectura\" \/>\n\t<meta name=\"twitter:data2\" content=\"1 minuto\" \/>\n<script type=\"application\/ld+json\" class=\"yoast-schema-graph\">{\"@context\":\"https:\\\/\\\/schema.org\",\"@graph\":[{\"@type\":\"Article\",\"@id\":\"https:\\\/\\\/www.copealcoy.es\\\/es\\\/nuevo-derrumbe-de-un-inmueble-en-el-centro-de-alcoy\\\/#article\",\"isPartOf\":{\"@id\":\"https:\\\/\\\/www.copealcoy.es\\\/es\\\/nuevo-derrumbe-de-un-inmueble-en-el-centro-de-alcoy\\\/\"},\"author\":{\"name\":\"Cope Alcoy\",\"@id\":\"https:\\\/\\\/www.copealcoy.es\\\/es\\\/#\\\/schema\\\/person\\\/e777c87fa024e57d40170af9df39882c\"},\"headline\":\"Nuevo derrumbe de un inmueble en el Centro de Alcoy\",\"datePublished\":\"2020-02-02T09:57:26+00:00\",\"mainEntityOfPage\":{\"@id\":\"https:\\\/\\\/www.copealcoy.es\\\/es\\\/nuevo-derrumbe-de-un-inmueble-en-el-centro-de-alcoy\\\/\"},\"wordCount\":235,\"commentCount\":0,\"image\":{\"@id\":\"https:\\\/\\\/www.copealcoy.es\\\/es\\\/nuevo-derrumbe-de-un-inmueble-en-el-centro-de-alcoy\\\/#primaryimage\"},\"thumbnailUrl\":\"https:\\\/\\\/www.copealcoy.es\\\/wp-content\\\/uploads\\\/2020\\\/02\\\/arton25134-e1580637079479-1.jpg\",\"keywords\":[\"Alcoy\",\"Algezares\",\"casa ca\u00edda\",\"Centro\",\"inmueble\",\"Nuevo derrumbe\"],\"articleSection\":[\"Alcoy\",\"Noticias\"],\"inLanguage\":\"es\"},{\"@type\":\"WebPage\",\"@id\":\"https:\\\/\\\/www.copealcoy.es\\\/es\\\/nuevo-derrumbe-de-un-inmueble-en-el-centro-de-alcoy\\\/\",\"url\":\"https:\\\/\\\/www.copealcoy.es\\\/es\\\/nuevo-derrumbe-de-un-inmueble-en-el-centro-de-alcoy\\\/\",\"name\":\"Nuevo derrumbe de un inmueble en el Centro de Alcoy - COPE Alcoy\",\"isPartOf\":{\"@id\":\"https:\\\/\\\/www.copealcoy.es\\\/es\\\/#website\"},\"primaryImageOfPage\":{\"@id\":\"https:\\\/\\\/www.copealcoy.es\\\/es\\\/nuevo-derrumbe-de-un-inmueble-en-el-centro-de-alcoy\\\/#primaryimage\"},\"image\":{\"@id\":\"https:\\\/\\\/www.copealcoy.es\\\/es\\\/nuevo-derrumbe-de-un-inmueble-en-el-centro-de-alcoy\\\/#primaryimage\"},\"thumbnailUrl\":\"https:\\\/\\\/www.copealcoy.es\\\/wp-content\\\/uploads\\\/2020\\\/02\\\/arton25134-e1580637079479-1.jpg\",\"datePublished\":\"2020-02-02T09:57:26+00:00\",\"author\":{\"@id\":\"https:\\\/\\\/www.copealcoy.es\\\/es\\\/#\\\/schema\\\/person\\\/e777c87fa024e57d40170af9df39882c\"},\"breadcrumb\":{\"@id\":\"https:\\\/\\\/www.copealcoy.es\\\/es\\\/nuevo-derrumbe-de-un-inmueble-en-el-centro-de-alcoy\\\/#breadcrumb\"},\"inLanguage\":\"es\",\"potentialAction\":[{\"@type\":\"ReadAction\",\"target\":[\"https:\\\/\\\/www.copealcoy.es\\\/es\\\/nuevo-derrumbe-de-un-inmueble-en-el-centro-de-alcoy\\\/\"]}]},{\"@type\":\"ImageObject\",\"inLanguage\":\"es\",\"@id\":\"https:\\\/\\\/www.copealcoy.es\\\/es\\\/nuevo-derrumbe-de-un-inmueble-en-el-centro-de-alcoy\\\/#primaryimage\",\"url\":\"https:\\\/\\\/www.copealcoy.es\\\/wp-content\\\/uploads\\\/2020\\\/02\\\/arton25134-e1580637079479-1.jpg\",\"contentUrl\":\"https:\\\/\\\/www.copealcoy.es\\\/wp-content\\\/uploads\\\/2020\\\/02\\\/arton25134-e1580637079479-1.jpg\",\"width\":494,\"height\":233},{\"@type\":\"BreadcrumbList\",\"@id\":\"https:\\\/\\\/www.copealcoy.es\\\/es\\\/nuevo-derrumbe-de-un-inmueble-en-el-centro-de-alcoy\\\/#breadcrumb\",\"itemListElement\":[{\"@type\":\"ListItem\",\"position\":1,\"name\":\"Portada\",\"item\":\"https:\\\/\\\/www.copealcoy.es\\\/es\\\/\"},{\"@type\":\"ListItem\",\"position\":2,\"name\":\"Nuevo derrumbe de un inmueble en el Centro de Alcoy\"}]},{\"@type\":\"WebSite\",\"@id\":\"https:\\\/\\\/www.copealcoy.es\\\/es\\\/#website\",\"url\":\"https:\\\/\\\/www.copealcoy.es\\\/es\\\/\",\"name\":\"COPE Alcoy\",\"description\":\"Emisora COPE de radio local con emisi\u00f3n online. Pont de Sant Jordi 8-10 03803 Alcoy\",\"potentialAction\":[{\"@type\":\"SearchAction\",\"target\":{\"@type\":\"EntryPoint\",\"urlTemplate\":\"https:\\\/\\\/www.copealcoy.es\\\/es\\\/?s={search_term_string}\"},\"query-input\":{\"@type\":\"PropertyValueSpecification\",\"valueRequired\":true,\"valueName\":\"search_term_string\"}}],\"inLanguage\":\"es\"},{\"@type\":\"Person\",\"@id\":\"https:\\\/\\\/www.copealcoy.es\\\/es\\\/#\\\/schema\\\/person\\\/e777c87fa024e57d40170af9df39882c\",\"name\":\"Cope Alcoy\",\"image\":{\"@type\":\"ImageObject\",\"inLanguage\":\"es\",\"@id\":\"https:\\\/\\\/secure.gravatar.com\\\/avatar\\\/bb65d0283347e303893ba14f0692005417c1e0e690a325a4c5d8bb2b3943ee14?s=96&d=mm&r=g\",\"url\":\"https:\\\/\\\/secure.gravatar.com\\\/avatar\\\/bb65d0283347e303893ba14f0692005417c1e0e690a325a4c5d8bb2b3943ee14?s=96&d=mm&r=g\",\"contentUrl\":\"https:\\\/\\\/secure.gravatar.com\\\/avatar\\\/bb65d0283347e303893ba14f0692005417c1e0e690a325a4c5d8bb2b3943ee14?s=96&d=mm&r=g\",\"caption\":\"Cope Alcoy\"}}]}<\/script>\n<!-- \/ Yoast SEO plugin. -->","yoast_head_json":{"title":"Nuevo derrumbe de un inmueble en el Centro de Alcoy - COPE Alcoy","robots":{"index":"index","follow":"follow","max-snippet":"max-snippet:-1","max-image-preview":"max-image-preview:large","max-video-preview":"max-video-preview:-1"},"canonical":"https:\/\/www.copealcoy.es\/es\/nuevo-derrumbe-de-un-inmueble-en-el-centro-de-alcoy\/","og_locale":"es_ES","og_type":"article","og_title":"Nuevo derrumbe de un inmueble en el Centro de Alcoy - COPE Alcoy","og_description":"Un nuevo inmueble se ha venido parcialmente abajo en el Centro de Alcoy, concretamente la casa que estaba situada \u00a0enfrente...","og_url":"https:\/\/www.copealcoy.es\/es\/nuevo-derrumbe-de-un-inmueble-en-el-centro-de-alcoy\/","og_site_name":"COPE Alcoy","article_published_time":"2020-02-02T09:57:26+00:00","og_image":[{"width":494,"height":233,"url":"https:\/\/www.copealcoy.es\/wp-content\/uploads\/2020\/02\/arton25134-e1580637079479-1.jpg","type":"image\/jpeg"}],"author":"Cope Alcoy","twitter_misc":{"Escrito por":"Cope Alcoy","Tiempo de lectura":"1 minuto"},"schema":{"@context":"https:\/\/schema.org","@graph":[{"@type":"Article","@id":"https:\/\/www.copealcoy.es\/es\/nuevo-derrumbe-de-un-inmueble-en-el-centro-de-alcoy\/#article","isPartOf":{"@id":"https:\/\/www.copealcoy.es\/es\/nuevo-derrumbe-de-un-inmueble-en-el-centro-de-alcoy\/"},"author":{"name":"Cope Alcoy","@id":"https:\/\/www.copealcoy.es\/es\/#\/schema\/person\/e777c87fa024e57d40170af9df39882c"},"headline":"Nuevo derrumbe de un inmueble en el Centro de Alcoy","datePublished":"2020-02-02T09:57:26+00:00","mainEntityOfPage":{"@id":"https:\/\/www.copealcoy.es\/es\/nuevo-derrumbe-de-un-inmueble-en-el-centro-de-alcoy\/"},"wordCount":235,"commentCount":0,"image":{"@id":"https:\/\/www.copealcoy.es\/es\/nuevo-derrumbe-de-un-inmueble-en-el-centro-de-alcoy\/#primaryimage"},"thumbnailUrl":"https:\/\/www.copealcoy.es\/wp-content\/uploads\/2020\/02\/arton25134-e1580637079479-1.jpg","keywords":["Alcoy","Algezares","casa ca\u00edda","Centro","inmueble","Nuevo derrumbe"],"articleSection":["Alcoy","Noticias"],"inLanguage":"es"},{"@type":"WebPage","@id":"https:\/\/www.copealcoy.es\/es\/nuevo-derrumbe-de-un-inmueble-en-el-centro-de-alcoy\/","url":"https:\/\/www.copealcoy.es\/es\/nuevo-derrumbe-de-un-inmueble-en-el-centro-de-alcoy\/","name":"Nuevo derrumbe de un inmueble en el Centro de Alcoy - COPE Alcoy","isPartOf":{"@id":"https:\/\/www.copealcoy.es\/es\/#website"},"primaryImageOfPage":{"@id":"https:\/\/www.copealcoy.es\/es\/nuevo-derrumbe-de-un-inmueble-en-el-centro-de-alcoy\/#primaryimage"},"image":{"@id":"https:\/\/www.copealcoy.es\/es\/nuevo-derrumbe-de-un-inmueble-en-el-centro-de-alcoy\/#primaryimage"},"thumbnailUrl":"https:\/\/www.copealcoy.es\/wp-content\/uploads\/2020\/02\/arton25134-e1580637079479-1.jpg","datePublished":"2020-02-02T09:57:26+00:00","author":{"@id":"https:\/\/www.copealcoy.es\/es\/#\/schema\/person\/e777c87fa024e57d40170af9df39882c"},"breadcrumb":{"@id":"https:\/\/www.copealcoy.es\/es\/nuevo-derrumbe-de-un-inmueble-en-el-centro-de-alcoy\/#breadcrumb"},"inLanguage":"es","potentialAction":[{"@type":"ReadAction","target":["https:\/\/www.copealcoy.es\/es\/nuevo-derrumbe-de-un-inmueble-en-el-centro-de-alcoy\/"]}]},{"@type":"ImageObject","inLanguage":"es","@id":"https:\/\/www.copealcoy.es\/es\/nuevo-derrumbe-de-un-inmueble-en-el-centro-de-alcoy\/#primaryimage","url":"https:\/\/www.copealcoy.es\/wp-content\/uploads\/2020\/02\/arton25134-e1580637079479-1.jpg","contentUrl":"https:\/\/www.copealcoy.es\/wp-content\/uploads\/2020\/02\/arton25134-e1580637079479-1.jpg","width":494,"height":233},{"@type":"BreadcrumbList","@id":"https:\/\/www.copealcoy.es\/es\/nuevo-derrumbe-de-un-inmueble-en-el-centro-de-alcoy\/#breadcrumb","itemListElement":[{"@type":"ListItem","position":1,"name":"Portada","item":"https:\/\/www.copealcoy.es\/es\/"},{"@type":"ListItem","position":2,"name":"Nuevo derrumbe de un inmueble en el Centro de Alcoy"}]},{"@type":"WebSite","@id":"https:\/\/www.copealcoy.es\/es\/#website","url":"https:\/\/www.copealcoy.es\/es\/","name":"COPE Alcoy","description":"Emisora COPE de radio local con emisi\u00f3n online. Pont de Sant Jordi 8-10 03803 Alcoy","potentialAction":[{"@type":"SearchAction","target":{"@type":"EntryPoint","urlTemplate":"https:\/\/www.copealcoy.es\/es\/?s={search_term_string}"},"query-input":{"@type":"PropertyValueSpecification","valueRequired":true,"valueName":"search_term_string"}}],"inLanguage":"es"},{"@type":"Person","@id":"https:\/\/www.copealcoy.es\/es\/#\/schema\/person\/e777c87fa024e57d40170af9df39882c","name":"Cope Alcoy","image":{"@type":"ImageObject","inLanguage":"es","@id":"https:\/\/secure.gravatar.com\/avatar\/bb65d0283347e303893ba14f0692005417c1e0e690a325a4c5d8bb2b3943ee14?s=96&d=mm&r=g","url":"https:\/\/secure.gravatar.com\/avatar\/bb65d0283347e303893ba14f0692005417c1e0e690a325a4c5d8bb2b3943ee14?s=96&d=mm&r=g","contentUrl":"https:\/\/secure.gravatar.com\/avatar\/bb65d0283347e303893ba14f0692005417c1e0e690a325a4c5d8bb2b3943ee14?s=96&d=mm&r=g","caption":"Cope Alcoy"}}]}},"_links":{"self":[{"href":"https:\/\/www.copealcoy.es\/es\/wp-json\/wp\/v2\/posts\/59472","targetHints":{"allow":["GET"]}}],"collection":[{"href":"https:\/\/www.copealcoy.es\/es\/wp-json\/wp\/v2\/posts"}],"about":[{"href":"https:\/\/www.copealcoy.es\/es\/wp-json\/wp\/v2\/types\/post"}],"author":[{"embeddable":true,"href":"https:\/\/www.copealcoy.es\/es\/wp-json\/wp\/v2\/users\/1"}],"replies":[{"embeddable":true,"href":"https:\/\/www.copealcoy.es\/es\/wp-json\/wp\/v2\/comments?post=59472"}],"version-history":[{"count":0,"href":"https:\/\/www.copealcoy.es\/es\/wp-json\/wp\/v2\/posts\/59472\/revisions"}],"wp:featuredmedia":[{"embeddable":true,"href":"https:\/\/www.copealcoy.es\/es\/wp-json\/wp\/v2\/media\/59473"}],"wp:attachment":[{"href":"https:\/\/www.copealcoy.es\/es\/wp-json\/wp\/v2\/media?parent=59472"}],"wp:term":[{"taxonomy":"category","embeddable":true,"href":"https:\/\/www.copealcoy.es\/es\/wp-json\/wp\/v2\/categories?post=59472"},{"taxonomy":"post_tag","embeddable":true,"href":"https:\/\/www.copealcoy.es\/es\/wp-json\/wp\/v2\/tags?post=59472"}],"curies":[{"name":"wp","href":"https:\/\/api.w.org\/{rel}","templated":true}]}}